
{"id":94332,"date":"2026-01-27T16:24:55","date_gmt":"2026-01-27T15:24:55","guid":{"rendered":"https:\/\/www.comicbox.com\/?p=94332"},"modified":"2026-01-27T16:27:46","modified_gmt":"2026-01-27T15:27:46","slug":"daredevil-born-again-saison-2-premier-trailer","status":"publish","type":"post","link":"https:\/\/www.comicbox.com\/index.php\/news\/daredevil-born-again-saison-2-premier-trailer\/","title":{"rendered":"Daredevil : Born Again &#8211; S2 &#8211; Premier trailer"},"content":{"rendered":"<p>Alors que les productions cin\u00e9matographiques de Marvel Studios seront \u00e0 l&rsquo;honneur dimanche prochain lors de la mi-temps du Superbowl, Kevin Feige et son \u00e9quipe de Marvel Televisions nous propose une premi\u00e8re bande-annonce pour la saison 2 de <em>Daredevil : Born Again<\/em>.<!--more--><\/p>\n<p><span class=\"embed-youtube\" style=\"text-align:center; display: block;\"><iframe loading=\"lazy\" class=\"youtube-player\" width=\"1140\" height=\"642\" src=\"https:\/\/www.youtube.com\/embed\/sBVjIlTjoIk?version=3&#038;rel=1&#038;showsearch=0&#038;showinfo=1&#038;iv_load_policy=1&#038;fs=1&#038;hl=fr-FR&#038;autohide=2&#038;wmode=transparent\" allowfullscreen=\"true\" style=\"border:0;\" sandbox=\"allow-scripts allow-same-origin allow-popups allow-presentation allow-popups-to-escape-sandbox\"><\/iframe><\/span><\/p>\n<p style=\"text-align: justify;\">Alors qu&rsquo;on attend un aper\u00e7u de <em>Spider-Man : Brand News Day<\/em>, et surtout, un nouvelle bande-annonce pour <em>Avengers : Doomsday<\/em> dans la nuit de dimanche \u00e0 lundi, Marvel Studios nous fait patienter avec ce premier trailer pour la second saison tr\u00e8s attendue de <em>Daredevil : Born Again<\/em>. Au programme, un aper\u00e7u du costume noir de DD version Shadowland et le retour de&#8230; Jessica Jones ! L&rsquo;atmosph\u00e8re lourde et pesante impos\u00e9e \u00e0 la fin de la premi\u00e8re saison est plus que jamais d&rsquo;actualit\u00e9, avec un Wilson Fisk \u00e0 la t\u00eate de sa milice priv\u00e9e, charg\u00e9e de traquer les justiciers, dans les rues de New York.<\/p>\n<p style=\"text-align: justify;\">Rendez-vous le 24 mars pour d\u00e9couvrir cette aventure palpitante.<\/p>\n","protected":false},"excerpt":{"rendered":"<p>Alors que les productions cin\u00e9matographiques de Marvel Studios seront \u00e0 l&rsquo;honneur dimanche prochain lors de la mi-temps du Superbowl, Kevin&hellip;<\/p>\n","protected":false},"author":2,"featured_media":94333,"comment_status":"open","ping_status":"open","sticky":false,"template":"","format":"standard","meta":{"jetpack_post_was_ever_published":false,"_jetpack_newsletter_access":"","_jetpack_dont_email_post_to_subs":false,"_jetpack_newsletter_tier_id":0,"_jetpack_memberships_contains_paywalled_content":false,"_jetpack_memberships_contains_paid_content":false,"footnotes":"","jetpack_publicize_message":"","jetpack_publicize_feature_enabled":true,"jetpack_social_post_already_shared":true,"jetpack_social_options":{"image_generator_settings":{"template":"highway","default_image_id":0,"font":"","enabled":false},"version":2}},"categories":[1],"tags":[6880,6747,19,6824,5248,6879,5256,437,6006,6826,6746,6881],"class_list":["post-94332","post","type-post","status-publish","format-standard","has-post-thumbnail","hentry","category-news","tag-caid","tag-charlie-cox","tag-daredevil","tag-daredevil-born-again","tag-jessica-jones","tag-kingpin","tag-krysten-ritter","tag-marvel-studios","tag-marvel-televisions","tag-matt-murdock","tag-vincent-donofrio","tag-wilson-fisk"],"yoast_head":"<!-- This site is optimized with the Yoast SEO plugin v24.9 - https:\/\/yoast.com\/wordpress\/plugins\/seo\/ -->\n<title>Daredevil : Born Again - S2 - Premier trailer -<\/title>\n<meta name=\"robots\" content=\"index, follow, max-snippet:-1, max-image-preview:large, max-video-preview:-1\" \/>\n<link rel=\"canonical\" href=\"https:\/\/www.comicbox.com\/index.php\/news\/daredevil-born-again-saison-2-premier-trailer\/\" \/>\n<meta property=\"og:locale\" content=\"fr_FR\" \/>\n<meta property=\"og:type\" content=\"article\" \/>\n<meta property=\"og:title\" content=\"Daredevil : Born Again - S2 - Premier trailer -\" \/>\n<meta property=\"og:description\" content=\"Alors que les productions cin\u00e9matographiques de Marvel Studios seront \u00e0 l&rsquo;honneur dimanche prochain lors de la mi-temps du Superbowl, Kevin&hellip;\" \/>\n<meta property=\"og:url\" content=\"https:\/\/www.comicbox.com\/index.php\/news\/daredevil-born-again-saison-2-premier-trailer\/\" \/>\n<meta property=\"article:author\" content=\"https:\/\/www.facebook.com\/pierre.bisson?fref=ts\" \/>\n<meta property=\"article:published_time\" content=\"2026-01-27T15:24:55+00:00\" \/>\n<meta property=\"article:modified_time\" content=\"2026-01-27T15:27:46+00:00\" \/>\n<meta property=\"og:image\" content=\"https:\/\/i0.wp.com\/www.comicbox.com\/wp-content\/uploads\/2026\/01\/DD_BA_S2_frise.jpg?fit=728%2C314&ssl=1\" \/>\n\t<meta property=\"og:image:width\" content=\"728\" \/>\n\t<meta property=\"og:image:height\" content=\"314\" \/>\n\t<meta property=\"og:image:type\" content=\"image\/jpeg\" \/>\n<meta name=\"author\" content=\"Pierre Bisson\" \/>\n<meta name=\"twitter:card\" content=\"summary_large_image\" \/>\n<meta name=\"twitter:creator\" content=\"@https:\/\/twitter.com\/pierobisson\" \/>\n<meta name=\"twitter:label1\" content=\"\u00c9crit par\" \/>\n\t<meta name=\"twitter:data1\" content=\"Pierre Bisson\" \/>\n\t<meta name=\"twitter:label2\" content=\"Dur\u00e9e de lecture estim\u00e9e\" \/>\n\t<meta name=\"twitter:data2\" content=\"1 minute\" \/>\n<script type=\"application\/ld+json\" class=\"yoast-schema-graph\">{\"@context\":\"https:\/\/schema.org\",\"@graph\":[{\"@type\":\"WebPage\",\"@id\":\"https:\/\/www.comicbox.com\/index.php\/news\/daredevil-born-again-saison-2-premier-trailer\/\",\"url\":\"https:\/\/www.comicbox.com\/index.php\/news\/daredevil-born-again-saison-2-premier-trailer\/\",\"name\":\"Daredevil : Born Again - S2 - Premier trailer -\",\"isPartOf\":{\"@id\":\"http:\/\/www.comicbox.com\/#website\"},\"primaryImageOfPage\":{\"@id\":\"https:\/\/www.comicbox.com\/index.php\/news\/daredevil-born-again-saison-2-premier-trailer\/#primaryimage\"},\"image\":{\"@id\":\"https:\/\/www.comicbox.com\/index.php\/news\/daredevil-born-again-saison-2-premier-trailer\/#primaryimage\"},\"thumbnailUrl\":\"https:\/\/i0.wp.com\/www.comicbox.com\/wp-content\/uploads\/2026\/01\/DD_BA_S2_frise.jpg?fit=728%2C314&ssl=1\",\"datePublished\":\"2026-01-27T15:24:55+00:00\",\"dateModified\":\"2026-01-27T15:27:46+00:00\",\"author\":{\"@id\":\"http:\/\/www.comicbox.com\/#\/schema\/person\/e90168f9b9b6a5f3c6e25828ca5d1ac2\"},\"breadcrumb\":{\"@id\":\"https:\/\/www.comicbox.com\/index.php\/news\/daredevil-born-again-saison-2-premier-trailer\/#breadcrumb\"},\"inLanguage\":\"fr-FR\",\"potentialAction\":[{\"@type\":\"ReadAction\",\"target\":[\"https:\/\/www.comicbox.com\/index.php\/news\/daredevil-born-again-saison-2-premier-trailer\/\"]}]},{\"@type\":\"ImageObject\",\"inLanguage\":\"fr-FR\",\"@id\":\"https:\/\/www.comicbox.com\/index.php\/news\/daredevil-born-again-saison-2-premier-trailer\/#primaryimage\",\"url\":\"https:\/\/i0.wp.com\/www.comicbox.com\/wp-content\/uploads\/2026\/01\/DD_BA_S2_frise.jpg?fit=728%2C314&ssl=1\",\"contentUrl\":\"https:\/\/i0.wp.com\/www.comicbox.com\/wp-content\/uploads\/2026\/01\/DD_BA_S2_frise.jpg?fit=728%2C314&ssl=1\",\"width\":728,\"height\":314},{\"@type\":\"BreadcrumbList\",\"@id\":\"https:\/\/www.comicbox.com\/index.php\/news\/daredevil-born-again-saison-2-premier-trailer\/#breadcrumb\",\"itemListElement\":[{\"@type\":\"ListItem\",\"position\":1,\"name\":\"Accueil\",\"item\":\"http:\/\/www.comicbox.com\/\"},{\"@type\":\"ListItem\",\"position\":2,\"name\":\"Daredevil : Born Again &#8211; S2 &#8211; Premier trailer\"}]},{\"@type\":\"WebSite\",\"@id\":\"http:\/\/www.comicbox.com\/#website\",\"url\":\"http:\/\/www.comicbox.com\/\",\"name\":\"\",\"description\":\"le magazine des cultures comics\",\"potentialAction\":[{\"@type\":\"SearchAction\",\"target\":{\"@type\":\"EntryPoint\",\"urlTemplate\":\"http:\/\/www.comicbox.com\/?s={search_term_string}\"},\"query-input\":{\"@type\":\"PropertyValueSpecification\",\"valueRequired\":true,\"valueName\":\"search_term_string\"}}],\"inLanguage\":\"fr-FR\"},{\"@type\":\"Person\",\"@id\":\"http:\/\/www.comicbox.com\/#\/schema\/person\/e90168f9b9b6a5f3c6e25828ca5d1ac2\",\"name\":\"Pierre Bisson\",\"image\":{\"@type\":\"ImageObject\",\"inLanguage\":\"fr-FR\",\"@id\":\"http:\/\/www.comicbox.com\/#\/schema\/person\/image\/\",\"url\":\"https:\/\/secure.gravatar.com\/avatar\/f7fb6fb38f5e6ccf5f1697bc6273d4d5853c08bb716456166ea903f2055c4580?s=96&d=mm&r=g\",\"contentUrl\":\"https:\/\/secure.gravatar.com\/avatar\/f7fb6fb38f5e6ccf5f1697bc6273d4d5853c08bb716456166ea903f2055c4580?s=96&d=mm&r=g\",\"caption\":\"Pierre Bisson\"},\"description\":\"Pierre Bisson en plus d'\u00eatre l'un des r\u00e9dacteurs du site comicbox.com est aussi traducteur, lettreur et maquettiste.\",\"sameAs\":[\"https:\/\/www.facebook.com\/pierre.bisson?fref=ts\",\"https:\/\/x.com\/https:\/\/twitter.com\/pierobisson\"],\"url\":\"https:\/\/www.comicbox.com\/index.php\/author\/piero\/\"}]}<\/script>\n<!-- \/ Yoast SEO plugin. -->","yoast_head_json":{"title":"Daredevil : Born Again - S2 - Premier trailer -","robots":{"index":"index","follow":"follow","max-snippet":"max-snippet:-1","max-image-preview":"max-image-preview:large","max-video-preview":"max-video-preview:-1"},"canonical":"https:\/\/www.comicbox.com\/index.php\/news\/daredevil-born-again-saison-2-premier-trailer\/","og_locale":"fr_FR","og_type":"article","og_title":"Daredevil : Born Again - S2 - Premier trailer -","og_description":"Alors que les productions cin\u00e9matographiques de Marvel Studios seront \u00e0 l&rsquo;honneur dimanche prochain lors de la mi-temps du Superbowl, Kevin&hellip;","og_url":"https:\/\/www.comicbox.com\/index.php\/news\/daredevil-born-again-saison-2-premier-trailer\/","article_author":"https:\/\/www.facebook.com\/pierre.bisson?fref=ts","article_published_time":"2026-01-27T15:24:55+00:00","article_modified_time":"2026-01-27T15:27:46+00:00","og_image":[{"width":728,"height":314,"url":"https:\/\/i0.wp.com\/www.comicbox.com\/wp-content\/uploads\/2026\/01\/DD_BA_S2_frise.jpg?fit=728%2C314&ssl=1","type":"image\/jpeg"}],"author":"Pierre Bisson","twitter_card":"summary_large_image","twitter_creator":"@https:\/\/twitter.com\/pierobisson","twitter_misc":{"\u00c9crit par":"Pierre Bisson","Dur\u00e9e de lecture estim\u00e9e":"1 minute"},"schema":{"@context":"https:\/\/schema.org","@graph":[{"@type":"WebPage","@id":"https:\/\/www.comicbox.com\/index.php\/news\/daredevil-born-again-saison-2-premier-trailer\/","url":"https:\/\/www.comicbox.com\/index.php\/news\/daredevil-born-again-saison-2-premier-trailer\/","name":"Daredevil : Born Again - S2 - Premier trailer -","isPartOf":{"@id":"http:\/\/www.comicbox.com\/#website"},"primaryImageOfPage":{"@id":"https:\/\/www.comicbox.com\/index.php\/news\/daredevil-born-again-saison-2-premier-trailer\/#primaryimage"},"image":{"@id":"https:\/\/www.comicbox.com\/index.php\/news\/daredevil-born-again-saison-2-premier-trailer\/#primaryimage"},"thumbnailUrl":"https:\/\/i0.wp.com\/www.comicbox.com\/wp-content\/uploads\/2026\/01\/DD_BA_S2_frise.jpg?fit=728%2C314&ssl=1","datePublished":"2026-01-27T15:24:55+00:00","dateModified":"2026-01-27T15:27:46+00:00","author":{"@id":"http:\/\/www.comicbox.com\/#\/schema\/person\/e90168f9b9b6a5f3c6e25828ca5d1ac2"},"breadcrumb":{"@id":"https:\/\/www.comicbox.com\/index.php\/news\/daredevil-born-again-saison-2-premier-trailer\/#breadcrumb"},"inLanguage":"fr-FR","potentialAction":[{"@type":"ReadAction","target":["https:\/\/www.comicbox.com\/index.php\/news\/daredevil-born-again-saison-2-premier-trailer\/"]}]},{"@type":"ImageObject","inLanguage":"fr-FR","@id":"https:\/\/www.comicbox.com\/index.php\/news\/daredevil-born-again-saison-2-premier-trailer\/#primaryimage","url":"https:\/\/i0.wp.com\/www.comicbox.com\/wp-content\/uploads\/2026\/01\/DD_BA_S2_frise.jpg?fit=728%2C314&ssl=1","contentUrl":"https:\/\/i0.wp.com\/www.comicbox.com\/wp-content\/uploads\/2026\/01\/DD_BA_S2_frise.jpg?fit=728%2C314&ssl=1","width":728,"height":314},{"@type":"BreadcrumbList","@id":"https:\/\/www.comicbox.com\/index.php\/news\/daredevil-born-again-saison-2-premier-trailer\/#breadcrumb","itemListElement":[{"@type":"ListItem","position":1,"name":"Accueil","item":"http:\/\/www.comicbox.com\/"},{"@type":"ListItem","position":2,"name":"Daredevil : Born Again &#8211; S2 &#8211; Premier trailer"}]},{"@type":"WebSite","@id":"http:\/\/www.comicbox.com\/#website","url":"http:\/\/www.comicbox.com\/","name":"","description":"le magazine des cultures comics","potentialAction":[{"@type":"SearchAction","target":{"@type":"EntryPoint","urlTemplate":"http:\/\/www.comicbox.com\/?s={search_term_string}"},"query-input":{"@type":"PropertyValueSpecification","valueRequired":true,"valueName":"search_term_string"}}],"inLanguage":"fr-FR"},{"@type":"Person","@id":"http:\/\/www.comicbox.com\/#\/schema\/person\/e90168f9b9b6a5f3c6e25828ca5d1ac2","name":"Pierre Bisson","image":{"@type":"ImageObject","inLanguage":"fr-FR","@id":"http:\/\/www.comicbox.com\/#\/schema\/person\/image\/","url":"https:\/\/secure.gravatar.com\/avatar\/f7fb6fb38f5e6ccf5f1697bc6273d4d5853c08bb716456166ea903f2055c4580?s=96&d=mm&r=g","contentUrl":"https:\/\/secure.gravatar.com\/avatar\/f7fb6fb38f5e6ccf5f1697bc6273d4d5853c08bb716456166ea903f2055c4580?s=96&d=mm&r=g","caption":"Pierre Bisson"},"description":"Pierre Bisson en plus d'\u00eatre l'un des r\u00e9dacteurs du site comicbox.com est aussi traducteur, lettreur et maquettiste.","sameAs":["https:\/\/www.facebook.com\/pierre.bisson?fref=ts","https:\/\/x.com\/https:\/\/twitter.com\/pierobisson"],"url":"https:\/\/www.comicbox.com\/index.php\/author\/piero\/"}]}},"jetpack_publicize_connections":[],"jetpack_featured_media_url":"https:\/\/i0.wp.com\/www.comicbox.com\/wp-content\/uploads\/2026\/01\/DD_BA_S2_frise.jpg?fit=728%2C314&ssl=1","jetpack_sharing_enabled":true,"jetpack_shortlink":"https:\/\/wp.me\/pvyAi-oxu","_links":{"self":[{"href":"https:\/\/www.comicbox.com\/index.php\/wp-json\/wp\/v2\/posts\/94332","targetHints":{"allow":["GET"]}}],"collection":[{"href":"https:\/\/www.comicbox.com\/index.php\/wp-json\/wp\/v2\/posts"}],"about":[{"href":"https:\/\/www.comicbox.com\/index.php\/wp-json\/wp\/v2\/types\/post"}],"author":[{"embeddable":true,"href":"https:\/\/www.comicbox.com\/index.php\/wp-json\/wp\/v2\/users\/2"}],"replies":[{"embeddable":true,"href":"https:\/\/www.comicbox.com\/index.php\/wp-json\/wp\/v2\/comments?post=94332"}],"version-history":[{"count":3,"href":"https:\/\/www.comicbox.com\/index.php\/wp-json\/wp\/v2\/posts\/94332\/revisions"}],"predecessor-version":[{"id":94336,"href":"https:\/\/www.comicbox.com\/index.php\/wp-json\/wp\/v2\/posts\/94332\/revisions\/94336"}],"wp:featuredmedia":[{"embeddable":true,"href":"https:\/\/www.comicbox.com\/index.php\/wp-json\/wp\/v2\/media\/94333"}],"wp:attachment":[{"href":"https:\/\/www.comicbox.com\/index.php\/wp-json\/wp\/v2\/media?parent=94332"}],"wp:term":[{"taxonomy":"category","embeddable":true,"href":"https:\/\/www.comicbox.com\/index.php\/wp-json\/wp\/v2\/categories?post=94332"},{"taxonomy":"post_tag","embeddable":true,"href":"https:\/\/www.comicbox.com\/index.php\/wp-json\/wp\/v2\/tags?post=94332"}],"curies":[{"name":"wp","href":"https:\/\/api.w.org\/{rel}","templated":true}]}}