
{"id":83837,"date":"2021-06-09T09:00:40","date_gmt":"2021-06-09T07:00:40","guid":{"rendered":"http:\/\/www.comicbox.com\/?p=83837"},"modified":"2021-06-09T08:31:04","modified_gmt":"2021-06-09T06:31:04","slug":"loki-la-conference-de-presse","status":"publish","type":"post","link":"https:\/\/www.comicbox.com\/index.php\/articles\/loki-la-conference-de-presse\/","title":{"rendered":"Loki : la conf\u00e9rence de presse"},"content":{"rendered":"<p style=\"text-align: justify;\">Marvel Studios nous a convi\u00e9s \u00e0 une conf\u00e9rence de presse (virtuelle) pour la sortie de la nouvelle s\u00e9rie Disney + <em>Loki<\/em>. Et \u00e0 en croire les diff\u00e9rents intervenant ce soir-l\u00e0, Loki est bien plus complexe que l&rsquo;on ne le pense&#8230;<!--more--><\/p>\n<p><span class=\"embed-youtube\" style=\"text-align:center; display: block;\"><iframe loading=\"lazy\" class=\"youtube-player\" width=\"1140\" height=\"642\" src=\"https:\/\/www.youtube.com\/embed\/4cRbCZ-rWfM?version=3&#038;rel=1&#038;showsearch=0&#038;showinfo=1&#038;iv_load_policy=1&#038;fs=1&#038;hl=fr-FR&#038;autohide=2&#038;wmode=transparent\" allowfullscreen=\"true\" style=\"border:0;\" sandbox=\"allow-scripts allow-same-origin allow-popups allow-presentation allow-popups-to-escape-sandbox\"><\/iframe><\/span><\/p>\n<p style=\"text-align: justify;\">Apr\u00e8s une diffusion des deux premiers \u00e9pisodes de la s\u00e9rie TV <em>Loki <\/em>(dont la review est \u00e0 retrouver <a href=\"http:\/\/www.comicbox.com\/index.php\/articles\/review-loki-episodes-1-et-2\/\">ici<\/a>), l&rsquo;\u00e9quipe cr\u00e9ative et une partie du casting du show se sont pr\u00eat\u00e9s au jeu des questions\/r\u00e9ponses. Tom Hiddleston est l&rsquo;un des v\u00e9t\u00e9rans du MCU. Depuis dix ans, il incarne le dieu de la malice. Aurait-il un jour imagin\u00e9 que le demi-fr\u00e8re de Thor aurait un jour sa propre s\u00e9rie ? \u00ab <em>Ce fut un m\u00e9lange de plaisir et de surprise. J\u2019\u00e9tais tellement excit\u00e9 par l\u2019id\u00e9e. Et j\u2019ai que du mal \u00e0 comprendre comment. Cette sc\u00e8ne dans <\/em>Avengers Infinity War <em>semblait celer le destin de Loki. Ensuite, j\u2019ai tourn\u00e9 la sc\u00e8ne dans <\/em>Endgame<em> o\u00f9 Loki s\u2019\u00e9chappe avec le Tesseract. Mais o\u00f9 va-t-il ? Et \u00ab\u00a0quand\u00a0\u00bb va-t-il ? Kevin Feige, Louis D\u2019Esposito et Victoria Alonzo m\u2019ont tous assur\u00e9 que ce serait le point de d\u00e9part de la s\u00e9rie. Il y avait tant de possibilit\u00e9s.<\/em> \u00bb<\/p>\n<p style=\"text-align: justify;\">M\u00eame le grand manitou de l&rsquo;univers cin\u00e9matique Marvel, Kevin Feige, ne connaissait pas le destin de Loki \u00e0 l&rsquo;avance : \u00ab\u00a0<em>De m\u00e9moire, quand nous tournions<\/em> Infinity War<em>, nous n\u2019\u00e9tions pas s\u00fbr de l\u2019avenir de Loki. Mais par contre, durant <\/em>Endgame<em>, c\u2019\u00e9tait plus \u00e9vident. Nous ne connaissions pas encore tous les d\u00e9tails. Le public pensait que nous avions oubli\u00e9 de conclure ce point narratif du film. Ils pensaient que nous allions d\u00e9couvrir ce qui arrivait \u00e0 Loki dans <\/em>Endgame<em>. Mais nous savions que nous allions produire des s\u00e9ries TV pour Disney + et que Loki en ferait parti.<\/em> \u00bb\u00a0Il fallut ensuite trouver un sc\u00e9nariste principal et un r\u00e9alisateur pour monter le projet. Et les propositions ne se sont pas faites attendre. Michael Waldron (sc\u00e9nariste du prochain <em>Doctor Strange<\/em> et qui a d\u00e9velopp\u00e9 la s\u00e9rie <em>Heels<\/em> avec Stephen Amell, ex-Arrow) a toujours \u00e9t\u00e9 fan : \u00ab\u00a0<em>Loki \u00e9tait d\u00e9j\u00e0 mon personnage pr\u00e9f\u00e9r\u00e9 du MCU avant de bosser sur la s\u00e9rie. Quand j\u2019ai d\u00e9couvert qu\u2019une s\u00e9rie temporelle sur Loki \u00e9tait en cours, j\u2019ai \u00e9limin\u00e9 mes concurrents pour avoir le job !<\/em> (Rires) \u00bb Kate Herron (\u00e0 son CV <em>Sex Education<\/em> notamment) a d\u00e9croch\u00e9 la r\u00e9alisation apr\u00e8s bien des efforts : \u00ab<em> Personnellement, j\u2019ai harcel\u00e9 Marvel Studios en les appelant tous les jours !<\/em> (Rires) \u00bb Ces deux talents cr\u00e9atifs avaient une id\u00e9e pr\u00e9cise de l&rsquo;ambiance de la s\u00e9rie, ils citent notamment les films noirs de David Fincher comme <em>Seven<\/em> ou <em>Zodiac<\/em>. Kevin Feige nous pr\u00e9cise : \u00ab<em>L\u2019inspiration principale, c\u2019est Kate. Nous devions faire une s\u00e9rie <\/em>Loki<em> avec Tom Hiddleston et des \u00e9l\u00e9ments de voyages temporels. On \u00e9tait fans du TVA mais on ne savait pas comment l\u2019int\u00e9grer. Mais c\u2019est Kate et toutes ses r\u00e9f\u00e9rences qui ont permis de donner le ton de la s\u00e9rie. C\u2019est un genre que nous n\u2019avions pas anticip\u00e9.<\/em> \u00bb<\/p>\n<p><img data-recalc-dims=\"1\" loading=\"lazy\" decoding=\"async\" data-attachment-id=\"83844\" data-permalink=\"https:\/\/www.comicbox.com\/index.php\/articles\/loki-la-conference-de-presse\/attachment\/loki6\/\" data-orig-file=\"https:\/\/i0.wp.com\/www.comicbox.com\/wp-content\/uploads\/2021\/06\/loki6.jpg?fit=800%2C388&amp;ssl=1\" data-orig-size=\"800,388\" data-comments-opened=\"1\" data-image-meta=\"{&quot;aperture&quot;:&quot;0&quot;,&quot;credit&quot;:&quot;&quot;,&quot;camera&quot;:&quot;&quot;,&quot;caption&quot;:&quot;&quot;,&quot;created_timestamp&quot;:&quot;0&quot;,&quot;copyright&quot;:&quot;&quot;,&quot;focal_length&quot;:&quot;0&quot;,&quot;iso&quot;:&quot;0&quot;,&quot;shutter_speed&quot;:&quot;0&quot;,&quot;title&quot;:&quot;&quot;,&quot;orientation&quot;:&quot;1&quot;}\" data-image-title=\"loki6\" data-image-description=\"\" data-image-caption=\"\" data-large-file=\"https:\/\/i0.wp.com\/www.comicbox.com\/wp-content\/uploads\/2021\/06\/loki6.jpg?fit=800%2C388&amp;ssl=1\" class=\"aligncenter wp-image-83844 size-full\" src=\"https:\/\/i0.wp.com\/www.comicbox.com\/wp-content\/uploads\/2021\/06\/loki6.jpg?resize=800%2C388\" alt=\"\" width=\"800\" height=\"388\" srcset=\"https:\/\/i0.wp.com\/www.comicbox.com\/wp-content\/uploads\/2021\/06\/loki6.jpg?w=800&amp;ssl=1 800w, https:\/\/i0.wp.com\/www.comicbox.com\/wp-content\/uploads\/2021\/06\/loki6.jpg?resize=150%2C73&amp;ssl=1 150w, https:\/\/i0.wp.com\/www.comicbox.com\/wp-content\/uploads\/2021\/06\/loki6.jpg?resize=768%2C372&amp;ssl=1 768w, https:\/\/i0.wp.com\/www.comicbox.com\/wp-content\/uploads\/2021\/06\/loki6.jpg?resize=400%2C194&amp;ssl=1 400w\" sizes=\"auto, (max-width: 800px) 100vw, 800px\" \/><\/p>\n<p class=\"p1\" style=\"text-align: justify;\">Nous d\u00e9couvrons un Loki \u00ab\u00a0nouveau\u00a0\u00bb. Il vient de la p\u00e9riode de 2012. Il est encore amer apr\u00e8s sa d\u00e9faite contre les Avengers. Mais attendez-vous \u00e0 le voir \u00e9voluer. \u00ab\u00a0<em>Loki n\u2019a plus aucune r\u00e9f\u00e9rence. Thor n\u2019est pas l\u00e0. Asgard semble bien loin. Les Avengers ne sont pas l\u00e0 non plus. Il n\u2019a m\u00eame plus de pouvoir\u00a0magique. Quand on retire les caract\u00e9ristiques que l\u2019ont lui conna\u00eet depuis six films, que lui reste-t-il ? Qui est-il ? Ces question deviennent fascinantes au fil des \u00e9pisodes. D\u2019ailleurs, est-il capable de changer ? Cette exp\u00e9rience avec le TVA va-t-elle le faire comprendre qui il est r\u00e9ellement ?\u00a0<\/em>\u00bb d\u00e9clare son interpr\u00e8te. Hiddleston est entour\u00e9 d&rsquo;un casting tout neuf. Enfin, les deux r\u00f4les f\u00e9minins principaux sont des vieilles connaissances de l&rsquo;acteur. \u00ab\u00a0<em>On a suivi des cours de th\u00e9\u00e2tre ensemble. On se conna\u00eet depuis des ann\u00e9es. C\u2019\u00e9tait r\u00e9confortant. Surtout qu\u2019on tournait pendant une p\u00e9riode difficile avec la pand\u00e9mie. On \u00e9tait content d\u2019\u00eatre entour\u00e9s de vieux amis.<\/em> \u00bb se rem\u00e9more Gugu Mbatha-Raw, qui incarne le juge Rayonna Renslayer. Elle a eu l&rsquo;opportunit\u00e9 d&rsquo;apporter sa touche au personnage des comics, car on assiste \u00e0 ses origines. Ce fut pareil pour Wunmi Mosaku qui joue un r\u00f4le in\u00e9dit : Hunter B-15, une des forces du TVA : \u00ab\u00a0 <em>Je n\u2019avais pas de grosse pression car le personnage est in\u00e9dit. Mais on n\u2019a quand m\u00eame une pression en rejoignant le MCU !<\/em> \u00bb (Rires)<\/p>\n<p><img data-recalc-dims=\"1\" loading=\"lazy\" decoding=\"async\" data-attachment-id=\"83842\" data-permalink=\"https:\/\/www.comicbox.com\/index.php\/articles\/loki-la-conference-de-presse\/attachment\/loki5\/\" data-orig-file=\"https:\/\/i0.wp.com\/www.comicbox.com\/wp-content\/uploads\/2021\/06\/loki5.jpg?fit=800%2C388&amp;ssl=1\" data-orig-size=\"800,388\" data-comments-opened=\"1\" data-image-meta=\"{&quot;aperture&quot;:&quot;0&quot;,&quot;credit&quot;:&quot;&quot;,&quot;camera&quot;:&quot;&quot;,&quot;caption&quot;:&quot;&quot;,&quot;created_timestamp&quot;:&quot;0&quot;,&quot;copyright&quot;:&quot;&quot;,&quot;focal_length&quot;:&quot;0&quot;,&quot;iso&quot;:&quot;0&quot;,&quot;shutter_speed&quot;:&quot;0&quot;,&quot;title&quot;:&quot;&quot;,&quot;orientation&quot;:&quot;1&quot;}\" data-image-title=\"loki5\" data-image-description=\"\" data-image-caption=\"\" data-large-file=\"https:\/\/i0.wp.com\/www.comicbox.com\/wp-content\/uploads\/2021\/06\/loki5.jpg?fit=800%2C388&amp;ssl=1\" class=\"aligncenter size-full wp-image-83842\" src=\"https:\/\/i0.wp.com\/www.comicbox.com\/wp-content\/uploads\/2021\/06\/loki5.jpg?resize=800%2C388\" alt=\"\" width=\"800\" height=\"388\" srcset=\"https:\/\/i0.wp.com\/www.comicbox.com\/wp-content\/uploads\/2021\/06\/loki5.jpg?w=800&amp;ssl=1 800w, https:\/\/i0.wp.com\/www.comicbox.com\/wp-content\/uploads\/2021\/06\/loki5.jpg?resize=150%2C73&amp;ssl=1 150w, https:\/\/i0.wp.com\/www.comicbox.com\/wp-content\/uploads\/2021\/06\/loki5.jpg?resize=768%2C372&amp;ssl=1 768w, https:\/\/i0.wp.com\/www.comicbox.com\/wp-content\/uploads\/2021\/06\/loki5.jpg?resize=400%2C194&amp;ssl=1 400w\" sizes=\"auto, (max-width: 800px) 100vw, 800px\" \/><\/p>\n<p class=\"p1\" style=\"text-align: justify;\">L&rsquo;autre \u00ab\u00a0petit nouveau\u00a0\u00bb, c&rsquo;est Owen Wilson. Interpr\u00e9tant Mobius, l&rsquo;un des agents du TVA. Il explique son arriv\u00e9e au sein de cette grande maison : \u00ab<em>\u00a0C\u2019est excitant de faire parti du MCU. Quand les premi\u00e8res bandes-annonces ont \u00e9t\u00e9 r\u00e9v\u00e9l\u00e9es, j\u2019ai pris la mesure de ce que cela repr\u00e9sentait pour les gens. Le secret autour de ces projets est tellement fou ! Marvel veut surprendre ses fans, si passionn\u00e9s. Et ils y arrivent ! On marche tout le temps sur des oeufs quand on nous interroge sur le show. On ne sait jamais quand telle ou telle r\u00e9v\u00e9lation aura lieu\u2026 <\/em><span class=\"Apple-converted-space\">\u00bb Heureusement, il a pu compter sur comparse Hiddleston pour le mettre \u00e0 jour. L<\/span>e duo Owen Wilson\/Tom Hiddleston semble si naturel. \u00ab <em>Tom a pris le temps de m\u2019expliquer l\u2019histoire du MCU avec une conf\u00e9rence sur Loki\u00a0\u00bb. J\u2019ai beaucoup appris. Et durant les \u00e9changes face cam\u00e9ra, on avait l\u2019impression de discuter naturellement. Tout faisait sens.<\/em> \u00bb d\u00e9clare Wilson. Entrer dans la peau d&rsquo;un prof fut un d\u00e9fi pour Tom :\u00a0\u00ab\u00a0<em>Ce n\u2019\u00e9tait pas \u00e9vident de condenser mon exp\u00e9rience (et la vie de Loki) sur les six films pour Owen. Surtout que Mobius est un expert sur Loki. Il en sait plus que Loki lui-m\u00eame. Leurs premi\u00e8res conversations sont assez intenses. On avait l\u2019impression d\u2019\u00eatre en repr\u00e9sentation th\u00e9\u00e2trale. Je parie que \u00e7a a donn\u00e9 des envies de th\u00e9\u00e2tre \u00e0 Owen !<\/em> \u00bb (Rires) La \u00ab\u00a0conf\u00e9rence sur Loki\u00a0\u00bb est devenue importante pour la production. \u00ab<em> Tous les d\u00e9partements voulaient savoir d\u2019o\u00f9 venaient les d\u00e9cisions prises sur tels ou tels \u00e9l\u00e9ments du personnage, qu\u2019ils viennent de Kenneth Branagh aux fr\u00e8res Russo en passant par Taika Waititi et Maya Rubeo sur <\/em>Ragnarok<em>. J\u2019esp\u00e8re que la conf\u00e9rence n\u2019\u00e9tait pas si longue que \u00e7a ! Je me souviens d\u2019un d\u00e9tail : les gens voulaient conna\u00eetre l\u2019origines des cornes du casque de Loki. Pourquoi et quand il les portaient ? Est-ce un \u00e9l\u00e9ment de c\u00e9r\u00e9monie ? Ou est-ce une extension d\u2019une \u00e9motion particuli\u00e8re, comme quand il est plus m\u00e9chant ? Tout va sera clair, en temps voulu !<\/em> \u00bb affirme l&rsquo;acteur.<\/p>\n<p><img data-recalc-dims=\"1\" loading=\"lazy\" decoding=\"async\" data-attachment-id=\"83841\" data-permalink=\"https:\/\/www.comicbox.com\/index.php\/articles\/loki-la-conference-de-presse\/attachment\/loki4\/\" data-orig-file=\"https:\/\/i0.wp.com\/www.comicbox.com\/wp-content\/uploads\/2021\/06\/loki4.jpg?fit=800%2C388&amp;ssl=1\" data-orig-size=\"800,388\" data-comments-opened=\"1\" data-image-meta=\"{&quot;aperture&quot;:&quot;0&quot;,&quot;credit&quot;:&quot;&quot;,&quot;camera&quot;:&quot;&quot;,&quot;caption&quot;:&quot;&quot;,&quot;created_timestamp&quot;:&quot;0&quot;,&quot;copyright&quot;:&quot;&quot;,&quot;focal_length&quot;:&quot;0&quot;,&quot;iso&quot;:&quot;0&quot;,&quot;shutter_speed&quot;:&quot;0&quot;,&quot;title&quot;:&quot;&quot;,&quot;orientation&quot;:&quot;1&quot;}\" data-image-title=\"loki4\" data-image-description=\"\" data-image-caption=\"\" data-large-file=\"https:\/\/i0.wp.com\/www.comicbox.com\/wp-content\/uploads\/2021\/06\/loki4.jpg?fit=800%2C388&amp;ssl=1\" class=\"aligncenter size-full wp-image-83841\" src=\"https:\/\/i0.wp.com\/www.comicbox.com\/wp-content\/uploads\/2021\/06\/loki4.jpg?resize=800%2C388\" alt=\"\" width=\"800\" height=\"388\" srcset=\"https:\/\/i0.wp.com\/www.comicbox.com\/wp-content\/uploads\/2021\/06\/loki4.jpg?w=800&amp;ssl=1 800w, https:\/\/i0.wp.com\/www.comicbox.com\/wp-content\/uploads\/2021\/06\/loki4.jpg?resize=150%2C73&amp;ssl=1 150w, https:\/\/i0.wp.com\/www.comicbox.com\/wp-content\/uploads\/2021\/06\/loki4.jpg?resize=768%2C372&amp;ssl=1 768w, https:\/\/i0.wp.com\/www.comicbox.com\/wp-content\/uploads\/2021\/06\/loki4.jpg?resize=400%2C194&amp;ssl=1 400w\" sizes=\"auto, (max-width: 800px) 100vw, 800px\" \/><\/p>\n<p class=\"p1\" style=\"text-align: justify;\">Loki s\u2019amuse avec les d\u00e9placements temporels, pour tenter de les expliquer, et surtout corriger le flux temporel. Le choix des \u00e9poques ne fut pas si facile : \u00ab<em>\u00a0Il y a presque dix ans, on avait pens\u00e9 faire un court-m\u00e9trage qui montrait Loki \u00e0 travers les \u00e9poques. Il aurait tenu le club 54 dans les ann\u00e9es 70\u2026 Heureusement gr\u00e2ce \u00e0 Michael et Kate, la s\u00e9rie TV est devenue bien plus int\u00e9ressante. Les \u00e9poques visit\u00e9es ne sont que secondaires.\u00a0<\/em>\u00bb explique Kevin Feige. M\u00e9langer humour et action a toujours la marque de fabrique de Marvel Studios. Ce qui n&rsquo;\u00e9tait pas gagn\u00e9 pour Thor et ses camarades. L&rsquo;univers de Thor est souvent per\u00e7u comme pompeux et grandiloquesque dans les comics. Le MCU en a fait des personnages comiques. \u00ab<em>\u00a0Il y a toujours eu une touche d\u2019humour dans les comics mettant en sc\u00e8ne Thor, au fil des d\u00e9cennies. Si Thor et Loki sont si dr\u00f4les dans les films, c\u2019est avant-tout gr\u00e2ce aux talents de messieurs Hemsworth et Hiddleston.<\/em> \u00bb d\u00e9clare Kevin Feige. \u00ab<em> Je sortais de <\/em>Rick &amp; Morty<em>\u00bb, ajoute Michael Waldron.<\/em> \u00ab <em>Au d\u00e9part, j\u2019\u00e9tais \u00e0 fond sur les blagues. J\u2019ai d\u00fb me calmer. Loki peut rendre les \u00e9changes les plus banals dr\u00f4les, caustiques avec sa malice. On savait que Tom \u00e9tait parfait pour \u00e7a.<\/em> \u00bb<\/p>\n<p><img data-recalc-dims=\"1\" loading=\"lazy\" decoding=\"async\" data-attachment-id=\"83839\" data-permalink=\"https:\/\/www.comicbox.com\/index.php\/articles\/loki-la-conference-de-presse\/attachment\/loki2\/\" data-orig-file=\"https:\/\/i0.wp.com\/www.comicbox.com\/wp-content\/uploads\/2021\/06\/loki2.jpg?fit=800%2C388&amp;ssl=1\" data-orig-size=\"800,388\" data-comments-opened=\"1\" data-image-meta=\"{&quot;aperture&quot;:&quot;0&quot;,&quot;credit&quot;:&quot;&quot;,&quot;camera&quot;:&quot;&quot;,&quot;caption&quot;:&quot;&quot;,&quot;created_timestamp&quot;:&quot;0&quot;,&quot;copyright&quot;:&quot;&quot;,&quot;focal_length&quot;:&quot;0&quot;,&quot;iso&quot;:&quot;0&quot;,&quot;shutter_speed&quot;:&quot;0&quot;,&quot;title&quot;:&quot;&quot;,&quot;orientation&quot;:&quot;1&quot;}\" data-image-title=\"loki2\" data-image-description=\"\" data-image-caption=\"\" data-large-file=\"https:\/\/i0.wp.com\/www.comicbox.com\/wp-content\/uploads\/2021\/06\/loki2.jpg?fit=800%2C388&amp;ssl=1\" class=\"aligncenter size-full wp-image-83839\" src=\"https:\/\/i0.wp.com\/www.comicbox.com\/wp-content\/uploads\/2021\/06\/loki2.jpg?resize=800%2C388\" alt=\"\" width=\"800\" height=\"388\" srcset=\"https:\/\/i0.wp.com\/www.comicbox.com\/wp-content\/uploads\/2021\/06\/loki2.jpg?w=800&amp;ssl=1 800w, https:\/\/i0.wp.com\/www.comicbox.com\/wp-content\/uploads\/2021\/06\/loki2.jpg?resize=150%2C73&amp;ssl=1 150w, https:\/\/i0.wp.com\/www.comicbox.com\/wp-content\/uploads\/2021\/06\/loki2.jpg?resize=768%2C372&amp;ssl=1 768w, https:\/\/i0.wp.com\/www.comicbox.com\/wp-content\/uploads\/2021\/06\/loki2.jpg?resize=400%2C194&amp;ssl=1 400w\" sizes=\"auto, (max-width: 800px) 100vw, 800px\" \/><\/p>\n<p class=\"p1\" style=\"text-align: justify;\">Les fans de Loki sont aujourd\u2019hui nombreux. Qui l\u2019aurait cru ? Certes, dans le mat\u00e9riel d\u2019origine, Loki est l\u2019un des \u00eatres les plus puissants de l\u2019univers. Il a, sans le vouloir, participer \u00e0 la cr\u00e9ation des Avengers. Mais il est souvent rel\u00e9gu\u00e9 au rang de simple ennemi de Thor. \u00ab <em>Loki repr\u00e9sente quelque chose pour les spectateurs. C\u2019est \u00e9vident, sinon je ne serais pas en train de parler de lui aujourd\u2019hui. Pour de multiples raisons. C\u2019est un \u00e9norme honneur. Au fil des ann\u00e9es, tout le monde le per\u00e7oit diff\u00e9remment. Certains aiment son humour, sa spontan\u00e9it\u00e9 et son don pour la malice ; d\u2019autres aimeront son aspect antagoniste et d\u2019autres ne le supportent pas ! (Rires) Sous toutes ces couches, il y a une vuln\u00e9rabilit\u00e9, quelque chose de tr\u00e8s humain. Je dois \u00e7a \u00e0 tous les auteurs qui ont travaill\u00e9 sur le personnage. Que ce soit dans les films et dans les comics, en commen\u00e7ant bien s\u00fbr par Stan Lee et Jack Kirby et plus r\u00e9cemment J. Michael Straczynski et Daniel Kibblesmith. Et \u00e0 Don Payne, qui a \u00e9crit le premier film Thor. Enfin \u00e0 Michael et son \u00e9quipe pour avoir cr\u00e9er cet univers.<\/em>\u00bb conclut Hiddleston.<\/p>\n<p style=\"text-align: justify;\"><strong><span class=\"Apple-converted-space\"><em>Loki<\/em> &#8211; Un \u00e9pisode chaque mercredi sur Disney +<\/span><\/strong><\/p>\n\n<p style=\"text-align: justify;\"><span class=\"Apple-converted-space\">Photo courtesy of \u00a9Marvel Studios. \u00a9Marvel Studios 2021. All Rights Reserved.\u00a0<\/span><\/p>\n","protected":false},"excerpt":{"rendered":"<p>Marvel Studios nous a convi\u00e9s \u00e0 une conf\u00e9rence de presse (virtuelle) pour la sortie de la nouvelle s\u00e9rie Disney +&hellip;<\/p>\n","protected":false},"author":2,"featured_media":83838,"comment_status":"open","ping_status":"open","sticky":false,"template":"","format":"standard","meta":{"jetpack_post_was_ever_published":false,"_jetpack_newsletter_access":"","_jetpack_dont_email_post_to_subs":false,"_jetpack_newsletter_tier_id":0,"_jetpack_memberships_contains_paywalled_content":false,"_jetpack_memberships_contains_paid_content":false,"footnotes":"","jetpack_publicize_message":"","jetpack_publicize_feature_enabled":true,"jetpack_social_post_already_shared":true,"jetpack_social_options":{"image_generator_settings":{"template":"highway","default_image_id":0,"font":"","enabled":false},"version":2}},"categories":[3,4,1727,1,5379],"tags":[2331,6569,114,6571,5108,5229,437,6572,6573,6533,270,5153,4689,6570],"class_list":["post-83837","post","type-post","status-publish","format-standard","has-post-thumbnail","hentry","category-articles","category-av","category-diapo","category-news","category-series-tv","tag-disney","tag-gugu-mbatha-raw","tag-jack-kirby","tag-kate-herron","tag-kevin-feige","tag-loki","tag-marvel-studios","tag-michael-waldron","tag-mobis","tag-owen-wilson","tag-stan-lee","tag-thor","tag-tom-hiddleston","tag-wunmi-mosaku"],"yoast_head":"<!-- This site is optimized with the Yoast SEO plugin v24.9 - https:\/\/yoast.com\/wordpress\/plugins\/seo\/ -->\n<title>Loki : la conf\u00e9rence de presse -<\/title>\n<meta name=\"robots\" content=\"index, follow, max-snippet:-1, max-image-preview:large, max-video-preview:-1\" \/>\n<link rel=\"canonical\" href=\"http:\/\/www.comicbox.com\/index.php\/articles\/loki-la-conference-de-presse\/\" \/>\n<meta property=\"og:locale\" content=\"fr_FR\" \/>\n<meta property=\"og:type\" content=\"article\" \/>\n<meta property=\"og:title\" content=\"Loki : la conf\u00e9rence de presse -\" \/>\n<meta property=\"og:description\" content=\"Marvel Studios nous a convi\u00e9s \u00e0 une conf\u00e9rence de presse (virtuelle) pour la sortie de la nouvelle s\u00e9rie Disney +&hellip;\" \/>\n<meta property=\"og:url\" content=\"http:\/\/www.comicbox.com\/index.php\/articles\/loki-la-conference-de-presse\/\" \/>\n<meta property=\"article:author\" content=\"https:\/\/www.facebook.com\/pierre.bisson?fref=ts\" \/>\n<meta property=\"article:published_time\" content=\"2021-06-09T07:00:40+00:00\" \/>\n<meta property=\"og:image\" content=\"https:\/\/i0.wp.com\/www.comicbox.com\/wp-content\/uploads\/2021\/06\/loki_frise.jpg?fit=728%2C314\" \/>\n\t<meta property=\"og:image:width\" content=\"728\" \/>\n\t<meta property=\"og:image:height\" content=\"314\" \/>\n\t<meta property=\"og:image:type\" content=\"image\/jpeg\" \/>\n<meta name=\"author\" content=\"Pierre Bisson\" \/>\n<meta name=\"twitter:card\" content=\"summary_large_image\" \/>\n<meta name=\"twitter:creator\" content=\"@https:\/\/twitter.com\/pierobisson\" \/>\n<meta name=\"twitter:label1\" content=\"\u00c9crit par\" \/>\n\t<meta name=\"twitter:data1\" content=\"Pierre Bisson\" \/>\n\t<meta name=\"twitter:label2\" content=\"Dur\u00e9e de lecture estim\u00e9e\" \/>\n\t<meta name=\"twitter:data2\" content=\"8 minutes\" \/>\n<script type=\"application\/ld+json\" class=\"yoast-schema-graph\">{\"@context\":\"https:\/\/schema.org\",\"@graph\":[{\"@type\":\"WebPage\",\"@id\":\"http:\/\/www.comicbox.com\/index.php\/articles\/loki-la-conference-de-presse\/\",\"url\":\"http:\/\/www.comicbox.com\/index.php\/articles\/loki-la-conference-de-presse\/\",\"name\":\"Loki : la conf\u00e9rence de presse -\",\"isPartOf\":{\"@id\":\"https:\/\/www.comicbox.com\/#website\"},\"primaryImageOfPage\":{\"@id\":\"http:\/\/www.comicbox.com\/index.php\/articles\/loki-la-conference-de-presse\/#primaryimage\"},\"image\":{\"@id\":\"http:\/\/www.comicbox.com\/index.php\/articles\/loki-la-conference-de-presse\/#primaryimage\"},\"thumbnailUrl\":\"https:\/\/i0.wp.com\/www.comicbox.com\/wp-content\/uploads\/2021\/06\/loki_frise.jpg?fit=728%2C314&ssl=1\",\"datePublished\":\"2021-06-09T07:00:40+00:00\",\"author\":{\"@id\":\"https:\/\/www.comicbox.com\/#\/schema\/person\/e90168f9b9b6a5f3c6e25828ca5d1ac2\"},\"breadcrumb\":{\"@id\":\"http:\/\/www.comicbox.com\/index.php\/articles\/loki-la-conference-de-presse\/#breadcrumb\"},\"inLanguage\":\"fr-FR\",\"potentialAction\":[{\"@type\":\"ReadAction\",\"target\":[\"http:\/\/www.comicbox.com\/index.php\/articles\/loki-la-conference-de-presse\/\"]}]},{\"@type\":\"ImageObject\",\"inLanguage\":\"fr-FR\",\"@id\":\"http:\/\/www.comicbox.com\/index.php\/articles\/loki-la-conference-de-presse\/#primaryimage\",\"url\":\"https:\/\/i0.wp.com\/www.comicbox.com\/wp-content\/uploads\/2021\/06\/loki_frise.jpg?fit=728%2C314&ssl=1\",\"contentUrl\":\"https:\/\/i0.wp.com\/www.comicbox.com\/wp-content\/uploads\/2021\/06\/loki_frise.jpg?fit=728%2C314&ssl=1\",\"width\":728,\"height\":314},{\"@type\":\"BreadcrumbList\",\"@id\":\"http:\/\/www.comicbox.com\/index.php\/articles\/loki-la-conference-de-presse\/#breadcrumb\",\"itemListElement\":[{\"@type\":\"ListItem\",\"position\":1,\"name\":\"Accueil\",\"item\":\"https:\/\/www.comicbox.com\/\"},{\"@type\":\"ListItem\",\"position\":2,\"name\":\"Loki : la conf\u00e9rence de presse\"}]},{\"@type\":\"WebSite\",\"@id\":\"https:\/\/www.comicbox.com\/#website\",\"url\":\"https:\/\/www.comicbox.com\/\",\"name\":\"\",\"description\":\"le magazine des cultures comics\",\"potentialAction\":[{\"@type\":\"SearchAction\",\"target\":{\"@type\":\"EntryPoint\",\"urlTemplate\":\"https:\/\/www.comicbox.com\/?s={search_term_string}\"},\"query-input\":{\"@type\":\"PropertyValueSpecification\",\"valueRequired\":true,\"valueName\":\"search_term_string\"}}],\"inLanguage\":\"fr-FR\"},{\"@type\":\"Person\",\"@id\":\"https:\/\/www.comicbox.com\/#\/schema\/person\/e90168f9b9b6a5f3c6e25828ca5d1ac2\",\"name\":\"Pierre Bisson\",\"image\":{\"@type\":\"ImageObject\",\"inLanguage\":\"fr-FR\",\"@id\":\"https:\/\/www.comicbox.com\/#\/schema\/person\/image\/\",\"url\":\"https:\/\/secure.gravatar.com\/avatar\/f7fb6fb38f5e6ccf5f1697bc6273d4d5853c08bb716456166ea903f2055c4580?s=96&d=mm&r=g\",\"contentUrl\":\"https:\/\/secure.gravatar.com\/avatar\/f7fb6fb38f5e6ccf5f1697bc6273d4d5853c08bb716456166ea903f2055c4580?s=96&d=mm&r=g\",\"caption\":\"Pierre Bisson\"},\"description\":\"Pierre Bisson en plus d'\u00eatre l'un des r\u00e9dacteurs du site comicbox.com est aussi traducteur, lettreur et maquettiste.\",\"sameAs\":[\"https:\/\/www.facebook.com\/pierre.bisson?fref=ts\",\"https:\/\/x.com\/https:\/\/twitter.com\/pierobisson\"],\"url\":\"https:\/\/www.comicbox.com\/index.php\/author\/piero\/\"}]}<\/script>\n<!-- \/ Yoast SEO plugin. -->","yoast_head_json":{"title":"Loki : la conf\u00e9rence de presse -","robots":{"index":"index","follow":"follow","max-snippet":"max-snippet:-1","max-image-preview":"max-image-preview:large","max-video-preview":"max-video-preview:-1"},"canonical":"http:\/\/www.comicbox.com\/index.php\/articles\/loki-la-conference-de-presse\/","og_locale":"fr_FR","og_type":"article","og_title":"Loki : la conf\u00e9rence de presse -","og_description":"Marvel Studios nous a convi\u00e9s \u00e0 une conf\u00e9rence de presse (virtuelle) pour la sortie de la nouvelle s\u00e9rie Disney +&hellip;","og_url":"http:\/\/www.comicbox.com\/index.php\/articles\/loki-la-conference-de-presse\/","article_author":"https:\/\/www.facebook.com\/pierre.bisson?fref=ts","article_published_time":"2021-06-09T07:00:40+00:00","og_image":[{"width":728,"height":314,"url":"https:\/\/i0.wp.com\/www.comicbox.com\/wp-content\/uploads\/2021\/06\/loki_frise.jpg?fit=728%2C314","type":"image\/jpeg"}],"author":"Pierre Bisson","twitter_card":"summary_large_image","twitter_creator":"@https:\/\/twitter.com\/pierobisson","twitter_misc":{"\u00c9crit par":"Pierre Bisson","Dur\u00e9e de lecture estim\u00e9e":"8 minutes"},"schema":{"@context":"https:\/\/schema.org","@graph":[{"@type":"WebPage","@id":"http:\/\/www.comicbox.com\/index.php\/articles\/loki-la-conference-de-presse\/","url":"http:\/\/www.comicbox.com\/index.php\/articles\/loki-la-conference-de-presse\/","name":"Loki : la conf\u00e9rence de presse -","isPartOf":{"@id":"https:\/\/www.comicbox.com\/#website"},"primaryImageOfPage":{"@id":"http:\/\/www.comicbox.com\/index.php\/articles\/loki-la-conference-de-presse\/#primaryimage"},"image":{"@id":"http:\/\/www.comicbox.com\/index.php\/articles\/loki-la-conference-de-presse\/#primaryimage"},"thumbnailUrl":"https:\/\/i0.wp.com\/www.comicbox.com\/wp-content\/uploads\/2021\/06\/loki_frise.jpg?fit=728%2C314&ssl=1","datePublished":"2021-06-09T07:00:40+00:00","author":{"@id":"https:\/\/www.comicbox.com\/#\/schema\/person\/e90168f9b9b6a5f3c6e25828ca5d1ac2"},"breadcrumb":{"@id":"http:\/\/www.comicbox.com\/index.php\/articles\/loki-la-conference-de-presse\/#breadcrumb"},"inLanguage":"fr-FR","potentialAction":[{"@type":"ReadAction","target":["http:\/\/www.comicbox.com\/index.php\/articles\/loki-la-conference-de-presse\/"]}]},{"@type":"ImageObject","inLanguage":"fr-FR","@id":"http:\/\/www.comicbox.com\/index.php\/articles\/loki-la-conference-de-presse\/#primaryimage","url":"https:\/\/i0.wp.com\/www.comicbox.com\/wp-content\/uploads\/2021\/06\/loki_frise.jpg?fit=728%2C314&ssl=1","contentUrl":"https:\/\/i0.wp.com\/www.comicbox.com\/wp-content\/uploads\/2021\/06\/loki_frise.jpg?fit=728%2C314&ssl=1","width":728,"height":314},{"@type":"BreadcrumbList","@id":"http:\/\/www.comicbox.com\/index.php\/articles\/loki-la-conference-de-presse\/#breadcrumb","itemListElement":[{"@type":"ListItem","position":1,"name":"Accueil","item":"https:\/\/www.comicbox.com\/"},{"@type":"ListItem","position":2,"name":"Loki : la conf\u00e9rence de presse"}]},{"@type":"WebSite","@id":"https:\/\/www.comicbox.com\/#website","url":"https:\/\/www.comicbox.com\/","name":"","description":"le magazine des cultures comics","potentialAction":[{"@type":"SearchAction","target":{"@type":"EntryPoint","urlTemplate":"https:\/\/www.comicbox.com\/?s={search_term_string}"},"query-input":{"@type":"PropertyValueSpecification","valueRequired":true,"valueName":"search_term_string"}}],"inLanguage":"fr-FR"},{"@type":"Person","@id":"https:\/\/www.comicbox.com\/#\/schema\/person\/e90168f9b9b6a5f3c6e25828ca5d1ac2","name":"Pierre Bisson","image":{"@type":"ImageObject","inLanguage":"fr-FR","@id":"https:\/\/www.comicbox.com\/#\/schema\/person\/image\/","url":"https:\/\/secure.gravatar.com\/avatar\/f7fb6fb38f5e6ccf5f1697bc6273d4d5853c08bb716456166ea903f2055c4580?s=96&d=mm&r=g","contentUrl":"https:\/\/secure.gravatar.com\/avatar\/f7fb6fb38f5e6ccf5f1697bc6273d4d5853c08bb716456166ea903f2055c4580?s=96&d=mm&r=g","caption":"Pierre Bisson"},"description":"Pierre Bisson en plus d'\u00eatre l'un des r\u00e9dacteurs du site comicbox.com est aussi traducteur, lettreur et maquettiste.","sameAs":["https:\/\/www.facebook.com\/pierre.bisson?fref=ts","https:\/\/x.com\/https:\/\/twitter.com\/pierobisson"],"url":"https:\/\/www.comicbox.com\/index.php\/author\/piero\/"}]}},"jetpack_publicize_connections":[],"jetpack_featured_media_url":"https:\/\/i0.wp.com\/www.comicbox.com\/wp-content\/uploads\/2021\/06\/loki_frise.jpg?fit=728%2C314&ssl=1","jetpack_sharing_enabled":true,"jetpack_shortlink":"https:\/\/wp.me\/pvyAi-lOd","_links":{"self":[{"href":"https:\/\/www.comicbox.com\/index.php\/wp-json\/wp\/v2\/posts\/83837","targetHints":{"allow":["GET"]}}],"collection":[{"href":"https:\/\/www.comicbox.com\/index.php\/wp-json\/wp\/v2\/posts"}],"about":[{"href":"https:\/\/www.comicbox.com\/index.php\/wp-json\/wp\/v2\/types\/post"}],"author":[{"embeddable":true,"href":"https:\/\/www.comicbox.com\/index.php\/wp-json\/wp\/v2\/users\/2"}],"replies":[{"embeddable":true,"href":"https:\/\/www.comicbox.com\/index.php\/wp-json\/wp\/v2\/comments?post=83837"}],"version-history":[{"count":4,"href":"https:\/\/www.comicbox.com\/index.php\/wp-json\/wp\/v2\/posts\/83837\/revisions"}],"predecessor-version":[{"id":83847,"href":"https:\/\/www.comicbox.com\/index.php\/wp-json\/wp\/v2\/posts\/83837\/revisions\/83847"}],"wp:featuredmedia":[{"embeddable":true,"href":"https:\/\/www.comicbox.com\/index.php\/wp-json\/wp\/v2\/media\/83838"}],"wp:attachment":[{"href":"https:\/\/www.comicbox.com\/index.php\/wp-json\/wp\/v2\/media?parent=83837"}],"wp:term":[{"taxonomy":"category","embeddable":true,"href":"https:\/\/www.comicbox.com\/index.php\/wp-json\/wp\/v2\/categories?post=83837"},{"taxonomy":"post_tag","embeddable":true,"href":"https:\/\/www.comicbox.com\/index.php\/wp-json\/wp\/v2\/tags?post=83837"}],"curies":[{"name":"wp","href":"https:\/\/api.w.org\/{rel}","templated":true}]}}