
{"id":79855,"date":"2020-01-30T15:00:35","date_gmt":"2020-01-30T14:00:35","guid":{"rendered":"http:\/\/www.comicbox.com\/?p=79855"},"modified":"2020-01-30T23:20:43","modified_gmt":"2020-01-30T22:20:43","slug":"arrow-s08e10","status":"publish","type":"post","link":"https:\/\/www.comicbox.com\/index.php\/articles\/arrow-s08e10\/","title":{"rendered":"Arrow S08E10"},"content":{"rendered":"<p style=\"text-align: justify;\">Cette semaine marque le dernier \u00e9pisode de <em>Arrow<\/em>. La s\u00e9rie qui a (re)lanc\u00e9 l&rsquo;univers DC \u00e0 la t\u00e9l\u00e9vision s&rsquo;ach\u00e8ve sur une note tendre et joue \u00e0 fond la carte de la nostalgie. Dans un monde post-<em>Crisis<\/em>, les choses ne sont pas si simples pour donner une conclusion \u00e0 chacun des protagonistes. <!--more-->Alors, l&rsquo;archer vert a-t-il mis dans le mille une derni\u00e8re fois ? <strong>Attention, spoilers en vue !<\/strong><\/p>\n<p><span class=\"embed-youtube\" style=\"text-align:center; display: block;\"><iframe loading=\"lazy\" class=\"youtube-player\" width=\"1140\" height=\"642\" src=\"https:\/\/www.youtube.com\/embed\/FjDaohsMXu8?version=3&#038;rel=1&#038;showsearch=0&#038;showinfo=1&#038;iv_load_policy=1&#038;fs=1&#038;hl=fr-FR&#038;autohide=2&#038;wmode=transparent\" allowfullscreen=\"true\" style=\"border:0;\" sandbox=\"allow-scripts allow-same-origin allow-popups allow-presentation allow-popups-to-escape-sandbox\"><\/iframe><\/span><\/p>\n<h2><\/h2>\n\n<h2 style=\"text-align: justify;\">Le spectre du h\u00e9ros<\/h2>\n<p style=\"text-align: justify;\">Oliver Queen (Stephen Amell) est mort. Il s&rsquo;est sacrifi\u00e9 durant \u00ab\u00a0Crisis\u00a0\u00bb pour permettre \u00e0 l&rsquo;univers de rena\u00eetre. C&rsquo;est donc aux autres personnages de la s\u00e9rie de conclure l&rsquo;aventure <em>Arrow<\/em>. Du coup, John Diggle (Daid Ramsey) devient d&rsquo;office le lien entre tout le monde. R\u00e9unis pour l&rsquo;enterrement d&rsquo;Ollie, ses amis vont devoir malgr\u00e9 tout une derni\u00e8re fois enfiler leurs costumes pour sauver l&rsquo;un des leurs. Du coup, comme un peu d&rsquo;aide n&rsquo;est pas de trop, Mia Queen (Katherine McNamara) fait un bon de 2040 \u00e0 nos jours. Apr\u00e8s tout, n&rsquo;est-elle pas celle qu&rsquo;on appelle Green Arrow \u00e0 pr\u00e9sent ?<\/p>\n<p><img data-recalc-dims=\"1\" loading=\"lazy\" decoding=\"async\" data-attachment-id=\"79858\" data-permalink=\"https:\/\/www.comicbox.com\/index.php\/articles\/arrow-s08e10\/attachment\/arrow_finale_02\/\" data-orig-file=\"https:\/\/i0.wp.com\/www.comicbox.com\/wp-content\/uploads\/2020\/01\/arrow_finale_02.jpg?fit=800%2C388&amp;ssl=1\" data-orig-size=\"800,388\" data-comments-opened=\"1\" data-image-meta=\"{&quot;aperture&quot;:&quot;0&quot;,&quot;credit&quot;:&quot;&quot;,&quot;camera&quot;:&quot;&quot;,&quot;caption&quot;:&quot;&quot;,&quot;created_timestamp&quot;:&quot;0&quot;,&quot;copyright&quot;:&quot;&quot;,&quot;focal_length&quot;:&quot;0&quot;,&quot;iso&quot;:&quot;0&quot;,&quot;shutter_speed&quot;:&quot;0&quot;,&quot;title&quot;:&quot;&quot;,&quot;orientation&quot;:&quot;1&quot;}\" data-image-title=\"arrow_finale_02\" data-image-description=\"\" data-image-caption=\"\" data-large-file=\"https:\/\/i0.wp.com\/www.comicbox.com\/wp-content\/uploads\/2020\/01\/arrow_finale_02.jpg?fit=800%2C388&amp;ssl=1\" class=\"wp-image-79858 size-full aligncenter\" src=\"https:\/\/i0.wp.com\/www.comicbox.com\/wp-content\/uploads\/2020\/01\/arrow_finale_02.jpg?resize=800%2C388\" alt=\"\" width=\"800\" height=\"388\" srcset=\"https:\/\/i0.wp.com\/www.comicbox.com\/wp-content\/uploads\/2020\/01\/arrow_finale_02.jpg?w=800&amp;ssl=1 800w, https:\/\/i0.wp.com\/www.comicbox.com\/wp-content\/uploads\/2020\/01\/arrow_finale_02.jpg?resize=150%2C73&amp;ssl=1 150w, https:\/\/i0.wp.com\/www.comicbox.com\/wp-content\/uploads\/2020\/01\/arrow_finale_02.jpg?resize=768%2C372&amp;ssl=1 768w, https:\/\/i0.wp.com\/www.comicbox.com\/wp-content\/uploads\/2020\/01\/arrow_finale_02.jpg?resize=400%2C194&amp;ssl=1 400w\" sizes=\"auto, (max-width: 800px) 100vw, 800px\" \/><\/p>\n<h2 style=\"text-align: justify;\">Fuuuusiiiii&#8230;.ooon !<\/h2>\n<p style=\"text-align: justify;\">Si <em>Arrow<\/em> n&rsquo;est pas la premi\u00e8re s\u00e9rie \u00e0 revenir depuis le crossover \u00ab\u00a0Crisis\u00a0\u00bb, elle est l&rsquo;une qui pose le plus de questions par rapport \u00e0 cette nouvelle Terre surnomm\u00e9e \u00ab\u00a0Earth-Prime\u00a0\u00bb. Oliver est \u00e0 l&rsquo;origine de la version r\u00e9nov\u00e9e de la plan\u00e8te. Il a donc le loisir de choisir qui a le droit de vie ou de mort. C&rsquo;est donc sans surprise (et sans spoilers, puisque les photos officielles l&rsquo;ont montr\u00e9) que sa m\u00e8re, Moira Queen, (Susanna Thompson) n&rsquo;a pas \u00e9t\u00e9 tu\u00e9e par Deathstroke durant la saison 2. D&rsquo;autres proches d&rsquo;Oliver sont \u00e9galement de retour. Mais il n&rsquo;y a pas de vrai logique. Les sc\u00e9naristes essaient de l&rsquo;expliquer via une ligne de dialogue : \u00ab\u00a0Il ne pouvait pas sauver ceux qui l&rsquo;ont permis de devenir Green Arrow\u00a0\u00bb. Du coup, il n&rsquo;a pas pu emp\u00eacher le suicide de son p\u00e8re sur le radeau de survie. Mais pourquoi sa m\u00e8re est-elle vivante ? Idem pour un autre ami proche d&rsquo;Ollie ? Leurs sacrifices n&rsquo;ont-il pas permis son \u00e9volution de justicier en h\u00e9ros ? Le personnage de Laurel Lance (Katie Cassidy) a aussi le droit \u00e0 un dr\u00f4le de traitement sur \u00ab\u00a0Earth-Prime\u00a0\u00bb. Depuis la semaine derni\u00e8re, on sait qui elle est car l&rsquo;\u00e9pisode introduisant le concept du spin-off <em>Green Arrow &amp; the Canaries<\/em> a lieu apr\u00e8s l&rsquo;enterrement. Laurel est donc l&rsquo;incarnation de l&rsquo;ex-Terre 2 qui existe depuis quelques saisons. La super-vilaine devenue super-h\u00e9ro\u00efne au contact de Green Arrow et sa bande a toute sa place, tout simplement car il aurait d\u00e9licat de la d\u00e9gager apr\u00e8s une telle \u00e9volution. Par contre, on ne comprend pas trop comment a v\u00e9cu l&rsquo;ancienne Laurel de Terre-1 dans ce remaniement. On nous explique qu&rsquo;elle est morte, comme on n&rsquo;a pu le voir dans la saison 4, mais qu&rsquo;entre temps, elle a eu une vie amoureuse bien remplie. Pourquoi Olivier a-t-il pr\u00e9f\u00e9r\u00e9 la tuer plut\u00f4t que de la faire cohabiter avec l&rsquo;autre Laurel ? Un autre petit d\u00e9tail de continuit\u00e9, ne pouvait-il pas redonner son bras \u00e0 ce pauvre Roy Harper (Colton Haynes) en recr\u00e9ant l&rsquo;univers ? Au moins, il a le droit \u00e0 une fin heureuse avec Thea (Willa Holland).<\/p>\n<p><img data-recalc-dims=\"1\" loading=\"lazy\" decoding=\"async\" data-attachment-id=\"79857\" data-permalink=\"https:\/\/www.comicbox.com\/index.php\/articles\/arrow-s08e10\/attachment\/arrow_finale_03\/\" data-orig-file=\"https:\/\/i0.wp.com\/www.comicbox.com\/wp-content\/uploads\/2020\/01\/arrow_finale_03.jpg?fit=800%2C388&amp;ssl=1\" data-orig-size=\"800,388\" data-comments-opened=\"1\" data-image-meta=\"{&quot;aperture&quot;:&quot;0&quot;,&quot;credit&quot;:&quot;&quot;,&quot;camera&quot;:&quot;&quot;,&quot;caption&quot;:&quot;&quot;,&quot;created_timestamp&quot;:&quot;0&quot;,&quot;copyright&quot;:&quot;&quot;,&quot;focal_length&quot;:&quot;0&quot;,&quot;iso&quot;:&quot;0&quot;,&quot;shutter_speed&quot;:&quot;0&quot;,&quot;title&quot;:&quot;&quot;,&quot;orientation&quot;:&quot;1&quot;}\" data-image-title=\"arrow_finale_03\" data-image-description=\"\" data-image-caption=\"\" data-large-file=\"https:\/\/i0.wp.com\/www.comicbox.com\/wp-content\/uploads\/2020\/01\/arrow_finale_03.jpg?fit=800%2C388&amp;ssl=1\" class=\"wp-image-79857 size-full aligncenter\" src=\"https:\/\/i0.wp.com\/www.comicbox.com\/wp-content\/uploads\/2020\/01\/arrow_finale_03.jpg?resize=800%2C388\" alt=\"\" width=\"800\" height=\"388\" srcset=\"https:\/\/i0.wp.com\/www.comicbox.com\/wp-content\/uploads\/2020\/01\/arrow_finale_03.jpg?w=800&amp;ssl=1 800w, https:\/\/i0.wp.com\/www.comicbox.com\/wp-content\/uploads\/2020\/01\/arrow_finale_03.jpg?resize=150%2C73&amp;ssl=1 150w, https:\/\/i0.wp.com\/www.comicbox.com\/wp-content\/uploads\/2020\/01\/arrow_finale_03.jpg?resize=768%2C372&amp;ssl=1 768w, https:\/\/i0.wp.com\/www.comicbox.com\/wp-content\/uploads\/2020\/01\/arrow_finale_03.jpg?resize=400%2C194&amp;ssl=1 400w\" sizes=\"auto, (max-width: 800px) 100vw, 800px\" \/><\/p>\n<h2>\u00ab\u00a0Vous avez trahi cette ville !\u00a0\u00bb<\/h2>\n<p style=\"text-align: justify;\">Si Stephen Amell est absent dans le pr\u00e9sent, il est la vedette de la s\u00e9quence flashback de cet \u00e9pisode. <em>Arrow<\/em> revient \u00e0 son d\u00e9coupage premier, \u00e0 savoir quelques sc\u00e8nes du pass\u00e9 intercal\u00e9es avec la trame actuelle. Les cr\u00e9ateurs nous ram\u00e8nent aux premier \u00e9pisodes, quand Diggle s&rsquo;interrogeait sur son partenariat avec Oliver. Ne pouvait-il pas faire autre chose que d&rsquo;\u00e9liminer les personnes sur la liste de son p\u00e8re ? L&rsquo;occasion pour le r\u00e9alisateur de l&rsquo;\u00e9pisode et coordinateur des cascades, James Bamford, de revenir \u00e0 des sc\u00e8nes d&rsquo;action muscl\u00e9es et intensives, qui avaient charm\u00e9 les spectateurs de la premi\u00e8re heure. \u00ab\u00a0Kapuchon\u00a0\u00bb saute dans tous les sens, d\u00e9coche des fl\u00e8ches \u00e0 n&rsquo;en plus finir et s\u00e8me les cadavres sur sa route. Tout \u00e7a pour arr\u00eater&#8230; John Byrne ? Un clins d&rsquo;oeil des showrunners pour le mafieux de service, ce nom \u00e9tant celui du sc\u00e9nariste\/dessinateur historique de DC Comics, qui a relanc\u00e9 la version papier de Superman apr\u00e8s <em>Crisis<\/em>. L&rsquo;occasion de rappeler qu&rsquo;au d\u00e9part, <em>Arrow<\/em> \u00e9tait tout aussi violent que la s\u00e9rie TV <em>Daredevil<\/em> durant les sc\u00e8nes d&rsquo;action.<\/p>\n<p><img data-recalc-dims=\"1\" loading=\"lazy\" decoding=\"async\" data-attachment-id=\"79862\" data-permalink=\"https:\/\/www.comicbox.com\/index.php\/articles\/arrow-s08e10\/attachment\/arrow_finale_05-copie\/\" data-orig-file=\"https:\/\/i0.wp.com\/www.comicbox.com\/wp-content\/uploads\/2020\/01\/arrow_finale_05-copie.jpg?fit=800%2C388&amp;ssl=1\" data-orig-size=\"800,388\" data-comments-opened=\"1\" data-image-meta=\"{&quot;aperture&quot;:&quot;0&quot;,&quot;credit&quot;:&quot;&quot;,&quot;camera&quot;:&quot;&quot;,&quot;caption&quot;:&quot;&quot;,&quot;created_timestamp&quot;:&quot;0&quot;,&quot;copyright&quot;:&quot;&quot;,&quot;focal_length&quot;:&quot;0&quot;,&quot;iso&quot;:&quot;0&quot;,&quot;shutter_speed&quot;:&quot;0&quot;,&quot;title&quot;:&quot;&quot;,&quot;orientation&quot;:&quot;1&quot;}\" data-image-title=\"arrow_finale_05 copie\" data-image-description=\"\" data-image-caption=\"\" data-large-file=\"https:\/\/i0.wp.com\/www.comicbox.com\/wp-content\/uploads\/2020\/01\/arrow_finale_05-copie.jpg?fit=800%2C388&amp;ssl=1\" class=\"wp-image-79862 size-full aligncenter\" src=\"https:\/\/i0.wp.com\/www.comicbox.com\/wp-content\/uploads\/2020\/01\/arrow_finale_05-copie.jpg?resize=800%2C388\" alt=\"\" width=\"800\" height=\"388\" srcset=\"https:\/\/i0.wp.com\/www.comicbox.com\/wp-content\/uploads\/2020\/01\/arrow_finale_05-copie.jpg?w=800&amp;ssl=1 800w, https:\/\/i0.wp.com\/www.comicbox.com\/wp-content\/uploads\/2020\/01\/arrow_finale_05-copie.jpg?resize=150%2C73&amp;ssl=1 150w, https:\/\/i0.wp.com\/www.comicbox.com\/wp-content\/uploads\/2020\/01\/arrow_finale_05-copie.jpg?resize=768%2C372&amp;ssl=1 768w, https:\/\/i0.wp.com\/www.comicbox.com\/wp-content\/uploads\/2020\/01\/arrow_finale_05-copie.jpg?resize=400%2C194&amp;ssl=1 400w\" sizes=\"auto, (max-width: 800px) 100vw, 800px\" \/><\/p>\n<h2>Ce n&rsquo;est qu&rsquo;un au revoir&#8230;<\/h2>\n<p style=\"text-align: justify;\"><em>Arrow<\/em> a donn\u00e9 lieu au \u00ab\u00a0Arrowverse\u00a0\u00bb (il va d&rsquo;ailleurs peut-\u00eatre falloir renommer cet univers partag\u00e9 t\u00e9l\u00e9visuel ?) avec les spin-offs,<em> The Flash<\/em>, <em>DC&rsquo;s Legends of Tomorrow<\/em>, <em>Supergirl<\/em> et <em>Batwoman<\/em>. La rentr\u00e9e prochaine verra l&rsquo;arriv\u00e9e de <em>Superman &amp; Lois<\/em>, une s\u00e9rie bas\u00e9e sur le c\u00e9l\u00e8bre super-h\u00e9ros, son \u00e9pouse et ses enfants. Si la cr\u00e9ation de la s\u00e9rie d\u00e9riv\u00e9e avec Katherine McNamara et les canaries est encore en suspens, le \u00ab\u00a0Arrowverse\u00a0\u00bb a encore de beaux jours devant lui. On a donc du mal \u00e0 croire qu&rsquo;il en est fini de Arrow. Mais c&rsquo;est bien le cas ! Pour autant, Marc Guggenheim et Beth Schwartz donnent des pistes sur la suite en donnant des destins diff\u00e9rents aux compagnons d&rsquo;armes d&rsquo;Oliver. On devrait donc probablement les croiser dans les diverses s\u00e9ries \u00e0 l&rsquo;avenir (ne serait-ce que pour voir la surprise r\u00e9serv\u00e9e \u00e0 Diggle dans les derni\u00e8re minutes&#8230;).<\/p>\n<p><img data-recalc-dims=\"1\" loading=\"lazy\" decoding=\"async\" data-attachment-id=\"79856\" data-permalink=\"https:\/\/www.comicbox.com\/index.php\/articles\/arrow-s08e10\/attachment\/arrow_finale_04\/\" data-orig-file=\"https:\/\/i0.wp.com\/www.comicbox.com\/wp-content\/uploads\/2020\/01\/arrow_finale_04.jpg?fit=800%2C388&amp;ssl=1\" data-orig-size=\"800,388\" data-comments-opened=\"1\" data-image-meta=\"{&quot;aperture&quot;:&quot;0&quot;,&quot;credit&quot;:&quot;&quot;,&quot;camera&quot;:&quot;&quot;,&quot;caption&quot;:&quot;&quot;,&quot;created_timestamp&quot;:&quot;0&quot;,&quot;copyright&quot;:&quot;&quot;,&quot;focal_length&quot;:&quot;0&quot;,&quot;iso&quot;:&quot;0&quot;,&quot;shutter_speed&quot;:&quot;0&quot;,&quot;title&quot;:&quot;&quot;,&quot;orientation&quot;:&quot;1&quot;}\" data-image-title=\"arrow_finale_04\" data-image-description=\"\" data-image-caption=\"\" data-large-file=\"https:\/\/i0.wp.com\/www.comicbox.com\/wp-content\/uploads\/2020\/01\/arrow_finale_04.jpg?fit=800%2C388&amp;ssl=1\" class=\"wp-image-79856 size-full aligncenter\" src=\"https:\/\/i0.wp.com\/www.comicbox.com\/wp-content\/uploads\/2020\/01\/arrow_finale_04.jpg?resize=800%2C388\" alt=\"\" width=\"800\" height=\"388\" srcset=\"https:\/\/i0.wp.com\/www.comicbox.com\/wp-content\/uploads\/2020\/01\/arrow_finale_04.jpg?w=800&amp;ssl=1 800w, https:\/\/i0.wp.com\/www.comicbox.com\/wp-content\/uploads\/2020\/01\/arrow_finale_04.jpg?resize=150%2C73&amp;ssl=1 150w, https:\/\/i0.wp.com\/www.comicbox.com\/wp-content\/uploads\/2020\/01\/arrow_finale_04.jpg?resize=768%2C372&amp;ssl=1 768w, https:\/\/i0.wp.com\/www.comicbox.com\/wp-content\/uploads\/2020\/01\/arrow_finale_04.jpg?resize=400%2C194&amp;ssl=1 400w\" sizes=\"auto, (max-width: 800px) 100vw, 800px\" \/><\/p>\n<p style=\"text-align: justify;\">Apr\u00e8s huit ans de bons et loyaux service, Green Arrow raccroche son costume vert. Il aura, en un sens, r\u00e9volutionn\u00e9 le monde des super-h\u00e9ros \u00e0 la t\u00e9l\u00e9vision. Avant lui, \u00e7a faisait bien longtemps qu&rsquo;on avait pas vu un super-h\u00e9ros en costume color\u00e9 sur le petit \u00e9cran (Tom Welling n&rsquo;ayant port\u00e9 un semblant de costume de Superman pendant 10 secondes \u00e0 la fin de <em>Smallville<\/em>). Son ton sombre et plus \u00ab\u00a0adulte\u00a0\u00bb a su attir\u00e9 un public diff\u00e9rent. Le succ\u00e8s grandissant d&rsquo;<em>Arrow<\/em> a permis de lancer plusieurs nouveaux super-h\u00e9ros, chacun avec son propre ton (h\u00e9ro\u00efque pour <em>Flash<\/em>, humoristique pour <em>Legends<\/em>&#8230;). Le reverra-t-on un jour sur le petit \u00e9cran ? Dans un univers de terres parall\u00e8les et de voyage dans le temps, il suffit \u00e0 Stephen Amell de passer un petit coup de fil aux showrunners quand il s&rsquo;ennuie pour revenir. En tout cas, son h\u00e9ritage perdurera pendant encore longtemps.<\/p>\n[Pierre Bisson]\n","protected":false},"excerpt":{"rendered":"<p>Cette semaine marque le dernier \u00e9pisode de Arrow. La s\u00e9rie qui a (re)lanc\u00e9 l&rsquo;univers DC \u00e0 la t\u00e9l\u00e9vision s&rsquo;ach\u00e8ve sur&hellip;<\/p>\n","protected":false},"author":2,"featured_media":79864,"comment_status":"open","ping_status":"open","sticky":false,"template":"","format":"standard","meta":{"jetpack_post_was_ever_published":false,"_jetpack_newsletter_access":"","_jetpack_dont_email_post_to_subs":false,"_jetpack_newsletter_tier_id":0,"_jetpack_memberships_contains_paywalled_content":false,"_jetpack_memberships_contains_paid_content":false,"footnotes":"","jetpack_publicize_message":"","jetpack_publicize_feature_enabled":true,"jetpack_social_post_already_shared":true,"jetpack_social_options":{"image_generator_settings":{"template":"highway","default_image_id":0,"font":"","enabled":false},"version":2}},"categories":[3,1727,1,5379],"tags":[4232,6310,113,6067,4940,6065,384,4405,4620,6356,4382,6357,4277,6358,4406],"class_list":["post-79855","post","type-post","status-publish","format-standard","has-post-thumbnail","hentry","category-articles","category-diapo","category-news","category-series-tv","tag-arrow","tag-david-ramsey","tag-dc-comics","tag-diggle","tag-emily-bett-rickards","tag-felicity","tag-john-byrne","tag-katie-cassidy","tag-laurel-lance","tag-mia-smoak","tag-roy-harper","tag-star-city","tag-stephen-amell","tag-suzanna-thompson","tag-the-cw"],"yoast_head":"<!-- This site is optimized with the Yoast SEO plugin v24.9 - https:\/\/yoast.com\/wordpress\/plugins\/seo\/ -->\n<title>Arrow S08E10 -<\/title>\n<meta name=\"robots\" content=\"index, follow, max-snippet:-1, max-image-preview:large, max-video-preview:-1\" \/>\n<link rel=\"canonical\" href=\"https:\/\/www.comicbox.com\/index.php\/articles\/arrow-s08e10\/\" \/>\n<meta property=\"og:locale\" content=\"fr_FR\" \/>\n<meta property=\"og:type\" content=\"article\" \/>\n<meta property=\"og:title\" content=\"Arrow S08E10 -\" \/>\n<meta property=\"og:description\" content=\"Cette semaine marque le dernier \u00e9pisode de Arrow. La s\u00e9rie qui a (re)lanc\u00e9 l&rsquo;univers DC \u00e0 la t\u00e9l\u00e9vision s&rsquo;ach\u00e8ve sur&hellip;\" \/>\n<meta property=\"og:url\" content=\"https:\/\/www.comicbox.com\/index.php\/articles\/arrow-s08e10\/\" \/>\n<meta property=\"article:author\" content=\"https:\/\/www.facebook.com\/pierre.bisson?fref=ts\" \/>\n<meta property=\"article:published_time\" content=\"2020-01-30T14:00:35+00:00\" \/>\n<meta property=\"article:modified_time\" content=\"2020-01-30T22:20:43+00:00\" \/>\n<meta property=\"og:image\" content=\"https:\/\/i0.wp.com\/www.comicbox.com\/wp-content\/uploads\/2020\/01\/arrow_finale_frise2.jpg?fit=728%2C314&ssl=1\" \/>\n\t<meta property=\"og:image:width\" content=\"728\" \/>\n\t<meta property=\"og:image:height\" content=\"314\" \/>\n\t<meta property=\"og:image:type\" content=\"image\/jpeg\" \/>\n<meta name=\"author\" content=\"Pierre Bisson\" \/>\n<meta name=\"twitter:card\" content=\"summary_large_image\" \/>\n<meta name=\"twitter:creator\" content=\"@https:\/\/twitter.com\/pierobisson\" \/>\n<meta name=\"twitter:label1\" content=\"\u00c9crit par\" \/>\n\t<meta name=\"twitter:data1\" content=\"Pierre Bisson\" \/>\n\t<meta name=\"twitter:label2\" content=\"Dur\u00e9e de lecture estim\u00e9e\" \/>\n\t<meta name=\"twitter:data2\" content=\"5 minutes\" \/>\n<script type=\"application\/ld+json\" class=\"yoast-schema-graph\">{\"@context\":\"https:\/\/schema.org\",\"@graph\":[{\"@type\":\"WebPage\",\"@id\":\"https:\/\/www.comicbox.com\/index.php\/articles\/arrow-s08e10\/\",\"url\":\"https:\/\/www.comicbox.com\/index.php\/articles\/arrow-s08e10\/\",\"name\":\"Arrow S08E10 -\",\"isPartOf\":{\"@id\":\"https:\/\/www.comicbox.com\/#website\"},\"primaryImageOfPage\":{\"@id\":\"https:\/\/www.comicbox.com\/index.php\/articles\/arrow-s08e10\/#primaryimage\"},\"image\":{\"@id\":\"https:\/\/www.comicbox.com\/index.php\/articles\/arrow-s08e10\/#primaryimage\"},\"thumbnailUrl\":\"https:\/\/i0.wp.com\/www.comicbox.com\/wp-content\/uploads\/2020\/01\/arrow_finale_frise2.jpg?fit=728%2C314&ssl=1\",\"datePublished\":\"2020-01-30T14:00:35+00:00\",\"dateModified\":\"2020-01-30T22:20:43+00:00\",\"author\":{\"@id\":\"https:\/\/www.comicbox.com\/#\/schema\/person\/e90168f9b9b6a5f3c6e25828ca5d1ac2\"},\"breadcrumb\":{\"@id\":\"https:\/\/www.comicbox.com\/index.php\/articles\/arrow-s08e10\/#breadcrumb\"},\"inLanguage\":\"fr-FR\",\"potentialAction\":[{\"@type\":\"ReadAction\",\"target\":[\"https:\/\/www.comicbox.com\/index.php\/articles\/arrow-s08e10\/\"]}]},{\"@type\":\"ImageObject\",\"inLanguage\":\"fr-FR\",\"@id\":\"https:\/\/www.comicbox.com\/index.php\/articles\/arrow-s08e10\/#primaryimage\",\"url\":\"https:\/\/i0.wp.com\/www.comicbox.com\/wp-content\/uploads\/2020\/01\/arrow_finale_frise2.jpg?fit=728%2C314&ssl=1\",\"contentUrl\":\"https:\/\/i0.wp.com\/www.comicbox.com\/wp-content\/uploads\/2020\/01\/arrow_finale_frise2.jpg?fit=728%2C314&ssl=1\",\"width\":728,\"height\":314},{\"@type\":\"BreadcrumbList\",\"@id\":\"https:\/\/www.comicbox.com\/index.php\/articles\/arrow-s08e10\/#breadcrumb\",\"itemListElement\":[{\"@type\":\"ListItem\",\"position\":1,\"name\":\"Accueil\",\"item\":\"https:\/\/www.comicbox.com\/\"},{\"@type\":\"ListItem\",\"position\":2,\"name\":\"Arrow S08E10\"}]},{\"@type\":\"WebSite\",\"@id\":\"https:\/\/www.comicbox.com\/#website\",\"url\":\"https:\/\/www.comicbox.com\/\",\"name\":\"\",\"description\":\"le magazine des cultures comics\",\"potentialAction\":[{\"@type\":\"SearchAction\",\"target\":{\"@type\":\"EntryPoint\",\"urlTemplate\":\"https:\/\/www.comicbox.com\/?s={search_term_string}\"},\"query-input\":{\"@type\":\"PropertyValueSpecification\",\"valueRequired\":true,\"valueName\":\"search_term_string\"}}],\"inLanguage\":\"fr-FR\"},{\"@type\":\"Person\",\"@id\":\"https:\/\/www.comicbox.com\/#\/schema\/person\/e90168f9b9b6a5f3c6e25828ca5d1ac2\",\"name\":\"Pierre Bisson\",\"image\":{\"@type\":\"ImageObject\",\"inLanguage\":\"fr-FR\",\"@id\":\"https:\/\/www.comicbox.com\/#\/schema\/person\/image\/\",\"url\":\"https:\/\/secure.gravatar.com\/avatar\/f7fb6fb38f5e6ccf5f1697bc6273d4d5853c08bb716456166ea903f2055c4580?s=96&d=mm&r=g\",\"contentUrl\":\"https:\/\/secure.gravatar.com\/avatar\/f7fb6fb38f5e6ccf5f1697bc6273d4d5853c08bb716456166ea903f2055c4580?s=96&d=mm&r=g\",\"caption\":\"Pierre Bisson\"},\"description\":\"Pierre Bisson en plus d'\u00eatre l'un des r\u00e9dacteurs du site comicbox.com est aussi traducteur, lettreur et maquettiste.\",\"sameAs\":[\"https:\/\/www.facebook.com\/pierre.bisson?fref=ts\",\"https:\/\/x.com\/https:\/\/twitter.com\/pierobisson\"],\"url\":\"https:\/\/www.comicbox.com\/index.php\/author\/piero\/\"}]}<\/script>\n<!-- \/ Yoast SEO plugin. -->","yoast_head_json":{"title":"Arrow S08E10 -","robots":{"index":"index","follow":"follow","max-snippet":"max-snippet:-1","max-image-preview":"max-image-preview:large","max-video-preview":"max-video-preview:-1"},"canonical":"https:\/\/www.comicbox.com\/index.php\/articles\/arrow-s08e10\/","og_locale":"fr_FR","og_type":"article","og_title":"Arrow S08E10 -","og_description":"Cette semaine marque le dernier \u00e9pisode de Arrow. La s\u00e9rie qui a (re)lanc\u00e9 l&rsquo;univers DC \u00e0 la t\u00e9l\u00e9vision s&rsquo;ach\u00e8ve sur&hellip;","og_url":"https:\/\/www.comicbox.com\/index.php\/articles\/arrow-s08e10\/","article_author":"https:\/\/www.facebook.com\/pierre.bisson?fref=ts","article_published_time":"2020-01-30T14:00:35+00:00","article_modified_time":"2020-01-30T22:20:43+00:00","og_image":[{"width":728,"height":314,"url":"https:\/\/i0.wp.com\/www.comicbox.com\/wp-content\/uploads\/2020\/01\/arrow_finale_frise2.jpg?fit=728%2C314&ssl=1","type":"image\/jpeg"}],"author":"Pierre Bisson","twitter_card":"summary_large_image","twitter_creator":"@https:\/\/twitter.com\/pierobisson","twitter_misc":{"\u00c9crit par":"Pierre Bisson","Dur\u00e9e de lecture estim\u00e9e":"5 minutes"},"schema":{"@context":"https:\/\/schema.org","@graph":[{"@type":"WebPage","@id":"https:\/\/www.comicbox.com\/index.php\/articles\/arrow-s08e10\/","url":"https:\/\/www.comicbox.com\/index.php\/articles\/arrow-s08e10\/","name":"Arrow S08E10 -","isPartOf":{"@id":"https:\/\/www.comicbox.com\/#website"},"primaryImageOfPage":{"@id":"https:\/\/www.comicbox.com\/index.php\/articles\/arrow-s08e10\/#primaryimage"},"image":{"@id":"https:\/\/www.comicbox.com\/index.php\/articles\/arrow-s08e10\/#primaryimage"},"thumbnailUrl":"https:\/\/i0.wp.com\/www.comicbox.com\/wp-content\/uploads\/2020\/01\/arrow_finale_frise2.jpg?fit=728%2C314&ssl=1","datePublished":"2020-01-30T14:00:35+00:00","dateModified":"2020-01-30T22:20:43+00:00","author":{"@id":"https:\/\/www.comicbox.com\/#\/schema\/person\/e90168f9b9b6a5f3c6e25828ca5d1ac2"},"breadcrumb":{"@id":"https:\/\/www.comicbox.com\/index.php\/articles\/arrow-s08e10\/#breadcrumb"},"inLanguage":"fr-FR","potentialAction":[{"@type":"ReadAction","target":["https:\/\/www.comicbox.com\/index.php\/articles\/arrow-s08e10\/"]}]},{"@type":"ImageObject","inLanguage":"fr-FR","@id":"https:\/\/www.comicbox.com\/index.php\/articles\/arrow-s08e10\/#primaryimage","url":"https:\/\/i0.wp.com\/www.comicbox.com\/wp-content\/uploads\/2020\/01\/arrow_finale_frise2.jpg?fit=728%2C314&ssl=1","contentUrl":"https:\/\/i0.wp.com\/www.comicbox.com\/wp-content\/uploads\/2020\/01\/arrow_finale_frise2.jpg?fit=728%2C314&ssl=1","width":728,"height":314},{"@type":"BreadcrumbList","@id":"https:\/\/www.comicbox.com\/index.php\/articles\/arrow-s08e10\/#breadcrumb","itemListElement":[{"@type":"ListItem","position":1,"name":"Accueil","item":"https:\/\/www.comicbox.com\/"},{"@type":"ListItem","position":2,"name":"Arrow S08E10"}]},{"@type":"WebSite","@id":"https:\/\/www.comicbox.com\/#website","url":"https:\/\/www.comicbox.com\/","name":"","description":"le magazine des cultures comics","potentialAction":[{"@type":"SearchAction","target":{"@type":"EntryPoint","urlTemplate":"https:\/\/www.comicbox.com\/?s={search_term_string}"},"query-input":{"@type":"PropertyValueSpecification","valueRequired":true,"valueName":"search_term_string"}}],"inLanguage":"fr-FR"},{"@type":"Person","@id":"https:\/\/www.comicbox.com\/#\/schema\/person\/e90168f9b9b6a5f3c6e25828ca5d1ac2","name":"Pierre Bisson","image":{"@type":"ImageObject","inLanguage":"fr-FR","@id":"https:\/\/www.comicbox.com\/#\/schema\/person\/image\/","url":"https:\/\/secure.gravatar.com\/avatar\/f7fb6fb38f5e6ccf5f1697bc6273d4d5853c08bb716456166ea903f2055c4580?s=96&d=mm&r=g","contentUrl":"https:\/\/secure.gravatar.com\/avatar\/f7fb6fb38f5e6ccf5f1697bc6273d4d5853c08bb716456166ea903f2055c4580?s=96&d=mm&r=g","caption":"Pierre Bisson"},"description":"Pierre Bisson en plus d'\u00eatre l'un des r\u00e9dacteurs du site comicbox.com est aussi traducteur, lettreur et maquettiste.","sameAs":["https:\/\/www.facebook.com\/pierre.bisson?fref=ts","https:\/\/x.com\/https:\/\/twitter.com\/pierobisson"],"url":"https:\/\/www.comicbox.com\/index.php\/author\/piero\/"}]}},"jetpack_publicize_connections":[],"jetpack_featured_media_url":"https:\/\/i0.wp.com\/www.comicbox.com\/wp-content\/uploads\/2020\/01\/arrow_finale_frise2.jpg?fit=728%2C314&ssl=1","jetpack_sharing_enabled":true,"jetpack_shortlink":"https:\/\/wp.me\/pvyAi-kLZ","_links":{"self":[{"href":"https:\/\/www.comicbox.com\/index.php\/wp-json\/wp\/v2\/posts\/79855","targetHints":{"allow":["GET"]}}],"collection":[{"href":"https:\/\/www.comicbox.com\/index.php\/wp-json\/wp\/v2\/posts"}],"about":[{"href":"https:\/\/www.comicbox.com\/index.php\/wp-json\/wp\/v2\/types\/post"}],"author":[{"embeddable":true,"href":"https:\/\/www.comicbox.com\/index.php\/wp-json\/wp\/v2\/users\/2"}],"replies":[{"embeddable":true,"href":"https:\/\/www.comicbox.com\/index.php\/wp-json\/wp\/v2\/comments?post=79855"}],"version-history":[{"count":4,"href":"https:\/\/www.comicbox.com\/index.php\/wp-json\/wp\/v2\/posts\/79855\/revisions"}],"predecessor-version":[{"id":79873,"href":"https:\/\/www.comicbox.com\/index.php\/wp-json\/wp\/v2\/posts\/79855\/revisions\/79873"}],"wp:featuredmedia":[{"embeddable":true,"href":"https:\/\/www.comicbox.com\/index.php\/wp-json\/wp\/v2\/media\/79864"}],"wp:attachment":[{"href":"https:\/\/www.comicbox.com\/index.php\/wp-json\/wp\/v2\/media?parent=79855"}],"wp:term":[{"taxonomy":"category","embeddable":true,"href":"https:\/\/www.comicbox.com\/index.php\/wp-json\/wp\/v2\/categories?post=79855"},{"taxonomy":"post_tag","embeddable":true,"href":"https:\/\/www.comicbox.com\/index.php\/wp-json\/wp\/v2\/tags?post=79855"}],"curies":[{"name":"wp","href":"https:\/\/api.w.org\/{rel}","templated":true}]}}