
{"id":77952,"date":"2019-02-11T10:08:49","date_gmt":"2019-02-11T09:08:49","guid":{"rendered":"http:\/\/www.comicbox.com\/?p=77952"},"modified":"2019-02-11T10:08:49","modified_gmt":"2019-02-11T09:08:49","slug":"walking-dead-s09e09","status":"publish","type":"post","link":"https:\/\/www.comicbox.com\/index.php\/articles\/walking-dead-s09e09\/","title":{"rendered":"Walking Dead S09E09"},"content":{"rendered":"<p style=\"text-align: justify;\">Apr\u00e8s sa pause de mi-saison, Walking Dead reprend son cours en 2019. On avait laiss\u00e9 une partie du casting dans un cimeti\u00e8re, aux prises avec les Chuchoteurs et leur horde. Si les h\u00e9ros ont d\u00e9j\u00e0 pay\u00e9 le prix, ce n&rsquo;est pas la r\u00e9solution du cliffhanger (vite exp\u00e9di\u00e9) qui occupe l&rsquo;\u00e9pisode mais la premi\u00e8re prise de contact r\u00e9elle avec ces gens qui marchent avec les morts. Et puis, aussi, la question de<!--more--> savoir ce que Negan va faire de sa libert\u00e9 toute nouvelle.<\/p>\n<p><img data-recalc-dims=\"1\" loading=\"lazy\" decoding=\"async\" data-attachment-id=\"77953\" data-permalink=\"https:\/\/www.comicbox.com\/index.php\/articles\/walking-dead-s09e09\/attachment\/wd01-3\/\" data-orig-file=\"https:\/\/i0.wp.com\/www.comicbox.com\/wp-content\/uploads\/2019\/02\/WD01.jpg?fit=850%2C502&amp;ssl=1\" data-orig-size=\"850,502\" data-comments-opened=\"1\" data-image-meta=\"{&quot;aperture&quot;:&quot;0&quot;,&quot;credit&quot;:&quot;&quot;,&quot;camera&quot;:&quot;&quot;,&quot;caption&quot;:&quot;&quot;,&quot;created_timestamp&quot;:&quot;0&quot;,&quot;copyright&quot;:&quot;&quot;,&quot;focal_length&quot;:&quot;0&quot;,&quot;iso&quot;:&quot;0&quot;,&quot;shutter_speed&quot;:&quot;0&quot;,&quot;title&quot;:&quot;&quot;,&quot;orientation&quot;:&quot;1&quot;}\" data-image-title=\"Walking Dead S09E09\" data-image-description=\"\" data-image-caption=\"\" data-large-file=\"https:\/\/i0.wp.com\/www.comicbox.com\/wp-content\/uploads\/2019\/02\/WD01.jpg?fit=850%2C502&amp;ssl=1\" class=\"size-full wp-image-77953 aligncenter\" src=\"https:\/\/i0.wp.com\/www.comicbox.com\/wp-content\/uploads\/2019\/02\/WD01.jpg?resize=850%2C502&#038;ssl=1\" alt=\"Walking Dead S09E09\" width=\"850\" height=\"502\" srcset=\"https:\/\/i0.wp.com\/www.comicbox.com\/wp-content\/uploads\/2019\/02\/WD01.jpg?w=850&amp;ssl=1 850w, https:\/\/i0.wp.com\/www.comicbox.com\/wp-content\/uploads\/2019\/02\/WD01.jpg?resize=150%2C89&amp;ssl=1 150w, https:\/\/i0.wp.com\/www.comicbox.com\/wp-content\/uploads\/2019\/02\/WD01.jpg?resize=768%2C454&amp;ssl=1 768w, https:\/\/i0.wp.com\/www.comicbox.com\/wp-content\/uploads\/2019\/02\/WD01.jpg?resize=400%2C236&amp;ssl=1 400w\" sizes=\"auto, (max-width: 850px) 100vw, 850px\" \/><\/p>\n<h2>\u00ab\u00a0Keep moving!\u00a0\u00bb<\/h2>\n<p style=\"text-align: justify;\">C&rsquo;est sans doute un moment important pour la s\u00e9rie TV Walking Dead. Le d\u00e9but de la saison a \u00e9t\u00e9 marqu\u00e9 par la disparition de Rick, l&rsquo;escamotage de Maggie et un saut dans le temps. Si les \u00e9pisodes qui ont imm\u00e9diatement suivi ces bouleversements ont tenu le public en haleine, c&rsquo;est maintenant que l&rsquo;on va voir si les audiences se maintiennent sur le moyen ou long terme, alors que d&rsquo;autres acteurs centraux continuent d&rsquo;annoncer leur d\u00e9part de la s\u00e9rie dans les mois \u00e0 venir (comme, tout derni\u00e8rement, Danai Gurira\/Michonne). La question se pose donc de savoir si le public va accepter les d\u00e9parts et la mont\u00e9e en puissance de figures nouvelles. Est-ce que la greffe de l&rsquo;\u00e8re \u00ab\u00a0Judith Grimes\u00a0\u00bb va prendre ? Il faudra quelques semaines encore avant d&rsquo;en \u00eatre certain mais pour l&rsquo;instant il n&rsquo;en demeure pas moins que cette neuvi\u00e8me saison fait preuve de qualit\u00e9s de r\u00e9alisation et de production qui \u00e9taient absentes au moins les deux derni\u00e8res ann\u00e9es. Il y a un regain dans la qualit\u00e9 d&rsquo;image, une volont\u00e9 d&rsquo;en revenir aux couleurs et d&rsquo;\u00e9pouser r\u00e9ellement le c\u00f4t\u00e9 western post-apocalyptique (ici il suffit d&rsquo;entendre le type de bande-son pour certaines sc\u00e8nes avec Negan). Pour autant ceux qui regardent Walking Dead surtout pour des batailles \u00e9piques rongeront leur frein sur cet \u00e9pisode de red\u00e9marrage. La bataille dans le cimeti\u00e8re est vite exp\u00e9di\u00e9e (essentiellement quelques secondes) et l&rsquo;essentiel de l&rsquo;\u00e9pisode (\u00e0 part une sc\u00e8ne d&#8217;embuscade) voit Michonne et sa clique tenter de ramener la d\u00e9pouille d&rsquo;un ami jusqu&rsquo;\u00e0 la colline. Et tandis qu&rsquo;eux font le chemin dans un sens, un certain Negan semble s&rsquo;\u00e9loigner de la civilisation.<\/p>\n<p><img data-recalc-dims=\"1\" loading=\"lazy\" decoding=\"async\" data-attachment-id=\"77954\" data-permalink=\"https:\/\/www.comicbox.com\/index.php\/articles\/walking-dead-s09e09\/attachment\/wd03-3\/\" data-orig-file=\"https:\/\/i0.wp.com\/www.comicbox.com\/wp-content\/uploads\/2019\/02\/WD03.jpg?fit=850%2C446&amp;ssl=1\" data-orig-size=\"850,446\" data-comments-opened=\"1\" data-image-meta=\"{&quot;aperture&quot;:&quot;0&quot;,&quot;credit&quot;:&quot;&quot;,&quot;camera&quot;:&quot;&quot;,&quot;caption&quot;:&quot;&quot;,&quot;created_timestamp&quot;:&quot;0&quot;,&quot;copyright&quot;:&quot;&quot;,&quot;focal_length&quot;:&quot;0&quot;,&quot;iso&quot;:&quot;0&quot;,&quot;shutter_speed&quot;:&quot;0&quot;,&quot;title&quot;:&quot;&quot;,&quot;orientation&quot;:&quot;1&quot;}\" data-image-title=\"Walking Dead S09E09\" data-image-description=\"\" data-image-caption=\"\" data-large-file=\"https:\/\/i0.wp.com\/www.comicbox.com\/wp-content\/uploads\/2019\/02\/WD03.jpg?fit=850%2C446&amp;ssl=1\" class=\"size-full wp-image-77954 aligncenter\" src=\"https:\/\/i0.wp.com\/www.comicbox.com\/wp-content\/uploads\/2019\/02\/WD03.jpg?resize=850%2C446&#038;ssl=1\" alt=\"Walking Dead S09E09\" width=\"850\" height=\"446\" srcset=\"https:\/\/i0.wp.com\/www.comicbox.com\/wp-content\/uploads\/2019\/02\/WD03.jpg?w=850&amp;ssl=1 850w, https:\/\/i0.wp.com\/www.comicbox.com\/wp-content\/uploads\/2019\/02\/WD03.jpg?resize=150%2C79&amp;ssl=1 150w, https:\/\/i0.wp.com\/www.comicbox.com\/wp-content\/uploads\/2019\/02\/WD03.jpg?resize=768%2C403&amp;ssl=1 768w, https:\/\/i0.wp.com\/www.comicbox.com\/wp-content\/uploads\/2019\/02\/WD03.jpg?resize=400%2C210&amp;ssl=1 400w\" sizes=\"auto, (max-width: 850px) 100vw, 850px\" \/><\/p>\n<h2>\u00ab\u00a0On croyait avoir fait un truc bien.\u00a0\u00bb<\/h2>\n<p style=\"text-align: justify;\">Car oui, l&rsquo;ex-leader des Saviors a quitt\u00e9 sa cellule au terme de la premi\u00e8re moiti\u00e9 de saison, traversant les rues d&rsquo;une Alexandria qui n&rsquo;a pas l&rsquo;air tr\u00e8s pr\u00e9par\u00e9e en termes de garde nocturne (ce qui, \u00e0 la suite des \u00e9v\u00e9nements des saisons pr\u00e9c\u00e9dentes, parait compliqu\u00e9 \u00e0 avaler). Enfin si, Negan a l&rsquo;occasion de croiser une seule personne avant de prendre la poudre d&rsquo;escampette, bien d\u00e9cid\u00e9 \u00e0 reprendre sa place au sein de sa communaut\u00e9 pr\u00e9c\u00e9dente. On l&rsquo;a dit, Walking Dead joue gros avec la disparition, peu \u00e0 peu, de plusieurs visages principaux. Le retour \u00e0 l&rsquo;air libre de Negan, personnage de caract\u00e8re s&rsquo;il en est, apporte un regain d&rsquo;int\u00e9r\u00eat. M\u00eame si c&rsquo;est un Negan marqu\u00e9 par des ann\u00e9es de d\u00e9tention et qu&rsquo;il lui faut r\u00e9apprendre \u00e0 neutraliser du zombie et, plus important, trouver ce qu&rsquo;il veut d\u00e9sormais faire de sa vie. Le d\u00e9bat est interne, tandis que l&rsquo;\u00e9vad\u00e9 traverse certaines sc\u00e8nes qui pourraient presque para\u00eetre bucoliques et en profite m\u00eame pour faire ses courses. Mais le parcours est int\u00e9ressant pour permettre de rendre \u00e0 Negan un degr\u00e9 d&rsquo;impr\u00e9visibilit\u00e9. Comme toujours, l&rsquo;interpr\u00e9tation de Jeffrey Dean Morgan porte vraiment le personnage.<\/p>\n<p><img data-recalc-dims=\"1\" loading=\"lazy\" decoding=\"async\" data-attachment-id=\"77955\" data-permalink=\"https:\/\/www.comicbox.com\/index.php\/articles\/walking-dead-s09e09\/attachment\/wd04\/\" data-orig-file=\"https:\/\/i0.wp.com\/www.comicbox.com\/wp-content\/uploads\/2019\/02\/WD04.jpg?fit=850%2C405&amp;ssl=1\" data-orig-size=\"850,405\" data-comments-opened=\"1\" data-image-meta=\"{&quot;aperture&quot;:&quot;0&quot;,&quot;credit&quot;:&quot;&quot;,&quot;camera&quot;:&quot;&quot;,&quot;caption&quot;:&quot;&quot;,&quot;created_timestamp&quot;:&quot;0&quot;,&quot;copyright&quot;:&quot;&quot;,&quot;focal_length&quot;:&quot;0&quot;,&quot;iso&quot;:&quot;0&quot;,&quot;shutter_speed&quot;:&quot;0&quot;,&quot;title&quot;:&quot;&quot;,&quot;orientation&quot;:&quot;1&quot;}\" data-image-title=\"Walking Dead S09E09\" data-image-description=\"\" data-image-caption=\"\" data-large-file=\"https:\/\/i0.wp.com\/www.comicbox.com\/wp-content\/uploads\/2019\/02\/WD04.jpg?fit=850%2C405&amp;ssl=1\" class=\"size-full wp-image-77955 aligncenter\" src=\"https:\/\/i0.wp.com\/www.comicbox.com\/wp-content\/uploads\/2019\/02\/WD04.jpg?resize=850%2C405&#038;ssl=1\" alt=\"Walking Dead S09E09\" width=\"850\" height=\"405\" srcset=\"https:\/\/i0.wp.com\/www.comicbox.com\/wp-content\/uploads\/2019\/02\/WD04.jpg?w=850&amp;ssl=1 850w, https:\/\/i0.wp.com\/www.comicbox.com\/wp-content\/uploads\/2019\/02\/WD04.jpg?resize=150%2C71&amp;ssl=1 150w, https:\/\/i0.wp.com\/www.comicbox.com\/wp-content\/uploads\/2019\/02\/WD04.jpg?resize=768%2C366&amp;ssl=1 768w, https:\/\/i0.wp.com\/www.comicbox.com\/wp-content\/uploads\/2019\/02\/WD04.jpg?resize=400%2C191&amp;ssl=1 400w\" sizes=\"auto, (max-width: 850px) 100vw, 850px\" \/><\/p>\n<h2>\u00ab\u00a0No more bullshit!\u00a0\u00bb<\/h2>\n<p style=\"text-align: justify;\">Ce qui est parfois d\u00e9stabilisant, c&rsquo;est que Walking Dead n&rsquo;avait pas termin\u00e9 son inventaire des relations des uns et des autres apr\u00e8s le \u00ab\u00a0saut dans le temps\u00a0\u00bb et avant la mi-saison. Si bien que les sc\u00e9naristes continuent \u00e0 nous donner quelques petits \u00ab\u00a0biscuits\u00a0\u00bb de ce c\u00f4t\u00e9-l\u00e0. Parfois, tandis qu&rsquo;on suit ce qui passe \u00e0 la Colline ou \u00e0 Alexandria, les quelques morceaux de phrases pour nous informer qu&rsquo;untel et untel sont d\u00e9sormais un couple (ou qu&rsquo;il y a pu avoir une relation commune pass\u00e9e entre deux autres personnages) viennent un peu comme une complication. On sort de l&rsquo;intrigue principale pour repartir dans ces explications et si, dans l&rsquo;\u00e9pisode pr\u00e9sent, cet effet diversion n&rsquo;op\u00e8re que sur une ou deux sc\u00e8nes, on sent bien qu&rsquo;avec tous les non-dits et les choses \u00e0 peine abord\u00e9es (le sort de Maggie par exemple) quelques \u00e9pisodes de justification ou de flashback restent \u00e0 pr\u00e9voir. Alors que d&rsquo;une certaine mani\u00e8re on est plut\u00f4t curieux d&rsquo;avancer sur les choses nouvelles, tels que les Chuchoteurs. D&rsquo;ailleurs dans cet \u00e9pisode les survivants de la Colline et d&rsquo;Alexandria commencent \u00e0 prendre la mesure de ces attaquants masqu\u00e9s, en constatant ce qu&rsquo;ils peuvent faire ou ne pas faire. Qui plus est, un personnage du camp adverse, connu des fans de comics, commence aussi \u00e0 donner quelques explications, tandis qu&rsquo;on continue de constater \u00e0 quel point Henry est le \u00ab\u00a0nouveau Carl\u00a0\u00bb (comprenez que le fils adoptif de Carol reprend des intrigues associ\u00e9es au Carl adolescent des comics).<\/p>\n<p><img data-recalc-dims=\"1\" loading=\"lazy\" decoding=\"async\" data-attachment-id=\"77956\" data-permalink=\"https:\/\/www.comicbox.com\/index.php\/articles\/walking-dead-s09e09\/attachment\/wd02-4\/\" data-orig-file=\"https:\/\/i0.wp.com\/www.comicbox.com\/wp-content\/uploads\/2019\/02\/WD02.jpg?fit=709%2C411&amp;ssl=1\" data-orig-size=\"709,411\" data-comments-opened=\"1\" data-image-meta=\"{&quot;aperture&quot;:&quot;0&quot;,&quot;credit&quot;:&quot;&quot;,&quot;camera&quot;:&quot;&quot;,&quot;caption&quot;:&quot;&quot;,&quot;created_timestamp&quot;:&quot;0&quot;,&quot;copyright&quot;:&quot;&quot;,&quot;focal_length&quot;:&quot;0&quot;,&quot;iso&quot;:&quot;0&quot;,&quot;shutter_speed&quot;:&quot;0&quot;,&quot;title&quot;:&quot;&quot;,&quot;orientation&quot;:&quot;1&quot;}\" data-image-title=\"Walking Dead S09E09\" data-image-description=\"\" data-image-caption=\"\" data-large-file=\"https:\/\/i0.wp.com\/www.comicbox.com\/wp-content\/uploads\/2019\/02\/WD02.jpg?fit=709%2C411&amp;ssl=1\" class=\"size-full wp-image-77956 aligncenter\" src=\"https:\/\/i0.wp.com\/www.comicbox.com\/wp-content\/uploads\/2019\/02\/WD02.jpg?resize=709%2C411&#038;ssl=1\" alt=\"Walking Dead S09E09\" width=\"709\" height=\"411\" srcset=\"https:\/\/i0.wp.com\/www.comicbox.com\/wp-content\/uploads\/2019\/02\/WD02.jpg?w=709&amp;ssl=1 709w, https:\/\/i0.wp.com\/www.comicbox.com\/wp-content\/uploads\/2019\/02\/WD02.jpg?resize=150%2C87&amp;ssl=1 150w, https:\/\/i0.wp.com\/www.comicbox.com\/wp-content\/uploads\/2019\/02\/WD02.jpg?resize=400%2C232&amp;ssl=1 400w\" sizes=\"auto, (max-width: 709px) 100vw, 709px\" \/><\/p>\n<h2>\u00ab\u00a0I&rsquo;m a kid, asshole!\u00a0\u00bb<\/h2>\n<p style=\"text-align: justify;\">Devenue un personnage \u00e0 part enti\u00e8re alors que pendant huit ans elle a \u00e9t\u00e9 essentiellement un poids mort muet que les adultes se repassaient, Judith Grimes personnifie bien la nouvelle donne de Walking Dead. Sa mani\u00e8re d&rsquo;imiter son p\u00e8re et son fr\u00e8re se conjugue avec un parfum de nouveaut\u00e9 et m\u00eame d&rsquo;innocence : quelqu&rsquo;un qui n&rsquo;a connu que ce monde mais qui, pour autant n&rsquo;est pas blas\u00e9. Elle forme surtout avec un autre personnage de la s\u00e9rie une sorte de tandem \u00e0 l&rsquo;alchimie imm\u00e9diate. Par moment, on se dit qu&rsquo;on pourrait oublier tous les autres et suivre ces deux-l\u00e0, rien qu&rsquo;eux deux, dans une s\u00e9rie \u00e0 part enti\u00e8re tant leurs caract\u00e8res s&rsquo;affrontent et se compl\u00e8tent. On trouve beaucoup de dialogues dans cet \u00e9pisode (Negan en vient m\u00eame \u00e0 se parler \u00e0 voix haute pour lutter contre la solitude). Et certains spectateurs seront dans doute un peu d\u00e9rout\u00e9 par le sort, au premier degr\u00e9, de Negan, se disant que si c&rsquo;\u00e9tait pour faire \u00e7a au final&#8230; Mais au-del\u00e0 des apparences ce neuvi\u00e8me \u00e9pisode pose bien la nouvelle probl\u00e9matique qui va animer (au moins) cette seconde moiti\u00e9 de saison. Une reprise pas forc\u00e9ment spectaculaire (ou moins, en tout cas, que certains \u00e9pisodes vus \u00e0 l&rsquo;automne) mais qui travaille sur les caract\u00e8res et sur une pression sourde.<\/p>\n[Xavier Fournier]\n","protected":false},"excerpt":{"rendered":"<p>Apr\u00e8s sa pause de mi-saison, Walking Dead reprend son cours en 2019. On avait laiss\u00e9 une partie du casting dans&hellip;<\/p>\n","protected":false},"author":4,"featured_media":77957,"comment_status":"open","ping_status":"open","sticky":false,"template":"","format":"standard","meta":{"jetpack_post_was_ever_published":false,"_jetpack_newsletter_access":"","_jetpack_dont_email_post_to_subs":false,"_jetpack_newsletter_tier_id":0,"_jetpack_memberships_contains_paywalled_content":false,"_jetpack_memberships_contains_paid_content":false,"footnotes":"","jetpack_publicize_message":"","jetpack_publicize_feature_enabled":true,"jetpack_social_post_already_shared":true,"jetpack_social_options":{"image_generator_settings":{"template":"highway","default_image_id":0,"font":"","enabled":false},"version":2}},"categories":[3,1727,1,5379],"tags":[3136,5163],"class_list":["post-77952","post","type-post","status-publish","format-standard","has-post-thumbnail","hentry","category-articles","category-diapo","category-news","category-series-tv","tag-amc","tag-walking-dead"],"yoast_head":"<!-- This site is optimized with the Yoast SEO plugin v24.9 - https:\/\/yoast.com\/wordpress\/plugins\/seo\/ -->\n<title>Walking Dead S09E09 -<\/title>\n<meta name=\"robots\" content=\"index, follow, max-snippet:-1, max-image-preview:large, max-video-preview:-1\" \/>\n<link rel=\"canonical\" href=\"http:\/\/www.comicbox.com\/index.php\/articles\/walking-dead-s09e09\/\" \/>\n<meta property=\"og:locale\" content=\"fr_FR\" \/>\n<meta property=\"og:type\" content=\"article\" \/>\n<meta property=\"og:title\" content=\"Walking Dead S09E09 -\" \/>\n<meta property=\"og:description\" content=\"Apr\u00e8s sa pause de mi-saison, Walking Dead reprend son cours en 2019. On avait laiss\u00e9 une partie du casting dans&hellip;\" \/>\n<meta property=\"og:url\" content=\"http:\/\/www.comicbox.com\/index.php\/articles\/walking-dead-s09e09\/\" \/>\n<meta property=\"article:author\" content=\"https:\/\/www.facebook.com\/xfournier3\" \/>\n<meta property=\"article:published_time\" content=\"2019-02-11T09:08:49+00:00\" \/>\n<meta property=\"og:image\" content=\"https:\/\/i0.wp.com\/www.comicbox.com\/wp-content\/uploads\/2019\/02\/Walking.jpg?fit=728%2C304\" \/>\n\t<meta property=\"og:image:width\" content=\"728\" \/>\n\t<meta property=\"og:image:height\" content=\"304\" \/>\n\t<meta property=\"og:image:type\" content=\"image\/jpeg\" \/>\n<meta name=\"author\" content=\"Xavier Fournier\" \/>\n<meta name=\"twitter:card\" content=\"summary_large_image\" \/>\n<meta name=\"twitter:creator\" content=\"@http:\/\/twitter.com\/XFournier\" \/>\n<meta name=\"twitter:label1\" content=\"\u00c9crit par\" \/>\n\t<meta name=\"twitter:data1\" content=\"Xavier Fournier\" \/>\n\t<meta name=\"twitter:label2\" content=\"Dur\u00e9e de lecture estim\u00e9e\" \/>\n\t<meta name=\"twitter:data2\" content=\"5 minutes\" \/>\n<script type=\"application\/ld+json\" class=\"yoast-schema-graph\">{\"@context\":\"https:\/\/schema.org\",\"@graph\":[{\"@type\":\"WebPage\",\"@id\":\"http:\/\/www.comicbox.com\/index.php\/articles\/walking-dead-s09e09\/\",\"url\":\"http:\/\/www.comicbox.com\/index.php\/articles\/walking-dead-s09e09\/\",\"name\":\"Walking Dead S09E09 -\",\"isPartOf\":{\"@id\":\"https:\/\/www.comicbox.com\/#website\"},\"primaryImageOfPage\":{\"@id\":\"http:\/\/www.comicbox.com\/index.php\/articles\/walking-dead-s09e09\/#primaryimage\"},\"image\":{\"@id\":\"http:\/\/www.comicbox.com\/index.php\/articles\/walking-dead-s09e09\/#primaryimage\"},\"thumbnailUrl\":\"https:\/\/i0.wp.com\/www.comicbox.com\/wp-content\/uploads\/2019\/02\/Walking.jpg?fit=728%2C304&ssl=1\",\"datePublished\":\"2019-02-11T09:08:49+00:00\",\"author\":{\"@id\":\"https:\/\/www.comicbox.com\/#\/schema\/person\/a23da2abbe16b92903f78951801d787e\"},\"breadcrumb\":{\"@id\":\"http:\/\/www.comicbox.com\/index.php\/articles\/walking-dead-s09e09\/#breadcrumb\"},\"inLanguage\":\"fr-FR\",\"potentialAction\":[{\"@type\":\"ReadAction\",\"target\":[\"http:\/\/www.comicbox.com\/index.php\/articles\/walking-dead-s09e09\/\"]}]},{\"@type\":\"ImageObject\",\"inLanguage\":\"fr-FR\",\"@id\":\"http:\/\/www.comicbox.com\/index.php\/articles\/walking-dead-s09e09\/#primaryimage\",\"url\":\"https:\/\/i0.wp.com\/www.comicbox.com\/wp-content\/uploads\/2019\/02\/Walking.jpg?fit=728%2C304&ssl=1\",\"contentUrl\":\"https:\/\/i0.wp.com\/www.comicbox.com\/wp-content\/uploads\/2019\/02\/Walking.jpg?fit=728%2C304&ssl=1\",\"width\":728,\"height\":304,\"caption\":\"Walking Dead S09E09\"},{\"@type\":\"BreadcrumbList\",\"@id\":\"http:\/\/www.comicbox.com\/index.php\/articles\/walking-dead-s09e09\/#breadcrumb\",\"itemListElement\":[{\"@type\":\"ListItem\",\"position\":1,\"name\":\"Accueil\",\"item\":\"https:\/\/www.comicbox.com\/\"},{\"@type\":\"ListItem\",\"position\":2,\"name\":\"Walking Dead S09E09\"}]},{\"@type\":\"WebSite\",\"@id\":\"https:\/\/www.comicbox.com\/#website\",\"url\":\"https:\/\/www.comicbox.com\/\",\"name\":\"\",\"description\":\"le magazine des cultures comics\",\"potentialAction\":[{\"@type\":\"SearchAction\",\"target\":{\"@type\":\"EntryPoint\",\"urlTemplate\":\"https:\/\/www.comicbox.com\/?s={search_term_string}\"},\"query-input\":{\"@type\":\"PropertyValueSpecification\",\"valueRequired\":true,\"valueName\":\"search_term_string\"}}],\"inLanguage\":\"fr-FR\"},{\"@type\":\"Person\",\"@id\":\"https:\/\/www.comicbox.com\/#\/schema\/person\/a23da2abbe16b92903f78951801d787e\",\"name\":\"Xavier Fournier\",\"image\":{\"@type\":\"ImageObject\",\"inLanguage\":\"fr-FR\",\"@id\":\"https:\/\/www.comicbox.com\/#\/schema\/person\/image\/\",\"url\":\"https:\/\/secure.gravatar.com\/avatar\/751f9d4e8b880838995887af46327753834e23c52952c4f3982a44b8b5e41cba?s=96&d=mm&r=g\",\"contentUrl\":\"https:\/\/secure.gravatar.com\/avatar\/751f9d4e8b880838995887af46327753834e23c52952c4f3982a44b8b5e41cba?s=96&d=mm&r=g\",\"caption\":\"Xavier Fournier\"},\"description\":\"Xavier Fournier est l'un des r\u00e9dacteurs du site comicbox.com, il est aussi l'auteur de diff\u00e9rents livres comme Super-H\u00e9ros - Une Histoire Fran\u00e7aise, Super-H\u00e9ros Fran\u00e7ais - Une Anthologie et Super-H\u00e9ros, l'Envers du Costume et enfin Comics En Guerre.\",\"sameAs\":[\"http:\/\/www.xavierfournier.com\",\"https:\/\/www.facebook.com\/xfournier3\",\"https:\/\/fr.linkedin.com\/in\/xavier-fournier-8365a970\",\"https:\/\/x.com\/http:\/\/twitter.com\/XFournier\"],\"url\":\"https:\/\/www.comicbox.com\/index.php\/author\/xfournier\/\"}]}<\/script>\n<!-- \/ Yoast SEO plugin. -->","yoast_head_json":{"title":"Walking Dead S09E09 -","robots":{"index":"index","follow":"follow","max-snippet":"max-snippet:-1","max-image-preview":"max-image-preview:large","max-video-preview":"max-video-preview:-1"},"canonical":"http:\/\/www.comicbox.com\/index.php\/articles\/walking-dead-s09e09\/","og_locale":"fr_FR","og_type":"article","og_title":"Walking Dead S09E09 -","og_description":"Apr\u00e8s sa pause de mi-saison, Walking Dead reprend son cours en 2019. On avait laiss\u00e9 une partie du casting dans&hellip;","og_url":"http:\/\/www.comicbox.com\/index.php\/articles\/walking-dead-s09e09\/","article_author":"https:\/\/www.facebook.com\/xfournier3","article_published_time":"2019-02-11T09:08:49+00:00","og_image":[{"width":728,"height":304,"url":"https:\/\/i0.wp.com\/www.comicbox.com\/wp-content\/uploads\/2019\/02\/Walking.jpg?fit=728%2C304","type":"image\/jpeg"}],"author":"Xavier Fournier","twitter_card":"summary_large_image","twitter_creator":"@http:\/\/twitter.com\/XFournier","twitter_misc":{"\u00c9crit par":"Xavier Fournier","Dur\u00e9e de lecture estim\u00e9e":"5 minutes"},"schema":{"@context":"https:\/\/schema.org","@graph":[{"@type":"WebPage","@id":"http:\/\/www.comicbox.com\/index.php\/articles\/walking-dead-s09e09\/","url":"http:\/\/www.comicbox.com\/index.php\/articles\/walking-dead-s09e09\/","name":"Walking Dead S09E09 -","isPartOf":{"@id":"https:\/\/www.comicbox.com\/#website"},"primaryImageOfPage":{"@id":"http:\/\/www.comicbox.com\/index.php\/articles\/walking-dead-s09e09\/#primaryimage"},"image":{"@id":"http:\/\/www.comicbox.com\/index.php\/articles\/walking-dead-s09e09\/#primaryimage"},"thumbnailUrl":"https:\/\/i0.wp.com\/www.comicbox.com\/wp-content\/uploads\/2019\/02\/Walking.jpg?fit=728%2C304&ssl=1","datePublished":"2019-02-11T09:08:49+00:00","author":{"@id":"https:\/\/www.comicbox.com\/#\/schema\/person\/a23da2abbe16b92903f78951801d787e"},"breadcrumb":{"@id":"http:\/\/www.comicbox.com\/index.php\/articles\/walking-dead-s09e09\/#breadcrumb"},"inLanguage":"fr-FR","potentialAction":[{"@type":"ReadAction","target":["http:\/\/www.comicbox.com\/index.php\/articles\/walking-dead-s09e09\/"]}]},{"@type":"ImageObject","inLanguage":"fr-FR","@id":"http:\/\/www.comicbox.com\/index.php\/articles\/walking-dead-s09e09\/#primaryimage","url":"https:\/\/i0.wp.com\/www.comicbox.com\/wp-content\/uploads\/2019\/02\/Walking.jpg?fit=728%2C304&ssl=1","contentUrl":"https:\/\/i0.wp.com\/www.comicbox.com\/wp-content\/uploads\/2019\/02\/Walking.jpg?fit=728%2C304&ssl=1","width":728,"height":304,"caption":"Walking Dead S09E09"},{"@type":"BreadcrumbList","@id":"http:\/\/www.comicbox.com\/index.php\/articles\/walking-dead-s09e09\/#breadcrumb","itemListElement":[{"@type":"ListItem","position":1,"name":"Accueil","item":"https:\/\/www.comicbox.com\/"},{"@type":"ListItem","position":2,"name":"Walking Dead S09E09"}]},{"@type":"WebSite","@id":"https:\/\/www.comicbox.com\/#website","url":"https:\/\/www.comicbox.com\/","name":"","description":"le magazine des cultures comics","potentialAction":[{"@type":"SearchAction","target":{"@type":"EntryPoint","urlTemplate":"https:\/\/www.comicbox.com\/?s={search_term_string}"},"query-input":{"@type":"PropertyValueSpecification","valueRequired":true,"valueName":"search_term_string"}}],"inLanguage":"fr-FR"},{"@type":"Person","@id":"https:\/\/www.comicbox.com\/#\/schema\/person\/a23da2abbe16b92903f78951801d787e","name":"Xavier Fournier","image":{"@type":"ImageObject","inLanguage":"fr-FR","@id":"https:\/\/www.comicbox.com\/#\/schema\/person\/image\/","url":"https:\/\/secure.gravatar.com\/avatar\/751f9d4e8b880838995887af46327753834e23c52952c4f3982a44b8b5e41cba?s=96&d=mm&r=g","contentUrl":"https:\/\/secure.gravatar.com\/avatar\/751f9d4e8b880838995887af46327753834e23c52952c4f3982a44b8b5e41cba?s=96&d=mm&r=g","caption":"Xavier Fournier"},"description":"Xavier Fournier est l'un des r\u00e9dacteurs du site comicbox.com, il est aussi l'auteur de diff\u00e9rents livres comme Super-H\u00e9ros - Une Histoire Fran\u00e7aise, Super-H\u00e9ros Fran\u00e7ais - Une Anthologie et Super-H\u00e9ros, l'Envers du Costume et enfin Comics En Guerre.","sameAs":["http:\/\/www.xavierfournier.com","https:\/\/www.facebook.com\/xfournier3","https:\/\/fr.linkedin.com\/in\/xavier-fournier-8365a970","https:\/\/x.com\/http:\/\/twitter.com\/XFournier"],"url":"https:\/\/www.comicbox.com\/index.php\/author\/xfournier\/"}]}},"jetpack_publicize_connections":[],"jetpack_featured_media_url":"https:\/\/i0.wp.com\/www.comicbox.com\/wp-content\/uploads\/2019\/02\/Walking.jpg?fit=728%2C304&ssl=1","jetpack_sharing_enabled":true,"jetpack_shortlink":"https:\/\/wp.me\/pvyAi-khi","_links":{"self":[{"href":"https:\/\/www.comicbox.com\/index.php\/wp-json\/wp\/v2\/posts\/77952","targetHints":{"allow":["GET"]}}],"collection":[{"href":"https:\/\/www.comicbox.com\/index.php\/wp-json\/wp\/v2\/posts"}],"about":[{"href":"https:\/\/www.comicbox.com\/index.php\/wp-json\/wp\/v2\/types\/post"}],"author":[{"embeddable":true,"href":"https:\/\/www.comicbox.com\/index.php\/wp-json\/wp\/v2\/users\/4"}],"replies":[{"embeddable":true,"href":"https:\/\/www.comicbox.com\/index.php\/wp-json\/wp\/v2\/comments?post=77952"}],"version-history":[{"count":2,"href":"https:\/\/www.comicbox.com\/index.php\/wp-json\/wp\/v2\/posts\/77952\/revisions"}],"predecessor-version":[{"id":77959,"href":"https:\/\/www.comicbox.com\/index.php\/wp-json\/wp\/v2\/posts\/77952\/revisions\/77959"}],"wp:featuredmedia":[{"embeddable":true,"href":"https:\/\/www.comicbox.com\/index.php\/wp-json\/wp\/v2\/media\/77957"}],"wp:attachment":[{"href":"https:\/\/www.comicbox.com\/index.php\/wp-json\/wp\/v2\/media?parent=77952"}],"wp:term":[{"taxonomy":"category","embeddable":true,"href":"https:\/\/www.comicbox.com\/index.php\/wp-json\/wp\/v2\/categories?post=77952"},{"taxonomy":"post_tag","embeddable":true,"href":"https:\/\/www.comicbox.com\/index.php\/wp-json\/wp\/v2\/tags?post=77952"}],"curies":[{"name":"wp","href":"https:\/\/api.w.org\/{rel}","templated":true}]}}