
{"id":77,"date":"2004-04-28T07:43:26","date_gmt":"2004-04-28T05:43:26","guid":{"rendered":"http:\/\/www.comicbox.com\/?p=77"},"modified":"2007-08-28T08:00:22","modified_gmt":"2007-08-28T06:00:22","slug":"interview-stephane-louis-agent-double","status":"publish","type":"post","link":"https:\/\/www.comicbox.com\/index.php\/articles\/interview-stephane-louis-agent-double\/","title":{"rendered":"Interview: St\u00e9phane Louis, agent double ?"},"content":{"rendered":"<p><a href=\"https:\/\/i0.wp.com\/www.comicbox.com\/wp-content\/uploads\/2007\/08\/steph-louis-01.jpg\" title=\"steph-louis-01.jpg\"><img data-recalc-dims=\"1\" decoding=\"async\" align=\"left\" src=\"https:\/\/i0.wp.com\/www.comicbox.com\/wp-content\/uploads\/2007\/08\/steph-louis-01.thumbnail.jpg?w=1140\" hspace=\"3\" alt=\"steph-louis-01.jpg\" title=\"steph-louis-01.jpg\" \/><\/a><strong>Le dessinateur St\u00e9phane Louis est un \u00a0\u00bb ami de la famille \u00ab\u00a0, avouons-le. Lui commen\u00e7ait \u00e0 faire ses premi\u00e8res d\u00e9dicaces alors que l\u2019\u00e9quipe de Comic Box vendait ses premiers num\u00e9ros. Nous sommes un peu \u00a0\u00bb conscrits \u00ab\u00a0, arriv\u00e9s dans le m\u00eame moment et avons m\u00eame collabor\u00e9 \u00e0 l\u2019occasion (nos fid\u00e8les lecteurs se souviendront de certains Chocs des Titans qu\u2019il avait illustr\u00e9 en d\u2019autres temps). Aujourd\u2019hui, voici que sa carri\u00e8re prend un nouveau tournant, \u00e0 la fois sur le plan des albums \u00a0\u00bb \u00e0 l\u2019europ\u00e9enne \u00a0\u00bb (\u00ab\u00a0Tessa\u00a0\u00bb) mais aussi du c\u00f4t\u00e9 de quelques aventures am\u00e9ricaines (\u00ab\u00a0Darkness\u00a0\u00bb)\u2026 Rencontre avec un fran\u00e7ais qui joue sur les deux tableaux.<\/strong><!--more--><\/p>\n<p><img data-recalc-dims=\"1\" decoding=\"async\" align=\"right\" src=\"https:\/\/i0.wp.com\/www.comicbox.com\/wp-content\/uploads\/2007\/08\/steph-louis-02.jpg?w=1140\" hspace=\"3\" alt=\"steph-louis-02.jpg\" title=\"steph-louis-02.jpg\" \/>St\u00e9phane Louis (mais appelez-le \u00a0\u00bb Louis \u00ab\u00a0, il pr\u00e9f\u00e8re) ne manque pas d\u2019occupations en ce moment. Entre son premier album, \u00ab\u00a0Tessa agent intergalactique\u00a0\u00bb, qui sort en juin (2004) chez Soleil et 14 pages d\u2019une histoire de Darkness qu\u2019il ach\u00e8ve de dessiner, avant de passer, d\u00e9j\u00e0, au tome de 2 de Tessa, ce jeune auteur est presque devenu un ermite encha\u00een\u00e9 \u00e0 sa planche \u00e0 dessin. Arriv\u00e9 \u00e0 l\u2019\u00e2ge du Christ (33 ans pile poil cette semaine ma bonne dame), nous avons r\u00e9ussi \u00e0 attirer l\u2019artiste en lui promettant de ne l\u2019\u00e9loigner de ses dessins que quelques minutes, le temps du verre de l\u2019amiti\u00e9. Ensuite ? Et bien lui \u00e9tait tout seul alors que nous \u00e9tions deux, ne restait plus qu\u2019\u00e0 le s\u00e9questrer un long moment tant qu\u2019il n\u2019aurait pas r\u00e9pondu \u00e0 toutes nos questions\u2026<\/p>\n<p><strong>CB : Bon, \u00e9liminons d\u2019embl\u00e9e la question in\u00e9vitable. Quand as tu commenc\u00e9 \u00e0 dessiner ?<\/strong><\/p>\n<p>St\u00e9phane Louis : Depuis que j\u2019ai su tenir un crayon je suppose. Je me souviens que le premier dessin qui m\u2019ait valu une bonne note, \u00e0 l\u2019\u00e9cole primaire, repr\u00e9sentait un petit chamois\u2026<\/p>\n<p><strong>CB : OK mais tous les enfants qui tiennent un crayon en primaire ne finissent pas dessinateurs. Non, quand as-tu r\u00e9ellement d\u00e9cid\u00e9 que tu voulais devenir dessinateur ?<\/strong><\/p>\n<p>SL : Cette id\u00e9e, de faire de la BD, est arriv\u00e9e tr\u00e8s vite. Depuis que j\u2019\u00e9tais gosse en fait. Par contre j\u2019ai vite d\u00e9cid\u00e9 que je ne voulais pas passer par une \u00e9cole d\u2019art. En passant par ce genre d\u2019\u00e9tablissement, j\u2019\u00e9tais convaincu qu\u2019on me d\u00e9go\u00fbterait, qu\u2019on me dirait que la BD n\u2019\u00e9tait pas la voie, que c\u2019\u00e9tait pas s\u00e9rieux. Et puis il y a avait aussi une pointe d\u2019orgueil de ma part : je m\u2019\u00e9tais dis que je mettrais peut-\u00eatre plus de temps que les autres mais que j\u2019y arriverais par mes propres moyens. Et puis comme \u00e7a le jour o\u00f9 j\u2019y arriverais, je pourrais dire que j\u2019y serais arriv\u00e9 tout seul. Bon, maintenant, avec le recul, je me rends compte aussi que ma crainte des \u00e9coles \u00e9tait aussi li\u00e9e \u00e0 la peur de me planter, de me confronter \u00e0 des mecs plus dou\u00e9s\u2026<\/p>\n<p><strong><img data-recalc-dims=\"1\" decoding=\"async\" align=\"left\" src=\"https:\/\/i0.wp.com\/www.comicbox.com\/wp-content\/uploads\/2007\/08\/steph-louis-03.jpg?w=1140\" hspace=\"3\" alt=\"steph-louis-03.jpg\" title=\"steph-louis-03.jpg\" \/>CB : Quelles sont tes artistes de pr\u00e9dilection ?<\/strong><\/p>\n<p>SL : Mes influences premi\u00e8res, quand j\u2019\u00e9tais gosse, c\u2019\u00e9tait plut\u00f4t Pif, Franquin, Spirou &amp; Fantasio\u2026 Les gros nez, quoi, l\u2019\u00e9cole de Marcinelle. Ensuite, mon fr\u00e8re, qui a dix ans de plus que moi, lisait des comics et a commenc\u00e9 \u00e0 m\u2019en passer. Je devais avoir six ou sept ans. Et comme il achetait quasiment tout, je lisais quasiment tout. C\u2019\u00e9tait l\u2019\u00e9poque d\u2019Ar\u00e9dit-Artima et de\u2026 comment c\u2019\u00e9tait d\u00e9j\u00e0 ceux qui \u00e9ditaient Batman avec des pages en noir et blanc ?<\/p>\n<p><strong>CB : Sag\u00e9dition\u2026<\/strong><\/p>\n<p>SL : Mais au niveau comics la plus grosse claque que je me soit pris, c\u2019est le duo John Byrne\/Terry Austin (NDLR : entre autres sur les Uncanny X-Men de l\u2019\u00e9poque, en France dans Sp\u00e9cial Strange). Il y avait tout l\u00e0 dedans, non seulement en mati\u00e8re d\u2019anatomie mais de position des personnages. J\u2019insiste vraiment sur le duo Byrne\/Austin parce que Byrne tout seul j\u2019aime moins. Ensuite, apr\u00e8s cette p\u00e9riode \u00ab\u00a0comics\u00a0\u00bb, je suis revenu du c\u00f4t\u00e9 europ\u00e9en par l\u2019entremise d\u2019albums comme Aquablue. C\u2019\u00e9tait l\u2019\u00e9poque o\u00f9 Delcourt commen\u00e7ait\u2026 J\u2019ai aussi eu, un peu apr\u00e8s \u00e7a, une derni\u00e8re phase, qui \u00e9tait Manga celle-l\u00e0. Quand j\u2019ai ouvert le premier \u00e9pisode d\u2019Akira j\u2019ai tout de suite vu o\u00f9 des gens comme Vatine avaient \u00e9t\u00e9 chercher leur expression des mouvements. Ah, tiens, si on parle de mes inspirations, il faut aussi rajouter Maester et sa S\u0153ur Marie-Th\u00e9r\u00e8se (dans Fluide Glacial).<\/p>\n<p><strong><img data-recalc-dims=\"1\" decoding=\"async\" align=\"right\" src=\"https:\/\/i0.wp.com\/www.comicbox.com\/wp-content\/uploads\/2007\/08\/steph-louis-04.jpg?w=1140\" hspace=\"3\" alt=\"steph-louis-04.jpg\" title=\"steph-louis-04.jpg\" \/>CB : Pour avoir crois\u00e9 un certain nombre de candidats auteurs en conventions, on a la sensation qu\u2019un crit\u00e8re d\u2019\u00e9limination, c\u2019est que certains ont de l\u2019ambition mais peinent \u00e0 l\u00e2cher leur job \u00a0\u00bb alimentaire \u00a0\u00bb pour se consacrer \u00e0 leurs premiers projets de BD. Or, dans ton cas, cette id\u00e9e de te former tout seul a fait que tu as du te trouver toute une strat\u00e9gie pour rentrer dans le milieu de la BD. Tu peux d\u00e9tailler, peut-\u00eatre, histoire que les aspirants-dessinateurs puissent s\u2019inspirer de ta mani\u00e8re de \u00a0\u00bb percer \u00a0\u00bb ?<\/strong><\/p>\n<p>SL : OK. Sachant, donc, que je ne voulais pas passer par les \u00e9coles, j\u2019ai vite compris qu\u2019il me fallait entreprendre des \u00e9tudes qui me permettraient de manger dans les premi\u00e8res ann\u00e9es. J\u2019ai donc pris des cours techniques et je me suis retrouv\u00e9 prof d\u2019\u00e9lectrotechnique pendant huit ans. Tout en gardant en t\u00eate que ce n\u2019\u00e9tait pas mon but final.<\/p>\n<p>A c\u00f4t\u00e9 de \u00e7a, et parce que je ne connaissais encore personne, j\u2019ai commenc\u00e9 \u00e0 faire circuler un book plein d\u2019illustrations. Mais \u00e7a n\u2019a pas march\u00e9. En fait m\u00eame je n\u2019arrivais jamais \u00e0 l\u2019\u00e9tape o\u00f9 je pouvais ouvrir ce book. Les gens n\u2019\u00e9taient pas int\u00e9ress\u00e9s. Alors je me suis tourn\u00e9 vers la voie des fanzines (en particulier ceux traitant de jeux de r\u00f4les, comme Le Grimoire) puis de Manga. Avec eux j\u2019ai commenc\u00e9 \u00e0 aller dans des salons. Puis des \u00a0\u00bb prozines \u00a0\u00bb se sont int\u00e9ress\u00e9s \u00e0 moi et ensuite les premiers magazines ont suivis. Ce qui doit nous amener aux alentours de 1996.<\/p>\n<p>Avec les premiers contrats, j\u2019ai enfin pu d\u00e9poser un num\u00e9ro de micro-soci\u00e9t\u00e9, pour \u00eatre dessinateur freelance (par exemple en casant des dessins pour la pub). Tout \u00e7a en \u00e9tant toujours tout seul (et prof). Je ne connaissais pas d\u2019autres dessinateurs. Graduellement j\u2019ai trouv\u00e9 plus de contrats et j\u2019ai pu enfin me lancer dedans \u00e0 plein temps en 2000, quand j\u2019ai d\u00e9missionn\u00e9 de l\u2019enseignement, sans regret.<\/p>\n<p><strong><img data-recalc-dims=\"1\" decoding=\"async\" align=\"left\" src=\"https:\/\/i0.wp.com\/www.comicbox.com\/wp-content\/uploads\/2007\/08\/steph-louis-05.jpg?w=1140\" hspace=\"3\" alt=\"steph-louis-05.jpg\" title=\"steph-louis-05.jpg\" \/>CB : Tu peux nous expliquer tes premi\u00e8res p\u00e9rip\u00e9ties dans le monde des comics ?<\/strong><\/p>\n<p>SL : En fait tout d\u00e9coule d\u2019une \u00e9dition du festival de la BD d\u2019Angoul\u00e8me o\u00f9 je me partageais entre deux stands. Et ben\u2026 chez vous, le stand de Comic Box, mais aussi l\u2019autre magazine auquel je collabore, Dixi\u00e8me Plan\u00e8te. Ca m\u2019a permit d\u2019\u00eatre pr\u00e9sent \u00e0 Angoul\u00e8me cette ann\u00e9e l\u00e0 et de rencontrer Tony Larivi\u00e8re, qui \u00e9dite le fanzine belge l\u2019In\u00e9dit. Il m\u2019a du coup invit\u00e9 \u00e0 participer \u00e0 son festival, en Belgique et m\u2019a rappel\u00e9 plus tard en me demandant si, niveau transport, \u00e7a g\u00eanait de faire le trajet avec l\u2019\u00e9quipe Semic. C\u2019est l\u00e0 que le contact s\u2019est fait avec Thierry Mornet, le responsable de Semic, qui a appr\u00e9ci\u00e9 ce que je faisais. Il m\u2019a alors propos\u00e9 d\u2019illustrer une histoire en dix planches de Ph\u00e9nix, un des personnages du \u00a0\u00bb semicverse \u00ab\u00a0. OK. Pas de probl\u00e8me. Au d\u00e9but \u00e7a devait passer en petit format, en noir et blanc. Seulement, alors que j\u2019\u00e9tais d\u00e9j\u00e0 lanc\u00e9 \u00e0 la dessiner, Thierry me rappelle pour me dire que finalement \u00e7a va para\u00eetre en format couleur\u2026 et en grand format, dans Strangers. Je ne suis pas super fier de cette histoire. C\u2019est m\u00eame une casserole que je me tra\u00eene et que les habitu\u00e9s de mon forum n\u2019h\u00e9sitent pas \u00e0 me rappeler. C\u2019est aussi la premi\u00e8re colorisation de Seb Lamirand\u2026 Tiens au passage, Seb Lamirand c\u2019est aussi mon coloriste pour Tessa. Il travaille \u00e9galement pour les comics US. Chez Image il a coloris\u00e9 Venture et Noble Causes\u2026<\/p>\n<p>Enfin bon je ne renie rien. Je parle de \u00ab\u00a0casserole\u00a0\u00bb mais je le dis gentiment parce que certains ont bien aim\u00e9s. Disons juste que si deux ans plus tard je continuais de faire la m\u00eame chose, je me poserais vraiment des questions. Tout ce qu\u2019il ne faut pas faire, j\u2019ai trouv\u00e9 le moyen de le faire sur Ph\u00e9nix. Disons que d\u2019une certaine mani\u00e8re \u00e7a a \u00e9t\u00e9 tr\u00e8s formateur\u2026<\/p>\n<p><strong>CB : Ton arriv\u00e9e dans la BD plus europ\u00e9enne s\u2019est faite quand ?<\/strong><\/p>\n<p>SL : Mon premier projet de BD en tant que telle date d\u2019un peu plus de deux ans et demi. J\u2019ai alors boss\u00e9 sur un concept avec Corteggiani. Mais en me mettant \u00e0 bosser avec lui, presque naturellement et sans y faire attention, je me suis mis \u00e0 me rapprocher d\u2019un style plus r\u00e9aliste. Plus proche de ce qu\u2019il avait publi\u00e9 jusque-l\u00e0 mais un peu \u00e9loign\u00e9 de mon propre style. Le projet ne s\u2019est pas fait, mais \u00e7a m\u2019a permis de rencontrer Jean Wacquet, de Soleil. A l\u2019\u00e9poque j\u2019avais d\u00e9j\u00e0 commenc\u00e9 \u00e0 faire quelques pin-ups genre Vampirella pour Semic. Jean est tomb\u00e9 dessus en feuilletant mes dessins et l\u00e0, \u00e7a a vraiment coll\u00e9. Finalement des choses comme les pin-ups que j\u2019ai pu faire pour Semic ou m\u00eame les Chocs des Titans que j\u2019ai pu faire pour Comic Box m\u2019ont permis \u00e0 m\u2019auto-former\u2026 Quoi qu\u2019il en soit, ce style (qui \u00e9tait plus \u00a0\u00bb moi \u00ab\u00a0) int\u00e9ressait Soleil. On a alors remis le couvert avec Corteggiani autour d\u2019un deuxi\u00e8me projet qui lui non plus ne s\u2019est pas finalis\u00e9. Il a \u00e9t\u00e9 stopp\u00e9 net alors que j\u2019\u00e9tais en train de dessiner la treizi\u00e8me page. Mais c\u2019\u00e9tait pour pouvoir me consacrer \u00e0 Tessa (avec Nicolas Mitric au sc\u00e9nario), qui est donc l\u2019album que je viens de terminer et qui sortira d\u2019ici quelques semaines.<\/p>\n<p><strong>CB : Combien de temps entre la signature du contrat et la finalisation ?<\/strong><\/p>\n<p>SL : Et bien j\u2019ai sign\u00e9 en Juin 2003. L\u2019album para\u00eetra un an apr\u00e8s \u00e7a.<\/p>\n<p><strong>CB : Tessa est con\u00e7ue comme une saga \u00e0 \u00e9pisodes. A raison d\u2019une telle cadence \u00a0\u00bb europ\u00e9enne \u00ab\u00a0, m\u00eame si la saga ne durait que quelques \u00a0\u00bb \u00e9pisodes \u00ab\u00a0, cela impliquerait plusieurs ann\u00e9es de ta vie. Dans ces conditions tu as int\u00e9r\u00eat \u00e0 bien aimer ton personnage\u2026<\/strong><\/p>\n<p>SL : Tout d\u00e9pendra, bien s\u00fbr, de savoir si le premier tome de Tessa marche ou pas. Mais on sait o\u00f9 on va. C\u2019est effectivement une h\u00e9ro\u00efne r\u00e9currente. On fonctionne selon l\u2019id\u00e9e de \u00ab\u00a0saisons\u00a0\u00bb, semblables \u00e0 celles qui d\u00e9coupent les diff\u00e9rentes p\u00e9riodes d\u2019une s\u00e9rie TV. Chaque \u00ab\u00a0saison\u00a0\u00bb formerait un groupe de huit albums. Dans le premier Tessa, on lance des pistes qu\u2019on compte exploiter au long de la premi\u00e8re saison. A priori (et si tout va pour le mieux, que la s\u00e9rie plait), \u00e0 mon rythme actuel, je pense qu\u2019on pourrait viser \u00e0 finir la saison 1 de Tessa en 4 ou 5 ans.<\/p>\n<p><strong>CB : 4 ou 5 ans consacr\u00e9s \u00e0 Tessa, cela ne va pas te laisser de place pour d\u2019autres projets.<\/strong><\/p>\n<p>SL : Si, justement. Mon rythme de travail sur un album, maintenant que la s\u00e9rie est lanc\u00e9e, devrait se fixer aux alentours de six mois. Entre deux tomes \u00e7a me laisserait la place et le temps pour mener des projets courts, et sans doute ax\u00e9s comics, puisque je vise \u00e7a aussi. D\u2019ailleurs c\u2019est comme \u00e7a que \u00e7a c\u2019est pass\u00e9 pour mon histoire de Darkness. Je le fais avant d\u2019attaquer le deuxi\u00e8me tome de Tessa.<\/p>\n<p><strong><\/p>\n<p style=\"text-align: center\"><img data-recalc-dims=\"1\" decoding=\"async\" src=\"https:\/\/i0.wp.com\/www.comicbox.com\/wp-content\/uploads\/2007\/08\/steph-louis-07.jpg?w=1140\" hspace=\"3\" alt=\"steph-louis-07.jpg\" title=\"steph-louis-07.jpg\" \/><\/p>\n<p>CB : A propos, parlons-en de Darkness. Comment cela s\u2019est il produit ?<\/p>\n<p><\/strong>SL : Et bien apr\u00e8s cette \u00ab\u00a0fameuse\u00a0\u00bb histoire de Ph\u00e9nix, j\u2019ai continu\u00e9 \u00e0 faire quelques pin-ups pour Semic. Disons pour me rattraper apr\u00e8s Ph\u00e9nix. C\u2019est comme \u00e7a que j\u2019en suis venu \u00e0 dessiner la variant cover de l\u2019\u00e9dition am\u00e9ricaine de Strangers #6 (Les Strangers, reprenant plusieurs personnages du Semicverse, ont \u00e9t\u00e9 traduits aux USA par Image Comics). Enfin, \u00e0 la base, en France, c\u2019est une image qui servait pour la promo de la s\u00e9rie et qui est pass\u00e9e au rang de couverture de l\u2019autre c\u00f4t\u00e9 de l\u2019Atlantique. Ca a \u00e9t\u00e9 ma premi\u00e8re parution am\u00e9ricaine.<\/p>\n<p>Je suis retourn\u00e9 bosser sur mon album de Tessa mais c\u2019\u00e9tait un peu au moment o\u00f9 per\u00e7aient des projets comme Spawn Simonie ou le crossover Witchblade\/Ph\u00e9nix. Thierry (Mornet) m\u2019a demand\u00e9 un jour si \u00e7a m\u2019int\u00e9ressait de dessiner une couverture pour le num\u00e9ro de Darkness qui allait para\u00eetre en France, et qui partait \u00e0 la validation chez Top Cow. Et du coup, Thierry a encha\u00een\u00e9 en me demandant si entre deux albums de Tessa je n\u2019avais pas le temps de carr\u00e9ment dessiner une courte histoire de Darkness \u00ab\u00a0made in France\u00a0\u00bb. Ca a \u00e9t\u00e9 un vrai branle-bas de combat mais c\u2019\u00e9tait possible. Nick Meylaender, le sc\u00e9nariste, a donc \u00ab\u00a0pitch\u00e9\u00a0\u00bb son histoire aupr\u00e8s de Top Cow et nous avons eu l\u2019accord pour une histoire de 14 pages qui sera d\u2019abord publi\u00e9e en France.<\/p>\n<p><strong>CB : Tu as un int\u00e9r\u00eat particulier pour Darkness ?<\/strong><\/p>\n<p>SL : Je lis la s\u00e9rie depuis le d\u00e9but. J\u2019aimais bien les premiers \u00e9pisodes du volume 1. Ensuite \u00e7a m\u2019a un peu moins int\u00e9ress\u00e9 mais j\u2019ai \u00e0 nouveau beaucoup aim\u00e9 \u00e0 partir du relancement de la s\u00e9rie. J\u2019aime bien ce c\u00f4t\u00e9 tr\u00e8s noir et aussi les graphismes de Dale Keown. Mais en terme d\u2019envie de dessiner le personnage, je ne m\u2019\u00e9tais jamais pos\u00e9 la question. Je n\u2019ai pas le style Top Cow\u2026 Quand on m\u2019a propos\u00e9 l\u2019id\u00e9e je me suis juste dis \u00ab\u00a0pourquoi pas\u00a0\u00bb et puis finalement je m\u2019\u00e9clate bien, avec ce c\u00f4t\u00e9 \u00ab\u00a0gunfight\u00a0\u00bb. Ca sort quand m\u00eame un peu du style habituel de Darkness. Je suis curieux de savoir ce qu\u2019en penseront les am\u00e9ricains, bien que je ne sache pas encore quand \u00e7a para\u00eetra aux USA.<\/p>\n<p><strong><img data-recalc-dims=\"1\" decoding=\"async\" align=\"left\" src=\"https:\/\/i0.wp.com\/www.comicbox.com\/wp-content\/uploads\/2007\/08\/steph-louis-06.jpg?w=1140\" hspace=\"3\" alt=\"steph-louis-06.jpg\" title=\"steph-louis-06.jpg\" \/>CB : Est-ce que tu as une sorte de plan de carri\u00e8re pour d\u00e9finir tes choix en mati\u00e8re de projets comics ?<\/strong><\/p>\n<p>SL : Mon r\u00eave de gosse c\u2019est de publier des albums \u00e0 l\u2019europ\u00e9enne mais l\u2019id\u00e9e de faire des comics vient juste apr\u00e8s. Mon but, c\u2019est de vraiment para\u00eetre l\u00e0-bas. Faire des comics qui seraient condamn\u00e9s \u00e0 ne pas \u00eatre traduits \u00e7a ne m\u2019int\u00e9resserait pas trop. Ici, j\u2019ai d\u00e9j\u00e0 des projets comme Tessa. Non, l\u2019Am\u00e9rique m\u2019int\u00e9resse pour y para\u00eetre vraiment. Tout en sachant que je n\u2019ai pas l\u2019ambition d\u2019\u00eatre dessinateur de comics \u00e0 plein temps, que vu mon emploi du temps je ne peux me que faire des histoires courtes entre deux albums. Faut savoir que j\u2019ai une particularit\u00e9 qui me rend un peu chiant par rapport au format am\u00e9ricain c\u2019est que mon style fait que c\u2019est plus pratique pour moi de m\u2019encrer moi-m\u00eame, ce qui est rarement le cas aux USA je crois\u2026 Il faudrait donc que je trouve des projets (courts) o\u00f9 l\u2019on me prend pour le dessin et l\u2019encrage. En parlant dans l\u2019absolu, il y a un personnage que j\u2019ai toujours eu envie de dessiner, c\u2019est Spider-Man. Et juste derri\u00e8re, Daredevil\u2026<\/p>\n<p>Lancer un creator-owned aux USA \u00e7a ne m\u2019int\u00e9resserait pas. Quitte \u00e0 cr\u00e9er des personnages, je pr\u00e9f\u00e8re le faire pour le march\u00e9 fran\u00e7ais. Mais si il y a moyen d\u2019exporter Tessa, j\u2019aimerais bien voir la s\u00e9rie traduite l\u00e0-bas, oui\u2026 Mais bon, je vais y aller \u00e0 la cool, sans urgence, et prendre les choses comme elles se pr\u00e9sentent.<\/p>\n[<em>Xavier Fournier &amp; Antoine Maurel<\/em>]\n<p>Pour plus d&rsquo;informations sur Tessa et les projets futurs de St\u00e9phane Louis, se reporter au site <a href=\"http:\/\/www.tessa.fr.st\/\">www.tessa.fr.st<\/a><\/p>\n<p style=\"text-align: center\"><a target=\"_blank\" href=\"http:\/\/www.tessa.fr.st\" title=\"Site de Tessa\"><img data-recalc-dims=\"1\" decoding=\"async\" src=\"https:\/\/i0.wp.com\/www.comicbox.com\/wp-content\/uploads\/2007\/08\/steph-louis-08.jpg?w=1140\" hspace=\"3\" alt=\"steph-louis-08.jpg\" title=\"steph-louis-08.jpg\" \/><\/a><\/p>\n","protected":false},"excerpt":{"rendered":"<p>Le dessinateur St\u00e9phane Louis est un \u00a0\u00bb ami de la famille \u00ab\u00a0, avouons-le. Lui commen\u00e7ait \u00e0 faire ses premi\u00e8res d\u00e9dicaces&hellip;<\/p>\n","protected":false},"author":1,"featured_media":0,"comment_status":"closed","ping_status":"closed","sticky":false,"template":"","format":"standard","meta":{"jetpack_post_was_ever_published":false,"_jetpack_newsletter_access":"","_jetpack_dont_email_post_to_subs":false,"_jetpack_newsletter_tier_id":0,"_jetpack_memberships_contains_paywalled_content":false,"_jetpack_memberships_contains_paid_content":false,"footnotes":"","jetpack_publicize_message":"","jetpack_publicize_feature_enabled":true,"jetpack_social_post_already_shared":false,"jetpack_social_options":{"image_generator_settings":{"template":"highway","default_image_id":0,"font":"","enabled":false},"version":2}},"categories":[3],"tags":[],"class_list":["post-77","post","type-post","status-publish","format-standard","hentry","category-articles"],"yoast_head":"<!-- This site is optimized with the Yoast SEO plugin v24.9 - https:\/\/yoast.com\/wordpress\/plugins\/seo\/ -->\n<title>Interview: St\u00e9phane Louis, agent double ? -<\/title>\n<meta name=\"robots\" content=\"index, follow, max-snippet:-1, max-image-preview:large, max-video-preview:-1\" \/>\n<link rel=\"canonical\" href=\"https:\/\/www.comicbox.com\/index.php\/articles\/interview-stephane-louis-agent-double\/\" \/>\n<meta property=\"og:locale\" content=\"fr_FR\" \/>\n<meta property=\"og:type\" content=\"article\" \/>\n<meta property=\"og:title\" content=\"Interview: St\u00e9phane Louis, agent double ? -\" \/>\n<meta property=\"og:description\" content=\"Le dessinateur St\u00e9phane Louis est un \u00a0\u00bb ami de la famille \u00ab\u00a0, avouons-le. Lui commen\u00e7ait \u00e0 faire ses premi\u00e8res d\u00e9dicaces&hellip;\" \/>\n<meta property=\"og:url\" content=\"https:\/\/www.comicbox.com\/index.php\/articles\/interview-stephane-louis-agent-double\/\" \/>\n<meta property=\"article:published_time\" content=\"2004-04-28T05:43:26+00:00\" \/>\n<meta property=\"article:modified_time\" content=\"2007-08-28T06:00:22+00:00\" \/>\n<meta property=\"og:image\" content=\"http:\/\/www.comicbox.com\/wp-content\/uploads\/2007\/08\/steph-louis-01.thumbnail.jpg\" \/>\n<meta name=\"author\" content=\"Comic Box\" \/>\n<meta name=\"twitter:card\" content=\"summary_large_image\" \/>\n<meta name=\"twitter:label1\" content=\"\u00c9crit par\" \/>\n\t<meta name=\"twitter:data1\" content=\"Comic Box\" \/>\n\t<meta name=\"twitter:label2\" content=\"Dur\u00e9e de lecture estim\u00e9e\" \/>\n\t<meta name=\"twitter:data2\" content=\"14 minutes\" \/>\n<script type=\"application\/ld+json\" class=\"yoast-schema-graph\">{\"@context\":\"https:\/\/schema.org\",\"@graph\":[{\"@type\":\"WebPage\",\"@id\":\"https:\/\/www.comicbox.com\/index.php\/articles\/interview-stephane-louis-agent-double\/\",\"url\":\"https:\/\/www.comicbox.com\/index.php\/articles\/interview-stephane-louis-agent-double\/\",\"name\":\"Interview: St\u00e9phane Louis, agent double ? -\",\"isPartOf\":{\"@id\":\"https:\/\/www.comicbox.com\/#website\"},\"primaryImageOfPage\":{\"@id\":\"https:\/\/www.comicbox.com\/index.php\/articles\/interview-stephane-louis-agent-double\/#primaryimage\"},\"image\":{\"@id\":\"https:\/\/www.comicbox.com\/index.php\/articles\/interview-stephane-louis-agent-double\/#primaryimage\"},\"thumbnailUrl\":\"http:\/\/www.comicbox.com\/wp-content\/uploads\/2007\/08\/steph-louis-01.thumbnail.jpg\",\"datePublished\":\"2004-04-28T05:43:26+00:00\",\"dateModified\":\"2007-08-28T06:00:22+00:00\",\"author\":{\"@id\":\"https:\/\/www.comicbox.com\/#\/schema\/person\/05fbb62019791094900e823ca54991c7\"},\"breadcrumb\":{\"@id\":\"https:\/\/www.comicbox.com\/index.php\/articles\/interview-stephane-louis-agent-double\/#breadcrumb\"},\"inLanguage\":\"fr-FR\",\"potentialAction\":[{\"@type\":\"ReadAction\",\"target\":[\"https:\/\/www.comicbox.com\/index.php\/articles\/interview-stephane-louis-agent-double\/\"]}]},{\"@type\":\"ImageObject\",\"inLanguage\":\"fr-FR\",\"@id\":\"https:\/\/www.comicbox.com\/index.php\/articles\/interview-stephane-louis-agent-double\/#primaryimage\",\"url\":\"http:\/\/www.comicbox.com\/wp-content\/uploads\/2007\/08\/steph-louis-01.thumbnail.jpg\",\"contentUrl\":\"http:\/\/www.comicbox.com\/wp-content\/uploads\/2007\/08\/steph-louis-01.thumbnail.jpg\"},{\"@type\":\"BreadcrumbList\",\"@id\":\"https:\/\/www.comicbox.com\/index.php\/articles\/interview-stephane-louis-agent-double\/#breadcrumb\",\"itemListElement\":[{\"@type\":\"ListItem\",\"position\":1,\"name\":\"Accueil\",\"item\":\"https:\/\/www.comicbox.com\/\"},{\"@type\":\"ListItem\",\"position\":2,\"name\":\"Interview: St\u00e9phane Louis, agent double ?\"}]},{\"@type\":\"WebSite\",\"@id\":\"https:\/\/www.comicbox.com\/#website\",\"url\":\"https:\/\/www.comicbox.com\/\",\"name\":\"\",\"description\":\"le magazine des cultures comics\",\"potentialAction\":[{\"@type\":\"SearchAction\",\"target\":{\"@type\":\"EntryPoint\",\"urlTemplate\":\"https:\/\/www.comicbox.com\/?s={search_term_string}\"},\"query-input\":{\"@type\":\"PropertyValueSpecification\",\"valueRequired\":true,\"valueName\":\"search_term_string\"}}],\"inLanguage\":\"fr-FR\"},{\"@type\":\"Person\",\"@id\":\"https:\/\/www.comicbox.com\/#\/schema\/person\/05fbb62019791094900e823ca54991c7\",\"name\":\"Comic Box\",\"image\":{\"@type\":\"ImageObject\",\"inLanguage\":\"fr-FR\",\"@id\":\"https:\/\/www.comicbox.com\/#\/schema\/person\/image\/\",\"url\":\"https:\/\/secure.gravatar.com\/avatar\/0bfed4b32db324d748cf351a6c66d342cd868f37037bf83e9f4dd645f675e34f?s=96&d=mm&r=g\",\"contentUrl\":\"https:\/\/secure.gravatar.com\/avatar\/0bfed4b32db324d748cf351a6c66d342cd868f37037bf83e9f4dd645f675e34f?s=96&d=mm&r=g\",\"caption\":\"Comic Box\"},\"description\":\"Le magazine des cultures comics\",\"sameAs\":[\"http:\/\/www.comicbox.com\"],\"url\":\"https:\/\/www.comicbox.com\/index.php\/author\/admin\/\"}]}<\/script>\n<!-- \/ Yoast SEO plugin. -->","yoast_head_json":{"title":"Interview: St\u00e9phane Louis, agent double ? -","robots":{"index":"index","follow":"follow","max-snippet":"max-snippet:-1","max-image-preview":"max-image-preview:large","max-video-preview":"max-video-preview:-1"},"canonical":"https:\/\/www.comicbox.com\/index.php\/articles\/interview-stephane-louis-agent-double\/","og_locale":"fr_FR","og_type":"article","og_title":"Interview: St\u00e9phane Louis, agent double ? -","og_description":"Le dessinateur St\u00e9phane Louis est un \u00a0\u00bb ami de la famille \u00ab\u00a0, avouons-le. Lui commen\u00e7ait \u00e0 faire ses premi\u00e8res d\u00e9dicaces&hellip;","og_url":"https:\/\/www.comicbox.com\/index.php\/articles\/interview-stephane-louis-agent-double\/","article_published_time":"2004-04-28T05:43:26+00:00","article_modified_time":"2007-08-28T06:00:22+00:00","og_image":[{"url":"http:\/\/www.comicbox.com\/wp-content\/uploads\/2007\/08\/steph-louis-01.thumbnail.jpg","type":"","width":"","height":""}],"author":"Comic Box","twitter_card":"summary_large_image","twitter_misc":{"\u00c9crit par":"Comic Box","Dur\u00e9e de lecture estim\u00e9e":"14 minutes"},"schema":{"@context":"https:\/\/schema.org","@graph":[{"@type":"WebPage","@id":"https:\/\/www.comicbox.com\/index.php\/articles\/interview-stephane-louis-agent-double\/","url":"https:\/\/www.comicbox.com\/index.php\/articles\/interview-stephane-louis-agent-double\/","name":"Interview: St\u00e9phane Louis, agent double ? -","isPartOf":{"@id":"https:\/\/www.comicbox.com\/#website"},"primaryImageOfPage":{"@id":"https:\/\/www.comicbox.com\/index.php\/articles\/interview-stephane-louis-agent-double\/#primaryimage"},"image":{"@id":"https:\/\/www.comicbox.com\/index.php\/articles\/interview-stephane-louis-agent-double\/#primaryimage"},"thumbnailUrl":"http:\/\/www.comicbox.com\/wp-content\/uploads\/2007\/08\/steph-louis-01.thumbnail.jpg","datePublished":"2004-04-28T05:43:26+00:00","dateModified":"2007-08-28T06:00:22+00:00","author":{"@id":"https:\/\/www.comicbox.com\/#\/schema\/person\/05fbb62019791094900e823ca54991c7"},"breadcrumb":{"@id":"https:\/\/www.comicbox.com\/index.php\/articles\/interview-stephane-louis-agent-double\/#breadcrumb"},"inLanguage":"fr-FR","potentialAction":[{"@type":"ReadAction","target":["https:\/\/www.comicbox.com\/index.php\/articles\/interview-stephane-louis-agent-double\/"]}]},{"@type":"ImageObject","inLanguage":"fr-FR","@id":"https:\/\/www.comicbox.com\/index.php\/articles\/interview-stephane-louis-agent-double\/#primaryimage","url":"http:\/\/www.comicbox.com\/wp-content\/uploads\/2007\/08\/steph-louis-01.thumbnail.jpg","contentUrl":"http:\/\/www.comicbox.com\/wp-content\/uploads\/2007\/08\/steph-louis-01.thumbnail.jpg"},{"@type":"BreadcrumbList","@id":"https:\/\/www.comicbox.com\/index.php\/articles\/interview-stephane-louis-agent-double\/#breadcrumb","itemListElement":[{"@type":"ListItem","position":1,"name":"Accueil","item":"https:\/\/www.comicbox.com\/"},{"@type":"ListItem","position":2,"name":"Interview: St\u00e9phane Louis, agent double ?"}]},{"@type":"WebSite","@id":"https:\/\/www.comicbox.com\/#website","url":"https:\/\/www.comicbox.com\/","name":"","description":"le magazine des cultures comics","potentialAction":[{"@type":"SearchAction","target":{"@type":"EntryPoint","urlTemplate":"https:\/\/www.comicbox.com\/?s={search_term_string}"},"query-input":{"@type":"PropertyValueSpecification","valueRequired":true,"valueName":"search_term_string"}}],"inLanguage":"fr-FR"},{"@type":"Person","@id":"https:\/\/www.comicbox.com\/#\/schema\/person\/05fbb62019791094900e823ca54991c7","name":"Comic Box","image":{"@type":"ImageObject","inLanguage":"fr-FR","@id":"https:\/\/www.comicbox.com\/#\/schema\/person\/image\/","url":"https:\/\/secure.gravatar.com\/avatar\/0bfed4b32db324d748cf351a6c66d342cd868f37037bf83e9f4dd645f675e34f?s=96&d=mm&r=g","contentUrl":"https:\/\/secure.gravatar.com\/avatar\/0bfed4b32db324d748cf351a6c66d342cd868f37037bf83e9f4dd645f675e34f?s=96&d=mm&r=g","caption":"Comic Box"},"description":"Le magazine des cultures comics","sameAs":["http:\/\/www.comicbox.com"],"url":"https:\/\/www.comicbox.com\/index.php\/author\/admin\/"}]}},"jetpack_publicize_connections":[],"jetpack_featured_media_url":"","jetpack_sharing_enabled":true,"jetpack_shortlink":"https:\/\/wp.me\/pvyAi-1f","_links":{"self":[{"href":"https:\/\/www.comicbox.com\/index.php\/wp-json\/wp\/v2\/posts\/77","targetHints":{"allow":["GET"]}}],"collection":[{"href":"https:\/\/www.comicbox.com\/index.php\/wp-json\/wp\/v2\/posts"}],"about":[{"href":"https:\/\/www.comicbox.com\/index.php\/wp-json\/wp\/v2\/types\/post"}],"author":[{"embeddable":true,"href":"https:\/\/www.comicbox.com\/index.php\/wp-json\/wp\/v2\/users\/1"}],"replies":[{"embeddable":true,"href":"https:\/\/www.comicbox.com\/index.php\/wp-json\/wp\/v2\/comments?post=77"}],"version-history":[{"count":0,"href":"https:\/\/www.comicbox.com\/index.php\/wp-json\/wp\/v2\/posts\/77\/revisions"}],"wp:attachment":[{"href":"https:\/\/www.comicbox.com\/index.php\/wp-json\/wp\/v2\/media?parent=77"}],"wp:term":[{"taxonomy":"category","embeddable":true,"href":"https:\/\/www.comicbox.com\/index.php\/wp-json\/wp\/v2\/categories?post=77"},{"taxonomy":"post_tag","embeddable":true,"href":"https:\/\/www.comicbox.com\/index.php\/wp-json\/wp\/v2\/tags?post=77"}],"curies":[{"name":"wp","href":"https:\/\/api.w.org\/{rel}","templated":true}]}}