
{"id":76132,"date":"2018-09-22T19:00:04","date_gmt":"2018-09-22T17:00:04","guid":{"rendered":"http:\/\/www.comicbox.com\/?p=76132"},"modified":"2018-09-22T18:55:01","modified_gmt":"2018-09-22T16:55:01","slug":"avant-premiere-vo-review-return-of-wolverine-1","status":"publish","type":"post","link":"https:\/\/www.comicbox.com\/index.php\/articles\/avant-premiere-vo-review-return-of-wolverine-1\/","title":{"rendered":"Avant-Premi\u00e8re VO: Review Return of Wolverine #1"},"content":{"rendered":"<p style=\"text-align: justify;\">Apr\u00e8s de multiples mini-s\u00e9ries qui annon\u00e7aient son retour, voici enfin Wolverine en chair et en os. Comment est-il encore vivant ? Quelle est sa r\u00e9action face \u00e0 cette r\u00e9surrection ? <!--more-->Ce premier \u00e9pisode donne peu d\u2019\u00e9claircissement&#8230;<\/p>\n<p><strong><img data-recalc-dims=\"1\" loading=\"lazy\" decoding=\"async\" data-attachment-id=\"76133\" data-permalink=\"https:\/\/www.comicbox.com\/index.php\/articles\/avant-premiere-vo-review-return-of-wolverine-1\/attachment\/wolvy1\/\" data-orig-file=\"https:\/\/i0.wp.com\/www.comicbox.com\/wp-content\/uploads\/2018\/09\/wolvy1.jpg?fit=350%2C538&amp;ssl=1\" data-orig-size=\"350,538\" data-comments-opened=\"1\" data-image-meta=\"{&quot;aperture&quot;:&quot;0&quot;,&quot;credit&quot;:&quot;&quot;,&quot;camera&quot;:&quot;&quot;,&quot;caption&quot;:&quot;&quot;,&quot;created_timestamp&quot;:&quot;0&quot;,&quot;copyright&quot;:&quot;&quot;,&quot;focal_length&quot;:&quot;0&quot;,&quot;iso&quot;:&quot;0&quot;,&quot;shutter_speed&quot;:&quot;0&quot;,&quot;title&quot;:&quot;&quot;,&quot;orientation&quot;:&quot;1&quot;}\" data-image-title=\"wolvy1\" data-image-description=\"\" data-image-caption=\"\" data-large-file=\"https:\/\/i0.wp.com\/www.comicbox.com\/wp-content\/uploads\/2018\/09\/wolvy1.jpg?fit=350%2C538&amp;ssl=1\" class=\"wp-image-76133 size-full alignright\" src=\"https:\/\/i0.wp.com\/www.comicbox.com\/wp-content\/uploads\/2018\/09\/wolvy1.jpg?resize=350%2C538&#038;ssl=1\" alt=\"\" width=\"350\" height=\"538\" srcset=\"https:\/\/i0.wp.com\/www.comicbox.com\/wp-content\/uploads\/2018\/09\/wolvy1.jpg?w=350&amp;ssl=1 350w, https:\/\/i0.wp.com\/www.comicbox.com\/wp-content\/uploads\/2018\/09\/wolvy1.jpg?resize=98%2C150&amp;ssl=1 98w\" sizes=\"auto, (max-width: 350px) 100vw, 350px\" \/>Return of Wolverine #1 [Marvel Comics]<\/strong><br \/>\nSc\u00e9nario de Charles Soule<br \/>\nDessins de Steve McNiven<br \/>\n<strong>Parution aux USA le mercredi 19 sep 2018<\/strong><\/p>\n<p style=\"text-align: justify;\">Tous les h\u00e9ros sont partis \u00e0 la chasse au Wolverine ces derniers mois. Mais c\u2019est cette semaine que les choses s\u00e9rieuses commencent. La premi\u00e8re page donne le ton : le mutant griffu se r\u00e9veille, dans son costume jaune et bleu, et se demande ce qu\u2019il fait l\u00e0. On ne pourra pas en dire plus, pour ne pas r\u00e9v\u00e9ler le peu de surprise qui vous attend. Certes, ce n\u2019est que le premier num\u00e9ro d\u2019une saga mais on aurait aim\u00e9 plus de punch. OK, il y a du sang, des combats, des flashbacks&#8230; Mais rien de plus passionnant que dans les autres mini-s\u00e9ries.<\/p>\n<blockquote>\n<h3><strong>\u00ab\u00a0Word is I\u2019m a&#8230; a superhero\u00a0\u00bb<\/strong><\/h3>\n<\/blockquote>\n<p style=\"text-align: justify;\">Le sc\u00e9nario de Charles Soule n\u2019est pas sans faire penser \u00e0 la saga Arme X de Barry Windsor-Smith avec des \u00e9l\u00e9ments comme un laboratoire secret, des cr\u00e9atures f\u00e9roces qui attaquent le hero, un Logan se posant multiples questions sur ce qui lui est arriv\u00e9. Le dessin de Steve McNiven emprunte aussi au style de Windsor-Smith. \u00c0 tel point que la derni\u00e8re page semble tout droit sorti de Arme X. Le duo ne retrouve pas la force de leur derni\u00e8re collaboration, \u201cLa mort de Wolverine\u201d. Le dessinateur est l\u00e9g\u00e8rement en dessous de ce qu\u2019il a pu fournir auparavant. Par manque de temps probablement, puisqu\u2019il ne dessinera que le premier et dernier \u00e9pisode de cette aventure.<\/p>\n[Pierre Bisson]\n","protected":false},"excerpt":{"rendered":"<p>Apr\u00e8s de multiples mini-s\u00e9ries qui annon\u00e7aient son retour, voici enfin Wolverine en chair et en os. Comment est-il encore vivant&hellip;<\/p>\n","protected":false},"author":2,"featured_media":76134,"comment_status":"open","ping_status":"open","sticky":false,"template":"","format":"standard","meta":{"jetpack_post_was_ever_published":false,"_jetpack_newsletter_access":"","_jetpack_dont_email_post_to_subs":false,"_jetpack_newsletter_tier_id":0,"_jetpack_memberships_contains_paywalled_content":false,"_jetpack_memberships_contains_paid_content":false,"footnotes":"","jetpack_publicize_message":"","jetpack_publicize_feature_enabled":true,"jetpack_social_post_already_shared":true,"jetpack_social_options":{"image_generator_settings":{"template":"highway","default_image_id":0,"font":"","enabled":false},"version":2}},"categories":[3,1727,1],"tags":[4582,459,5142,727,107],"class_list":["post-76132","post","type-post","status-publish","format-standard","has-post-thumbnail","hentry","category-articles","category-diapo","category-news","tag-charles-soule","tag-logan","tag-marvel","tag-steve-mcniven","tag-wolverine"],"yoast_head":"<!-- This site is optimized with the Yoast SEO plugin v24.9 - https:\/\/yoast.com\/wordpress\/plugins\/seo\/ -->\n<title>Avant-Premi\u00e8re VO: Review Return of Wolverine #1 -<\/title>\n<meta name=\"robots\" content=\"index, follow, max-snippet:-1, max-image-preview:large, max-video-preview:-1\" \/>\n<link rel=\"canonical\" href=\"https:\/\/www.comicbox.com\/index.php\/articles\/avant-premiere-vo-review-return-of-wolverine-1\/\" \/>\n<meta property=\"og:locale\" content=\"fr_FR\" \/>\n<meta property=\"og:type\" content=\"article\" \/>\n<meta property=\"og:title\" content=\"Avant-Premi\u00e8re VO: Review Return of Wolverine #1 -\" \/>\n<meta property=\"og:description\" content=\"Apr\u00e8s de multiples mini-s\u00e9ries qui annon\u00e7aient son retour, voici enfin Wolverine en chair et en os. Comment est-il encore vivant&hellip;\" \/>\n<meta property=\"og:url\" content=\"https:\/\/www.comicbox.com\/index.php\/articles\/avant-premiere-vo-review-return-of-wolverine-1\/\" \/>\n<meta property=\"article:author\" content=\"https:\/\/www.facebook.com\/pierre.bisson?fref=ts\" \/>\n<meta property=\"article:published_time\" content=\"2018-09-22T17:00:04+00:00\" \/>\n<meta property=\"og:image\" content=\"https:\/\/i0.wp.com\/www.comicbox.com\/wp-content\/uploads\/2018\/09\/wolvy_frise.jpg?fit=728%2C314&ssl=1\" \/>\n\t<meta property=\"og:image:width\" content=\"728\" \/>\n\t<meta property=\"og:image:height\" content=\"314\" \/>\n\t<meta property=\"og:image:type\" content=\"image\/jpeg\" \/>\n<meta name=\"author\" content=\"Pierre Bisson\" \/>\n<meta name=\"twitter:card\" content=\"summary_large_image\" \/>\n<meta name=\"twitter:creator\" content=\"@https:\/\/twitter.com\/pierobisson\" \/>\n<meta name=\"twitter:label1\" content=\"\u00c9crit par\" \/>\n\t<meta name=\"twitter:data1\" content=\"Pierre Bisson\" \/>\n\t<meta name=\"twitter:label2\" content=\"Dur\u00e9e de lecture estim\u00e9e\" \/>\n\t<meta name=\"twitter:data2\" content=\"2 minutes\" \/>\n<script type=\"application\/ld+json\" class=\"yoast-schema-graph\">{\"@context\":\"https:\/\/schema.org\",\"@graph\":[{\"@type\":\"WebPage\",\"@id\":\"https:\/\/www.comicbox.com\/index.php\/articles\/avant-premiere-vo-review-return-of-wolverine-1\/\",\"url\":\"https:\/\/www.comicbox.com\/index.php\/articles\/avant-premiere-vo-review-return-of-wolverine-1\/\",\"name\":\"Avant-Premi\u00e8re VO: Review Return of Wolverine #1 -\",\"isPartOf\":{\"@id\":\"https:\/\/www.comicbox.com\/#website\"},\"primaryImageOfPage\":{\"@id\":\"https:\/\/www.comicbox.com\/index.php\/articles\/avant-premiere-vo-review-return-of-wolverine-1\/#primaryimage\"},\"image\":{\"@id\":\"https:\/\/www.comicbox.com\/index.php\/articles\/avant-premiere-vo-review-return-of-wolverine-1\/#primaryimage\"},\"thumbnailUrl\":\"https:\/\/i0.wp.com\/www.comicbox.com\/wp-content\/uploads\/2018\/09\/wolvy_frise.jpg?fit=728%2C314&ssl=1\",\"datePublished\":\"2018-09-22T17:00:04+00:00\",\"author\":{\"@id\":\"https:\/\/www.comicbox.com\/#\/schema\/person\/e90168f9b9b6a5f3c6e25828ca5d1ac2\"},\"breadcrumb\":{\"@id\":\"https:\/\/www.comicbox.com\/index.php\/articles\/avant-premiere-vo-review-return-of-wolverine-1\/#breadcrumb\"},\"inLanguage\":\"fr-FR\",\"potentialAction\":[{\"@type\":\"ReadAction\",\"target\":[\"https:\/\/www.comicbox.com\/index.php\/articles\/avant-premiere-vo-review-return-of-wolverine-1\/\"]}]},{\"@type\":\"ImageObject\",\"inLanguage\":\"fr-FR\",\"@id\":\"https:\/\/www.comicbox.com\/index.php\/articles\/avant-premiere-vo-review-return-of-wolverine-1\/#primaryimage\",\"url\":\"https:\/\/i0.wp.com\/www.comicbox.com\/wp-content\/uploads\/2018\/09\/wolvy_frise.jpg?fit=728%2C314&ssl=1\",\"contentUrl\":\"https:\/\/i0.wp.com\/www.comicbox.com\/wp-content\/uploads\/2018\/09\/wolvy_frise.jpg?fit=728%2C314&ssl=1\",\"width\":728,\"height\":314},{\"@type\":\"BreadcrumbList\",\"@id\":\"https:\/\/www.comicbox.com\/index.php\/articles\/avant-premiere-vo-review-return-of-wolverine-1\/#breadcrumb\",\"itemListElement\":[{\"@type\":\"ListItem\",\"position\":1,\"name\":\"Accueil\",\"item\":\"https:\/\/www.comicbox.com\/\"},{\"@type\":\"ListItem\",\"position\":2,\"name\":\"Avant-Premi\u00e8re VO: Review Return of Wolverine #1\"}]},{\"@type\":\"WebSite\",\"@id\":\"https:\/\/www.comicbox.com\/#website\",\"url\":\"https:\/\/www.comicbox.com\/\",\"name\":\"\",\"description\":\"le magazine des cultures comics\",\"potentialAction\":[{\"@type\":\"SearchAction\",\"target\":{\"@type\":\"EntryPoint\",\"urlTemplate\":\"https:\/\/www.comicbox.com\/?s={search_term_string}\"},\"query-input\":{\"@type\":\"PropertyValueSpecification\",\"valueRequired\":true,\"valueName\":\"search_term_string\"}}],\"inLanguage\":\"fr-FR\"},{\"@type\":\"Person\",\"@id\":\"https:\/\/www.comicbox.com\/#\/schema\/person\/e90168f9b9b6a5f3c6e25828ca5d1ac2\",\"name\":\"Pierre Bisson\",\"image\":{\"@type\":\"ImageObject\",\"inLanguage\":\"fr-FR\",\"@id\":\"https:\/\/www.comicbox.com\/#\/schema\/person\/image\/\",\"url\":\"https:\/\/secure.gravatar.com\/avatar\/f7fb6fb38f5e6ccf5f1697bc6273d4d5853c08bb716456166ea903f2055c4580?s=96&d=mm&r=g\",\"contentUrl\":\"https:\/\/secure.gravatar.com\/avatar\/f7fb6fb38f5e6ccf5f1697bc6273d4d5853c08bb716456166ea903f2055c4580?s=96&d=mm&r=g\",\"caption\":\"Pierre Bisson\"},\"description\":\"Pierre Bisson en plus d'\u00eatre l'un des r\u00e9dacteurs du site comicbox.com est aussi traducteur, lettreur et maquettiste.\",\"sameAs\":[\"https:\/\/www.facebook.com\/pierre.bisson?fref=ts\",\"https:\/\/x.com\/https:\/\/twitter.com\/pierobisson\"],\"url\":\"https:\/\/www.comicbox.com\/index.php\/author\/piero\/\"}]}<\/script>\n<!-- \/ Yoast SEO plugin. -->","yoast_head_json":{"title":"Avant-Premi\u00e8re VO: Review Return of Wolverine #1 -","robots":{"index":"index","follow":"follow","max-snippet":"max-snippet:-1","max-image-preview":"max-image-preview:large","max-video-preview":"max-video-preview:-1"},"canonical":"https:\/\/www.comicbox.com\/index.php\/articles\/avant-premiere-vo-review-return-of-wolverine-1\/","og_locale":"fr_FR","og_type":"article","og_title":"Avant-Premi\u00e8re VO: Review Return of Wolverine #1 -","og_description":"Apr\u00e8s de multiples mini-s\u00e9ries qui annon\u00e7aient son retour, voici enfin Wolverine en chair et en os. Comment est-il encore vivant&hellip;","og_url":"https:\/\/www.comicbox.com\/index.php\/articles\/avant-premiere-vo-review-return-of-wolverine-1\/","article_author":"https:\/\/www.facebook.com\/pierre.bisson?fref=ts","article_published_time":"2018-09-22T17:00:04+00:00","og_image":[{"width":728,"height":314,"url":"https:\/\/i0.wp.com\/www.comicbox.com\/wp-content\/uploads\/2018\/09\/wolvy_frise.jpg?fit=728%2C314&ssl=1","type":"image\/jpeg"}],"author":"Pierre Bisson","twitter_card":"summary_large_image","twitter_creator":"@https:\/\/twitter.com\/pierobisson","twitter_misc":{"\u00c9crit par":"Pierre Bisson","Dur\u00e9e de lecture estim\u00e9e":"2 minutes"},"schema":{"@context":"https:\/\/schema.org","@graph":[{"@type":"WebPage","@id":"https:\/\/www.comicbox.com\/index.php\/articles\/avant-premiere-vo-review-return-of-wolverine-1\/","url":"https:\/\/www.comicbox.com\/index.php\/articles\/avant-premiere-vo-review-return-of-wolverine-1\/","name":"Avant-Premi\u00e8re VO: Review Return of Wolverine #1 -","isPartOf":{"@id":"https:\/\/www.comicbox.com\/#website"},"primaryImageOfPage":{"@id":"https:\/\/www.comicbox.com\/index.php\/articles\/avant-premiere-vo-review-return-of-wolverine-1\/#primaryimage"},"image":{"@id":"https:\/\/www.comicbox.com\/index.php\/articles\/avant-premiere-vo-review-return-of-wolverine-1\/#primaryimage"},"thumbnailUrl":"https:\/\/i0.wp.com\/www.comicbox.com\/wp-content\/uploads\/2018\/09\/wolvy_frise.jpg?fit=728%2C314&ssl=1","datePublished":"2018-09-22T17:00:04+00:00","author":{"@id":"https:\/\/www.comicbox.com\/#\/schema\/person\/e90168f9b9b6a5f3c6e25828ca5d1ac2"},"breadcrumb":{"@id":"https:\/\/www.comicbox.com\/index.php\/articles\/avant-premiere-vo-review-return-of-wolverine-1\/#breadcrumb"},"inLanguage":"fr-FR","potentialAction":[{"@type":"ReadAction","target":["https:\/\/www.comicbox.com\/index.php\/articles\/avant-premiere-vo-review-return-of-wolverine-1\/"]}]},{"@type":"ImageObject","inLanguage":"fr-FR","@id":"https:\/\/www.comicbox.com\/index.php\/articles\/avant-premiere-vo-review-return-of-wolverine-1\/#primaryimage","url":"https:\/\/i0.wp.com\/www.comicbox.com\/wp-content\/uploads\/2018\/09\/wolvy_frise.jpg?fit=728%2C314&ssl=1","contentUrl":"https:\/\/i0.wp.com\/www.comicbox.com\/wp-content\/uploads\/2018\/09\/wolvy_frise.jpg?fit=728%2C314&ssl=1","width":728,"height":314},{"@type":"BreadcrumbList","@id":"https:\/\/www.comicbox.com\/index.php\/articles\/avant-premiere-vo-review-return-of-wolverine-1\/#breadcrumb","itemListElement":[{"@type":"ListItem","position":1,"name":"Accueil","item":"https:\/\/www.comicbox.com\/"},{"@type":"ListItem","position":2,"name":"Avant-Premi\u00e8re VO: Review Return of Wolverine #1"}]},{"@type":"WebSite","@id":"https:\/\/www.comicbox.com\/#website","url":"https:\/\/www.comicbox.com\/","name":"","description":"le magazine des cultures comics","potentialAction":[{"@type":"SearchAction","target":{"@type":"EntryPoint","urlTemplate":"https:\/\/www.comicbox.com\/?s={search_term_string}"},"query-input":{"@type":"PropertyValueSpecification","valueRequired":true,"valueName":"search_term_string"}}],"inLanguage":"fr-FR"},{"@type":"Person","@id":"https:\/\/www.comicbox.com\/#\/schema\/person\/e90168f9b9b6a5f3c6e25828ca5d1ac2","name":"Pierre Bisson","image":{"@type":"ImageObject","inLanguage":"fr-FR","@id":"https:\/\/www.comicbox.com\/#\/schema\/person\/image\/","url":"https:\/\/secure.gravatar.com\/avatar\/f7fb6fb38f5e6ccf5f1697bc6273d4d5853c08bb716456166ea903f2055c4580?s=96&d=mm&r=g","contentUrl":"https:\/\/secure.gravatar.com\/avatar\/f7fb6fb38f5e6ccf5f1697bc6273d4d5853c08bb716456166ea903f2055c4580?s=96&d=mm&r=g","caption":"Pierre Bisson"},"description":"Pierre Bisson en plus d'\u00eatre l'un des r\u00e9dacteurs du site comicbox.com est aussi traducteur, lettreur et maquettiste.","sameAs":["https:\/\/www.facebook.com\/pierre.bisson?fref=ts","https:\/\/x.com\/https:\/\/twitter.com\/pierobisson"],"url":"https:\/\/www.comicbox.com\/index.php\/author\/piero\/"}]}},"jetpack_publicize_connections":[],"jetpack_featured_media_url":"https:\/\/i0.wp.com\/www.comicbox.com\/wp-content\/uploads\/2018\/09\/wolvy_frise.jpg?fit=728%2C314&ssl=1","jetpack_sharing_enabled":true,"jetpack_shortlink":"https:\/\/wp.me\/pvyAi-jNW","_links":{"self":[{"href":"https:\/\/www.comicbox.com\/index.php\/wp-json\/wp\/v2\/posts\/76132","targetHints":{"allow":["GET"]}}],"collection":[{"href":"https:\/\/www.comicbox.com\/index.php\/wp-json\/wp\/v2\/posts"}],"about":[{"href":"https:\/\/www.comicbox.com\/index.php\/wp-json\/wp\/v2\/types\/post"}],"author":[{"embeddable":true,"href":"https:\/\/www.comicbox.com\/index.php\/wp-json\/wp\/v2\/users\/2"}],"replies":[{"embeddable":true,"href":"https:\/\/www.comicbox.com\/index.php\/wp-json\/wp\/v2\/comments?post=76132"}],"version-history":[{"count":1,"href":"https:\/\/www.comicbox.com\/index.php\/wp-json\/wp\/v2\/posts\/76132\/revisions"}],"predecessor-version":[{"id":76135,"href":"https:\/\/www.comicbox.com\/index.php\/wp-json\/wp\/v2\/posts\/76132\/revisions\/76135"}],"wp:featuredmedia":[{"embeddable":true,"href":"https:\/\/www.comicbox.com\/index.php\/wp-json\/wp\/v2\/media\/76134"}],"wp:attachment":[{"href":"https:\/\/www.comicbox.com\/index.php\/wp-json\/wp\/v2\/media?parent=76132"}],"wp:term":[{"taxonomy":"category","embeddable":true,"href":"https:\/\/www.comicbox.com\/index.php\/wp-json\/wp\/v2\/categories?post=76132"},{"taxonomy":"post_tag","embeddable":true,"href":"https:\/\/www.comicbox.com\/index.php\/wp-json\/wp\/v2\/tags?post=76132"}],"curies":[{"name":"wp","href":"https:\/\/api.w.org\/{rel}","templated":true}]}}