
{"id":43563,"date":"2013-11-09T08:00:13","date_gmt":"2013-11-09T07:00:13","guid":{"rendered":"http:\/\/www.comicbox.com\/?p=43563"},"modified":"2013-11-08T23:40:40","modified_gmt":"2013-11-08T22:40:40","slug":"avant-premiere-vo-review-iron-man-18","status":"publish","type":"post","link":"https:\/\/www.comicbox.com\/index.php\/news\/avant-premiere-vo-review-iron-man-18\/","title":{"rendered":"Avant-Premi\u00e8re VO: Review Iron Man #18"},"content":{"rendered":"<p style=\"text-align: justify;\"><img data-recalc-dims=\"1\" loading=\"lazy\" decoding=\"async\" data-attachment-id=\"43564\" data-permalink=\"https:\/\/www.comicbox.com\/index.php\/news\/avant-premiere-vo-review-iron-man-18\/attachment\/irona-4\/\" data-orig-file=\"https:\/\/i0.wp.com\/www.comicbox.com\/wp-content\/uploads\/2013\/11\/IronA.jpg?fit=70%2C70&amp;ssl=1\" data-orig-size=\"70,70\" data-comments-opened=\"1\" data-image-meta=\"{&quot;aperture&quot;:&quot;0&quot;,&quot;credit&quot;:&quot;&quot;,&quot;camera&quot;:&quot;&quot;,&quot;caption&quot;:&quot;&quot;,&quot;created_timestamp&quot;:&quot;0&quot;,&quot;copyright&quot;:&quot;&quot;,&quot;focal_length&quot;:&quot;0&quot;,&quot;iso&quot;:&quot;0&quot;,&quot;shutter_speed&quot;:&quot;0&quot;,&quot;title&quot;:&quot;&quot;}\" data-image-title=\"Avant-Premi\u00e8re VO: Review Iron Man #18\" data-image-description=\"\" data-image-caption=\"\" data-large-file=\"https:\/\/i0.wp.com\/www.comicbox.com\/wp-content\/uploads\/2013\/11\/IronA.jpg?fit=70%2C70&amp;ssl=1\" class=\"alignleft size-full wp-image-43564\" style=\"margin-left: 4px; margin-right: 4px;\" alt=\"Avant-Premi\u00e8re VO: Review Iron Man #18\" src=\"https:\/\/i0.wp.com\/www.comicbox.com\/wp-content\/uploads\/2013\/11\/IronA.jpg?resize=70%2C70\" width=\"70\" height=\"70\" srcset=\"https:\/\/i0.wp.com\/www.comicbox.com\/wp-content\/uploads\/2013\/11\/IronA.jpg?w=70&amp;ssl=1 70w, https:\/\/i0.wp.com\/www.comicbox.com\/wp-content\/uploads\/2013\/11\/IronA.jpg?resize=36%2C36&amp;ssl=1 36w\" sizes=\"auto, (max-width: 70px) 100vw, 70px\" \/>[FRENCH] Apr\u00e8s l&rsquo;impact \u00e9norme de l&rsquo;arc pr\u00e9c\u00e9dent sur la mythologie de la famille du h\u00e9ros, Iron Man doit plus que jamais se projeter vers l&rsquo;avenir. Et sur le th\u00e8me de \u00ab\u00a0deux cervelles valent mieux qu&rsquo;une\u00a0\u00bb, on nous montre un lendemain&#8230; qui ne chante pas tout \u00e0 fait mais qui mat\u00e9rialise<!--more--> ce que les Stark pourraient faire de l&rsquo;avenir. Mais la vision r\u00e9elle du futur ne se cache sans doute pas l\u00e0 o\u00f9 on pourrait le croire. Kieron Gillen continue de d\u00e9finir la nouvelle donne pour Iron Man.<\/p>\n<p><img data-recalc-dims=\"1\" loading=\"lazy\" decoding=\"async\" data-attachment-id=\"43565\" data-permalink=\"https:\/\/www.comicbox.com\/index.php\/news\/avant-premiere-vo-review-iron-man-18\/attachment\/ironb-4\/\" data-orig-file=\"https:\/\/i0.wp.com\/www.comicbox.com\/wp-content\/uploads\/2013\/11\/IronB.jpg?fit=350%2C538&amp;ssl=1\" data-orig-size=\"350,538\" data-comments-opened=\"1\" data-image-meta=\"{&quot;aperture&quot;:&quot;0&quot;,&quot;credit&quot;:&quot;&quot;,&quot;camera&quot;:&quot;&quot;,&quot;caption&quot;:&quot;&quot;,&quot;created_timestamp&quot;:&quot;0&quot;,&quot;copyright&quot;:&quot;&quot;,&quot;focal_length&quot;:&quot;0&quot;,&quot;iso&quot;:&quot;0&quot;,&quot;shutter_speed&quot;:&quot;0&quot;,&quot;title&quot;:&quot;&quot;}\" data-image-title=\"Iron Man #18\" data-image-description=\"\" data-image-caption=\"\" data-large-file=\"https:\/\/i0.wp.com\/www.comicbox.com\/wp-content\/uploads\/2013\/11\/IronB.jpg?fit=350%2C538&amp;ssl=1\" class=\"alignright size-full wp-image-43565\" style=\"margin-left: 4px; margin-right: 4px;\" alt=\"Iron Man #18\" src=\"https:\/\/i0.wp.com\/www.comicbox.com\/wp-content\/uploads\/2013\/11\/IronB.jpg?resize=350%2C538\" width=\"350\" height=\"538\" srcset=\"https:\/\/i0.wp.com\/www.comicbox.com\/wp-content\/uploads\/2013\/11\/IronB.jpg?w=350&amp;ssl=1 350w, https:\/\/i0.wp.com\/www.comicbox.com\/wp-content\/uploads\/2013\/11\/IronB.jpg?resize=97%2C150&amp;ssl=1 97w\" sizes=\"auto, (max-width: 350px) 100vw, 350px\" \/>Iron Man #18 [Marvel Comics]\nSc\u00e9nario de Kieron Gillen<br \/>\nDessin de Joe Bennett<br \/>\n<em><strong>Parution aux USA le mercredi 6 novembre 2013<\/strong><\/em><\/p>\n<p style=\"text-align: justify;\">OK, impossible de parler des \u00e9v\u00e8nements de cet \u00e9pisode sans \u00e9voquer ce qui s&rsquo;est pass\u00e9 dans le pr\u00e9c\u00e9dent, donc tournez les talons si vous ne voulez pas \u00eatre \u00ab\u00a0spoil\u00e9s\u00a0\u00bb. Iron Man #17 s&rsquo;achevait sur la promesse que les frangins Stark allaient changer le monde et de mani\u00e8re surprenante ce 18\u00e8me \u00e9pisode s&rsquo;ouvre sur une vision futuriste qui nous montre \u00e0 quel point, plusieurs d\u00e9cennies plus tard, ils ont r\u00e9ussi. Ou pas. Kieron Gillen joue un peu aux montagnes russes avec ce qu&rsquo;il promet et le point o\u00f9 est r\u00e9ellement la s\u00e9rie. Ce qui est certain c&rsquo;est que m\u00eame s&rsquo;il est d\u00e9truit l&rsquo;ombre du robot 451 plane encore sur l&rsquo;univers d&rsquo;Iron Man et que \u00e7a, plus l&rsquo;injection d&rsquo;Arno dans la vie de Tony, fait que les r\u00e8gles ne sont d\u00e9cid\u00e9ment plus les m\u00eames. C&rsquo;est d&rsquo;ailleurs \u00e0 se demander si la pr\u00e9sence d&rsquo;Arno ne risque pas ringardiser, d&rsquo;\u00e9clipser, les personnages secondaires qui \u00e9taient pr\u00e9sents jusqu&rsquo;ici (Pepper principalement). Ce qui est tangible c&rsquo;est que Gillen semble avoir trouv\u00e9 le choc qu&rsquo;il fallait pour que non seulement Iron Man se lib\u00e8re des derni\u00e8res traces de la p\u00e9riode de Civil War mais aussi de l&rsquo;ombre des films. D&rsquo;ailleurs \u00e0 bien y r\u00e9fl\u00e9chir c&rsquo;est l&rsquo;objectif qu&rsquo;il s&rsquo;est fix\u00e9 depuis sa reprise de la s\u00e9rie et \u00e7a ne fait qu&rsquo;\u00e2tre officialis\u00e9 avec le nouveau fil directeur repr\u00e9sent\u00e9 par Arno.<\/p>\n<p style=\"text-align: justify;\">En fin de compte c&rsquo;est un \u00e9pisode dense, entre aper\u00e7u du futur et consolidation entre Tony et son nouveau \u00ab\u00a0compl\u00e9ment\u00a0\u00bb. C&rsquo;est un peu comme s&rsquo;il y avait deux cerveaux de la trempe de Tony dans l&rsquo;univers Marvel (et donc un de plus qu&rsquo;avant) et je serais curieux de voir si la chose impacte par exemple le rapport de force au sein des Illuminati. Mais Gillen place aussi \u00e0 un autre niveau son aper\u00e7u du futur, celui-ci plus imm\u00e9diat, en mettant en place le retour (mais \u00e9tait-il vraiment parti) d&rsquo;un adversaire classique d&rsquo;Iron Man. L\u00e0, clairement, Gillen emprunte une certaine sc\u00e9nographie \u00e0 la Distingu\u00e9e Concurrence. Mais on reste cependant sur l&rsquo;impression que l&rsquo;alchimie de la s\u00e9rie est chang\u00e9e au moins sur le moyen terme. Ceux qui se lamentent que Marvel Comics semble parfois trop coller aux \u00e9v\u00e8nements des films ont ici un exemple du contraire. C&rsquo;est un Tony Stark\/Iron Man qui marche sur un territoire non-balis\u00e9, o\u00f9 beaucoup de choses sont d\u00e9sormais permises&#8230;<\/p>\n[<em>Xavier Fournier<\/em>]\n","protected":false},"excerpt":{"rendered":"<p>[FRENCH] Apr\u00e8s l&rsquo;impact \u00e9norme de l&rsquo;arc pr\u00e9c\u00e9dent sur la mythologie de la famille du h\u00e9ros, Iron Man doit plus que&hellip;<\/p>\n","protected":false},"author":1,"featured_media":43566,"comment_status":"open","ping_status":"open","sticky":false,"template":"","format":"standard","meta":{"jetpack_post_was_ever_published":false,"_jetpack_newsletter_access":"","_jetpack_dont_email_post_to_subs":false,"_jetpack_newsletter_tier_id":0,"_jetpack_memberships_contains_paywalled_content":false,"_jetpack_memberships_contains_paid_content":false,"footnotes":"","jetpack_publicize_message":"","jetpack_publicize_feature_enabled":true,"jetpack_social_post_already_shared":true,"jetpack_social_options":{"image_generator_settings":{"template":"highway","default_image_id":0,"font":"","enabled":false},"version":2}},"categories":[3,1727,1],"tags":[21,5150,3028,5142,27,4134],"class_list":["post-43563","post","type-post","status-publish","format-standard","has-post-thumbnail","hentry","category-articles","category-diapo","category-news","tag-comics","tag-iron-man","tag-kieron-gillen","tag-marvel","tag-marvel-comics","tag-marvel-now"],"yoast_head":"<!-- This site is optimized with the Yoast SEO plugin v24.9 - https:\/\/yoast.com\/wordpress\/plugins\/seo\/ -->\n<title>Iron Man #18<\/title>\n<meta name=\"description\" content=\"Apr\u00c3\u00a8s l&#039;impact \u00c3\u00a9norme de l&#039;arc pr\u00c3\u00a9c\u00c3\u00a9dent sur la mythologie de la famille du h\u00c3\u00a9ros, Iron Man doit plus que jamais se projeter vers l&#039;avenir. Et sur le th\u00c3\u00a8me de &quot;deux cervelles valent mieux qu&#039;une&quot;, on nous montre un lendemain... qui ne chante pas tout \u00c3\u00a0 fait mais qui mat\u00c3\u00a9rialise ce que les Stark pourraient faire de l&#039;avenir. Mais la vision r\u00c3\u00a9elle du futur ne se cache sans doute pas l\u00c3\u00a0 o\u00c3\u00b9 on pourrait le croire. Kieron Gillen continue de d\u00c3\u00a9finir la nouvelle donne pour Iron Man.\" \/>\n<meta name=\"robots\" content=\"index, follow, max-snippet:-1, max-image-preview:large, max-video-preview:-1\" \/>\n<link rel=\"canonical\" href=\"https:\/\/www.comicbox.com\/index.php\/news\/avant-premiere-vo-review-iron-man-18\/\" \/>\n<meta property=\"og:locale\" content=\"fr_FR\" \/>\n<meta property=\"og:type\" content=\"article\" \/>\n<meta property=\"og:title\" content=\"Iron Man #18\" \/>\n<meta property=\"og:description\" content=\"Apr\u00c3\u00a8s l&#039;impact \u00c3\u00a9norme de l&#039;arc pr\u00c3\u00a9c\u00c3\u00a9dent sur la mythologie de la famille du h\u00c3\u00a9ros, Iron Man doit plus que jamais se projeter vers l&#039;avenir. Et sur le th\u00c3\u00a8me de &quot;deux cervelles valent mieux qu&#039;une&quot;, on nous montre un lendemain... qui ne chante pas tout \u00c3\u00a0 fait mais qui mat\u00c3\u00a9rialise ce que les Stark pourraient faire de l&#039;avenir. Mais la vision r\u00c3\u00a9elle du futur ne se cache sans doute pas l\u00c3\u00a0 o\u00c3\u00b9 on pourrait le croire. Kieron Gillen continue de d\u00c3\u00a9finir la nouvelle donne pour Iron Man.\" \/>\n<meta property=\"og:url\" content=\"https:\/\/www.comicbox.com\/index.php\/news\/avant-premiere-vo-review-iron-man-18\/\" \/>\n<meta property=\"article:published_time\" content=\"2013-11-09T07:00:13+00:00\" \/>\n<meta property=\"og:image\" content=\"https:\/\/i0.wp.com\/www.comicbox.com\/wp-content\/uploads\/2013\/11\/Iron.jpg?fit=728%2C304&ssl=1\" \/>\n\t<meta property=\"og:image:width\" content=\"728\" \/>\n\t<meta property=\"og:image:height\" content=\"304\" \/>\n\t<meta property=\"og:image:type\" content=\"image\/jpeg\" \/>\n<meta name=\"author\" content=\"Comic Box\" \/>\n<meta name=\"twitter:card\" content=\"summary_large_image\" \/>\n<meta name=\"twitter:label1\" content=\"\u00c9crit par\" \/>\n\t<meta name=\"twitter:data1\" content=\"Comic Box\" \/>\n\t<meta name=\"twitter:label2\" content=\"Dur\u00e9e de lecture estim\u00e9e\" \/>\n\t<meta name=\"twitter:data2\" content=\"3 minutes\" \/>\n<script type=\"application\/ld+json\" class=\"yoast-schema-graph\">{\"@context\":\"https:\/\/schema.org\",\"@graph\":[{\"@type\":\"WebPage\",\"@id\":\"https:\/\/www.comicbox.com\/index.php\/news\/avant-premiere-vo-review-iron-man-18\/\",\"url\":\"https:\/\/www.comicbox.com\/index.php\/news\/avant-premiere-vo-review-iron-man-18\/\",\"name\":\"Iron Man #18\",\"isPartOf\":{\"@id\":\"https:\/\/www.comicbox.com\/#website\"},\"primaryImageOfPage\":{\"@id\":\"https:\/\/www.comicbox.com\/index.php\/news\/avant-premiere-vo-review-iron-man-18\/#primaryimage\"},\"image\":{\"@id\":\"https:\/\/www.comicbox.com\/index.php\/news\/avant-premiere-vo-review-iron-man-18\/#primaryimage\"},\"thumbnailUrl\":\"https:\/\/i0.wp.com\/www.comicbox.com\/wp-content\/uploads\/2013\/11\/Iron.jpg?fit=728%2C304&ssl=1\",\"datePublished\":\"2013-11-09T07:00:13+00:00\",\"author\":{\"@id\":\"https:\/\/www.comicbox.com\/#\/schema\/person\/05fbb62019791094900e823ca54991c7\"},\"description\":\"Apr\u00c3\u00a8s l'impact \u00c3\u00a9norme de l'arc pr\u00c3\u00a9c\u00c3\u00a9dent sur la mythologie de la famille du h\u00c3\u00a9ros, Iron Man doit plus que jamais se projeter vers l'avenir. Et sur le th\u00c3\u00a8me de \\\"deux cervelles valent mieux qu'une\\\", on nous montre un lendemain... qui ne chante pas tout \u00c3\u00a0 fait mais qui mat\u00c3\u00a9rialise ce que les Stark pourraient faire de l'avenir. Mais la vision r\u00c3\u00a9elle du futur ne se cache sans doute pas l\u00c3\u00a0 o\u00c3\u00b9 on pourrait le croire. Kieron Gillen continue de d\u00c3\u00a9finir la nouvelle donne pour Iron Man.\",\"breadcrumb\":{\"@id\":\"https:\/\/www.comicbox.com\/index.php\/news\/avant-premiere-vo-review-iron-man-18\/#breadcrumb\"},\"inLanguage\":\"fr-FR\",\"potentialAction\":[{\"@type\":\"ReadAction\",\"target\":[\"https:\/\/www.comicbox.com\/index.php\/news\/avant-premiere-vo-review-iron-man-18\/\"]}]},{\"@type\":\"ImageObject\",\"inLanguage\":\"fr-FR\",\"@id\":\"https:\/\/www.comicbox.com\/index.php\/news\/avant-premiere-vo-review-iron-man-18\/#primaryimage\",\"url\":\"https:\/\/i0.wp.com\/www.comicbox.com\/wp-content\/uploads\/2013\/11\/Iron.jpg?fit=728%2C304&ssl=1\",\"contentUrl\":\"https:\/\/i0.wp.com\/www.comicbox.com\/wp-content\/uploads\/2013\/11\/Iron.jpg?fit=728%2C304&ssl=1\",\"width\":728,\"height\":304},{\"@type\":\"BreadcrumbList\",\"@id\":\"https:\/\/www.comicbox.com\/index.php\/news\/avant-premiere-vo-review-iron-man-18\/#breadcrumb\",\"itemListElement\":[{\"@type\":\"ListItem\",\"position\":1,\"name\":\"Accueil\",\"item\":\"https:\/\/www.comicbox.com\/\"},{\"@type\":\"ListItem\",\"position\":2,\"name\":\"Avant-Premi\u00e8re VO: Review Iron Man #18\"}]},{\"@type\":\"WebSite\",\"@id\":\"https:\/\/www.comicbox.com\/#website\",\"url\":\"https:\/\/www.comicbox.com\/\",\"name\":\"\",\"description\":\"le magazine des cultures comics\",\"potentialAction\":[{\"@type\":\"SearchAction\",\"target\":{\"@type\":\"EntryPoint\",\"urlTemplate\":\"https:\/\/www.comicbox.com\/?s={search_term_string}\"},\"query-input\":{\"@type\":\"PropertyValueSpecification\",\"valueRequired\":true,\"valueName\":\"search_term_string\"}}],\"inLanguage\":\"fr-FR\"},{\"@type\":\"Person\",\"@id\":\"https:\/\/www.comicbox.com\/#\/schema\/person\/05fbb62019791094900e823ca54991c7\",\"name\":\"Comic Box\",\"image\":{\"@type\":\"ImageObject\",\"inLanguage\":\"fr-FR\",\"@id\":\"https:\/\/www.comicbox.com\/#\/schema\/person\/image\/\",\"url\":\"https:\/\/secure.gravatar.com\/avatar\/0bfed4b32db324d748cf351a6c66d342cd868f37037bf83e9f4dd645f675e34f?s=96&d=mm&r=g\",\"contentUrl\":\"https:\/\/secure.gravatar.com\/avatar\/0bfed4b32db324d748cf351a6c66d342cd868f37037bf83e9f4dd645f675e34f?s=96&d=mm&r=g\",\"caption\":\"Comic Box\"},\"description\":\"Le magazine des cultures comics\",\"sameAs\":[\"http:\/\/www.comicbox.com\"],\"url\":\"https:\/\/www.comicbox.com\/index.php\/author\/admin\/\"}]}<\/script>\n<!-- \/ Yoast SEO plugin. -->","yoast_head_json":{"title":"Iron Man #18","description":"Apr\u00c3\u00a8s l'impact \u00c3\u00a9norme de l'arc pr\u00c3\u00a9c\u00c3\u00a9dent sur la mythologie de la famille du h\u00c3\u00a9ros, Iron Man doit plus que jamais se projeter vers l'avenir. Et sur le th\u00c3\u00a8me de \"deux cervelles valent mieux qu'une\", on nous montre un lendemain... qui ne chante pas tout \u00c3\u00a0 fait mais qui mat\u00c3\u00a9rialise ce que les Stark pourraient faire de l'avenir. Mais la vision r\u00c3\u00a9elle du futur ne se cache sans doute pas l\u00c3\u00a0 o\u00c3\u00b9 on pourrait le croire. Kieron Gillen continue de d\u00c3\u00a9finir la nouvelle donne pour Iron Man.","robots":{"index":"index","follow":"follow","max-snippet":"max-snippet:-1","max-image-preview":"max-image-preview:large","max-video-preview":"max-video-preview:-1"},"canonical":"https:\/\/www.comicbox.com\/index.php\/news\/avant-premiere-vo-review-iron-man-18\/","og_locale":"fr_FR","og_type":"article","og_title":"Iron Man #18","og_description":"Apr\u00c3\u00a8s l'impact \u00c3\u00a9norme de l'arc pr\u00c3\u00a9c\u00c3\u00a9dent sur la mythologie de la famille du h\u00c3\u00a9ros, Iron Man doit plus que jamais se projeter vers l'avenir. Et sur le th\u00c3\u00a8me de \"deux cervelles valent mieux qu'une\", on nous montre un lendemain... qui ne chante pas tout \u00c3\u00a0 fait mais qui mat\u00c3\u00a9rialise ce que les Stark pourraient faire de l'avenir. Mais la vision r\u00c3\u00a9elle du futur ne se cache sans doute pas l\u00c3\u00a0 o\u00c3\u00b9 on pourrait le croire. Kieron Gillen continue de d\u00c3\u00a9finir la nouvelle donne pour Iron Man.","og_url":"https:\/\/www.comicbox.com\/index.php\/news\/avant-premiere-vo-review-iron-man-18\/","article_published_time":"2013-11-09T07:00:13+00:00","og_image":[{"width":728,"height":304,"url":"https:\/\/i0.wp.com\/www.comicbox.com\/wp-content\/uploads\/2013\/11\/Iron.jpg?fit=728%2C304&ssl=1","type":"image\/jpeg"}],"author":"Comic Box","twitter_card":"summary_large_image","twitter_misc":{"\u00c9crit par":"Comic Box","Dur\u00e9e de lecture estim\u00e9e":"3 minutes"},"schema":{"@context":"https:\/\/schema.org","@graph":[{"@type":"WebPage","@id":"https:\/\/www.comicbox.com\/index.php\/news\/avant-premiere-vo-review-iron-man-18\/","url":"https:\/\/www.comicbox.com\/index.php\/news\/avant-premiere-vo-review-iron-man-18\/","name":"Iron Man #18","isPartOf":{"@id":"https:\/\/www.comicbox.com\/#website"},"primaryImageOfPage":{"@id":"https:\/\/www.comicbox.com\/index.php\/news\/avant-premiere-vo-review-iron-man-18\/#primaryimage"},"image":{"@id":"https:\/\/www.comicbox.com\/index.php\/news\/avant-premiere-vo-review-iron-man-18\/#primaryimage"},"thumbnailUrl":"https:\/\/i0.wp.com\/www.comicbox.com\/wp-content\/uploads\/2013\/11\/Iron.jpg?fit=728%2C304&ssl=1","datePublished":"2013-11-09T07:00:13+00:00","author":{"@id":"https:\/\/www.comicbox.com\/#\/schema\/person\/05fbb62019791094900e823ca54991c7"},"description":"Apr\u00c3\u00a8s l'impact \u00c3\u00a9norme de l'arc pr\u00c3\u00a9c\u00c3\u00a9dent sur la mythologie de la famille du h\u00c3\u00a9ros, Iron Man doit plus que jamais se projeter vers l'avenir. Et sur le th\u00c3\u00a8me de \"deux cervelles valent mieux qu'une\", on nous montre un lendemain... qui ne chante pas tout \u00c3\u00a0 fait mais qui mat\u00c3\u00a9rialise ce que les Stark pourraient faire de l'avenir. Mais la vision r\u00c3\u00a9elle du futur ne se cache sans doute pas l\u00c3\u00a0 o\u00c3\u00b9 on pourrait le croire. Kieron Gillen continue de d\u00c3\u00a9finir la nouvelle donne pour Iron Man.","breadcrumb":{"@id":"https:\/\/www.comicbox.com\/index.php\/news\/avant-premiere-vo-review-iron-man-18\/#breadcrumb"},"inLanguage":"fr-FR","potentialAction":[{"@type":"ReadAction","target":["https:\/\/www.comicbox.com\/index.php\/news\/avant-premiere-vo-review-iron-man-18\/"]}]},{"@type":"ImageObject","inLanguage":"fr-FR","@id":"https:\/\/www.comicbox.com\/index.php\/news\/avant-premiere-vo-review-iron-man-18\/#primaryimage","url":"https:\/\/i0.wp.com\/www.comicbox.com\/wp-content\/uploads\/2013\/11\/Iron.jpg?fit=728%2C304&ssl=1","contentUrl":"https:\/\/i0.wp.com\/www.comicbox.com\/wp-content\/uploads\/2013\/11\/Iron.jpg?fit=728%2C304&ssl=1","width":728,"height":304},{"@type":"BreadcrumbList","@id":"https:\/\/www.comicbox.com\/index.php\/news\/avant-premiere-vo-review-iron-man-18\/#breadcrumb","itemListElement":[{"@type":"ListItem","position":1,"name":"Accueil","item":"https:\/\/www.comicbox.com\/"},{"@type":"ListItem","position":2,"name":"Avant-Premi\u00e8re VO: Review Iron Man #18"}]},{"@type":"WebSite","@id":"https:\/\/www.comicbox.com\/#website","url":"https:\/\/www.comicbox.com\/","name":"","description":"le magazine des cultures comics","potentialAction":[{"@type":"SearchAction","target":{"@type":"EntryPoint","urlTemplate":"https:\/\/www.comicbox.com\/?s={search_term_string}"},"query-input":{"@type":"PropertyValueSpecification","valueRequired":true,"valueName":"search_term_string"}}],"inLanguage":"fr-FR"},{"@type":"Person","@id":"https:\/\/www.comicbox.com\/#\/schema\/person\/05fbb62019791094900e823ca54991c7","name":"Comic Box","image":{"@type":"ImageObject","inLanguage":"fr-FR","@id":"https:\/\/www.comicbox.com\/#\/schema\/person\/image\/","url":"https:\/\/secure.gravatar.com\/avatar\/0bfed4b32db324d748cf351a6c66d342cd868f37037bf83e9f4dd645f675e34f?s=96&d=mm&r=g","contentUrl":"https:\/\/secure.gravatar.com\/avatar\/0bfed4b32db324d748cf351a6c66d342cd868f37037bf83e9f4dd645f675e34f?s=96&d=mm&r=g","caption":"Comic Box"},"description":"Le magazine des cultures comics","sameAs":["http:\/\/www.comicbox.com"],"url":"https:\/\/www.comicbox.com\/index.php\/author\/admin\/"}]}},"jetpack_publicize_connections":[],"jetpack_featured_media_url":"https:\/\/i0.wp.com\/www.comicbox.com\/wp-content\/uploads\/2013\/11\/Iron.jpg?fit=728%2C304&ssl=1","jetpack_sharing_enabled":true,"jetpack_shortlink":"https:\/\/wp.me\/pvyAi-bkD","_links":{"self":[{"href":"https:\/\/www.comicbox.com\/index.php\/wp-json\/wp\/v2\/posts\/43563","targetHints":{"allow":["GET"]}}],"collection":[{"href":"https:\/\/www.comicbox.com\/index.php\/wp-json\/wp\/v2\/posts"}],"about":[{"href":"https:\/\/www.comicbox.com\/index.php\/wp-json\/wp\/v2\/types\/post"}],"author":[{"embeddable":true,"href":"https:\/\/www.comicbox.com\/index.php\/wp-json\/wp\/v2\/users\/1"}],"replies":[{"embeddable":true,"href":"https:\/\/www.comicbox.com\/index.php\/wp-json\/wp\/v2\/comments?post=43563"}],"version-history":[{"count":0,"href":"https:\/\/www.comicbox.com\/index.php\/wp-json\/wp\/v2\/posts\/43563\/revisions"}],"wp:featuredmedia":[{"embeddable":true,"href":"https:\/\/www.comicbox.com\/index.php\/wp-json\/wp\/v2\/media\/43566"}],"wp:attachment":[{"href":"https:\/\/www.comicbox.com\/index.php\/wp-json\/wp\/v2\/media?parent=43563"}],"wp:term":[{"taxonomy":"category","embeddable":true,"href":"https:\/\/www.comicbox.com\/index.php\/wp-json\/wp\/v2\/categories?post=43563"},{"taxonomy":"post_tag","embeddable":true,"href":"https:\/\/www.comicbox.com\/index.php\/wp-json\/wp\/v2\/tags?post=43563"}],"curies":[{"name":"wp","href":"https:\/\/api.w.org\/{rel}","templated":true}]}}