
{"id":41265,"date":"2013-05-19T13:02:41","date_gmt":"2013-05-19T11:02:41","guid":{"rendered":"http:\/\/www.comicbox.com\/?p=41265"},"modified":"2013-05-19T13:02:41","modified_gmt":"2013-05-19T11:02:41","slug":"avant-premiere-vo-review-wolverine-and-the-x-men-29","status":"publish","type":"post","link":"https:\/\/www.comicbox.com\/index.php\/news\/avant-premiere-vo-review-wolverine-and-the-x-men-29\/","title":{"rendered":"Avant-Premi\u00e8re VO: Review Wolverine And The X-Men #29"},"content":{"rendered":"<p style=\"text-align: justify;\"><img data-recalc-dims=\"1\" loading=\"lazy\" decoding=\"async\" data-attachment-id=\"41266\" data-permalink=\"https:\/\/www.comicbox.com\/index.php\/news\/avant-premiere-vo-review-wolverine-and-the-x-men-29\/attachment\/wolva-7\/\" data-orig-file=\"https:\/\/i0.wp.com\/www.comicbox.com\/wp-content\/uploads\/2013\/05\/WolvA.jpg?fit=70%2C70&amp;ssl=1\" data-orig-size=\"70,70\" data-comments-opened=\"1\" data-image-meta=\"{&quot;aperture&quot;:&quot;0&quot;,&quot;credit&quot;:&quot;&quot;,&quot;camera&quot;:&quot;&quot;,&quot;caption&quot;:&quot;&quot;,&quot;created_timestamp&quot;:&quot;0&quot;,&quot;copyright&quot;:&quot;&quot;,&quot;focal_length&quot;:&quot;0&quot;,&quot;iso&quot;:&quot;0&quot;,&quot;shutter_speed&quot;:&quot;0&quot;,&quot;title&quot;:&quot;&quot;}\" data-image-title=\"Avant-Premi\u00e8re VO: Review Wolverine And The X-Men #29\" data-image-description=\"\" data-image-caption=\"\" data-large-file=\"https:\/\/i0.wp.com\/www.comicbox.com\/wp-content\/uploads\/2013\/05\/WolvA.jpg?fit=70%2C70&amp;ssl=1\" class=\"alignleft size-full wp-image-41266\" style=\"margin-left: 4px; margin-right: 4px;\" alt=\"Avant-Premi\u00e8re VO: Review Wolverine And The X-Men #29\" src=\"https:\/\/i0.wp.com\/www.comicbox.com\/wp-content\/uploads\/2013\/05\/WolvA.jpg?resize=70%2C70\" width=\"70\" height=\"70\" srcset=\"https:\/\/i0.wp.com\/www.comicbox.com\/wp-content\/uploads\/2013\/05\/WolvA.jpg?w=70&amp;ssl=1 70w, https:\/\/i0.wp.com\/www.comicbox.com\/wp-content\/uploads\/2013\/05\/WolvA.jpg?resize=36%2C36&amp;ssl=1 36w\" sizes=\"auto, (max-width: 70px) 100vw, 70px\" \/>[FRENCH] La Jean Grey Academy d\u00e9cide d&rsquo;enterrer une capsule temporelle, un t\u00e9moignage des temps pr\u00e9sents mais aussi un message d&rsquo;espoir dans le futur. Mais justement, 25 ans plus tard quelqu&rsquo;un trouve la boite et d\u00e9cide de r\u00e9pondre.<!--more--> L&rsquo;occasion de voir ce que donneront certains des \u00e9l\u00e8ves de Wolverine dans l&rsquo;avenir&#8230; Et peut-\u00eatre un aper\u00e7u de \u00ab\u00a0Battle of the Atom\u00a0\u00bb ?<\/p>\n<p style=\"text-align: justify;\"><img data-recalc-dims=\"1\" loading=\"lazy\" decoding=\"async\" data-attachment-id=\"41267\" data-permalink=\"https:\/\/www.comicbox.com\/index.php\/news\/avant-premiere-vo-review-wolverine-and-the-x-men-29\/attachment\/wolvb-6\/\" data-orig-file=\"https:\/\/i0.wp.com\/www.comicbox.com\/wp-content\/uploads\/2013\/05\/WolvB.jpg?fit=350%2C538&amp;ssl=1\" data-orig-size=\"350,538\" data-comments-opened=\"1\" data-image-meta=\"{&quot;aperture&quot;:&quot;0&quot;,&quot;credit&quot;:&quot;&quot;,&quot;camera&quot;:&quot;&quot;,&quot;caption&quot;:&quot;&quot;,&quot;created_timestamp&quot;:&quot;0&quot;,&quot;copyright&quot;:&quot;&quot;,&quot;focal_length&quot;:&quot;0&quot;,&quot;iso&quot;:&quot;0&quot;,&quot;shutter_speed&quot;:&quot;0&quot;,&quot;title&quot;:&quot;&quot;}\" data-image-title=\"Wolverine And The X-Men #29\" data-image-description=\"\" data-image-caption=\"\" data-large-file=\"https:\/\/i0.wp.com\/www.comicbox.com\/wp-content\/uploads\/2013\/05\/WolvB.jpg?fit=350%2C538&amp;ssl=1\" class=\"alignright size-full wp-image-41267\" style=\"margin-left: 4px; margin-right: 4px;\" alt=\"Wolverine And The X-Men #29\" src=\"https:\/\/i0.wp.com\/www.comicbox.com\/wp-content\/uploads\/2013\/05\/WolvB.jpg?resize=350%2C538\" width=\"350\" height=\"538\" srcset=\"https:\/\/i0.wp.com\/www.comicbox.com\/wp-content\/uploads\/2013\/05\/WolvB.jpg?w=350&amp;ssl=1 350w, https:\/\/i0.wp.com\/www.comicbox.com\/wp-content\/uploads\/2013\/05\/WolvB.jpg?resize=97%2C150&amp;ssl=1 97w\" sizes=\"auto, (max-width: 350px) 100vw, 350px\" \/>Wolverine And The X-Men #29 [Marvel Comics]\nSc\u00e9nario de Jason Aaron<br \/>\nDessin de Ramon Perez<br \/>\n<em><strong>Parution aux USA le mercredi 15 mai 2013<\/strong><\/em><\/p>\n<p style=\"text-align: justify;\">Dans quelques mois les principaux titres li\u00e9s aux X-Men convergeront pour un crossover titr\u00e9 \u00ab\u00a0Battle of the Atom\u00a0\u00bb, dans lequel des X-Men en provenance du futur arrivent dans le pr\u00e9sent, bien d\u00e9cid\u00e9s \u00e0 renvoyer les X-Men originaux dans le pass\u00e9&#8230; L&rsquo;avenir est de toute mani\u00e8re quelque chose qui a int\u00e9resse Jason Aaron depuis un peu bout de temps, qu&rsquo;il s&rsquo;agisse de ses \u00e9crits avec Wolverine: Weapon X ou de Wolverine &amp; The X-Men (o\u00f9 on nous a d\u00e9j\u00e0 montr\u00e9 un futur possible des \u00e9l\u00e8ves). Voici donc un \u00e9pisode qui, sans doute, lance quelques bases, avec un Logan vieillissant et un campus o\u00f9 le nom de certains \u00e9l\u00e8ves ou certains profs fera tiquer les lecteurs. C&rsquo;est, comme souvent dans la s\u00e9rie, assez dense et cel\u00e0 lance beaucoup de pistes. Encore que je me suis demand\u00e9 comment Wolverine (qui est actuellement au bas mot centenaire mais est encore physiquement dans la force de l&rsquo;\u00e2ge) a pu prendre un tel coup de vieux en l&rsquo;espace de 25 ans.<\/p>\n<p style=\"text-align: justify;\">Montrer \u00ab\u00a0les jeunes devenus grands\u00a0\u00bb est une pulsion qui anime souvent les s\u00e9ries de super-h\u00e9ros adolescents. Et c&rsquo;est souvent casse-gueule. En lisant ce Wolverine And The X-Men #29 je me suis souvenu comment les New Mutants \u00e9taient un peu partis en vrille dans les ann\u00e9es 80, quand le jeu devenait de montrer des versions adultes de Mirage, Sunspot ou Cannonball sur une base pratiquement trimestrielle. On pourrait aussi citer les exemples plus \u00ab\u00a0r\u00e9cents\u00a0\u00bb des Teen Titans de Geoff Johns ou de la Avengers Academy. C&rsquo;est casse-gueule parce que bien souvent soit c&rsquo;est sans suite, soit \u00e7a enl\u00e8ve un certain int\u00e9r\u00eat au personnage contemporain, d\u00e9pass\u00e9 par son double futuriste. Ici, c&rsquo;est quand m\u00eame autre chose. M\u00eame si j&rsquo;aurais pr\u00e9f\u00e9r\u00e9 que Nick Bradshaw (qui s&rsquo;en tire particuli\u00e8rement bien avec les sc\u00e8nes surpeupl\u00e9es) soit au dessin, Ramon Perez livre un bon travail. Mais surtout Jason Aaron continue de lancer avec force des concepts, de montrer comment m\u00eame les personnages les plus anodins peuvent devenir imposants, esp\u00e9rer en l&rsquo;avenir (le gardien de la station orbitale, par exemple, qui a du coup un petit c\u00f4t\u00e9 Omac). Et surtout le sc\u00e9nariste n&rsquo;oublie jamais la dimension humaine, se garde toujours un petit renversement l\u00e0 o\u00f9 il le faut. Les derni\u00e8res pages ont ainsi un petit parfum similaire \u00e0 ce que qui arrivait \u00e0 Broo il y a quelques mois. Non, personne ne se fait tirer dessus. Mais l&rsquo;angoisse envers l&rsquo;avenir y est \u00e0 la hauteur de ce qu&rsquo;Aaron a montr\u00e9 par ailleurs dans l&rsquo;\u00e9pisode. Int\u00e9ressant&#8230;<\/p>\n<p style=\"text-align: justify;\">[<em>Xavier Fournier<\/em>]\n","protected":false},"excerpt":{"rendered":"<p>[FRENCH] La Jean Grey Academy d\u00e9cide d&rsquo;enterrer une capsule temporelle, un t\u00e9moignage des temps pr\u00e9sents mais aussi un message d&rsquo;espoir&hellip;<\/p>\n","protected":false},"author":1,"featured_media":41268,"comment_status":"open","ping_status":"open","sticky":false,"template":"","format":"standard","meta":{"jetpack_post_was_ever_published":false,"_jetpack_newsletter_access":"","_jetpack_dont_email_post_to_subs":false,"_jetpack_newsletter_tier_id":0,"_jetpack_memberships_contains_paywalled_content":false,"_jetpack_memberships_contains_paid_content":false,"footnotes":"","jetpack_publicize_message":"","jetpack_publicize_feature_enabled":true,"jetpack_social_post_already_shared":false,"jetpack_social_options":{"image_generator_settings":{"template":"highway","default_image_id":0,"font":"","enabled":false},"version":2}},"categories":[3,1727,1],"tags":[21,1063,5142,27,4334],"class_list":["post-41265","post","type-post","status-publish","format-standard","has-post-thumbnail","hentry","category-articles","category-diapo","category-news","tag-comics","tag-jason-aaron","tag-marvel","tag-marvel-comics","tag-wolverine-and-the-x-men"],"yoast_head":"<!-- This site is optimized with the Yoast SEO plugin v24.9 - https:\/\/yoast.com\/wordpress\/plugins\/seo\/ -->\n<title>Wolverine And The X-Men #29<\/title>\n<meta name=\"description\" content=\"La Jean Grey Academy d\u00c3\u00a9cide d&#039;enterrer une capsule temporelle, un t\u00c3\u00a9moignage des temps pr\u00c3\u00a9sents mais aussi un message d&#039;espoir dans le futur. Mais justement, 25 ans plus tard quelqu&#039;un trouve la boite et d\u00c3\u00a9cide de r\u00c3\u00a9pondre. L&#039;occasion de voir ce que donneront certains des \u00c3\u00a9l\u00c3\u00a8ves de Wolverine dans l&#039;avenir... Et peut-\u00c3\u00aatre un aper\u00c3\u00a7u de &quot;Battle of the Atom&quot; ?\" \/>\n<meta name=\"robots\" content=\"index, follow, max-snippet:-1, max-image-preview:large, max-video-preview:-1\" \/>\n<link rel=\"canonical\" href=\"http:\/\/www.comicbox.com\/index.php\/news\/avant-premiere-vo-review-wolverine-and-the-x-men-29\/\" \/>\n<meta property=\"og:locale\" content=\"fr_FR\" \/>\n<meta property=\"og:type\" content=\"article\" \/>\n<meta property=\"og:title\" content=\"Wolverine And The X-Men #29\" \/>\n<meta property=\"og:description\" content=\"La Jean Grey Academy d\u00c3\u00a9cide d&#039;enterrer une capsule temporelle, un t\u00c3\u00a9moignage des temps pr\u00c3\u00a9sents mais aussi un message d&#039;espoir dans le futur. Mais justement, 25 ans plus tard quelqu&#039;un trouve la boite et d\u00c3\u00a9cide de r\u00c3\u00a9pondre. L&#039;occasion de voir ce que donneront certains des \u00c3\u00a9l\u00c3\u00a8ves de Wolverine dans l&#039;avenir... Et peut-\u00c3\u00aatre un aper\u00c3\u00a7u de &quot;Battle of the Atom&quot; ?\" \/>\n<meta property=\"og:url\" content=\"http:\/\/www.comicbox.com\/index.php\/news\/avant-premiere-vo-review-wolverine-and-the-x-men-29\/\" \/>\n<meta property=\"article:published_time\" content=\"2013-05-19T11:02:41+00:00\" \/>\n<meta property=\"og:image\" content=\"https:\/\/i0.wp.com\/www.comicbox.com\/wp-content\/uploads\/2013\/05\/Wolv.jpg?fit=728%2C304\" \/>\n\t<meta property=\"og:image:width\" content=\"728\" \/>\n\t<meta property=\"og:image:height\" content=\"304\" \/>\n\t<meta property=\"og:image:type\" content=\"image\/jpeg\" \/>\n<meta name=\"author\" content=\"Comic Box\" \/>\n<meta name=\"twitter:card\" content=\"summary_large_image\" \/>\n<meta name=\"twitter:label1\" content=\"\u00c9crit par\" \/>\n\t<meta name=\"twitter:data1\" content=\"Comic Box\" \/>\n\t<meta name=\"twitter:label2\" content=\"Dur\u00e9e de lecture estim\u00e9e\" \/>\n\t<meta name=\"twitter:data2\" content=\"3 minutes\" \/>\n<script type=\"application\/ld+json\" class=\"yoast-schema-graph\">{\"@context\":\"https:\/\/schema.org\",\"@graph\":[{\"@type\":\"WebPage\",\"@id\":\"http:\/\/www.comicbox.com\/index.php\/news\/avant-premiere-vo-review-wolverine-and-the-x-men-29\/\",\"url\":\"http:\/\/www.comicbox.com\/index.php\/news\/avant-premiere-vo-review-wolverine-and-the-x-men-29\/\",\"name\":\"Wolverine And The X-Men #29\",\"isPartOf\":{\"@id\":\"https:\/\/www.comicbox.com\/#website\"},\"primaryImageOfPage\":{\"@id\":\"http:\/\/www.comicbox.com\/index.php\/news\/avant-premiere-vo-review-wolverine-and-the-x-men-29\/#primaryimage\"},\"image\":{\"@id\":\"http:\/\/www.comicbox.com\/index.php\/news\/avant-premiere-vo-review-wolverine-and-the-x-men-29\/#primaryimage\"},\"thumbnailUrl\":\"https:\/\/i0.wp.com\/www.comicbox.com\/wp-content\/uploads\/2013\/05\/Wolv.jpg?fit=728%2C304&ssl=1\",\"datePublished\":\"2013-05-19T11:02:41+00:00\",\"author\":{\"@id\":\"https:\/\/www.comicbox.com\/#\/schema\/person\/05fbb62019791094900e823ca54991c7\"},\"description\":\"La Jean Grey Academy d\u00c3\u00a9cide d'enterrer une capsule temporelle, un t\u00c3\u00a9moignage des temps pr\u00c3\u00a9sents mais aussi un message d'espoir dans le futur. Mais justement, 25 ans plus tard quelqu'un trouve la boite et d\u00c3\u00a9cide de r\u00c3\u00a9pondre. L'occasion de voir ce que donneront certains des \u00c3\u00a9l\u00c3\u00a8ves de Wolverine dans l'avenir... Et peut-\u00c3\u00aatre un aper\u00c3\u00a7u de \\\"Battle of the Atom\\\" ?\",\"breadcrumb\":{\"@id\":\"http:\/\/www.comicbox.com\/index.php\/news\/avant-premiere-vo-review-wolverine-and-the-x-men-29\/#breadcrumb\"},\"inLanguage\":\"fr-FR\",\"potentialAction\":[{\"@type\":\"ReadAction\",\"target\":[\"http:\/\/www.comicbox.com\/index.php\/news\/avant-premiere-vo-review-wolverine-and-the-x-men-29\/\"]}]},{\"@type\":\"ImageObject\",\"inLanguage\":\"fr-FR\",\"@id\":\"http:\/\/www.comicbox.com\/index.php\/news\/avant-premiere-vo-review-wolverine-and-the-x-men-29\/#primaryimage\",\"url\":\"https:\/\/i0.wp.com\/www.comicbox.com\/wp-content\/uploads\/2013\/05\/Wolv.jpg?fit=728%2C304&ssl=1\",\"contentUrl\":\"https:\/\/i0.wp.com\/www.comicbox.com\/wp-content\/uploads\/2013\/05\/Wolv.jpg?fit=728%2C304&ssl=1\",\"width\":728,\"height\":304},{\"@type\":\"BreadcrumbList\",\"@id\":\"http:\/\/www.comicbox.com\/index.php\/news\/avant-premiere-vo-review-wolverine-and-the-x-men-29\/#breadcrumb\",\"itemListElement\":[{\"@type\":\"ListItem\",\"position\":1,\"name\":\"Accueil\",\"item\":\"https:\/\/www.comicbox.com\/\"},{\"@type\":\"ListItem\",\"position\":2,\"name\":\"Avant-Premi\u00e8re VO: Review Wolverine And The X-Men #29\"}]},{\"@type\":\"WebSite\",\"@id\":\"https:\/\/www.comicbox.com\/#website\",\"url\":\"https:\/\/www.comicbox.com\/\",\"name\":\"\",\"description\":\"le magazine des cultures comics\",\"potentialAction\":[{\"@type\":\"SearchAction\",\"target\":{\"@type\":\"EntryPoint\",\"urlTemplate\":\"https:\/\/www.comicbox.com\/?s={search_term_string}\"},\"query-input\":{\"@type\":\"PropertyValueSpecification\",\"valueRequired\":true,\"valueName\":\"search_term_string\"}}],\"inLanguage\":\"fr-FR\"},{\"@type\":\"Person\",\"@id\":\"https:\/\/www.comicbox.com\/#\/schema\/person\/05fbb62019791094900e823ca54991c7\",\"name\":\"Comic Box\",\"image\":{\"@type\":\"ImageObject\",\"inLanguage\":\"fr-FR\",\"@id\":\"https:\/\/www.comicbox.com\/#\/schema\/person\/image\/\",\"url\":\"https:\/\/secure.gravatar.com\/avatar\/0bfed4b32db324d748cf351a6c66d342cd868f37037bf83e9f4dd645f675e34f?s=96&d=mm&r=g\",\"contentUrl\":\"https:\/\/secure.gravatar.com\/avatar\/0bfed4b32db324d748cf351a6c66d342cd868f37037bf83e9f4dd645f675e34f?s=96&d=mm&r=g\",\"caption\":\"Comic Box\"},\"description\":\"Le magazine des cultures comics\",\"sameAs\":[\"http:\/\/www.comicbox.com\"],\"url\":\"https:\/\/www.comicbox.com\/index.php\/author\/admin\/\"}]}<\/script>\n<!-- \/ Yoast SEO plugin. -->","yoast_head_json":{"title":"Wolverine And The X-Men #29","description":"La Jean Grey Academy d\u00c3\u00a9cide d'enterrer une capsule temporelle, un t\u00c3\u00a9moignage des temps pr\u00c3\u00a9sents mais aussi un message d'espoir dans le futur. Mais justement, 25 ans plus tard quelqu'un trouve la boite et d\u00c3\u00a9cide de r\u00c3\u00a9pondre. L'occasion de voir ce que donneront certains des \u00c3\u00a9l\u00c3\u00a8ves de Wolverine dans l'avenir... Et peut-\u00c3\u00aatre un aper\u00c3\u00a7u de \"Battle of the Atom\" ?","robots":{"index":"index","follow":"follow","max-snippet":"max-snippet:-1","max-image-preview":"max-image-preview:large","max-video-preview":"max-video-preview:-1"},"canonical":"http:\/\/www.comicbox.com\/index.php\/news\/avant-premiere-vo-review-wolverine-and-the-x-men-29\/","og_locale":"fr_FR","og_type":"article","og_title":"Wolverine And The X-Men #29","og_description":"La Jean Grey Academy d\u00c3\u00a9cide d'enterrer une capsule temporelle, un t\u00c3\u00a9moignage des temps pr\u00c3\u00a9sents mais aussi un message d'espoir dans le futur. Mais justement, 25 ans plus tard quelqu'un trouve la boite et d\u00c3\u00a9cide de r\u00c3\u00a9pondre. L'occasion de voir ce que donneront certains des \u00c3\u00a9l\u00c3\u00a8ves de Wolverine dans l'avenir... Et peut-\u00c3\u00aatre un aper\u00c3\u00a7u de \"Battle of the Atom\" ?","og_url":"http:\/\/www.comicbox.com\/index.php\/news\/avant-premiere-vo-review-wolverine-and-the-x-men-29\/","article_published_time":"2013-05-19T11:02:41+00:00","og_image":[{"width":728,"height":304,"url":"https:\/\/i0.wp.com\/www.comicbox.com\/wp-content\/uploads\/2013\/05\/Wolv.jpg?fit=728%2C304","type":"image\/jpeg"}],"author":"Comic Box","twitter_card":"summary_large_image","twitter_misc":{"\u00c9crit par":"Comic Box","Dur\u00e9e de lecture estim\u00e9e":"3 minutes"},"schema":{"@context":"https:\/\/schema.org","@graph":[{"@type":"WebPage","@id":"http:\/\/www.comicbox.com\/index.php\/news\/avant-premiere-vo-review-wolverine-and-the-x-men-29\/","url":"http:\/\/www.comicbox.com\/index.php\/news\/avant-premiere-vo-review-wolverine-and-the-x-men-29\/","name":"Wolverine And The X-Men #29","isPartOf":{"@id":"https:\/\/www.comicbox.com\/#website"},"primaryImageOfPage":{"@id":"http:\/\/www.comicbox.com\/index.php\/news\/avant-premiere-vo-review-wolverine-and-the-x-men-29\/#primaryimage"},"image":{"@id":"http:\/\/www.comicbox.com\/index.php\/news\/avant-premiere-vo-review-wolverine-and-the-x-men-29\/#primaryimage"},"thumbnailUrl":"https:\/\/i0.wp.com\/www.comicbox.com\/wp-content\/uploads\/2013\/05\/Wolv.jpg?fit=728%2C304&ssl=1","datePublished":"2013-05-19T11:02:41+00:00","author":{"@id":"https:\/\/www.comicbox.com\/#\/schema\/person\/05fbb62019791094900e823ca54991c7"},"description":"La Jean Grey Academy d\u00c3\u00a9cide d'enterrer une capsule temporelle, un t\u00c3\u00a9moignage des temps pr\u00c3\u00a9sents mais aussi un message d'espoir dans le futur. Mais justement, 25 ans plus tard quelqu'un trouve la boite et d\u00c3\u00a9cide de r\u00c3\u00a9pondre. L'occasion de voir ce que donneront certains des \u00c3\u00a9l\u00c3\u00a8ves de Wolverine dans l'avenir... Et peut-\u00c3\u00aatre un aper\u00c3\u00a7u de \"Battle of the Atom\" ?","breadcrumb":{"@id":"http:\/\/www.comicbox.com\/index.php\/news\/avant-premiere-vo-review-wolverine-and-the-x-men-29\/#breadcrumb"},"inLanguage":"fr-FR","potentialAction":[{"@type":"ReadAction","target":["http:\/\/www.comicbox.com\/index.php\/news\/avant-premiere-vo-review-wolverine-and-the-x-men-29\/"]}]},{"@type":"ImageObject","inLanguage":"fr-FR","@id":"http:\/\/www.comicbox.com\/index.php\/news\/avant-premiere-vo-review-wolverine-and-the-x-men-29\/#primaryimage","url":"https:\/\/i0.wp.com\/www.comicbox.com\/wp-content\/uploads\/2013\/05\/Wolv.jpg?fit=728%2C304&ssl=1","contentUrl":"https:\/\/i0.wp.com\/www.comicbox.com\/wp-content\/uploads\/2013\/05\/Wolv.jpg?fit=728%2C304&ssl=1","width":728,"height":304},{"@type":"BreadcrumbList","@id":"http:\/\/www.comicbox.com\/index.php\/news\/avant-premiere-vo-review-wolverine-and-the-x-men-29\/#breadcrumb","itemListElement":[{"@type":"ListItem","position":1,"name":"Accueil","item":"https:\/\/www.comicbox.com\/"},{"@type":"ListItem","position":2,"name":"Avant-Premi\u00e8re VO: Review Wolverine And The X-Men #29"}]},{"@type":"WebSite","@id":"https:\/\/www.comicbox.com\/#website","url":"https:\/\/www.comicbox.com\/","name":"","description":"le magazine des cultures comics","potentialAction":[{"@type":"SearchAction","target":{"@type":"EntryPoint","urlTemplate":"https:\/\/www.comicbox.com\/?s={search_term_string}"},"query-input":{"@type":"PropertyValueSpecification","valueRequired":true,"valueName":"search_term_string"}}],"inLanguage":"fr-FR"},{"@type":"Person","@id":"https:\/\/www.comicbox.com\/#\/schema\/person\/05fbb62019791094900e823ca54991c7","name":"Comic Box","image":{"@type":"ImageObject","inLanguage":"fr-FR","@id":"https:\/\/www.comicbox.com\/#\/schema\/person\/image\/","url":"https:\/\/secure.gravatar.com\/avatar\/0bfed4b32db324d748cf351a6c66d342cd868f37037bf83e9f4dd645f675e34f?s=96&d=mm&r=g","contentUrl":"https:\/\/secure.gravatar.com\/avatar\/0bfed4b32db324d748cf351a6c66d342cd868f37037bf83e9f4dd645f675e34f?s=96&d=mm&r=g","caption":"Comic Box"},"description":"Le magazine des cultures comics","sameAs":["http:\/\/www.comicbox.com"],"url":"https:\/\/www.comicbox.com\/index.php\/author\/admin\/"}]}},"jetpack_publicize_connections":[],"jetpack_featured_media_url":"https:\/\/i0.wp.com\/www.comicbox.com\/wp-content\/uploads\/2013\/05\/Wolv.jpg?fit=728%2C304&ssl=1","jetpack_sharing_enabled":true,"jetpack_shortlink":"https:\/\/wp.me\/pvyAi-aJz","_links":{"self":[{"href":"https:\/\/www.comicbox.com\/index.php\/wp-json\/wp\/v2\/posts\/41265","targetHints":{"allow":["GET"]}}],"collection":[{"href":"https:\/\/www.comicbox.com\/index.php\/wp-json\/wp\/v2\/posts"}],"about":[{"href":"https:\/\/www.comicbox.com\/index.php\/wp-json\/wp\/v2\/types\/post"}],"author":[{"embeddable":true,"href":"https:\/\/www.comicbox.com\/index.php\/wp-json\/wp\/v2\/users\/1"}],"replies":[{"embeddable":true,"href":"https:\/\/www.comicbox.com\/index.php\/wp-json\/wp\/v2\/comments?post=41265"}],"version-history":[{"count":0,"href":"https:\/\/www.comicbox.com\/index.php\/wp-json\/wp\/v2\/posts\/41265\/revisions"}],"wp:featuredmedia":[{"embeddable":true,"href":"https:\/\/www.comicbox.com\/index.php\/wp-json\/wp\/v2\/media\/41268"}],"wp:attachment":[{"href":"https:\/\/www.comicbox.com\/index.php\/wp-json\/wp\/v2\/media?parent=41265"}],"wp:term":[{"taxonomy":"category","embeddable":true,"href":"https:\/\/www.comicbox.com\/index.php\/wp-json\/wp\/v2\/categories?post=41265"},{"taxonomy":"post_tag","embeddable":true,"href":"https:\/\/www.comicbox.com\/index.php\/wp-json\/wp\/v2\/tags?post=41265"}],"curies":[{"name":"wp","href":"https:\/\/api.w.org\/{rel}","templated":true}]}}