
{"id":40082,"date":"2013-02-22T14:50:59","date_gmt":"2013-02-22T13:50:59","guid":{"rendered":"http:\/\/www.comicbox.com\/?p=40082"},"modified":"2013-02-22T14:52:26","modified_gmt":"2013-02-22T13:52:26","slug":"powerless-interview-david-sarrio","status":"publish","type":"post","link":"https:\/\/www.comicbox.com\/index.php\/news\/powerless-interview-david-sarrio\/","title":{"rendered":"Powerless: Interview David Sarrio"},"content":{"rendered":"<p style=\"text-align: justify;\"><img data-recalc-dims=\"1\" loading=\"lazy\" decoding=\"async\" data-attachment-id=\"39451\" data-permalink=\"https:\/\/www.comicbox.com\/index.php\/news\/powerless-le-nouveau-super-heros-de-david-sarrio\/attachment\/powerlessa\/\" data-orig-file=\"https:\/\/i0.wp.com\/www.comicbox.com\/wp-content\/uploads\/2013\/01\/PowerlessA.jpg?fit=70%2C70&amp;ssl=1\" data-orig-size=\"70,70\" data-comments-opened=\"1\" data-image-meta=\"{&quot;aperture&quot;:&quot;0&quot;,&quot;credit&quot;:&quot;&quot;,&quot;camera&quot;:&quot;&quot;,&quot;caption&quot;:&quot;&quot;,&quot;created_timestamp&quot;:&quot;0&quot;,&quot;copyright&quot;:&quot;&quot;,&quot;focal_length&quot;:&quot;0&quot;,&quot;iso&quot;:&quot;0&quot;,&quot;shutter_speed&quot;:&quot;0&quot;,&quot;title&quot;:&quot;&quot;}\" data-image-title=\"Powerless: Interview David Sarrio\" data-image-description=\"\" data-image-caption=\"\" data-large-file=\"https:\/\/i0.wp.com\/www.comicbox.com\/wp-content\/uploads\/2013\/01\/PowerlessA.jpg?fit=70%2C70&amp;ssl=1\" class=\"alignleft size-full wp-image-39451\" style=\"margin-left: 4px; margin-right: 4px;\" alt=\"Powerless: Interview David Sarrio\" src=\"https:\/\/i0.wp.com\/www.comicbox.com\/wp-content\/uploads\/2013\/01\/PowerlessA.jpg?resize=70%2C70\" width=\"70\" height=\"70\" srcset=\"https:\/\/i0.wp.com\/www.comicbox.com\/wp-content\/uploads\/2013\/01\/PowerlessA.jpg?w=70&amp;ssl=1 70w, https:\/\/i0.wp.com\/www.comicbox.com\/wp-content\/uploads\/2013\/01\/PowerlessA.jpg?resize=36%2C36&amp;ssl=1 36w\" sizes=\"auto, (max-width: 70px) 100vw, 70px\" \/>[FRENCH] Il ne reste plus que quelques semaines pour <a href=\"http:\/\/fr.ulule.com\/powerless-film\/\" target=\"_blank\"><strong>participer au financement de Powerless<\/strong><\/a>, le projet de court-m\u00e9trage (et plus si affinit\u00e9) du fran\u00e7ais David Sarrio sur l&rsquo;univers des super-h\u00e9ros (pour ceux qui suivent, on vous en a d\u00e9j\u00e0 touch\u00e9 quelques mots<!--more--> dans Comic Box #81). Si l&rsquo;id\u00e9e a d\u00e9j\u00e0 beaucoup s\u00e9duit, il ne faut pas croire que les choses sont r\u00e9gl\u00e9es (il reste environ 40% du budget \u00e0 trouver). Pour nous, Le r\u00e9alisateur d\u00e9voile un peu plus son concept !<\/p>\n<p style=\"text-align: justify;\"><!-- vimeo error: not a vimeo video -->\n<p style=\"text-align: justify;\"><strong>Comic Box: Bonjour David. Ton attirance pour les films inspir\u00e9s par les comics (ci-dessous ta bande-annonce d&rsquo;un film Punisher que tu aurais aim\u00e9 mettre en chantier) et les super-h\u00e9ros n&rsquo;est plus \u00e0 pr\u00e9senter. Mais pourrais-tu nous dire comment est n\u00e9e l&rsquo;id\u00e9e de Powerless ?<\/strong><\/p>\n<p style=\"text-align: justify;\">David Sarrio: C\u2019est au fond un processus naturel qui est li\u00e9 \u00e0 mon amour du genre. Il y 5\/6 ans J&rsquo;avais d\u00e9j\u00e0 d\u00e9velopp\u00e9 un synopsis de long m\u00e9trage de Super-h\u00e9ros avec Antoine de Froberville et Denys Corel . Un jour, une jeune prod me demande d\u2019\u00e9crire une s\u00e9rie Web de Super h\u00e9ros. La prod me pr\u00e9sente un jeune sc\u00e9nariste Christophe Guillemain, avec qui je d\u00e9cide de travailler. Powerless commence alors \u00e0 prendre vie sous la forme d\u2019un 8X26.<\/p>\n<p style=\"text-align: justify;\"><!-- vimeo error: not a vimeo video -->\n<p style=\"text-align: justify;\"><strong>CB: Une petite pr\u00e9cision sur le sujet. Il s&rsquo;agit d&rsquo;un personnage qui a perdu ses pouvoirs. S&rsquo;agit-il vraiment d&rsquo;un r\u00e9cit super-h\u00e9ro\u00efque ou post-super-h\u00e9ro\u00efque, c&rsquo;est \u00e0 dire un ancien super-h\u00e9ros ?<\/strong><\/p>\n<p style=\"text-align: justify;\"><img data-recalc-dims=\"1\" loading=\"lazy\" decoding=\"async\" data-attachment-id=\"40084\" data-permalink=\"https:\/\/www.comicbox.com\/index.php\/news\/powerless-interview-david-sarrio\/attachment\/powerless-1-58\/\" data-orig-file=\"https:\/\/i0.wp.com\/www.comicbox.com\/wp-content\/uploads\/2013\/02\/powerless-1-58.png?fit=640%2C621&amp;ssl=1\" data-orig-size=\"640,621\" data-comments-opened=\"1\" data-image-meta=\"{&quot;aperture&quot;:&quot;0&quot;,&quot;credit&quot;:&quot;&quot;,&quot;camera&quot;:&quot;&quot;,&quot;caption&quot;:&quot;&quot;,&quot;created_timestamp&quot;:&quot;0&quot;,&quot;copyright&quot;:&quot;&quot;,&quot;focal_length&quot;:&quot;0&quot;,&quot;iso&quot;:&quot;0&quot;,&quot;shutter_speed&quot;:&quot;0&quot;,&quot;title&quot;:&quot;&quot;}\" data-image-title=\"Powerless: Interview David Sarrio\" data-image-description=\"\" data-image-caption=\"\" data-large-file=\"https:\/\/i0.wp.com\/www.comicbox.com\/wp-content\/uploads\/2013\/02\/powerless-1-58.png?fit=640%2C621&amp;ssl=1\" class=\"alignright  wp-image-40084\" style=\"margin-left: 4px; margin-right: 4px;\" alt=\"Powerless: Interview David Sarrio\" src=\"https:\/\/i0.wp.com\/www.comicbox.com\/wp-content\/uploads\/2013\/02\/powerless-1-58.png?resize=384%2C373\" width=\"384\" height=\"373\" srcset=\"https:\/\/i0.wp.com\/www.comicbox.com\/wp-content\/uploads\/2013\/02\/powerless-1-58.png?w=640&amp;ssl=1 640w, https:\/\/i0.wp.com\/www.comicbox.com\/wp-content\/uploads\/2013\/02\/powerless-1-58.png?resize=150%2C145&amp;ssl=1 150w, https:\/\/i0.wp.com\/www.comicbox.com\/wp-content\/uploads\/2013\/02\/powerless-1-58.png?resize=36%2C36&amp;ssl=1 36w\" sizes=\"auto, (max-width: 384px) 100vw, 384px\" \/>DS: Je pars sur l\u2019id\u00e9e d\u2019un Super h\u00e9ros qui perd ses pouvoirs d\u00e9s la premi\u00e8re sc\u00e8ne du 1er \u00e9pisode. Tout son trajet dramatique va consister \u00e0 savoir comment et pourquoi (il devient partiellement amn\u00e9sique) il a perdu ses pouvoirs. Il va devoir faire, et non refaire, son trajet h\u00e9ro\u00efque pour(re)devenir un Super h\u00e9ros. Cette structure me permettait aussi de proposer une prequel sur l\u2019origine du SH. Et bien entendu, ce choix dramaturgique me permettait de r\u00e9duire les couts de production. Je n&rsquo;avais pas des sfx tout les 5mn.<\/p>\n<p style=\"text-align: justify;\">Le producteur ne parvient pas \u00e0 trouver les financements, et je d\u00e9cide alors d\u2019un faire un court. J&rsquo;\u00e9cris un 15mn qui reprend les \u00e9l\u00e9ments principaux de la s\u00e9rie. Le projet \u00e9tait orient\u00e9 action et concept de genre (la quasi-totalit\u00e9 du l\u2019histoire se d\u00e9roulait ds une prison). C\u2019\u00e9tait une petite histoire dans la grande histoire. Un structure dramaturgique tr\u00e8s s\u00e9rial et comics.<\/p>\n<p style=\"text-align: justify;\">Il s\u2019av\u00e8re que le budget me semblait trop \u00e9lev\u00e9 pour faire ce court. Je demande \u00e0 Denys corel et Antoine de Froberville de faire du script doctoring et de m\u2019aider \u00e0 le r\u00e9\u00e9crire moins chers. Avec Denys Corel, on sortait d\u2019un court pour Cin\u00e9 + (http:\/\/vimeo.com\/30368384) rapidement fait et ayant cout\u00e9 70 euros, J\u2019avais aim\u00e9 son \u00e9criture sur ce type d\u2019exercice. J\u2019ai alors voulu recentrer le projet sur des sc\u00e8nes de tension psychologique plus que d\u2019action, en imposant certains d\u00e9cors et contrainte budg\u00e9taires. On peut juste remarquer que la sc\u00e8ne de d\u00e9but du premier projet de court et tr\u00e8s proche de la sc\u00e8ne final de Powerless tel qu\u2019il est maintenant.<\/p>\n<p style=\"text-align: justify;\"><img data-recalc-dims=\"1\" loading=\"lazy\" decoding=\"async\" data-attachment-id=\"40085\" data-permalink=\"https:\/\/www.comicbox.com\/index.php\/news\/powerless-interview-david-sarrio\/attachment\/story-def-powercave-1_1\/\" data-orig-file=\"https:\/\/i0.wp.com\/www.comicbox.com\/wp-content\/uploads\/2013\/02\/story-def-powercave-1_1.png?fit=692%2C625&amp;ssl=1\" data-orig-size=\"692,625\" data-comments-opened=\"1\" data-image-meta=\"{&quot;aperture&quot;:&quot;0&quot;,&quot;credit&quot;:&quot;&quot;,&quot;camera&quot;:&quot;&quot;,&quot;caption&quot;:&quot;&quot;,&quot;created_timestamp&quot;:&quot;0&quot;,&quot;copyright&quot;:&quot;&quot;,&quot;focal_length&quot;:&quot;0&quot;,&quot;iso&quot;:&quot;0&quot;,&quot;shutter_speed&quot;:&quot;0&quot;,&quot;title&quot;:&quot;&quot;}\" data-image-title=\"Powerless: Interview David Sarrio\" data-image-description=\"\" data-image-caption=\"\" data-large-file=\"https:\/\/i0.wp.com\/www.comicbox.com\/wp-content\/uploads\/2013\/02\/story-def-powercave-1_1.png?fit=692%2C625&amp;ssl=1\" class=\"alignleft  wp-image-40085\" alt=\"Powerless: Interview David Sarrio\" src=\"https:\/\/i0.wp.com\/www.comicbox.com\/wp-content\/uploads\/2013\/02\/story-def-powercave-1_1.png?resize=415%2C375\" width=\"415\" height=\"375\" srcset=\"https:\/\/i0.wp.com\/www.comicbox.com\/wp-content\/uploads\/2013\/02\/story-def-powercave-1_1.png?w=692&amp;ssl=1 692w, https:\/\/i0.wp.com\/www.comicbox.com\/wp-content\/uploads\/2013\/02\/story-def-powercave-1_1.png?resize=150%2C135&amp;ssl=1 150w\" sizes=\"auto, (max-width: 415px) 100vw, 415px\" \/>Denys propose alors une nouvelle id\u00e9e forte qui va plus encore au c\u0153ur du sujet (Powerles !) et je le laisse \u00e9crire le court que je m\u2019appr\u00eate \u00e0 r\u00e9aliser bient\u00f4t.<\/p>\n<p style=\"text-align: justify;\">Voil\u00e0, factuellement, comment est n\u00e9 Powerless.<\/p>\n<p style=\"text-align: justify;\">Pour parler du sujet, le court suit une courbe qui va vers le r\u00e9cit post super h\u00e9ro\u00efque. Nous racontons l\u2019histoire d\u2019un super h\u00e9ros d\u00e9poss\u00e9d\u00e9 de ses pouvoirs. Du coup, on dresse surtout un portrait humain.<\/p>\n<p style=\"text-align: justify;\"><strong>CB: On a d\u00e9j\u00e0 vu un certain nombre de courts-m\u00e9trages ou m\u00eame de s\u00e9ries TV aborder le th\u00e8me des super-h\u00e9ros mais souvent sur un th\u00e8me au moins un peu parodique. Est-ce que Powerless est plus proche d&rsquo;HeroCorp ou bien ton teaser du Punisher ?<\/strong><\/p>\n<p style=\"text-align: justify;\">DS: Ce n&rsquo;est ni l\u2019un ni l\u2019autre. Cependant, Powerless c&rsquo;est du 1er degr\u00e9. Le ton n\u2019est pas celui de la com\u00e9die Certes, L\u2019intro du court d\u2019une dur\u00e9e d\u2019environ 1mn baigne dans l\u2019imagerie arch\u00e9typale, voir clich\u00e9, du mod\u00e8le super h\u00e9ro\u00efque. Donc, un aspect satirique sera perceptible mais c\u2019est le d\u00e9but de l\u2019histoire qui veut cela. Souvenez-vous de Robocop. Puis, un \u00e9l\u00e9ment, au ton os\u00e9 qui j\u2019imagine fera sourire beaucoup, conclu l\u2019intro. C\u2019est l\u2019\u00e9l\u00e9ment d\u00e9clencheur de la situation dramatique que va vivre Capt Power alias Christopher Wyatt .<\/p>\n<p style=\"text-align: justify;\"><strong><img data-recalc-dims=\"1\" loading=\"lazy\" decoding=\"async\" data-attachment-id=\"40086\" data-permalink=\"https:\/\/www.comicbox.com\/index.php\/news\/powerless-interview-david-sarrio\/attachment\/hero_test_01\/\" data-orig-file=\"https:\/\/i0.wp.com\/www.comicbox.com\/wp-content\/uploads\/2013\/02\/hero_test_01.jpg?fit=3145%2C5222&amp;ssl=1\" data-orig-size=\"3145,5222\" data-comments-opened=\"1\" data-image-meta=\"{&quot;aperture&quot;:&quot;4.8&quot;,&quot;credit&quot;:&quot;&quot;,&quot;camera&quot;:&quot;KODAK EASYSHARE V803 ZOOM DIGITAL CAMERA&quot;,&quot;caption&quot;:&quot;&quot;,&quot;created_timestamp&quot;:&quot;1224586184&quot;,&quot;copyright&quot;:&quot;&quot;,&quot;focal_length&quot;:&quot;7.5&quot;,&quot;iso&quot;:&quot;80&quot;,&quot;shutter_speed&quot;:&quot;0.001&quot;,&quot;title&quot;:&quot;&quot;}\" data-image-title=\"Powerless: Interview David Sarrio\" data-image-description=\"\" data-image-caption=\"\" data-large-file=\"https:\/\/i0.wp.com\/www.comicbox.com\/wp-content\/uploads\/2013\/02\/hero_test_01.jpg?fit=616%2C1024&amp;ssl=1\" class=\"alignright  wp-image-40086\" style=\"margin-left: 4px; margin-right: 4px; border: 1px solid black;\" alt=\"Powerless: Interview David Sarrio\" src=\"https:\/\/i0.wp.com\/www.comicbox.com\/wp-content\/uploads\/2013\/02\/hero_test_01.jpg?resize=407%2C677\" width=\"407\" height=\"677\" srcset=\"https:\/\/i0.wp.com\/www.comicbox.com\/wp-content\/uploads\/2013\/02\/hero_test_01.jpg?w=3145&amp;ssl=1 3145w, https:\/\/i0.wp.com\/www.comicbox.com\/wp-content\/uploads\/2013\/02\/hero_test_01.jpg?resize=90%2C150&amp;ssl=1 90w, https:\/\/i0.wp.com\/www.comicbox.com\/wp-content\/uploads\/2013\/02\/hero_test_01.jpg?resize=616%2C1024&amp;ssl=1 616w, https:\/\/i0.wp.com\/www.comicbox.com\/wp-content\/uploads\/2013\/02\/hero_test_01.jpg?w=2280 2280w\" sizes=\"auto, (max-width: 407px) 100vw, 407px\" \/>CB: A ce stade, le projet fait l&rsquo;objet d&rsquo;une campagne de financement sur Ulule. Mais tu as d\u00e9j\u00e0 commenc\u00e9 la production. Peux-tu expliquer au public pourquoi il faut d\u00e9j\u00e0 avancer et pourquoi, dans le m\u00eame temps, le financement est une n\u00e9cessit\u00e9 ?<\/strong><\/p>\n<p style=\"text-align: justify;\">DS: En fait, je suis dans la logique un peu risqu\u00e9 de celui qui trouve comment avancer en avan\u00e7ant, en prenant des risques, quoi. Ce court j\u2019ai profond\u00e9ment envie de le faire comme j\u2019avais profond\u00e9ment envie de faire mon premier court Daredevil The teaser. C\u2019\u00e9tait un peu dingue \u00e0 l\u2019\u00e9poque, certains pensaient que j\u2019allais me planter. J\u2019avan\u00e7ais en faisant des ch\u00e8ques sans savoir quand \u00e7a allez s\u2019arr\u00eater lol. Mais j\u2019y ai cru et je suis arriv\u00e9 \u00e0 le faire sans bcp de budget au final gr\u00e2ce \u00e0 l\u2019huile de coude, des astuces et aux soutiens de bcp de gens.<\/p>\n<p style=\"text-align: justify;\">Je suis dans le m\u00eame \u00e9tat d\u2019esprit concernant Powerless. Les 6400 euros que je cherche via ulule , additionn\u00e9s \u00e0 mes 5000 et aux 5000 euros de Nomad film, afin d\u2019avoir juste avoir le minimum du minimum, je crois que je les trouverais d\u2019une mani\u00e8re ou d\u2019une autre. Dans le \u00ab pire \u00bb des cas avoir des dettes et rembourser cela par la suite ce n\u2019est pas grave. Des tas de r\u00e9alisateurs font \u00e7a. Nous devons cr\u00e9er \u00e0 un moment. J\u2019ai fais un choix en ayant ni voiture ni \u00e9cran plat en B.Ray mais en ayant un court \u00e0 la place.<\/p>\n<p style=\"text-align: justify;\">Donc, Nomad films qui coproduit le film me fait confiance. Et moi, je vais confiance \u00e0 mes amis et aux fans du genre.<\/p>\n<p style=\"text-align: justify;\"><strong>CB: Dans la vid\u00e9o de pr\u00e9sentation, tu \u00e9voques la possibilit\u00e9 que Powerless puisse se transformer en long-m\u00e9trage ou s\u00e9rie TV&#8230; Est-ce qu&rsquo;une d\u00e9clinaison BD serait dans l&rsquo;ordre du possible ?<\/strong><\/p>\n<p style=\"text-align: justify;\">C\u2019est surtout une vraie envie ! D\u00e9j\u00e0, il faut savoir que si j\u2019avais eu le talent pour cela j\u2019aurais aim\u00e9 dessiner des comics. Je pense que je suis devenu r\u00e9al pour faire des films de Super h\u00e9ros faute de savoir les dessiner (rire). Je suis s\u00e9rieux.\u00a0Donc , oui je pense que Powerles a tous les \u00e9l\u00e9ments pour devenir une BD . Alors, non seulement c\u2019est d\u2019actualit\u00e9 mais il y a plus d\u2019un an j\u2019avais \u00e9crit deux pages d\u00e9mo afin de faire un dossier pour des \u00e9diteurs. J\u2019avais travaill\u00e9 sur des planches avec un dessinateur tr\u00e8s dou\u00e9 qui m\u2019avait \u00e9t\u00e9 conseill\u00e9 par Olivier Coipel. Mais des soucis d\u2019emploi du temps ont stopp\u00e9 notre collaboration. Je commence m\u00eame \u00e0 \u00e9voquer l\u2019id\u00e9e des dessin anim\u00e9 avec une prod. Il suffit que je rencontre le bon dessinateur et je repars dessus !<\/p>\n<p style=\"text-align: justify;\"><em>Propos recueillis par Xavier Fournier<\/em><\/p>\n<p style=\"text-align: justify;\"><a href=\"http:\/\/fr.ulule.com\/powerless-film\/\" target=\"_blank\"><em><strong>Pour plus d&rsquo;information sur Powerless et, \u00e9ventuellement, participer au financement, CLIQUEZ ICI&#8230;<\/strong><\/em><\/a><\/p>\n","protected":false},"excerpt":{"rendered":"<p>[FRENCH] Il ne reste plus que quelques semaines pour participer au financement de Powerless, le projet de court-m\u00e9trage (et plus&hellip;<\/p>\n","protected":false},"author":1,"featured_media":39453,"comment_status":"open","ping_status":"open","sticky":false,"template":"","format":"standard","meta":{"jetpack_post_was_ever_published":false,"_jetpack_newsletter_access":"","_jetpack_dont_email_post_to_subs":false,"_jetpack_newsletter_tier_id":0,"_jetpack_memberships_contains_paywalled_content":false,"_jetpack_memberships_contains_paid_content":false,"footnotes":"","jetpack_publicize_message":"","jetpack_publicize_feature_enabled":true,"jetpack_social_post_already_shared":false,"jetpack_social_options":{"image_generator_settings":{"template":"highway","default_image_id":0,"font":"","enabled":false},"version":2}},"categories":[1961,3,1727,2,1],"tags":[21,4332,4333,33],"class_list":["post-40082","post","type-post","status-publish","format-standard","has-post-thumbnail","hentry","category-5-questions","category-articles","category-diapo","category-itw","category-news","tag-comics","tag-david-sarrio","tag-powerless","tag-super-heros"],"yoast_head":"<!-- This site is optimized with the Yoast SEO plugin v24.9 - https:\/\/yoast.com\/wordpress\/plugins\/seo\/ -->\n<title>Powerless: Interview David Sarrio<\/title>\n<meta name=\"description\" content=\"Il ne reste plus que quelques semaines pour participer au financement de Powerless, le projet de court-m\u00c3\u00a9trage (et plus si affinit\u00c3\u00a9) du fran\u00c3\u00a7ais David Sarrio sur l&#039;univers des super-h\u00c3\u00a9ros (pour ceux qui suivent, on vous en a d\u00c3\u00a9j\u00c3\u00a0 touch\u00c3\u00a9 quelques mots dans Comic Box #81). Si l&#039;id\u00c3\u00a9e a d\u00c3\u00a9j\u00c3\u00a0 beaucoup s\u00c3\u00a9duit, il ne faut pas croire que les choses sont r\u00c3\u00a9gl\u00c3\u00a9es (il reste environ 40% du budget \u00c3\u00a0 trouver). Pour nous, Le r\u00c3\u00a9alisateur d\u00c3\u00a9voile un peu plus son concept !\" \/>\n<meta name=\"robots\" content=\"index, follow, max-snippet:-1, max-image-preview:large, max-video-preview:-1\" \/>\n<link rel=\"canonical\" href=\"https:\/\/www.comicbox.com\/index.php\/news\/powerless-interview-david-sarrio\/\" \/>\n<meta property=\"og:locale\" content=\"fr_FR\" \/>\n<meta property=\"og:type\" content=\"article\" \/>\n<meta property=\"og:title\" content=\"Powerless: Interview David Sarrio\" \/>\n<meta property=\"og:description\" content=\"Il ne reste plus que quelques semaines pour participer au financement de Powerless, le projet de court-m\u00c3\u00a9trage (et plus si affinit\u00c3\u00a9) du fran\u00c3\u00a7ais David Sarrio sur l&#039;univers des super-h\u00c3\u00a9ros (pour ceux qui suivent, on vous en a d\u00c3\u00a9j\u00c3\u00a0 touch\u00c3\u00a9 quelques mots dans Comic Box #81). Si l&#039;id\u00c3\u00a9e a d\u00c3\u00a9j\u00c3\u00a0 beaucoup s\u00c3\u00a9duit, il ne faut pas croire que les choses sont r\u00c3\u00a9gl\u00c3\u00a9es (il reste environ 40% du budget \u00c3\u00a0 trouver). Pour nous, Le r\u00c3\u00a9alisateur d\u00c3\u00a9voile un peu plus son concept !\" \/>\n<meta property=\"og:url\" content=\"https:\/\/www.comicbox.com\/index.php\/news\/powerless-interview-david-sarrio\/\" \/>\n<meta property=\"article:published_time\" content=\"2013-02-22T13:50:59+00:00\" \/>\n<meta property=\"article:modified_time\" content=\"2013-02-22T13:52:26+00:00\" \/>\n<meta property=\"og:image\" content=\"https:\/\/i0.wp.com\/www.comicbox.com\/wp-content\/uploads\/2013\/01\/Powerless.jpg?fit=728%2C304&ssl=1\" \/>\n\t<meta property=\"og:image:width\" content=\"728\" \/>\n\t<meta property=\"og:image:height\" content=\"304\" \/>\n\t<meta property=\"og:image:type\" content=\"image\/jpeg\" \/>\n<meta name=\"author\" content=\"Comic Box\" \/>\n<meta name=\"twitter:card\" content=\"summary_large_image\" \/>\n<meta name=\"twitter:label1\" content=\"\u00c9crit par\" \/>\n\t<meta name=\"twitter:data1\" content=\"Comic Box\" \/>\n\t<meta name=\"twitter:label2\" content=\"Dur\u00e9e de lecture estim\u00e9e\" \/>\n\t<meta name=\"twitter:data2\" content=\"6 minutes\" \/>\n<script type=\"application\/ld+json\" class=\"yoast-schema-graph\">{\"@context\":\"https:\/\/schema.org\",\"@graph\":[{\"@type\":\"WebPage\",\"@id\":\"https:\/\/www.comicbox.com\/index.php\/news\/powerless-interview-david-sarrio\/\",\"url\":\"https:\/\/www.comicbox.com\/index.php\/news\/powerless-interview-david-sarrio\/\",\"name\":\"Powerless: Interview David Sarrio\",\"isPartOf\":{\"@id\":\"https:\/\/www.comicbox.com\/#website\"},\"primaryImageOfPage\":{\"@id\":\"https:\/\/www.comicbox.com\/index.php\/news\/powerless-interview-david-sarrio\/#primaryimage\"},\"image\":{\"@id\":\"https:\/\/www.comicbox.com\/index.php\/news\/powerless-interview-david-sarrio\/#primaryimage\"},\"thumbnailUrl\":\"https:\/\/i0.wp.com\/www.comicbox.com\/wp-content\/uploads\/2013\/01\/Powerless.jpg?fit=728%2C304&ssl=1\",\"datePublished\":\"2013-02-22T13:50:59+00:00\",\"dateModified\":\"2013-02-22T13:52:26+00:00\",\"author\":{\"@id\":\"https:\/\/www.comicbox.com\/#\/schema\/person\/05fbb62019791094900e823ca54991c7\"},\"description\":\"Il ne reste plus que quelques semaines pour participer au financement de Powerless, le projet de court-m\u00c3\u00a9trage (et plus si affinit\u00c3\u00a9) du fran\u00c3\u00a7ais David Sarrio sur l'univers des super-h\u00c3\u00a9ros (pour ceux qui suivent, on vous en a d\u00c3\u00a9j\u00c3\u00a0 touch\u00c3\u00a9 quelques mots dans Comic Box #81). Si l'id\u00c3\u00a9e a d\u00c3\u00a9j\u00c3\u00a0 beaucoup s\u00c3\u00a9duit, il ne faut pas croire que les choses sont r\u00c3\u00a9gl\u00c3\u00a9es (il reste environ 40% du budget \u00c3\u00a0 trouver). Pour nous, Le r\u00c3\u00a9alisateur d\u00c3\u00a9voile un peu plus son concept !\",\"breadcrumb\":{\"@id\":\"https:\/\/www.comicbox.com\/index.php\/news\/powerless-interview-david-sarrio\/#breadcrumb\"},\"inLanguage\":\"fr-FR\",\"potentialAction\":[{\"@type\":\"ReadAction\",\"target\":[\"https:\/\/www.comicbox.com\/index.php\/news\/powerless-interview-david-sarrio\/\"]}]},{\"@type\":\"ImageObject\",\"inLanguage\":\"fr-FR\",\"@id\":\"https:\/\/www.comicbox.com\/index.php\/news\/powerless-interview-david-sarrio\/#primaryimage\",\"url\":\"https:\/\/i0.wp.com\/www.comicbox.com\/wp-content\/uploads\/2013\/01\/Powerless.jpg?fit=728%2C304&ssl=1\",\"contentUrl\":\"https:\/\/i0.wp.com\/www.comicbox.com\/wp-content\/uploads\/2013\/01\/Powerless.jpg?fit=728%2C304&ssl=1\",\"width\":728,\"height\":304},{\"@type\":\"BreadcrumbList\",\"@id\":\"https:\/\/www.comicbox.com\/index.php\/news\/powerless-interview-david-sarrio\/#breadcrumb\",\"itemListElement\":[{\"@type\":\"ListItem\",\"position\":1,\"name\":\"Accueil\",\"item\":\"https:\/\/www.comicbox.com\/\"},{\"@type\":\"ListItem\",\"position\":2,\"name\":\"Powerless: Interview David Sarrio\"}]},{\"@type\":\"WebSite\",\"@id\":\"https:\/\/www.comicbox.com\/#website\",\"url\":\"https:\/\/www.comicbox.com\/\",\"name\":\"\",\"description\":\"le magazine des cultures comics\",\"potentialAction\":[{\"@type\":\"SearchAction\",\"target\":{\"@type\":\"EntryPoint\",\"urlTemplate\":\"https:\/\/www.comicbox.com\/?s={search_term_string}\"},\"query-input\":{\"@type\":\"PropertyValueSpecification\",\"valueRequired\":true,\"valueName\":\"search_term_string\"}}],\"inLanguage\":\"fr-FR\"},{\"@type\":\"Person\",\"@id\":\"https:\/\/www.comicbox.com\/#\/schema\/person\/05fbb62019791094900e823ca54991c7\",\"name\":\"Comic Box\",\"image\":{\"@type\":\"ImageObject\",\"inLanguage\":\"fr-FR\",\"@id\":\"https:\/\/www.comicbox.com\/#\/schema\/person\/image\/\",\"url\":\"https:\/\/secure.gravatar.com\/avatar\/0bfed4b32db324d748cf351a6c66d342cd868f37037bf83e9f4dd645f675e34f?s=96&d=mm&r=g\",\"contentUrl\":\"https:\/\/secure.gravatar.com\/avatar\/0bfed4b32db324d748cf351a6c66d342cd868f37037bf83e9f4dd645f675e34f?s=96&d=mm&r=g\",\"caption\":\"Comic Box\"},\"description\":\"Le magazine des cultures comics\",\"sameAs\":[\"http:\/\/www.comicbox.com\"],\"url\":\"https:\/\/www.comicbox.com\/index.php\/author\/admin\/\"}]}<\/script>\n<!-- \/ Yoast SEO plugin. -->","yoast_head_json":{"title":"Powerless: Interview David Sarrio","description":"Il ne reste plus que quelques semaines pour participer au financement de Powerless, le projet de court-m\u00c3\u00a9trage (et plus si affinit\u00c3\u00a9) du fran\u00c3\u00a7ais David Sarrio sur l'univers des super-h\u00c3\u00a9ros (pour ceux qui suivent, on vous en a d\u00c3\u00a9j\u00c3\u00a0 touch\u00c3\u00a9 quelques mots dans Comic Box #81). Si l'id\u00c3\u00a9e a d\u00c3\u00a9j\u00c3\u00a0 beaucoup s\u00c3\u00a9duit, il ne faut pas croire que les choses sont r\u00c3\u00a9gl\u00c3\u00a9es (il reste environ 40% du budget \u00c3\u00a0 trouver). Pour nous, Le r\u00c3\u00a9alisateur d\u00c3\u00a9voile un peu plus son concept !","robots":{"index":"index","follow":"follow","max-snippet":"max-snippet:-1","max-image-preview":"max-image-preview:large","max-video-preview":"max-video-preview:-1"},"canonical":"https:\/\/www.comicbox.com\/index.php\/news\/powerless-interview-david-sarrio\/","og_locale":"fr_FR","og_type":"article","og_title":"Powerless: Interview David Sarrio","og_description":"Il ne reste plus que quelques semaines pour participer au financement de Powerless, le projet de court-m\u00c3\u00a9trage (et plus si affinit\u00c3\u00a9) du fran\u00c3\u00a7ais David Sarrio sur l'univers des super-h\u00c3\u00a9ros (pour ceux qui suivent, on vous en a d\u00c3\u00a9j\u00c3\u00a0 touch\u00c3\u00a9 quelques mots dans Comic Box #81). Si l'id\u00c3\u00a9e a d\u00c3\u00a9j\u00c3\u00a0 beaucoup s\u00c3\u00a9duit, il ne faut pas croire que les choses sont r\u00c3\u00a9gl\u00c3\u00a9es (il reste environ 40% du budget \u00c3\u00a0 trouver). Pour nous, Le r\u00c3\u00a9alisateur d\u00c3\u00a9voile un peu plus son concept !","og_url":"https:\/\/www.comicbox.com\/index.php\/news\/powerless-interview-david-sarrio\/","article_published_time":"2013-02-22T13:50:59+00:00","article_modified_time":"2013-02-22T13:52:26+00:00","og_image":[{"width":728,"height":304,"url":"https:\/\/i0.wp.com\/www.comicbox.com\/wp-content\/uploads\/2013\/01\/Powerless.jpg?fit=728%2C304&ssl=1","type":"image\/jpeg"}],"author":"Comic Box","twitter_card":"summary_large_image","twitter_misc":{"\u00c9crit par":"Comic Box","Dur\u00e9e de lecture estim\u00e9e":"6 minutes"},"schema":{"@context":"https:\/\/schema.org","@graph":[{"@type":"WebPage","@id":"https:\/\/www.comicbox.com\/index.php\/news\/powerless-interview-david-sarrio\/","url":"https:\/\/www.comicbox.com\/index.php\/news\/powerless-interview-david-sarrio\/","name":"Powerless: Interview David Sarrio","isPartOf":{"@id":"https:\/\/www.comicbox.com\/#website"},"primaryImageOfPage":{"@id":"https:\/\/www.comicbox.com\/index.php\/news\/powerless-interview-david-sarrio\/#primaryimage"},"image":{"@id":"https:\/\/www.comicbox.com\/index.php\/news\/powerless-interview-david-sarrio\/#primaryimage"},"thumbnailUrl":"https:\/\/i0.wp.com\/www.comicbox.com\/wp-content\/uploads\/2013\/01\/Powerless.jpg?fit=728%2C304&ssl=1","datePublished":"2013-02-22T13:50:59+00:00","dateModified":"2013-02-22T13:52:26+00:00","author":{"@id":"https:\/\/www.comicbox.com\/#\/schema\/person\/05fbb62019791094900e823ca54991c7"},"description":"Il ne reste plus que quelques semaines pour participer au financement de Powerless, le projet de court-m\u00c3\u00a9trage (et plus si affinit\u00c3\u00a9) du fran\u00c3\u00a7ais David Sarrio sur l'univers des super-h\u00c3\u00a9ros (pour ceux qui suivent, on vous en a d\u00c3\u00a9j\u00c3\u00a0 touch\u00c3\u00a9 quelques mots dans Comic Box #81). Si l'id\u00c3\u00a9e a d\u00c3\u00a9j\u00c3\u00a0 beaucoup s\u00c3\u00a9duit, il ne faut pas croire que les choses sont r\u00c3\u00a9gl\u00c3\u00a9es (il reste environ 40% du budget \u00c3\u00a0 trouver). Pour nous, Le r\u00c3\u00a9alisateur d\u00c3\u00a9voile un peu plus son concept !","breadcrumb":{"@id":"https:\/\/www.comicbox.com\/index.php\/news\/powerless-interview-david-sarrio\/#breadcrumb"},"inLanguage":"fr-FR","potentialAction":[{"@type":"ReadAction","target":["https:\/\/www.comicbox.com\/index.php\/news\/powerless-interview-david-sarrio\/"]}]},{"@type":"ImageObject","inLanguage":"fr-FR","@id":"https:\/\/www.comicbox.com\/index.php\/news\/powerless-interview-david-sarrio\/#primaryimage","url":"https:\/\/i0.wp.com\/www.comicbox.com\/wp-content\/uploads\/2013\/01\/Powerless.jpg?fit=728%2C304&ssl=1","contentUrl":"https:\/\/i0.wp.com\/www.comicbox.com\/wp-content\/uploads\/2013\/01\/Powerless.jpg?fit=728%2C304&ssl=1","width":728,"height":304},{"@type":"BreadcrumbList","@id":"https:\/\/www.comicbox.com\/index.php\/news\/powerless-interview-david-sarrio\/#breadcrumb","itemListElement":[{"@type":"ListItem","position":1,"name":"Accueil","item":"https:\/\/www.comicbox.com\/"},{"@type":"ListItem","position":2,"name":"Powerless: Interview David Sarrio"}]},{"@type":"WebSite","@id":"https:\/\/www.comicbox.com\/#website","url":"https:\/\/www.comicbox.com\/","name":"","description":"le magazine des cultures comics","potentialAction":[{"@type":"SearchAction","target":{"@type":"EntryPoint","urlTemplate":"https:\/\/www.comicbox.com\/?s={search_term_string}"},"query-input":{"@type":"PropertyValueSpecification","valueRequired":true,"valueName":"search_term_string"}}],"inLanguage":"fr-FR"},{"@type":"Person","@id":"https:\/\/www.comicbox.com\/#\/schema\/person\/05fbb62019791094900e823ca54991c7","name":"Comic Box","image":{"@type":"ImageObject","inLanguage":"fr-FR","@id":"https:\/\/www.comicbox.com\/#\/schema\/person\/image\/","url":"https:\/\/secure.gravatar.com\/avatar\/0bfed4b32db324d748cf351a6c66d342cd868f37037bf83e9f4dd645f675e34f?s=96&d=mm&r=g","contentUrl":"https:\/\/secure.gravatar.com\/avatar\/0bfed4b32db324d748cf351a6c66d342cd868f37037bf83e9f4dd645f675e34f?s=96&d=mm&r=g","caption":"Comic Box"},"description":"Le magazine des cultures comics","sameAs":["http:\/\/www.comicbox.com"],"url":"https:\/\/www.comicbox.com\/index.php\/author\/admin\/"}]}},"jetpack_publicize_connections":[],"jetpack_featured_media_url":"https:\/\/i0.wp.com\/www.comicbox.com\/wp-content\/uploads\/2013\/01\/Powerless.jpg?fit=728%2C304&ssl=1","jetpack_sharing_enabled":true,"jetpack_shortlink":"https:\/\/wp.me\/pvyAi-aqu","_links":{"self":[{"href":"https:\/\/www.comicbox.com\/index.php\/wp-json\/wp\/v2\/posts\/40082","targetHints":{"allow":["GET"]}}],"collection":[{"href":"https:\/\/www.comicbox.com\/index.php\/wp-json\/wp\/v2\/posts"}],"about":[{"href":"https:\/\/www.comicbox.com\/index.php\/wp-json\/wp\/v2\/types\/post"}],"author":[{"embeddable":true,"href":"https:\/\/www.comicbox.com\/index.php\/wp-json\/wp\/v2\/users\/1"}],"replies":[{"embeddable":true,"href":"https:\/\/www.comicbox.com\/index.php\/wp-json\/wp\/v2\/comments?post=40082"}],"version-history":[{"count":0,"href":"https:\/\/www.comicbox.com\/index.php\/wp-json\/wp\/v2\/posts\/40082\/revisions"}],"wp:featuredmedia":[{"embeddable":true,"href":"https:\/\/www.comicbox.com\/index.php\/wp-json\/wp\/v2\/media\/39453"}],"wp:attachment":[{"href":"https:\/\/www.comicbox.com\/index.php\/wp-json\/wp\/v2\/media?parent=40082"}],"wp:term":[{"taxonomy":"category","embeddable":true,"href":"https:\/\/www.comicbox.com\/index.php\/wp-json\/wp\/v2\/categories?post=40082"},{"taxonomy":"post_tag","embeddable":true,"href":"https:\/\/www.comicbox.com\/index.php\/wp-json\/wp\/v2\/tags?post=40082"}],"curies":[{"name":"wp","href":"https:\/\/api.w.org\/{rel}","templated":true}]}}