
{"id":36858,"date":"2012-07-21T12:00:49","date_gmt":"2012-07-21T10:00:49","guid":{"rendered":"http:\/\/www.comicbox.com\/?p=36858"},"modified":"2017-05-13T17:19:25","modified_gmt":"2017-05-13T15:19:25","slug":"oldies-but-goodies-the-shadow-30-mars-1942","status":"publish","type":"post","link":"https:\/\/www.comicbox.com\/index.php\/articles\/oldies-but-goodies-the-shadow-30-mars-1942\/","title":{"rendered":"Oldies But Goodies: The Shadow (30 Mars 1942)"},"content":{"rendered":"<p style=\"text-align: justify;\"><img data-recalc-dims=\"1\" loading=\"lazy\" decoding=\"async\" data-attachment-id=\"36859\" data-permalink=\"https:\/\/www.comicbox.com\/index.php\/articles\/oldies-but-goodies-the-shadow-30-mars-1942\/attachment\/valdaa\/\" data-orig-file=\"https:\/\/i0.wp.com\/www.comicbox.com\/wp-content\/uploads\/2012\/07\/ValdaA.jpg?fit=70%2C70&amp;ssl=1\" data-orig-size=\"70,70\" data-comments-opened=\"1\" data-image-meta=\"{&quot;aperture&quot;:&quot;0&quot;,&quot;credit&quot;:&quot;&quot;,&quot;camera&quot;:&quot;&quot;,&quot;caption&quot;:&quot;&quot;,&quot;created_timestamp&quot;:&quot;0&quot;,&quot;copyright&quot;:&quot;&quot;,&quot;focal_length&quot;:&quot;0&quot;,&quot;iso&quot;:&quot;0&quot;,&quot;shutter_speed&quot;:&quot;0&quot;,&quot;title&quot;:&quot;&quot;}\" data-image-title=\"Oldies But Goodies: The Shadow (30 Mars 1942)\" data-image-description=\"\" data-image-caption=\"\" data-large-file=\"https:\/\/i0.wp.com\/www.comicbox.com\/wp-content\/uploads\/2012\/07\/ValdaA.jpg?fit=70%2C70&amp;ssl=1\" class=\"alignleft size-full wp-image-36859\" style=\"margin-left: 4px; margin-right: 4px;\" title=\"Oldies But Goodies: The Shadow (30 Mars 1942)\" src=\"https:\/\/i0.wp.com\/www.comicbox.com\/wp-content\/uploads\/2012\/07\/ValdaA.jpg?resize=70%2C70\" alt=\"\" width=\"70\" height=\"70\" srcset=\"https:\/\/i0.wp.com\/www.comicbox.com\/wp-content\/uploads\/2012\/07\/ValdaA.jpg?w=70&amp;ssl=1 70w, https:\/\/i0.wp.com\/www.comicbox.com\/wp-content\/uploads\/2012\/07\/ValdaA.jpg?resize=36%2C36&amp;ssl=1 36w\" sizes=\"auto, (max-width: 70px) 100vw, 70px\" \/>[FRENCH] Le charismatique Shadow fut et reste l&rsquo;anc\u00eatre de nombreux super-h\u00e9ros. Au point peut-\u00eatre d&rsquo;\u00eatre un centre de gravit\u00e9 qui, r\u00e9trospectivement, \u00e9crase un peu les diff\u00e9rents alli\u00e9s qu&rsquo;il avait dans la s\u00e9rie. On se souvient volontiers de Margo Lane<!--more-->, qui reste vue comme LA femme dans l&rsquo;entourage du Shadow. Mais on oublie r\u00e9guli\u00e8rement la sulfureuse Valda Rune qui, au lieu de se contenter d&rsquo;\u00eatre un faire-valoir, devint m\u00eame une aventuri\u00e8re masqu\u00e9e portant un costume noir de femme-panth\u00e8re&#8230; Une autre Catwoman ?<\/p>\n<p style=\"text-align: justify;\"><img data-recalc-dims=\"1\" loading=\"lazy\" decoding=\"async\" data-attachment-id=\"36860\" data-permalink=\"https:\/\/www.comicbox.com\/index.php\/articles\/oldies-but-goodies-the-shadow-30-mars-1942\/attachment\/valdab\/\" data-orig-file=\"https:\/\/i0.wp.com\/www.comicbox.com\/wp-content\/uploads\/2012\/07\/ValdaB.jpg?fit=350%2C494&amp;ssl=1\" data-orig-size=\"350,494\" data-comments-opened=\"1\" data-image-meta=\"{&quot;aperture&quot;:&quot;0&quot;,&quot;credit&quot;:&quot;&quot;,&quot;camera&quot;:&quot;&quot;,&quot;caption&quot;:&quot;&quot;,&quot;created_timestamp&quot;:&quot;0&quot;,&quot;copyright&quot;:&quot;&quot;,&quot;focal_length&quot;:&quot;0&quot;,&quot;iso&quot;:&quot;0&quot;,&quot;shutter_speed&quot;:&quot;0&quot;,&quot;title&quot;:&quot;&quot;}\" data-image-title=\"Shadow Comics vol.3 #2, mai 1943\" data-image-description=\"\" data-image-caption=\"\" data-large-file=\"https:\/\/i0.wp.com\/www.comicbox.com\/wp-content\/uploads\/2012\/07\/ValdaB.jpg?fit=350%2C494&amp;ssl=1\" class=\"alignright size-full wp-image-36860\" style=\"margin-left: 4px; margin-right: 4px;\" title=\"Shadow Comics vol.3 #2, mai 1943\" src=\"https:\/\/i0.wp.com\/www.comicbox.com\/wp-content\/uploads\/2012\/07\/ValdaB.jpg?resize=350%2C494\" alt=\"\" width=\"350\" height=\"494\" srcset=\"https:\/\/i0.wp.com\/www.comicbox.com\/wp-content\/uploads\/2012\/07\/ValdaB.jpg?w=350&amp;ssl=1 350w, https:\/\/i0.wp.com\/www.comicbox.com\/wp-content\/uploads\/2012\/07\/ValdaB.jpg?resize=106%2C150&amp;ssl=1 106w\" sizes=\"auto, (max-width: 350px) 100vw, 350px\" \/>A ses d\u00e9buts en 1930, le myst\u00e9rieux Shadow (justicier aux talents hypnotiques, utilisant tout un r\u00e9seau d&rsquo;agents pour lutter contre le Mal) \u00e9voluait dans un univers exclusivement masculin. Lanc\u00e9 comme un h\u00e9ros de radio dans Detective Story Hour (juillet 1930), il avait connu d\u00e8s avril 1931 une d\u00e9clinaison sous forme de romans \u00e9crits par Walter B. Gibson. Mais \u00e0 l&rsquo;\u00e9poque l&rsquo;id\u00e9e d&rsquo;une femme pour infiltrer ou combattre les bas-fonds ne coulait pas de source. Elle aurait \u00e9t\u00e9 associ\u00e9e \u00e0 une femme aux mauvaises m\u0153urs. Lutter contre le crime \u00e9tait un \u00ab\u00a0boulot d&rsquo;homme\u00a0\u00bb. Dans les premi\u00e8res ann\u00e9es, le Shadow ne s&rsquo;entoura donc que d&rsquo;alli\u00e9s masculins. Ce n&rsquo;est pas pour autant que ce collectif n&rsquo;\u00e9voquait pas d\u00e9j\u00e0 une sorte de prototype de groupe de super-h\u00e9ros, avec des noms parfois \u00e9vocateurs, comme \u00ab\u00a0Hawkeye\u00a0\u00bb. On comptait aussi la montagne de muscles Jericho Druke et quelques sp\u00e9cialistes pr\u00e9sageaient d\u00e9j\u00e0 un peu la logique de Mission Impossible. Le point de rep\u00e8re le plus courant \u00e9tait Harry Vincent, un homme qui tente de se suicider au d\u00e9but du premier roman, \u00e0 la suite d&rsquo;une d\u00e9ception amoureuse. Mais que le Shadow sauve et arrive \u00e0 le convaincre que, quitte \u00e0 sacrifier sa vie, autant le faire au service de la Justice. C&rsquo;est \u00e0 travers les yeux d&rsquo;Harry Vincent que le lecteur d\u00e9couvre alors graduellement qui est le Shadow et comment son organisation fonctionne. Mais des femmes l\u00e0 dedans ? Aucune. En tout cas pas en 1931.<\/p>\n<p style=\"text-align: justify;\">En 1937, Walter Gibson d\u00e9cida cependant d&rsquo;apporter un peu de mixit\u00e9 \u00e0 ses romans en lan\u00e7ant, enfin, une femme dans la petite bande du Shadow: Myra Reldon \u00e9tait une aventuri\u00e8re dont le gimmick consistait \u00e0 savoir se faire passer pour une asiatique, ce qui \u00e9tait utile pour infiltrer les organisations d&rsquo;origine japonaise ou chinoise&#8230; Mais ne servait gu\u00e8re en d&rsquo;autres occasions. C&rsquo;est pourquoi Myra Reldon, la ma\u00eetresse du d\u00e9guisement, fut finalement utilis\u00e9e de fa\u00e7on relativement limit\u00e9e. Et pour cause : Entre-temps les producteurs du show radio du Shadow avaient d\u00e9cid\u00e9, eux aussi, qu\u2019ils avaient besoin d\u2019une pr\u00e9sence f\u00e9minine. Il y avait trop de voix d\u2019hommes dans le feuilleton et, pour que l\u2019auditeur s\u2019y retrouve plus facilement, il fallait la pr\u00e9sence r\u00e9guli\u00e8re d\u2019une femme. La solution <img data-recalc-dims=\"1\" loading=\"lazy\" decoding=\"async\" data-attachment-id=\"36861\" data-permalink=\"https:\/\/www.comicbox.com\/index.php\/articles\/oldies-but-goodies-the-shadow-30-mars-1942\/attachment\/valda20dragon\/\" data-orig-file=\"https:\/\/i0.wp.com\/www.comicbox.com\/wp-content\/uploads\/2012\/07\/Valda20dragon.jpg?fit=350%2C496&amp;ssl=1\" data-orig-size=\"350,496\" data-comments-opened=\"1\" data-image-meta=\"{&quot;aperture&quot;:&quot;0&quot;,&quot;credit&quot;:&quot;&quot;,&quot;camera&quot;:&quot;&quot;,&quot;caption&quot;:&quot;&quot;,&quot;created_timestamp&quot;:&quot;0&quot;,&quot;copyright&quot;:&quot;&quot;,&quot;focal_length&quot;:&quot;0&quot;,&quot;iso&quot;:&quot;0&quot;,&quot;shutter_speed&quot;:&quot;0&quot;,&quot;title&quot;:&quot;&quot;}\" data-image-title=\"Myra Reldon dans les pulps&amp;#8230;\" data-image-description=\"\" data-image-caption=\"\" data-large-file=\"https:\/\/i0.wp.com\/www.comicbox.com\/wp-content\/uploads\/2012\/07\/Valda20dragon.jpg?fit=350%2C496&amp;ssl=1\" class=\"alignleft size-full wp-image-36861\" style=\"margin-left: 4px; margin-right: 4px;\" title=\"Myra Reldon dans les pulps...\" src=\"https:\/\/i0.wp.com\/www.comicbox.com\/wp-content\/uploads\/2012\/07\/Valda20dragon.jpg?resize=350%2C496\" alt=\"\" width=\"350\" height=\"496\" srcset=\"https:\/\/i0.wp.com\/www.comicbox.com\/wp-content\/uploads\/2012\/07\/Valda20dragon.jpg?w=350&amp;ssl=1 350w, https:\/\/i0.wp.com\/www.comicbox.com\/wp-content\/uploads\/2012\/07\/Valda20dragon.jpg?resize=105%2C150&amp;ssl=1 105w\" sizes=\"auto, (max-width: 350px) 100vw, 350px\" \/>semblait simple : il semblait logique d\u2019adapter Myra Reldon et d\u2019\u00e9tendre le champ de ses comp\u00e9tences. C\u2019\u00e9tait sans compter sans un caprice d\u2019un des producteurs, Clark Andrews, qui voulait une femme plus intime avec le Shadow (Myra n\u2019\u00e9tait qu\u2019une ex\u00e9cutante). Et Andrews, dans la foul\u00e9e, d\u00e9cida de donner au nouveau personnage le pr\u00e9nom de Margot (rapidement transform\u00e9 en Margo sans \u00ab t \u00bb) tout simplement parce qu\u2019\u00e0 l\u2019\u00e9poque le producteur fr\u00e9quentait une actrice nomm\u00e9e Margot Stevenson.<\/p>\n<p style=\"text-align: justify;\">La nouvelle alli\u00e9e du Shadow, \u00ab Margo Lane \u00bb, fut int\u00e9gr\u00e9e au feuilleton radio d\u00e8s 1937. Walter Gibson n\u2019y pouvait pas grand-chose mais ne sembla pas appr\u00e9cier l\u2019ajout : il s\u2019effor\u00e7a d\u2019ignorer l\u2019existence de Margo dans les romans. Entre 1937 et 1941, Margo Lane resta un personnage exclusivement r\u00e9serv\u00e9 \u00e0 la version radio. A plus forte raison parce que le premier serial cin\u00e9matographique du Shadow fut produit trop t\u00f4t (en 1937) pour pouvoir prendre en compte l&rsquo;existence de Margo. Pire, en 1938, le second serial consacr\u00e9 au justicier (\u00ab International Crime \u00bb) utilisa bien une assistante\/alli\u00e9e du Shadow mais la rebaptisa Phoebe Lane sans raison apparente (sans doute que l\u00e0 le producteur de la radio n&rsquo;\u00e9tait pas pr\u00e9sent pour imposer le pr\u00e9nom de sa fianc\u00e9e). Ce n&rsquo;est qu&rsquo;\u00e0 partir de 1940 que les serials se synchronis\u00e8rent avec ce qui se passait \u00e0 la radio et que Margo Lane devint un personnage r\u00e9gulier des versions film\u00e9es.<\/p>\n<p style=\"text-align: justify;\">Dans les romans ? Elle n\u2019existait pas ! En tout cas pas dans les premi\u00e8res ann\u00e9es. Il fallut attendre 1941 pour la voir enfin mentionn\u00e9e. Il semble probable que l&rsquo;\u00e9diteur de Gibson exigea que l\u2019auteur synchronise les deux versions et Margo Lane fut finalement int\u00e9gr\u00e9e dans les ouvrages\u2026 Malgr\u00e9 les protestations des lecteurs puristes qui voyaient cela comme une contamination des romans\u2026<\/p>\n<p style=\"text-align: justify;\"><img data-recalc-dims=\"1\" loading=\"lazy\" decoding=\"async\" data-attachment-id=\"36862\" data-permalink=\"https:\/\/www.comicbox.com\/index.php\/articles\/oldies-but-goodies-the-shadow-30-mars-1942\/attachment\/valda20serial\/\" data-orig-file=\"https:\/\/i0.wp.com\/www.comicbox.com\/wp-content\/uploads\/2012\/07\/Valda20serial.jpg?fit=350%2C526&amp;ssl=1\" data-orig-size=\"350,526\" data-comments-opened=\"1\" data-image-meta=\"{&quot;aperture&quot;:&quot;0&quot;,&quot;credit&quot;:&quot;&quot;,&quot;camera&quot;:&quot;&quot;,&quot;caption&quot;:&quot;&quot;,&quot;created_timestamp&quot;:&quot;0&quot;,&quot;copyright&quot;:&quot;&quot;,&quot;focal_length&quot;:&quot;0&quot;,&quot;iso&quot;:&quot;0&quot;,&quot;shutter_speed&quot;:&quot;0&quot;,&quot;title&quot;:&quot;&quot;}\" data-image-title=\"Un des premiers films du Shadow&amp;#8230;\" data-image-description=\"\" data-image-caption=\"\" data-large-file=\"https:\/\/i0.wp.com\/www.comicbox.com\/wp-content\/uploads\/2012\/07\/Valda20serial.jpg?fit=350%2C526&amp;ssl=1\" class=\"alignright size-full wp-image-36862\" style=\"margin-left: 4px; margin-right: 4px;\" title=\"Un des premiers films du Shadow...\" src=\"https:\/\/i0.wp.com\/www.comicbox.com\/wp-content\/uploads\/2012\/07\/Valda20serial.jpg?resize=350%2C526\" alt=\"\" width=\"350\" height=\"526\" srcset=\"https:\/\/i0.wp.com\/www.comicbox.com\/wp-content\/uploads\/2012\/07\/Valda20serial.jpg?w=350&amp;ssl=1 350w, https:\/\/i0.wp.com\/www.comicbox.com\/wp-content\/uploads\/2012\/07\/Valda20serial.jpg?resize=99%2C150&amp;ssl=1 99w\" sizes=\"auto, (max-width: 350px) 100vw, 350px\" \/>En fait, Margo Lane avait connu une \u00e9tape interm\u00e9diaire. Avant d\u2019appara\u00eetre dans les romans, elle avait d\u2019abord \u00e9t\u00e9 int\u00e9gr\u00e9e d\u00e8s 1940 dans les BD d\u00e9riv\u00e9es du Shadow, publi\u00e9es de deux mani\u00e8res. Il y avait d\u2019une part les strips de presse et de l\u2019autre les comic-books du Shadow (qui souvent, au d\u00e9but, contenaient des r\u00e9impressions des strips mais aussi quelques histoires originales). La BD \u00e9tait sans doute plus consid\u00e9r\u00e9e comme une adaptation du show radio que des romans, ce qui explique que Lane soit d\u2019abord pass\u00e9e par l\u00e0. D\u2019ailleurs c\u2019\u00e9tait sans doute un test pour Gibson, avant de l\u2019injecter dans ses romans. Mais malgr\u00e9 cela l\u2019auteur semblait ne pas vouloir laisser \u00e0 Margo les coud\u00e9es franches avec le Shadow. Peut-\u00eatre pour marquer son territoire par rapport \u00e0 un personnage qu\u2019on avait inject\u00e9 de force dans sa mythologie, Walter Gibson introduisit alors une autre femme dans l\u2019\u00e9quation. Une femme qui n\u2019\u00e9tait pas mentionn\u00e9e \u00e0 la radio ou dans les romans.<\/p>\n<p style=\"text-align: justify;\">En f\u00e9vrier 1942, le strip de presse du Shadow entama une nouvelle saga dans laquelle le h\u00e9ros et ses agents luttaient contre un malfaiteur nomm\u00e9 Althor. Ce dernier avait dans son entourage une danseuse blonde nomm\u00e9e Valda Rune (par opposition \u00e0 Margo Lane qui \u00e9tait repr\u00e9sent\u00e9 comme \u00e9tant brune). Valda \u00e9tait dans le camp d\u2019Althor et de ce fait une ennemie du Shadow. Mais Walter Gibson \u00e9tait assez attach\u00e9 \u00e0 l\u2019id\u00e9e de r\u00e9demption (plusieurs des agents du Shadow \u00e9taient d\u2019anciennes crapules qui avaient d\u00e9cid\u00e9 de changer de vie et de se racheter). Quelques temps plus tard, Skeets Harley, un des agents du Shadow, expliqua qu\u2019une Valda repentante voulait les aider \u00e0 capturer Althor. D\u2019ailleurs cette pr\u00e9sentation donna lieu \u00e0 une situation assez particuli\u00e8re. Les strips \u00e9taient r\u00e9imprim\u00e9s de mani\u00e8re al\u00e9atoire dans le comic-book publi\u00e9 de mani\u00e8re parall\u00e8le. Il est possible que la version strip \u00e9tait plus libre, moins sujette \u00e0 des pressions des associations de moralit\u00e9 et que certains segments jug\u00e9s trop violents pour \u00eatre reproduits dans les comics. Ou tout simplement l\u2019\u00e9diteur avait une gestion chaotique du mat\u00e9riel. Ce qui fait que la saga initiale dans laquelle furent publi\u00e9s les d\u00e9buts d\u2019Althor et de Valda fut seulement publi\u00e9e en strips, pas dans le comic-book. Les lecteurs de cet autre support firent donc directement la connaissance de la danseuse blonde dans l\u2019\u00e9pisode o\u00f9 elle appara\u00eet pour se racheter (Shadow Comics vol.2 #6, septembre 1942). Sans que ce public puisse vraiment savoir de quoi elle voulait se racheter ! Le Shadow et ses agents accept\u00e8rent rapidement la r\u00e9demption de Valda et lui firent confiance. Tous, sauf une : Margo Lane vivait visiblement mal l\u2019id\u00e9e de ne plus \u00eatre la seule femme dans ce petit cercle. Margo \u00e9tait une jeune femme issue des couches ais\u00e9es et on sentait Valda beaucoup plus canaille, issue des bas-fonds. Valda \u00e9tait, en un sens, une sorte de mise-\u00e0-jour du concept de Myra Reldon (Walter Gibson prenant cette fois la pr\u00e9caution de ne pas la sp\u00e9cialiser dans de seules enqu\u00eates asiatiques). A noter que, bizarrement, les deux jeunes femmes ne tent\u00e8rent pas vraiment de s\u00e9duire le Shadow. Il \u00e9tait trop myst\u00e9rieux, trop hors d\u2019atteinte. S\u2019il y avait bien un triangle amoureux, il s\u2019organisait plut\u00f4t autour de Skeets Harley, le premier qui avait fait confiance \u00e0 Valda. Et la brune Margo semblait ne pas pouvoir supporter qu\u2019on lui pr\u00e9f\u00e8re une autre femme.<\/p>\n<p style=\"text-align: justify;\"><img data-recalc-dims=\"1\" loading=\"lazy\" decoding=\"async\" data-attachment-id=\"36863\" data-permalink=\"https:\/\/www.comicbox.com\/index.php\/articles\/oldies-but-goodies-the-shadow-30-mars-1942\/attachment\/valda01\/\" data-orig-file=\"https:\/\/i0.wp.com\/www.comicbox.com\/wp-content\/uploads\/2012\/07\/Valda01.jpg?fit=450%2C405&amp;ssl=1\" data-orig-size=\"450,405\" data-comments-opened=\"1\" data-image-meta=\"{&quot;aperture&quot;:&quot;0&quot;,&quot;credit&quot;:&quot;&quot;,&quot;camera&quot;:&quot;&quot;,&quot;caption&quot;:&quot;&quot;,&quot;created_timestamp&quot;:&quot;0&quot;,&quot;copyright&quot;:&quot;&quot;,&quot;focal_length&quot;:&quot;0&quot;,&quot;iso&quot;:&quot;0&quot;,&quot;shutter_speed&quot;:&quot;0&quot;,&quot;title&quot;:&quot;&quot;}\" data-image-title=\"The Shadow And The Black Ray&amp;#8230;\" data-image-description=\"\" data-image-caption=\"\" data-large-file=\"https:\/\/i0.wp.com\/www.comicbox.com\/wp-content\/uploads\/2012\/07\/Valda01.jpg?fit=450%2C405&amp;ssl=1\" class=\"alignleft size-full wp-image-36863\" style=\"margin-left: 4px; margin-right: 4px;\" title=\"The Shadow And The Black Ray...\" src=\"https:\/\/i0.wp.com\/www.comicbox.com\/wp-content\/uploads\/2012\/07\/Valda01.jpg?resize=450%2C405\" alt=\"\" width=\"450\" height=\"405\" srcset=\"https:\/\/i0.wp.com\/www.comicbox.com\/wp-content\/uploads\/2012\/07\/Valda01.jpg?w=450&amp;ssl=1 450w, https:\/\/i0.wp.com\/www.comicbox.com\/wp-content\/uploads\/2012\/07\/Valda01.jpg?resize=150%2C135&amp;ssl=1 150w\" sizes=\"auto, (max-width: 450px) 100vw, 450px\" \/>A partir de mars 1942, le strip s\u2019employa donc \u00e0 mettre en marche le retour du terrible Althor, avec cette fois Valda qui \u00e9tait du c\u00f4t\u00e9 des bons. L\u2019\u00e9pisode fut modifi\u00e9 et r\u00e9utilis\u00e9 dans les comics quelques mois plus tard (Shadow Comics vol.3 #2, mai 1943), en s\u2019inspirant d\u2019un des romans bas\u00e9s sur les aventures du h\u00e9ros. Walter Gibson avait plus de dix ans de romans du Shadow derri\u00e8re lui et, quand il avait besoin d\u2019alimenter la BD, il avait toujours la solution de reprendre et de modifier le synopsis d\u2019une vieille histoire. En l\u2019occurrence il s\u2019inspira de The Black Hush, un roman du Shadow remontant \u00e0 1933 dans laquelle une invention diffuse un rayon noir qui a la particularit\u00e9 de neutraliser tout m\u00e9canisme ou \u00e9nergie, coupant les moyens de communication.<\/p>\n<p style=\"text-align: justify;\">Gibson (ou un assistant) transforma l\u2019histoire en la rebaptisant The Black Ray (\u00ab le rayon noir \u00bb). Pourtant ce qui marque sur la premi\u00e8re page, dans la sc\u00e8ne de pr\u00e9sentation, c\u2019est que si on voyait bien le rayon noir en question (qui sert \u00e0 faire ressortir le titre), le Shadow est surtout occup\u00e9 \u00e0 combattre\u2026 une panth\u00e8re noire. Quand \u00e0 Valda, elle porte une combinaison moulante sombre, d\u2019o\u00f9 d\u00e9passe une queue f\u00e9line\u2026 Est-ce que Valda serait devenue une sorte de criminelle costum\u00e9e ?<\/p>\n<p style=\"text-align: justify;\">Au d\u00e9but l\u2019histoire prend cependant son temps. Margo Lane explique \u00e0 Lamont Cranston (une des diff\u00e9rentes identit\u00e9s civiles du Shadow) que le jeune Skeet Harley l\u2019a invit\u00e9 \u00e0 une soir\u00e9e de sa fraternit\u00e9 (l\u2019\u00e9quivalent d\u2019un bal de promo). On peut d\u2019ailleurs se demander si cette chipie de Margo ne tente pas de se servir de Skeet pour rendre jaloux Lamont. Mais \u00e7a ne marche pas. L\u2019homme reste de marbre. Bien au contraire il explique qu\u2019il se rend lui aussi \u00e0 la m\u00eame adresse. Mais que ferait Lamont dans un bal de fraternit\u00e9 ? Margo et Lamont vont donc partager le m\u00eame taxi. Bien que le chauffeur ne soit pas nomm\u00e9 dans cette sc\u00e8ne, il s\u2019agit de Moe Shrevnitz, un personnage assez courant dans les romans \u00e0 partir de 1934, qui \u00e9tait devenu le \u00ab taxi personnel \u00bb du Shadow apr\u00e8s avoir \u00e9t\u00e9 sauv\u00e9 de gangsters qui voulaient le tuer pour lui voler son v\u00e9hicule. Utilis\u00e9 de mani\u00e8re courant dans les romans pour v\u00e9hiculer le Shadow\/Lamont \u00e0 travers la ville, Moe \u00e9tait aussi pr\u00e9sent dans la version radio. On le croisait \u00e9galement \u00e0 l\u2019occasion dans la BD et il \u00e9tait, de fait, un des rares agents \u00e0 exister sur les trois supports. Mais au m\u00eame moment, Skeet Harley est d\u00e9j\u00e0 au rendez-vous. Il attend Margo dans la rue et est convaincu que c\u2019est elle quand un taxi s\u2019arr\u00eate. Il se pr\u00e9cipite d\u2019ailleurs en pronon\u00e7ant son pr\u00e9nom\u2026 Mais c\u2019est une blonde qui en surgit : Valda est tr\u00e8s \u00e9tonn\u00e9e de rencontrer Skeet, lui demande ce qu\u2019il fait l\u00e0 et le jeune homme, qui n\u2019a visiblement pas trop envie d\u2019expliquer \u00e0 la jeune femme qu\u2019il en a invit\u00e9 une autre, se met \u00e0 bafouiller. Il change alors de sujet de conversation et lui demande, \u00e0 elle, ce qu\u2019elle fait dans le quartier.<\/p>\n<p style=\"text-align: justify;\">En prenant Skeet par le bras, Valda explique alors qu\u2019elle est sur la piste d\u2019Althor, le \u00ab ma\u00eetre comploteur \u00bb. Elle a d\u00e9couvert qu\u2019il poss\u00e8de une boutique de d\u00e9guisements dans la rue. Le jeune homme oublie aussit\u00f4t ses projets de bal et d\u00e9cide d\u2019aider la jolie blonde pour voir ce qu\u2019il en est. Tous deux s\u2019introduisent dans la boutique et, en voyant les diff\u00e9rents costumes, Valda explique qu\u2019il s\u2019agit de d\u00e9guisements pour les hommes de mains d\u2019Althor (en r\u00e9alit\u00e9 le dessin repr\u00e9sente des tenues assez pittoresques comme des armures ou des robes de princesse, pas vraiment ce qu\u2019il faut pour passer inaper\u00e7u dans la rue). Skeet trouve une porte ferm\u00e9e et en d\u00e9duit qu\u2019elle m\u00e8ne sans doute au repaire des malfaiteurs. N\u2019ayant pas besoin de plus de preuves, Valda ordonne \u00e0 Skeet d\u2019aller chercher le Shadow. Elle surveillera les lieux en attendant.<\/p>\n<p style=\"text-align: justify;\"><img data-recalc-dims=\"1\" loading=\"lazy\" decoding=\"async\" data-attachment-id=\"36864\" data-permalink=\"https:\/\/www.comicbox.com\/index.php\/articles\/oldies-but-goodies-the-shadow-30-mars-1942\/attachment\/valda02\/\" data-orig-file=\"https:\/\/i0.wp.com\/www.comicbox.com\/wp-content\/uploads\/2012\/07\/Valda02.jpg?fit=550%2C249&amp;ssl=1\" data-orig-size=\"550,249\" data-comments-opened=\"1\" data-image-meta=\"{&quot;aperture&quot;:&quot;0&quot;,&quot;credit&quot;:&quot;&quot;,&quot;camera&quot;:&quot;&quot;,&quot;caption&quot;:&quot;&quot;,&quot;created_timestamp&quot;:&quot;0&quot;,&quot;copyright&quot;:&quot;&quot;,&quot;focal_length&quot;:&quot;0&quot;,&quot;iso&quot;:&quot;0&quot;,&quot;shutter_speed&quot;:&quot;0&quot;,&quot;title&quot;:&quot;&quot;}\" data-image-title=\"Valda joue les Chattes Noires&amp;#8230;\" data-image-description=\"\" data-image-caption=\"\" data-large-file=\"https:\/\/i0.wp.com\/www.comicbox.com\/wp-content\/uploads\/2012\/07\/Valda02.jpg?fit=550%2C249&amp;ssl=1\" class=\"alignright size-full wp-image-36864\" style=\"margin-left: 4px; margin-right: 4px;\" title=\"Valda joue les Chattes Noires...\" src=\"https:\/\/i0.wp.com\/www.comicbox.com\/wp-content\/uploads\/2012\/07\/Valda02.jpg?resize=550%2C249\" alt=\"\" width=\"550\" height=\"249\" srcset=\"https:\/\/i0.wp.com\/www.comicbox.com\/wp-content\/uploads\/2012\/07\/Valda02.jpg?w=550&amp;ssl=1 550w, https:\/\/i0.wp.com\/www.comicbox.com\/wp-content\/uploads\/2012\/07\/Valda02.jpg?resize=150%2C67&amp;ssl=1 150w\" sizes=\"auto, (max-width: 550px) 100vw, 550px\" \/>Rest\u00e9e seule, Valda est cependant prise d\u2019une curieuse id\u00e9e : \u00ab Je vais jouer la s\u00e9curit\u00e9 et enfiler moi-m\u00eame un costume ! \u00bb. Au premier abord on se demande bien en quoi se d\u00e9guiser assurerait sa s\u00e9curit\u00e9 si elle \u00e9tait d\u00e9couverte par les hommes d\u2019Althor. Mais elle explique \u00e0 voix haute, en enfilant un costume noir comme la nuit : \u00ab Ils ne peuvent pas voir le Shadow parce qu\u2019il porte un costume noir\u2026 Ils ne me verront pas dans celui-ci ! \u00bb. En fait le Shadow ne se contente pas de se camoufler gr\u00e2ce \u00e0 un costume noir. Il arrive \u00e0 se fondre dans l\u2019environnement et \u00e0 devenir pratiquement invisible gr\u00e2ce \u00e0 une grande discipline mentale et \u00e0 des dons d\u2019hypnotisme. Mais sans doute Valda, nouvellement arriv\u00e9e dans l\u2019organisation, n\u2019est-elle pas au courant. M\u00eame pour la plupart de ses agents le Shadow reste un \u00eatre myst\u00e9rieux. N\u00e9anmoins c\u2019est \u00e0 cause de cette id\u00e9e que Valda enfile le costume noir : un d\u00e9guisement de panth\u00e8re ! Pour se cacher le visage, elle enfile aussi le masque (en forme de t\u00eate de chat). La voici d\u00e9guis\u00e9e en f\u00e9line\u2026 Son allure fait alors forc\u00e9ment penser \u00e0 la version classique de Catwoman ou, plus encore, \u00e0 l\u2019h\u00e9ro\u00efne Miss Fury. Mais nous y reviendrons\u2026<\/p>\n<p style=\"text-align: justify;\"><img data-recalc-dims=\"1\" loading=\"lazy\" decoding=\"async\" data-attachment-id=\"36865\" data-permalink=\"https:\/\/www.comicbox.com\/index.php\/articles\/oldies-but-goodies-the-shadow-30-mars-1942\/attachment\/valda03\/\" data-orig-file=\"https:\/\/i0.wp.com\/www.comicbox.com\/wp-content\/uploads\/2012\/07\/Valda03.jpg?fit=550%2C247&amp;ssl=1\" data-orig-size=\"550,247\" data-comments-opened=\"1\" data-image-meta=\"{&quot;aperture&quot;:&quot;0&quot;,&quot;credit&quot;:&quot;&quot;,&quot;camera&quot;:&quot;&quot;,&quot;caption&quot;:&quot;&quot;,&quot;created_timestamp&quot;:&quot;0&quot;,&quot;copyright&quot;:&quot;&quot;,&quot;focal_length&quot;:&quot;0&quot;,&quot;iso&quot;:&quot;0&quot;,&quot;shutter_speed&quot;:&quot;0&quot;,&quot;title&quot;:&quot;&quot;}\" data-image-title=\"Skeet est fait prisonnier. Margo et Lamont arrivent un instant plus tard.\" data-image-description=\"\" data-image-caption=\"\" data-large-file=\"https:\/\/i0.wp.com\/www.comicbox.com\/wp-content\/uploads\/2012\/07\/Valda03.jpg?fit=550%2C247&amp;ssl=1\" class=\"alignleft size-full wp-image-36865\" style=\"margin-left: 4px; margin-right: 4px;\" title=\"Skeet est fait prisonnier. Margo et Lamont arrivent un instant plus tard.\" src=\"https:\/\/i0.wp.com\/www.comicbox.com\/wp-content\/uploads\/2012\/07\/Valda03.jpg?resize=550%2C247\" alt=\"\" width=\"550\" height=\"247\" srcset=\"https:\/\/i0.wp.com\/www.comicbox.com\/wp-content\/uploads\/2012\/07\/Valda03.jpg?w=550&amp;ssl=1 550w, https:\/\/i0.wp.com\/www.comicbox.com\/wp-content\/uploads\/2012\/07\/Valda03.jpg?resize=150%2C67&amp;ssl=1 150w\" sizes=\"auto, (max-width: 550px) 100vw, 550px\" \/>Pendant ce temps Skeet n\u2019a pas eu de chance. A peine sorti de la boutique il a \u00e9t\u00e9 fait prisonnier par les hommes d\u2019Althor (d\u00e9guis\u00e9s de mani\u00e8re ridicule : certains sont habill\u00e9s en pirates tandis qu\u2019un autre ressemble \u00e0 une sorte de Peter Pan avec des ailes de papillon dans le dos). Avant que le taxi de Margo et Lamont arrive dans la rue, la bande a d\u00e9j\u00e0 forc\u00e9 Skeet \u00e0 rentrer dans l\u2019\u00e9difice. Le jeune homme ne pourra pas donner l\u2019alerte. Heureusement pour lui, nul n\u2019est besoin. Si Lamont Cranston se rendait \u00e0 cette adresse, ce n\u2019est pas par hasard. Le h\u00e9ros a visiblement men\u00e9 une enqu\u00eate similaire \u00e0 Valda et en est arriv\u00e9 aux m\u00eames conclusions. Il sait que la boutique appartient \u00e0 Althor. C\u2019est \u00e7a qu\u2019il est venu voir dans cette rue. Et il s\u2019inqui\u00e8te. Si le repaire des gangsters est bien ici alors Skeet pourrait avoir des ennuis !<\/p>\n<p style=\"text-align: justify;\"><img data-recalc-dims=\"1\" loading=\"lazy\" decoding=\"async\" data-attachment-id=\"36866\" data-permalink=\"https:\/\/www.comicbox.com\/index.php\/articles\/oldies-but-goodies-the-shadow-30-mars-1942\/attachment\/valda04\/\" data-orig-file=\"https:\/\/i0.wp.com\/www.comicbox.com\/wp-content\/uploads\/2012\/07\/Valda04.jpg?fit=450%2C418&amp;ssl=1\" data-orig-size=\"450,418\" data-comments-opened=\"1\" data-image-meta=\"{&quot;aperture&quot;:&quot;0&quot;,&quot;credit&quot;:&quot;&quot;,&quot;camera&quot;:&quot;&quot;,&quot;caption&quot;:&quot;&quot;,&quot;created_timestamp&quot;:&quot;0&quot;,&quot;copyright&quot;:&quot;&quot;,&quot;focal_length&quot;:&quot;0&quot;,&quot;iso&quot;:&quot;0&quot;,&quot;shutter_speed&quot;:&quot;0&quot;,&quot;title&quot;:&quot;&quot;}\" data-image-title=\"Le Shadow entre en action tandis que Valda poursuit la bande,d\u00e9guis\u00e9e en panth\u00e8re&amp;#8230;\" data-image-description=\"\" data-image-caption=\"\" data-large-file=\"https:\/\/i0.wp.com\/www.comicbox.com\/wp-content\/uploads\/2012\/07\/Valda04.jpg?fit=450%2C418&amp;ssl=1\" class=\"alignright size-full wp-image-36866\" style=\"margin-left: 4px; margin-right: 4px;\" title=\"Le Shadow entre en action tandis que Valda poursuit la bande,d\u00e9guis\u00e9e en panth\u00e8re...\" src=\"https:\/\/i0.wp.com\/www.comicbox.com\/wp-content\/uploads\/2012\/07\/Valda04.jpg?resize=450%2C418\" alt=\"\" width=\"450\" height=\"418\" srcset=\"https:\/\/i0.wp.com\/www.comicbox.com\/wp-content\/uploads\/2012\/07\/Valda04.jpg?w=450&amp;ssl=1 450w, https:\/\/i0.wp.com\/www.comicbox.com\/wp-content\/uploads\/2012\/07\/Valda04.jpg?resize=150%2C139&amp;ssl=1 150w\" sizes=\"auto, (max-width: 450px) 100vw, 450px\" \/>Dans la case suivante, Margo et Lamont ont trouv\u00e9 le temps de s&rsquo;introduire dans la boutique de d\u00e9guisement. Le h\u00e9ros lui-m\u00eame a enfil\u00e9 ses v\u00eatements noirs du Shadow ainsi que l&rsquo;\u00e9charpe rouge qui lui cache le bas du visage. Parmi tous les v\u00eatements, Margo s&rsquo;arr\u00eate sur un indice en apparence d\u00e9risoire. Un sac de femme qui a l&rsquo;air ancien. Ce qui \u00e9tonne Margo c&rsquo;est qu&rsquo;il soit marqu\u00e9 de la lettre V. Le \u00ab\u00a0V de la Victoire\u00a0\u00bb pense la jeune femme. Et c&rsquo;est ce qui l&rsquo;\u00e9tonne car, de fa\u00e7on induite, puisque la guerre est encore r\u00e9cente, elle s&rsquo;\u00e9tonne de trouver ce V sur un accessoire plus ancien. Le Shadow, pendant ce temps, a rep\u00e9r\u00e9 la porte qui m\u00e8ne au Q.G. d&rsquo;Althor. Il se retourne alors pour expliquer \u00e0 Margo que le V n&rsquo;est absolument pas l\u00e0 pour marquer la victoire. Ce sac appartient \u00e0 Valda ! Ca se complique. Sachant deux de ses alli\u00e9s dans l&rsquo;endroit, le Shadow ne d\u00e9sire pas mettre une personne de plus en danger. Il ordonne \u00e0 Margo de retourner l&rsquo;attendre au taxi. La jeune femme, elle, est sid\u00e9r\u00e9e : \u00ab\u00a0Alors Valda est li\u00e9e \u00e0 tout \u00e7a ? Pas \u00e9tonnant que Skeet m&rsquo;ai pos\u00e9 un lapin !\u00a0\u00bb.<\/p>\n<p style=\"text-align: justify;\">Pendant ce temps Valda a suivi son id\u00e9e premi\u00e8re. Elle est arriv\u00e9e \u00e0 s&rsquo;introduire dans les tunnels des gangsters, toujours d\u00e9guis\u00e9e en femme-chat. Elle aper\u00e7oit alors la bande qui entra\u00eene Skeets. Les bandits pr\u00e9sentent alors leur prisonnier \u00e0 Althor. Ce dernier reconna\u00eet tout de suite Skeet, auquel il a d\u00e9j\u00e0 \u00e9t\u00e9 confront\u00e9 dans l&rsquo;aventure pr\u00e9c\u00e9dente (celle qui n&rsquo;a \u00e9t\u00e9 publi\u00e9e que dans le strip, pas dans la version comics). Au loin Valda reconna\u00eet son ex-alli\u00e9. Se d\u00e9masquant, elle appara\u00eet alors \u00e0 couvert et explique \u00e0 Althor qu&rsquo;elle a manipul\u00e9 Skeet. Elle d\u00e9sirait justement qu&rsquo;on le capture pour qu&rsquo;il serve d&rsquo;app\u00e2t. Il s&rsquo;agit en fait d&rsquo;attirer le Shadow et de le pi\u00e9ger. \u00ab\u00a0Bon boulot !\u00a0\u00bb s&rsquo;exclame Althor. Et Skeet, pendant ce temps, a tout le loisir de se demander s&rsquo;il ne s&rsquo;est pas fait avoir&#8230;<\/p>\n<p style=\"text-align: justify;\">Althor ne s&rsquo;\u00e9tonne pas de retrouver la danseuse d\u00e9guis\u00e9e en panth\u00e8re. Il ordonne sur le champ qu&rsquo;on enferme Skeet dans une cellule. Valda, elle, se dit int\u00e9rieurement qu&rsquo;elle va jouer le jeu pour plus en apprendre sur le plan d&rsquo;Althor. Nous sommes donc rassur\u00e9s. Valda n&rsquo;est pas r\u00e9ellement revenue dans le camp du Mal. Elle joue un double jeu mais n&rsquo;a pas trahi le Shadow et ses amis. Mais la duplicit\u00e9 est visiblement un trait f\u00e9minin dans l&rsquo;esprit des auteurs. Tandis que le Shadow s&rsquo;est lui aussi introduit dans les tunnels, Margo n&rsquo;a pas ob\u00e9it. Elle n&rsquo;est pas retourn\u00e9e au taxi. Au contraire elle a alors une id\u00e9e assez similaire \u00e0 celle de Valda. Elle trouve les habits civils de Valda et en d\u00e9duit que, d\u00e9guis\u00e9e, elle a du s&rsquo;introduire dans l&rsquo;antre des bandits. Comme Margo cherche toujours \u00e0 prouver qu&rsquo;elle au moins \u00e9gale mais sinon sup\u00e9rieure \u00e0 Valda, elle d\u00e9cide de suivre un plan similaire. Elle s&#8217;empare d&rsquo;un d\u00e9guisement de fant\u00f4me (une sorte de drap blanc avec une capuche qui cache son visage) et s&rsquo;aventure elle aussi dans le r\u00e9seau de tunnels.<\/p>\n<p style=\"text-align: justify;\">L&rsquo;ennui, c&rsquo;est qu&rsquo;elle n&rsquo;a pas mis le Shadow au courant de son plan. Le h\u00e9ros r\u00f4de d\u00e9j\u00e0 dans les tunnels en se servant de ses dons pour rester invisible. Margo passe donc devant le Shadow sans s&rsquo;en rendre compte. Inversement le Shadow, en voyant cette silhouette blanche, est convaincu qu&rsquo;il s&rsquo;agit d&rsquo;Althor ou d&rsquo;un complice de ce dernier qui tenterait d&rsquo;affoler les curieux en faisant croire \u00e0 l&rsquo;apparition d&rsquo;un fant\u00f4me. Un quiproquo s&rsquo;installe et le Shadow prend donc en filature son amie sans le savoir.<\/p>\n<p style=\"text-align: justify;\"><img data-recalc-dims=\"1\" loading=\"lazy\" decoding=\"async\" data-attachment-id=\"36867\" data-permalink=\"https:\/\/www.comicbox.com\/index.php\/articles\/oldies-but-goodies-the-shadow-30-mars-1942\/attachment\/valda05\/\" data-orig-file=\"https:\/\/i0.wp.com\/www.comicbox.com\/wp-content\/uploads\/2012\/07\/Valda05.jpg?fit=280%2C276&amp;ssl=1\" data-orig-size=\"280,276\" data-comments-opened=\"1\" data-image-meta=\"{&quot;aperture&quot;:&quot;0&quot;,&quot;credit&quot;:&quot;&quot;,&quot;camera&quot;:&quot;&quot;,&quot;caption&quot;:&quot;&quot;,&quot;created_timestamp&quot;:&quot;0&quot;,&quot;copyright&quot;:&quot;&quot;,&quot;focal_length&quot;:&quot;0&quot;,&quot;iso&quot;:&quot;0&quot;,&quot;shutter_speed&quot;:&quot;0&quot;,&quot;title&quot;:&quot;&quot;}\" data-image-title=\"Althor explique son plan \u00e0 Valda\" data-image-description=\"\" data-image-caption=\"\" data-large-file=\"https:\/\/i0.wp.com\/www.comicbox.com\/wp-content\/uploads\/2012\/07\/Valda05.jpg?fit=280%2C276&amp;ssl=1\" class=\"alignleft size-full wp-image-36867\" style=\"margin-left: 4px; margin-right: 4px;\" title=\"Althor explique son plan \u00e0 Valda\" src=\"https:\/\/i0.wp.com\/www.comicbox.com\/wp-content\/uploads\/2012\/07\/Valda05.jpg?resize=280%2C276\" alt=\"\" width=\"280\" height=\"276\" srcset=\"https:\/\/i0.wp.com\/www.comicbox.com\/wp-content\/uploads\/2012\/07\/Valda05.jpg?w=280&amp;ssl=1 280w, https:\/\/i0.wp.com\/www.comicbox.com\/wp-content\/uploads\/2012\/07\/Valda05.jpg?resize=70%2C70&amp;ssl=1 70w, https:\/\/i0.wp.com\/www.comicbox.com\/wp-content\/uploads\/2012\/07\/Valda05.jpg?resize=150%2C147&amp;ssl=1 150w, https:\/\/i0.wp.com\/www.comicbox.com\/wp-content\/uploads\/2012\/07\/Valda05.jpg?resize=36%2C36&amp;ssl=1 36w\" sizes=\"auto, (max-width: 280px) 100vw, 280px\" \/>Pendant ce temps, Althor a commenc\u00e9 d&rsquo;expliquer son plan \u00e0 Valda. Install\u00e9 devant un projecteur noir, le gangster explique \u00e0 la jolie blonde, toujours habill\u00e9e dans une tenue f\u00e9line, qu&rsquo;elle devra lui tirer dessus une fois qu&rsquo;il aura actionn\u00e9 le projecteur de lumi\u00e8re noire. Althor lui tend son propre revolver et la jeune femme saute sur l&rsquo;occasion : Elle va pouvoir tirer sur Althor avec sa propre arme et stopper la bande. Mais quand la lumi\u00e8re noire est activ\u00e9e et que la danseuse entre dans le rayon sombre, elle tire mais rien n&rsquo;arrive. L&rsquo;arme ne marche pas ! Althor explique alors que cette invention neutralise toutes les armes ! L&rsquo;id\u00e9e est de bloquer les revolvers du Shadow quand il viendra les traquer. D&rsquo;ailleurs une alarme s&rsquo;active ! Althor comprend que le Shadow approche et ordonne qu&rsquo;on active la lumi\u00e8re noire.<\/p>\n<p style=\"text-align: justify;\">Quand l&rsquo;intrus arrive, Althor lui saute dessus. Mais Valda comprend vite que ce n&rsquo;est pas le Shadow. C&rsquo;est une personne recouverte d&rsquo;un drap blanc. Quand on l&rsquo;extirpe de ce d\u00e9guisement, Valda reconna\u00eet Margo Lane. Cette derni\u00e8re, elle, est surprise de la tenue de sa rivale : \u00ab\u00a0Salut Valda ! Comme ce costume te vas bien ! Miaou !\u00a0\u00bb. C&rsquo;est loin d&rsquo;\u00eatre un compliment sachant la jalousie entre les deux femmes. Valda est d\u00e9guis\u00e9e en chat noir, symbole de la malchance et c&rsquo;est tr\u00e8s certainement ce \u00e0 quoi Margo fait allusion. Althor ordonne qu&rsquo;on l&rsquo;enferme dans la m\u00eame cellule que Skeet. Pendant ce temps le Shadow, toujours en mode invisible, a emprunt\u00e9 un autre chemin. Le d\u00e9tour fait qu&rsquo;Althor a tout le temps d&rsquo;expliquer \u00e0 Valda le reste de son plan. Il lui pr\u00e9sente Nagu, une panth\u00e8re noire qui a tout sp\u00e9cialement \u00e9t\u00e9 dress\u00e9e pour tuer dans l&rsquo;obscurit\u00e9. La b\u00eate profitera de l&rsquo;obscurit\u00e9 du rayon noir pour tuer le Shadow. Et comme les armes de ce dernier ne fonctionneront pas \u00e0 cause du rayon&#8230;<\/p>\n<p style=\"text-align: justify;\"><img data-recalc-dims=\"1\" loading=\"lazy\" decoding=\"async\" data-attachment-id=\"36868\" data-permalink=\"https:\/\/www.comicbox.com\/index.php\/articles\/oldies-but-goodies-the-shadow-30-mars-1942\/attachment\/valda06\/\" data-orig-file=\"https:\/\/i0.wp.com\/www.comicbox.com\/wp-content\/uploads\/2012\/07\/Valda06.jpg?fit=580%2C259&amp;ssl=1\" data-orig-size=\"580,259\" data-comments-opened=\"1\" data-image-meta=\"{&quot;aperture&quot;:&quot;0&quot;,&quot;credit&quot;:&quot;&quot;,&quot;camera&quot;:&quot;&quot;,&quot;caption&quot;:&quot;&quot;,&quot;created_timestamp&quot;:&quot;0&quot;,&quot;copyright&quot;:&quot;&quot;,&quot;focal_length&quot;:&quot;0&quot;,&quot;iso&quot;:&quot;0&quot;,&quot;shutter_speed&quot;:&quot;0&quot;,&quot;title&quot;:&quot;&quot;}\" data-image-title=\"Nagu la Panth\u00e8re Noire\" data-image-description=\"\" data-image-caption=\"\" data-large-file=\"https:\/\/i0.wp.com\/www.comicbox.com\/wp-content\/uploads\/2012\/07\/Valda06.jpg?fit=580%2C259&amp;ssl=1\" class=\"alignright size-full wp-image-36868\" style=\"margin-left: 4px; margin-right: 4px;\" title=\"Nagu la Panth\u00e8re Noire\" src=\"https:\/\/i0.wp.com\/www.comicbox.com\/wp-content\/uploads\/2012\/07\/Valda06.jpg?resize=580%2C259\" alt=\"\" width=\"580\" height=\"259\" srcset=\"https:\/\/i0.wp.com\/www.comicbox.com\/wp-content\/uploads\/2012\/07\/Valda06.jpg?w=580&amp;ssl=1 580w, https:\/\/i0.wp.com\/www.comicbox.com\/wp-content\/uploads\/2012\/07\/Valda06.jpg?resize=150%2C66&amp;ssl=1 150w\" sizes=\"auto, (max-width: 580px) 100vw, 580px\" \/>Mais pendant ce temps Skeet et Margo ne restent pas les deux pieds dans le m\u00eame sabot. Le jeune homme arrive \u00e0 se glisser par une espace entre le haut de la cage et la voute du tunnel. Skeet a expliqu\u00e9 \u00e0 Margo qu&rsquo;il fait toujours confiance \u00e0 Valda. Margo se fait un peu tirer l&rsquo;oreille mais son compagnon de captivit\u00e9 insiste. Finalement Skeet arrive \u00e0 passer de l&rsquo;autre c\u00f4t\u00e9 des barreaux et s&#8217;empare du d\u00e9guisement de fant\u00f4me que portait la jeune femme. Elle pr\u00e9vient : \u00ab\u00a0Sois prudent ! Ils m&rsquo;ont attrap\u00e9 quand je portais cette tenue !\u00a0\u00bb. Skeet n&rsquo;est pas impressionn\u00e9 : \u00ab\u00a0Ils auront une surprise s&rsquo;ils tentent de capturer ce fant\u00f4me !\u00a0\u00bb. De son c\u00f4t\u00e9 Valda a compris (sans doute apr\u00e8s avoir vu Margo) que le Shadow se trouve dans l&rsquo;\u00e9difice. Elle d\u00e9cide d&rsquo;aller \u00e0 sa rencontre et commence par aller demander aux prisonniers o\u00f9 leur chef se trouve. Il n&rsquo;y a plus que Margo, qui ne se montre pas tr\u00e8s coop\u00e9rative : \u00ab\u00a0Tiens, si ce n&rsquo;est pas \u00ab\u00a0Pussycat\u00a0\u00bb Valda qui recherche le petit Skeet pour pouvoir le prot\u00e9ger !\u00a0\u00bb. Mais la blonde explique : \u00ab\u00a0Il a besoin de protection ! Il y a une panth\u00e8re en libert\u00e9 ! Si tu vois le Shadow, pr\u00e9viens-le !\u00a0\u00bb. On l&rsquo;aura compris la brune et la blonde ne sont pas tr\u00e8s copines. Valda repart sans pour autant lib\u00e9rer Margo (peut-\u00eatre aussi parce qu&rsquo;elle pense que derri\u00e8re les barreaux l&rsquo;autre femme ne risque pas d&rsquo;\u00eatre attaqu\u00e9e par le fauve). Valda pr\u00e9f\u00e8re se mettre \u00e0 la recherche de Skeet.<\/p>\n<p style=\"text-align: justify;\"><img data-recalc-dims=\"1\" loading=\"lazy\" decoding=\"async\" data-attachment-id=\"36869\" data-permalink=\"https:\/\/www.comicbox.com\/index.php\/articles\/oldies-but-goodies-the-shadow-30-mars-1942\/attachment\/valda07\/\" data-orig-file=\"https:\/\/i0.wp.com\/www.comicbox.com\/wp-content\/uploads\/2012\/07\/Valda07.jpg?fit=375%2C525&amp;ssl=1\" data-orig-size=\"375,525\" data-comments-opened=\"1\" data-image-meta=\"{&quot;aperture&quot;:&quot;0&quot;,&quot;credit&quot;:&quot;&quot;,&quot;camera&quot;:&quot;&quot;,&quot;caption&quot;:&quot;&quot;,&quot;created_timestamp&quot;:&quot;0&quot;,&quot;copyright&quot;:&quot;&quot;,&quot;focal_length&quot;:&quot;0&quot;,&quot;iso&quot;:&quot;0&quot;,&quot;shutter_speed&quot;:&quot;0&quot;,&quot;title&quot;:&quot;&quot;}\" data-image-title=\"Le Shadow sauve Valda et Skeet\" data-image-description=\"\" data-image-caption=\"\" data-large-file=\"https:\/\/i0.wp.com\/www.comicbox.com\/wp-content\/uploads\/2012\/07\/Valda07.jpg?fit=375%2C525&amp;ssl=1\" class=\"alignleft size-full wp-image-36869\" style=\"margin-left: 4px; margin-right: 4px;\" title=\"Le Shadow sauve Valda et Skeet\" src=\"https:\/\/i0.wp.com\/www.comicbox.com\/wp-content\/uploads\/2012\/07\/Valda07.jpg?resize=375%2C525\" alt=\"\" width=\"375\" height=\"525\" srcset=\"https:\/\/i0.wp.com\/www.comicbox.com\/wp-content\/uploads\/2012\/07\/Valda07.jpg?w=375&amp;ssl=1 375w, https:\/\/i0.wp.com\/www.comicbox.com\/wp-content\/uploads\/2012\/07\/Valda07.jpg?resize=107%2C150&amp;ssl=1 107w\" sizes=\"auto, (max-width: 375px) 100vw, 375px\" \/>Bient\u00f4t le Shadow arrive devant la cellule de Margo et tandis qu&rsquo;il la lib\u00e8re en cassant le cadenas de la porte (c&rsquo;est qu&rsquo;il est costaud, le Shadow !), cette ch\u00e8re mademoiselle Lane reste aveugl\u00e9e par la jalousie : \u00ab\u00a0Valda r\u00f4de et tente de tout faire passer sur le dos d&rsquo;une panth\u00e8re !\u00a0\u00bb. On comprendra que le sc\u00e9nariste avait sans doute dans l&rsquo;id\u00e9e de jouer sur la confusion. On parle d&rsquo;une panth\u00e8re et, comme par hasard, Valda porte un costume de panth\u00e8re noire. A un certain niveau l&rsquo;auteur voulait sans doute multiplier les quiproquos. C&rsquo;est d&rsquo;ailleurs ce qui se passe dans la sc\u00e8ne suivante. Skeet, toujours d\u00e9guis\u00e9 en fant\u00f4me blanc, aper\u00e7oit la vraie panth\u00e8re. Mais de loin il croit qu&rsquo;il s&rsquo;agit de son amie : \u00ab\u00a0Salut, Valda ! Ce costume est sacr\u00e9ment r\u00e9aliste !\u00a0\u00bb. C&rsquo;est \u00e0 ce moment-l\u00e0 que Valda (la vraie, surgit dans la pi\u00e8ce. Trop tard : Le fauve est en train de bondir vers Skeet pour l&rsquo;attaquer. Valda se pr\u00e9cipite vers le jeune homme pour essayer de le prot\u00e9ger mais il semble bien que tous les deux vont \u00eatre tu\u00e9s par la b\u00eate. Heureusement le Shadow, toujours invisible, est l\u00e0. Il s&#8217;empare du fauve en plein bond et l&rsquo;affronte \u00e0 mains nues. Il ne prend cependant pas le temps de s&rsquo;arr\u00eater.<\/p>\n<p style=\"text-align: justify;\">Alors que Valda et Skeets restent seuls dans la pi\u00e8ce (on ne sait pas trop o\u00f9 le Shadow a disparu avec la b\u00eate), la danseuse au costume noir s&rsquo;\u00e9crie : \u00ab\u00a0Seul le Shadow a pu arr\u00eater cette panth\u00e8re ! Maintenant aidons-le \u00e0 trouver Althor !\u00a0\u00bb. Mais c&rsquo;est le gangster et un de ses hommes de main qui les trouvent les premiers. Ils bondissent sur le fant\u00f4me blanc, pensant sans doute qu&rsquo;il s&rsquo;agit toujours de Margo. Puisque c&rsquo;est Skeet sous le drap, rien ne les pr\u00e9pare \u00e0 ce que leur cible soit plus muscl\u00e9e. Skeet arrive \u00e0 renverser l&rsquo;homme de main. Les deux agents du Shadow profitent alors de la confusion pour glisser le drap du fant\u00f4me derri\u00e8re une grille ferm\u00e9e. Valda (avec son costume noir qui la rend presque invisible dans le noir) manipule le drap de mani\u00e8re \u00e0 ce qu&rsquo;on croie que le fant\u00f4me est pass\u00e9 \u00e0 travers les barreaux. Althor est stup\u00e9fait. Il y aurait donc quelque chose de vraiment surnaturel ?<\/p>\n<p style=\"text-align: justify;\"><img data-recalc-dims=\"1\" loading=\"lazy\" decoding=\"async\" data-attachment-id=\"36870\" data-permalink=\"https:\/\/www.comicbox.com\/index.php\/articles\/oldies-but-goodies-the-shadow-30-mars-1942\/attachment\/valda08\/\" data-orig-file=\"https:\/\/i0.wp.com\/www.comicbox.com\/wp-content\/uploads\/2012\/07\/Valda08.jpg?fit=420%2C391&amp;ssl=1\" data-orig-size=\"420,391\" data-comments-opened=\"1\" data-image-meta=\"{&quot;aperture&quot;:&quot;0&quot;,&quot;credit&quot;:&quot;&quot;,&quot;camera&quot;:&quot;&quot;,&quot;caption&quot;:&quot;&quot;,&quot;created_timestamp&quot;:&quot;0&quot;,&quot;copyright&quot;:&quot;&quot;,&quot;focal_length&quot;:&quot;0&quot;,&quot;iso&quot;:&quot;0&quot;,&quot;shutter_speed&quot;:&quot;0&quot;,&quot;title&quot;:&quot;&quot;}\" data-image-title=\"Valda perd son costume f\u00e9lin et se retrouve&amp;#8230; nue !\" data-image-description=\"\" data-image-caption=\"\" data-large-file=\"https:\/\/i0.wp.com\/www.comicbox.com\/wp-content\/uploads\/2012\/07\/Valda08.jpg?fit=420%2C391&amp;ssl=1\" class=\"alignright size-full wp-image-36870\" style=\"margin-left: 4px; margin-right: 4px;\" title=\"Valda perd son costume f\u00e9lin et se retrouve... nue !\" src=\"https:\/\/i0.wp.com\/www.comicbox.com\/wp-content\/uploads\/2012\/07\/Valda08.jpg?resize=420%2C391\" alt=\"\" width=\"420\" height=\"391\" srcset=\"https:\/\/i0.wp.com\/www.comicbox.com\/wp-content\/uploads\/2012\/07\/Valda08.jpg?w=420&amp;ssl=1 420w, https:\/\/i0.wp.com\/www.comicbox.com\/wp-content\/uploads\/2012\/07\/Valda08.jpg?resize=150%2C139&amp;ssl=1 150w\" sizes=\"auto, (max-width: 420px) 100vw, 420px\" \/>Plus tard le Shadow arrache le drap et d\u00e9couvre Valda. Celle-ci lui jure ces grands dieux qu&rsquo;elle veut une seule chose. L&rsquo;aider ! Le h\u00e9ros lui dit qu&rsquo;elle peut le faire si elle sait comment ouvrir une porte qui bloque le passage. Valda tente le coup mais elle d\u00e9couvre que c&rsquo;est une porte coulissante. Elle ne s&rsquo;y attendait pas et, dans son \u00e9lan, elle tombe \u00e0 la renverse. La queue de chat de son costume reste coinc\u00e9e dans cette porte et le costume se d\u00e9chire sous la pouss\u00e9e. Bient\u00f4t Valda se retrouve nue (mais le cadrage nous cache l&rsquo;essentiel de son anatomie) : \u00ab\u00a0Je vais devoir me d\u00e9brouiller sans ce costume de chat !\u00a0\u00bb. Ce qui, au passage, laisse entendre que Valda ne porte pas de sous-v\u00eatements, ce qui \u00e9tait loin d&rsquo;\u00eatre la norme \u00e0 l&rsquo;\u00e9poque et renforce le c\u00f4t\u00e9 sulfureux du personnage, en tout cas dans son \u00e8re d&rsquo;origine. Pendant ce temps le Shadow a p\u00e9n\u00e9tr\u00e9 dans la pi\u00e8ce o\u00f9 Althor garde son \u00ab\u00a0rayon noir\u00a0\u00bb. Ce m\u00eame Althor qui, de son c\u00f4t\u00e9, a r\u00e9cup\u00e9r\u00e9 la panth\u00e8re Nagu. Apparemment ni Althor ni le sc\u00e9nariste ne se souviennent que le Shadow n&rsquo;a fait qu&rsquo;une bouch\u00e9e du f\u00e9lin. Le gangster ordonne donc qu&rsquo;on actionne le projecteur de lumi\u00e8re noire (celui qui bloque l&rsquo;usage des armes) et l\u00e2che la panth\u00e8re. Elle dispara\u00eet avec le Shadow dans l&rsquo;obscurit\u00e9. Les bandits entendent le bruit d&rsquo;une g\u00e2chette qui fonctionne sans bruit de tir. Puis un grand choc. Ils pensent l&rsquo;affaire r\u00e9gl\u00e9e et rallument la lumi\u00e8re normale. A leur grande surprise ils trouvent la panth\u00e8re inconsciente et un Shadow triomphant. Il s&rsquo;est jou\u00e9 d&rsquo;eux: il a seulement fait semblant d&rsquo;utiliser un revolver qui n&rsquo;avait plus de balles. Et dans le noir, il s&rsquo;est content\u00e9 de refermer la porte d&rsquo;entr\u00e9e de mani\u00e8re \u00e0 ce que le fauve s&rsquo;assomme en lui bondissant dessus. Puis Margo et Skeet font irruption dans la pi\u00e8ce. Althor et son seul complice restant pr\u00e9f\u00e8rent s&rsquo;enfuir en voiture. Le Shadow et Skeet sautent alors dans un autre v\u00e9hicule qui transporte une version portable du rayon noir.<\/p>\n<p style=\"text-align: justify;\"><img data-recalc-dims=\"1\" loading=\"lazy\" decoding=\"async\" data-attachment-id=\"36871\" data-permalink=\"https:\/\/www.comicbox.com\/index.php\/articles\/oldies-but-goodies-the-shadow-30-mars-1942\/attachment\/valda10\/\" data-orig-file=\"https:\/\/i0.wp.com\/www.comicbox.com\/wp-content\/uploads\/2012\/07\/Valda10.jpg?fit=400%2C231&amp;ssl=1\" data-orig-size=\"400,231\" data-comments-opened=\"1\" data-image-meta=\"{&quot;aperture&quot;:&quot;0&quot;,&quot;credit&quot;:&quot;&quot;,&quot;camera&quot;:&quot;&quot;,&quot;caption&quot;:&quot;&quot;,&quot;created_timestamp&quot;:&quot;0&quot;,&quot;copyright&quot;:&quot;&quot;,&quot;focal_length&quot;:&quot;0&quot;,&quot;iso&quot;:&quot;0&quot;,&quot;shutter_speed&quot;:&quot;0&quot;,&quot;title&quot;:&quot;&quot;}\" data-image-title=\"Margo retrouve Valda nue et lui donne une tenue de rechange, mais dans l&amp;rsquo;id\u00e9e de se moquer d&amp;rsquo;elle.\" data-image-description=\"\" data-image-caption=\"\" data-large-file=\"https:\/\/i0.wp.com\/www.comicbox.com\/wp-content\/uploads\/2012\/07\/Valda10.jpg?fit=400%2C231&amp;ssl=1\" class=\"alignleft size-full wp-image-36871\" style=\"margin-left: 4px; margin-right: 4px;\" title=\"Margo retrouve Valda nue et lui donne une tenue de rechange, mais dans l'id\u00e9e de se moquer d'elle.\" src=\"https:\/\/i0.wp.com\/www.comicbox.com\/wp-content\/uploads\/2012\/07\/Valda10.jpg?resize=400%2C231\" alt=\"\" width=\"400\" height=\"231\" srcset=\"https:\/\/i0.wp.com\/www.comicbox.com\/wp-content\/uploads\/2012\/07\/Valda10.jpg?w=400&amp;ssl=1 400w, https:\/\/i0.wp.com\/www.comicbox.com\/wp-content\/uploads\/2012\/07\/Valda10.jpg?resize=150%2C86&amp;ssl=1 150w\" sizes=\"auto, (max-width: 400px) 100vw, 400px\" \/>Rest\u00e9e dans le labyrinthe de tunnels, Margo retrouve Valda, toujours nue, qui se cache derri\u00e8re une porte. La blonde d\u00e9v\u00eatue demande alors \u00e0 l&rsquo;autre femme de lui trouver des v\u00eatements de rechange dans la boutique de d\u00e9guisements. Mais Margo, sans doute par pur caprice, revient en disant qu&rsquo;elle n&rsquo;a pas trouv\u00e9 les habits laiss\u00e9s par Valda. Elle lui ram\u00e8ne donc la seule \u00ab\u00a0chose de style\u00a0\u00bb qu&rsquo;elle a pu lui trouver : Une robe imitant le style de la fin du 19\u00e8me si\u00e8cle. Ainsi habill\u00e9e, Valda ressemble \u00e0 une ringarde. Margo lui jure alors que le r\u00e9tro revient \u00e0 la mode ces derniers temps.<\/p>\n<p style=\"text-align: justify;\">De l&rsquo;autre c\u00f4t\u00e9 de la ville, la poursuite entre les deux voitures continue. Le Shadow s&rsquo;impatiente et demande \u00e0 Skeet d&rsquo;actionner le rayon noir qu&rsquo;ils transportent (Althor est un sacr\u00e9 idiot : c&rsquo;est ce v\u00e9hicule qu&rsquo;il aurait du prendre !). La voiture d&rsquo;Althor entre alors dans le rayon d&rsquo;obscurit\u00e9. Le gangster ordonne alors \u00e0 son complice de pr\u00e9parer une bombe : pendant que le rayon noir est sur eux elle ne risque pas d&rsquo;exploser. Et sans doute (mais le sc\u00e9nario ne nous dit rien \u00e0 ce sujet) que le dit complice est capable de finaliser une bombe en pleine obscurit\u00e9. Le Shadow est pourtant plus malin qu&rsquo;eux. Il les prend de vitesse en exigeant que Skeet \u00e9teigne le rayon noir sans attendre. La bombe s&rsquo;active avant qu&rsquo;Althor ait pu r\u00e9agir. Les deux gangsters sont souffl\u00e9s (et sans doute tu\u00e9s) par l&rsquo;explosion.<\/p>\n<p style=\"text-align: justify;\"><img data-recalc-dims=\"1\" loading=\"lazy\" decoding=\"async\" data-attachment-id=\"36872\" data-permalink=\"https:\/\/www.comicbox.com\/index.php\/articles\/oldies-but-goodies-the-shadow-30-mars-1942\/attachment\/valda11\/\" data-orig-file=\"https:\/\/i0.wp.com\/www.comicbox.com\/wp-content\/uploads\/2012\/07\/Valda11.jpg?fit=250%2C239&amp;ssl=1\" data-orig-size=\"250,239\" data-comments-opened=\"1\" data-image-meta=\"{&quot;aperture&quot;:&quot;0&quot;,&quot;credit&quot;:&quot;&quot;,&quot;camera&quot;:&quot;&quot;,&quot;caption&quot;:&quot;&quot;,&quot;created_timestamp&quot;:&quot;0&quot;,&quot;copyright&quot;:&quot;&quot;,&quot;focal_length&quot;:&quot;0&quot;,&quot;iso&quot;:&quot;0&quot;,&quot;shutter_speed&quot;:&quot;0&quot;,&quot;title&quot;:&quot;&quot;}\" data-image-title=\"En tentant de ridiculiser Valda, Margo l&amp;rsquo;a pouss\u00e9e dans les bras de Skeet.\" data-image-description=\"\" data-image-caption=\"\" data-large-file=\"https:\/\/i0.wp.com\/www.comicbox.com\/wp-content\/uploads\/2012\/07\/Valda11.jpg?fit=250%2C239&amp;ssl=1\" class=\"alignright size-full wp-image-36872\" style=\"margin-left: 4px; margin-right: 4px;\" title=\"En tentant de ridiculiser Valda, Margo l'a pouss\u00e9e dans les bras de Skeet.\" src=\"https:\/\/i0.wp.com\/www.comicbox.com\/wp-content\/uploads\/2012\/07\/Valda11.jpg?resize=250%2C239\" alt=\"\" width=\"250\" height=\"239\" srcset=\"https:\/\/i0.wp.com\/www.comicbox.com\/wp-content\/uploads\/2012\/07\/Valda11.jpg?w=250&amp;ssl=1 250w, https:\/\/i0.wp.com\/www.comicbox.com\/wp-content\/uploads\/2012\/07\/Valda11.jpg?resize=150%2C143&amp;ssl=1 150w\" sizes=\"auto, (max-width: 250px) 100vw, 250px\" \/>Quand Skeet et le Shadow reviennent au magasin de d\u00e9guisements, ils trouvent les deux femmes. Margo se moque ouvertement de Valda dans sa tenue d\u00e9mod\u00e9e : \u00ab\u00a0Salut Skeet ! Je te pr\u00e9sente une vieille gravure nomm\u00e9e Valda !\u00a0\u00bb. La blonde est furieuse mais Skeet ne r\u00e9agit pas de la mani\u00e8re attendue. Au contraire il trouve que la tenue va bien \u00e0 Valda et d\u00e9cide qu&rsquo;elle est parfaite pour l&rsquo;accompagner au bal de ce soir. Car c&rsquo;est justement un bal costum\u00e9 ! Avant de partir avec Skeet, Valda se retourne vers Margo pour se moquer d&rsquo;elle : \u00ab\u00a0Tu auras peut-\u00eatre plus de chance l&rsquo;an prochain, Margo !\u00a0\u00bb. Constern\u00e9e, la jolie brune comprend alors que si Skeet lui avait donn\u00e9 rendez-vous devant cette boutique c&rsquo;\u00e9tait justement pour choisir un d\u00e9guisement. En donnant cette tenue \u00e0 Valda, Margo a d&rsquo;une certaine mani\u00e8re fait le jeu de sa rivale. En allumant une cigarette, Lamont Cranston termine l&rsquo;histoire en ironisant : \u00ab\u00a0Tu as finalement tout compris, Margo !\u00a0\u00bb.<\/p>\n<p style=\"text-align: justify;\">Cette histoire ne semble pas avoir d&rsquo;\u00e9quivalent dans les romans du Shadow. C&rsquo;est peut-\u00eatre un synopsis de Walter Gibson qui aura \u00e9t\u00e9 refus\u00e9 par son \u00e9diteur litt\u00e9raire car on sent en plusieurs endroits que le r\u00e9cit \u00e9tait pr\u00e9vu pour \u00eatre plus long et plus d\u00e9taill\u00e9, avec un jeu de confusion entre les personnages (les diff\u00e9rentes personnes portant le drap du fant\u00f4me \u00e0 un moment ou \u00e0 un autre, Valda et la panth\u00e8re noire qu&rsquo;on confond&#8230;). Il y a aussi quelques autres indices que cette histoire \u00e9tait pr\u00e9vue pour la continuit\u00e9 des romans. L&rsquo;id\u00e9e du rayon noir \u00e9tait, nous l&rsquo;avons dit, largement inspir\u00e9e d&rsquo;un roman ant\u00e9rieur du Shadow, The Black Hush (1933). Mais \u00e0 la fin du livre cette premi\u00e8re version du projecteur de lumi\u00e8re noire avait \u00e9t\u00e9 d\u00e9truite. Pourtant dans un autre pulp (Crime Insured, publi\u00e9 en 1937), des gangsters envahissent le QG secret du Shadow (le \u00ab\u00a0Sanctum\u00a0\u00bb) et il est fait mention d&rsquo;un projecteur de lumi\u00e8re noire qui tr\u00f4ne parmi les troph\u00e9es du h\u00e9ros. Puisque celui du Black Hush a \u00e9t\u00e9 d\u00e9truit, cela semble indiquer qu&rsquo;entre 1933 et 1937 le Shadow \u00e9tait suppos\u00e9 avoir affront\u00e9 un autre rayon noir. Peut-\u00eatre une nouvelle rest\u00e9e in\u00e9dite ou retravaill\u00e9e d&rsquo;une mani\u00e8re ou d&rsquo;un autre, qui sera rest\u00e9e dans les cartons.<\/p>\n<p style=\"text-align: justify;\"><img data-recalc-dims=\"1\" loading=\"lazy\" decoding=\"async\" class=\"alignleft\" style=\"margin-left: 4px; margin-right: 4px;\" title=\"Miss Fury\" src=\"https:\/\/i0.wp.com\/www.comicbox.com\/wp-content\/uploads\/2011\/06\/Fury10curse.jpg?resize=500%2C462\" alt=\"\" width=\"500\" height=\"462\">L&rsquo;image de la belle Valda dans sa tenue noire \u00e9voque de nombreux mod\u00e8les de femmes fatales propres aux comics. A commencer par Catwoman. Mais, comme nous l&rsquo;avons d\u00e9j\u00e0 vu dans cette rubrique, le look de Catwoman ne s&rsquo;est fix\u00e9 que dans l&rsquo;apr\u00e8s-guerre. Vers 1942 la tenue de Selina Kyle \u00e9tait plus banale que celle port\u00e9e par Valda Rune. Ceux qui auront suivi le fil de nos pr\u00e9c\u00e9dentes chroniques se tourneront alors vers un autre mod\u00e8le. La femme-chat avant Catwoman : la Miss Fury cr\u00e9\u00e9e par Tarpe Mills. Dans un article titr\u00e9 \u00ab\u00a0The Shadow: Strange Creature in Black &#8211; The Comic Book Years\u00a0\u00bb disponible sur www.shadowsanctum.com, le sp\u00e9cialiste du Shadow Todd D. Severin rapporte d&rsquo;ailleurs une anecdote assez croustillante \u00e0 ce sujet : Lors de la sortie de la version comic-book de cette histoire du Shadow, l&rsquo;\u00e9diteur Bell Syndicate (qui publiait les aventures de Miss Fury dans la presse) aurait pris ombrage de la ressemblance entre le d\u00e9guisement de Miss Fury et celui de Valda Rune (et il est vrai qu&rsquo;ils sont pratiquement identiques). Gibson, qui n&rsquo;\u00e9tait pas homme \u00e0 se laisser impressionner, aurait alors produit une liasse des strips originaux publi\u00e9s dans la presse un an avant l&rsquo;apparition de Miss Fury. Gibson aurait alors menac\u00e9 de porter lui-m\u00eame plainte contre le Bell Syndicate si ce dernier s&rsquo;ent\u00eatait dans sa proc\u00e9dure. Le Bell Syndicate aurait pr\u00e9f\u00e9r\u00e9 faire marche arri\u00e8re plut\u00f4t que de risquer de se faire accuser de plagiat. Valda Rune mod\u00e8le de Miss Fury, c&rsquo;est une bien belle histoire qui ferait de notre jolie blonde une anc\u00eatre de nombreuses femmes-chats. Mais c&rsquo;est une histoire fausse, ou en tout cas tronqu\u00e9e.<\/p>\n<p style=\"text-align: justify;\"><img data-recalc-dims=\"1\" loading=\"lazy\" decoding=\"async\" class=\"alignright\" style=\"margin-left: 4px; margin-right: 4px;\" title=\"Miss Fury, le comic-book \u00e9dit\u00e9 par Marvel\" src=\"https:\/\/i0.wp.com\/www.comicbox.com\/wp-content\/uploads\/2011\/06\/FuryTimely.jpg?resize=350%2C521\" alt=\"\" width=\"350\" height=\"521\">M\u00eame s&rsquo;il est bien possible que Gibson se soit vant\u00e9 d&rsquo;avoir fait peur \u00e0 l&rsquo;\u00e9diteur de Miss Fury, les choses ne peuvent pas \u00eatre intervenues dans cet ordre. Le premier strip de Miss Fury est paru dans la presse en avril 1941. La premi\u00e8re version de Valda Rune d\u00e9guis\u00e9e en femme-chat est parue fin mars 1942 dans les strips puis en 1943 dans les comics. Si le Bell Syndicate s&rsquo;\u00e9tait offens\u00e9 de la ressemblance entre Miss Fury et Valda dans son costume Pussycat, il n&rsquo;aurait sans doute pas attendu la parution en comics et se serait manifest\u00e9 d\u00e8s l&rsquo;\u00e9tape des strips, en 1942. Et, dans tous les cas, Gibson aurait \u00e9t\u00e9 bien incapable de produire une liasse de strips de sa femme-chat datant de 1941. A partir de l\u00e0 cette anecdote ne peut fonctionner que de deux mani\u00e8res. Il est probable que ce n&rsquo;est pas le Bell Syndicate qui s&rsquo;est offusqu\u00e9 de la parution en comic-books mais bien les \u00e9ditions Timely (futur Marvel) qui \u00e0 l&rsquo;\u00e9poque r\u00e9imprimait les strips de Miss Fury sous forme de fascicules. Il parait logique que ce soit Timely\/Marvel qui se soit \u00e9tonn\u00e9 de la pr\u00e9sence d&rsquo;une copie dans un comic \u00e9dit\u00e9 par un concurrent. Et \u00e9ventuellement Gibson pourrait leur avoir fait cette r\u00e9ponse sans plus y r\u00e9fl\u00e9chir, en se basant sur les dates de parutions des r\u00e9impressions de Timely. Le bluff aurait fonctionn\u00e9. Ou Timely et le Bell Syndicate n&rsquo;aurait pas insist\u00e9 en constatant que le costume \u00e9tait d\u00e9truit au bout de quelques pages, laissant peu de chance qu&rsquo;on revoit cette \u00ab\u00a0Pussycat\u00a0\u00bb dans l&rsquo;\u00e9tat. L&rsquo;autre possibilit\u00e9 c&rsquo;est que Gibson ait produit non pas une liasse de strips mais bien un synopsis pour un roman ant\u00e9rieur, \u00e9crit avant 1941. L&rsquo;auteur aurait alors d\u00e9fi\u00e9 le Bell Syndicate de le poursuivre et l&rsquo;\u00e9diteur de Miss Fury aurait pr\u00e9f\u00e9r\u00e9 en rest\u00e9 l\u00e0 pour des raisons d\u00e9j\u00e0 \u00e9voqu\u00e9s (fin du costume f\u00e9lin).<\/p>\n<p style=\"text-align: justify;\">Quel but Gibson poursuivait-il vraiment en d\u00e9guisant Valda de la sorte ? On notera que l&rsquo;auteur prend soin, \u00e0 un moment, de faire dire \u00e0 son personnage qu&rsquo;avec sa tenue noire elle pourra se fondre dans l&rsquo;obscurit\u00e9 de la m\u00eame mani\u00e8re que le Shadow. Ce qui fait que sa pseudo-Catwoman ressemble \u00e0 une version f\u00e9minine du Shadow. M\u00eame en termes d&rsquo;autonomie la belle Valda semble se d\u00e9brouiller mieux que les autres agents de l&rsquo;Ombre. Souvenons-nous qu&rsquo;elle trouve, seule, le repaire d&rsquo;Althor et trouve le moyen d&rsquo;y arriver avant le Shadow. La ressemblance r\u00e9elle avec la Catwoman de DC se trouve \u00e9galement \u00e0 un autre niveau, dans le besoin de r\u00e9demption de Valda et le fait qu&rsquo;on (en tout cas Margo) ne lui laisse oublier sa vie pass\u00e9e, tandis que le Shadow semble ne pas douter de son envie de se racheter. C&rsquo;est exactement le sch\u00e9ma vu dans Batman, quand Robin ne cesse de se m\u00e9fier de Catwoman tandis que Batman, d&rsquo;office, semble d\u00e9tecter en elle une capacit\u00e9 \u00e0 faire autre chose que le mal. Valda comme Catwoman semblent vouloir \u00e9chapper \u00e0 leur pass\u00e9 mais la soci\u00e9t\u00e9 (en dehors du h\u00e9ros principal de la s\u00e9rie concern\u00e9e) ne semble pas pr\u00eate \u00e0 les accepter. Valda serait donc en v\u00e9rit\u00e9 inspir\u00e9e par Catwoman non pas au niveau du costume mais en termes de mentalit\u00e9 ? C&rsquo;est possible mais pas certain. Il existe une ultime possibilit\u00e9&#8230; fran\u00e7aise.<\/p>\n<p style=\"text-align: justify;\"><img data-recalc-dims=\"1\" loading=\"lazy\" decoding=\"async\" class=\"alignleft\" style=\"margin-left: 4px; margin-right: 4px;\" title=\"Musidora \/ Irma Vep\" src=\"https:\/\/i0.wp.com\/4.bp.blogspot.com\/_golKRcgZK20\/Svr20e7SdkI\/AAAAAAAAAxg\/C0y8IpcIIGk\/s400\/musidora01.jpg?resize=308%2C400\" alt=\"\" width=\"308\" height=\"400\">Le Shadow \u00e9tait un concept avec un certain nombre de racines fran\u00e7aises. Au moment de donner une apparence \u00e0 un personnage qui jusque-l\u00e0 n&rsquo;existait qu&rsquo;\u00e0 la radio, l&rsquo;\u00e9diteur avait purement et simplement all\u00e9grement copi\u00e9 l&rsquo;esth\u00e9tique d&rsquo;un h\u00e9ros fran\u00e7ais nomm\u00e9 Judex. Cr\u00e9ation de Louis Feuillade et Arthur Bern\u00e8de, Judex avait fait l&rsquo;objet d&rsquo;un serial en 1917 puis d&rsquo;un autre (r\u00e9alis\u00e9 par Maurice Champreux, gendre de Louis Feuillade) en 1934. Un des premiers cartons de texte du serial muet pr\u00e9sentait \u00ab\u00a0L&rsquo;Ombre Myst\u00e9rieuse\u00a0\u00bb (\u00ab\u00a0The Mysterious Shadow\u00a0\u00bb). Il semblerait que Judex ait profit\u00e9 d&rsquo;une diffusion plus ou moins l\u00e9gale aux USA (il n&rsquo;\u00e9tait pas rare que des exploitants revendent des bobines de films \u00e0 d&rsquo;autres pays). Et au moment de donner un visage au Shadow, on se serait simplement inspir\u00e9 de ce \u00ab\u00a0Mysterious Shadow\u00a0\u00bb. La ressemblance Judex\/Shadow est frappante et laisse peu de place au doute. Le feuilleton radio du Shadow avait un autre lien avec la culture fran\u00e7aise. Le g\u00e9n\u00e9rique du show \u00e9tait un air du compositeur fran\u00e7ais Camille Saint-Sa\u00ebns. Mais en quoi cela nous \u00e9clairerait sur la gen\u00e8se de Valda ? L&rsquo;apparence du Shadow d\u00e9montre que Gibson ou son \u00e9diteur \u00e9tait au moins en partie expos\u00e9s au travail de Louis Feuillade et Arthur Bern\u00e8de.<\/p>\n<p style=\"text-align: justify;\">Un travail dans lequel on retrouvait, dans le r\u00f4le de l&rsquo;antagoniste, la terrible Diana Monti, jou\u00e9e par la com\u00e9dienne Musidora (de son vrai nom Jeanne Roques). Sp\u00e9cialis\u00e9e dans les r\u00f4les de femmes fatales, Musidora appara\u00eet \u00e0 l&rsquo;occasion dans des combinaisons noires. En particulier dans un autre serial de Feuillade, les Vampires, o\u00f9 Musidora joue la voleuse Irma Vep (anagramme de \u00ab\u00a0Vampire\u00a0\u00bb). Ce r\u00f4le lui vaudra le surnom de \u00ab\u00a0Vamp\u00a0\u00bb, ce qui donnera naissance \u00e0 cette expression dans le langage populaire, y compris de l&rsquo;autre c\u00f4t\u00e9 de l&rsquo;Atlantique. M\u00eame si Irma Vep n&rsquo;a pas d&rsquo;attribut f\u00e9lin, il en faudrait peu pour la transformer en Valda Rune. Officiellement la base de donn\u00e9es IMDB place la date de <img loading=\"lazy\" decoding=\"async\" class=\"alignright\" style=\"margin-left: 4px; margin-right: 4px;\" title=\"Musidora en Irma Vep\" src=\"http:\/\/upload.wikimedia.org\/wikipedia\/commons\/e\/e5\/Musidora_in_Les_Vampires.jpg\" alt=\"\" width=\"542\" height=\"314\">sortie am\u00e9ricaine du serial \u00ab\u00a0les Vampires\u00a0\u00bb en 1965. Or, en cherchant un peu dans la presse des ann\u00e9es 20-30, on trouve divers articles (par exemple le Evening Independent du 7 mai 1923) qui font \u00e9tat des films de Musidora, allant jusqu&rsquo;\u00e0 faire des portraits de l&rsquo;actrice&#8230; Qui la repr\u00e9sentent dans sa combinaison noire. Il semble donc certain que les films de Feuillade ont circul\u00e9 aux \u00c9tats-Unis \u00e0 cette p\u00e9riode et quelqu&rsquo;un qui se serait assez int\u00e9ress\u00e9 \u00e0 Judex pour lui emprunter divers \u00e9l\u00e9ments n&rsquo;aurait pas manqu\u00e9 Les Vampires, film beaucoup plus provoquant pour l&rsquo;\u00e9poque. Quelqu&rsquo;un n&rsquo;aurait m\u00eame pas \u00e9t\u00e9 oblig\u00e9 de voir les films pour tomber sur un article consacr\u00e9 \u00e0 Musidora, la repr\u00e9sentant dans sa tenue noire. L&rsquo;explication vaut d&rsquo;ailleurs autant pour Gibson en train d&rsquo;\u00e9crire le Shadow que pour Tarpe Mills en train de cr\u00e9er sa Miss Fury !<\/p>\n<p style=\"text-align: justify;\">Pour ce que j&rsquo;ai pu en lire, Valda ne fut pas utilis\u00e9e dans les autres m\u00e9dias. N\u00e9anmoins, soulignons que plus de 335 romans ont \u00e9t\u00e9 consacr\u00e9s au Shadow, tandis qu&rsquo;on compte 665 \u00e9pisodes du show radio. Sur ces 665 \u00e9pisodes, plus de 400 n&rsquo;ont pas \u00e9t\u00e9 conserv\u00e9s (il n&rsquo;\u00e9tait pas courant de garder des archives \u00e0 l&rsquo;\u00e9poque). On ne peut donc \u00eatre totalement certain que cette histoire n&rsquo;est pas en partie adapt\u00e9e du show radio, o\u00f9 un \u00e9quivalent de Valda aurait utilis\u00e9 un costume similaire. Ce qui est s\u00fbr c&rsquo;est que la Valda des BD, m\u00eame priv\u00e9 de son costume de \u00ab\u00a0Pussycat\u00a0\u00bb allait continuer \u00e0 hanter les pages des comics books comme une alli\u00e9e fid\u00e8le du Shadow. Elle serait r\u00e9guli\u00e8rement l&rsquo;objet de la jalousie de Margo mais, au fil des ans, Valda se d\u00e9sint\u00e9resserait de Skeet pour changer de fonction.<\/p>\n<p style=\"text-align: justify;\">Dans l&rsquo;apr\u00e8s-guerre l&rsquo;\u00e9diteur du Shadow allait en effet tenter d&rsquo;imposer un nouveau personnage, Shadow Junior, le sidekick du Shadow. Et Shadow aurait ses propres aventures dans lesquelles il serait accompagn\u00e9 de Valda (ce qui permettait de d\u00e9gager le terrain pour Margo dans les r\u00e9cits du \u00ab\u00a0vrai\u00a0\u00bb Shadow). Valda serait un \u00e9l\u00e9ment r\u00e9gulier des comics pendant au moins cinq ans&#8230; Mais cette fois elle ne se d\u00e9guiserait plus en femme-chat. Aujourd&rsquo;hui Valda est un personnage largement oubli\u00e9 de la mythologie du Shadow. Elle n&rsquo;est revenue sur aucun support ces derni\u00e8res d\u00e9cennies, qu&rsquo;il s&rsquo;agisse des films ou des diff\u00e9rentes BD qui font vivre l&rsquo;univers du Shadow. Margo Lane, au d\u00e9but plus terne, a gagn\u00e9 par d\u00e9faut et semble s&rsquo;\u00eatre inscrite dans l&rsquo;imagerie collective comme la seule femme dans l&rsquo;entourage du Shadow. Valda serait donc la grande perdante de la rivalit\u00e9 qui opposait les deux femmes ? Pas forc\u00e9ment. Car depuis plusieurs d\u00e9cennies les comics-books (s&rsquo;alignant sur les films) ont repr\u00e9sent\u00e9 Margo Lane non plus comme une brune mais bien&#8230; comme une blonde. Est-ce que c&rsquo;est Margo Lane qui a \u00e9clips\u00e9 Valda ? Il semble plut\u00f4t qu&rsquo;\u00e0 la longue les deux personnages ont fusionn\u00e9&#8230;<\/p>\n<p style=\"text-align: justify;\">[<em>Xavier Fournier<\/em>]\n","protected":false},"excerpt":{"rendered":"<p>[FRENCH] Le charismatique Shadow fut et reste l&rsquo;anc\u00eatre de nombreux super-h\u00e9ros. Au point peut-\u00eatre d&rsquo;\u00eatre un centre de gravit\u00e9 qui,&hellip;<\/p>\n","protected":false},"author":4,"featured_media":36873,"comment_status":"open","ping_status":"open","sticky":false,"template":"","format":"standard","meta":{"jetpack_post_was_ever_published":false,"_jetpack_newsletter_access":"","_jetpack_dont_email_post_to_subs":false,"_jetpack_newsletter_tier_id":0,"_jetpack_memberships_contains_paywalled_content":false,"_jetpack_memberships_contains_paid_content":false,"footnotes":"","jetpack_publicize_message":"","jetpack_publicize_feature_enabled":true,"jetpack_social_post_already_shared":false,"jetpack_social_options":{"image_generator_settings":{"template":"highway","default_image_id":0,"font":"","enabled":false},"version":2}},"categories":[3,1727,151],"tags":[5169,21,280,3593,5148,4155,2166,4156],"class_list":["post-36858","post","type-post","status-publish","format-standard","has-post-thumbnail","hentry","category-articles","category-diapo","category-oldies-but-goodies","tag-catwoman","tag-comics","tag-golden-age","tag-miss-fury","tag-oldies-but-goodies","tag-pulps","tag-shadow","tag-valda-rune"],"yoast_head":"<!-- This site is optimized with the Yoast SEO plugin v24.9 - https:\/\/yoast.com\/wordpress\/plugins\/seo\/ -->\n<title>The Shadow (1942)<\/title>\n<meta name=\"description\" content=\"Le charismatique Shadow fut et reste l&#039;anc\u00c3\u00aatre de nombreux super-h\u00c3\u00a9ros. Au point peut-\u00c3\u00aatre d&#039;\u00c3\u00aatre un centre de gravit\u00c3\u00a9 qui, r\u00c3\u00a9trospectivement, \u00c3\u00a9crase un peu les diff\u00c3\u00a9rents alli\u00c3\u00a9s qu&#039;il avait dans la s\u00c3\u00a9rie. On se souvient volontiers de Margo Lane, qui reste vue comme LA femme dans l&#039;entourage du Shadow. Mais on oublie r\u00c3\u00a9guli\u00c3\u00a8rement la sulfureuse Valda Rune qui, au lieu de se contenter d&#039;\u00c3\u00aatre un faire-valoir, devint m\u00c3\u00aame une aventuri\u00c3\u00a8re masqu\u00c3\u00a9e portant un costume noir de femme-panth\u00c3\u00a8re... Une autre Catwoman ?\" \/>\n<meta name=\"robots\" content=\"index, follow, max-snippet:-1, max-image-preview:large, max-video-preview:-1\" \/>\n<link rel=\"canonical\" href=\"https:\/\/www.comicbox.com\/index.php\/articles\/oldies-but-goodies-the-shadow-30-mars-1942\/\" \/>\n<meta property=\"og:locale\" content=\"fr_FR\" \/>\n<meta property=\"og:type\" content=\"article\" \/>\n<meta property=\"og:title\" content=\"The Shadow (1942)\" \/>\n<meta property=\"og:description\" content=\"Le charismatique Shadow fut et reste l&#039;anc\u00c3\u00aatre de nombreux super-h\u00c3\u00a9ros. Au point peut-\u00c3\u00aatre d&#039;\u00c3\u00aatre un centre de gravit\u00c3\u00a9 qui, r\u00c3\u00a9trospectivement, \u00c3\u00a9crase un peu les diff\u00c3\u00a9rents alli\u00c3\u00a9s qu&#039;il avait dans la s\u00c3\u00a9rie. On se souvient volontiers de Margo Lane, qui reste vue comme LA femme dans l&#039;entourage du Shadow. Mais on oublie r\u00c3\u00a9guli\u00c3\u00a8rement la sulfureuse Valda Rune qui, au lieu de se contenter d&#039;\u00c3\u00aatre un faire-valoir, devint m\u00c3\u00aame une aventuri\u00c3\u00a8re masqu\u00c3\u00a9e portant un costume noir de femme-panth\u00c3\u00a8re... Une autre Catwoman ?\" \/>\n<meta property=\"og:url\" content=\"https:\/\/www.comicbox.com\/index.php\/articles\/oldies-but-goodies-the-shadow-30-mars-1942\/\" \/>\n<meta property=\"article:author\" content=\"https:\/\/www.facebook.com\/xfournier3\" \/>\n<meta property=\"article:published_time\" content=\"2012-07-21T10:00:49+00:00\" \/>\n<meta property=\"article:modified_time\" content=\"2017-05-13T15:19:25+00:00\" \/>\n<meta property=\"og:image\" content=\"https:\/\/i0.wp.com\/www.comicbox.com\/wp-content\/uploads\/2012\/07\/Valda.jpg?fit=728%2C304&ssl=1\" \/>\n\t<meta property=\"og:image:width\" content=\"728\" \/>\n\t<meta property=\"og:image:height\" content=\"304\" \/>\n\t<meta property=\"og:image:type\" content=\"image\/jpeg\" \/>\n<meta name=\"author\" content=\"Xavier Fournier\" \/>\n<meta name=\"twitter:card\" content=\"summary_large_image\" \/>\n<meta name=\"twitter:creator\" content=\"@http:\/\/twitter.com\/XFournier\" \/>\n<meta name=\"twitter:label1\" content=\"\u00c9crit par\" \/>\n\t<meta name=\"twitter:data1\" content=\"Xavier Fournier\" \/>\n\t<meta name=\"twitter:label2\" content=\"Dur\u00e9e de lecture estim\u00e9e\" \/>\n\t<meta name=\"twitter:data2\" content=\"34 minutes\" \/>\n<script type=\"application\/ld+json\" class=\"yoast-schema-graph\">{\"@context\":\"https:\/\/schema.org\",\"@graph\":[{\"@type\":\"WebPage\",\"@id\":\"https:\/\/www.comicbox.com\/index.php\/articles\/oldies-but-goodies-the-shadow-30-mars-1942\/\",\"url\":\"https:\/\/www.comicbox.com\/index.php\/articles\/oldies-but-goodies-the-shadow-30-mars-1942\/\",\"name\":\"The Shadow (1942)\",\"isPartOf\":{\"@id\":\"https:\/\/www.comicbox.com\/#website\"},\"primaryImageOfPage\":{\"@id\":\"https:\/\/www.comicbox.com\/index.php\/articles\/oldies-but-goodies-the-shadow-30-mars-1942\/#primaryimage\"},\"image\":{\"@id\":\"https:\/\/www.comicbox.com\/index.php\/articles\/oldies-but-goodies-the-shadow-30-mars-1942\/#primaryimage\"},\"thumbnailUrl\":\"https:\/\/i0.wp.com\/www.comicbox.com\/wp-content\/uploads\/2012\/07\/Valda.jpg?fit=728%2C304&ssl=1\",\"datePublished\":\"2012-07-21T10:00:49+00:00\",\"dateModified\":\"2017-05-13T15:19:25+00:00\",\"author\":{\"@id\":\"https:\/\/www.comicbox.com\/#\/schema\/person\/a23da2abbe16b92903f78951801d787e\"},\"description\":\"Le charismatique Shadow fut et reste l'anc\u00c3\u00aatre de nombreux super-h\u00c3\u00a9ros. Au point peut-\u00c3\u00aatre d'\u00c3\u00aatre un centre de gravit\u00c3\u00a9 qui, r\u00c3\u00a9trospectivement, \u00c3\u00a9crase un peu les diff\u00c3\u00a9rents alli\u00c3\u00a9s qu'il avait dans la s\u00c3\u00a9rie. On se souvient volontiers de Margo Lane, qui reste vue comme LA femme dans l'entourage du Shadow. Mais on oublie r\u00c3\u00a9guli\u00c3\u00a8rement la sulfureuse Valda Rune qui, au lieu de se contenter d'\u00c3\u00aatre un faire-valoir, devint m\u00c3\u00aame une aventuri\u00c3\u00a8re masqu\u00c3\u00a9e portant un costume noir de femme-panth\u00c3\u00a8re... Une autre Catwoman ?\",\"breadcrumb\":{\"@id\":\"https:\/\/www.comicbox.com\/index.php\/articles\/oldies-but-goodies-the-shadow-30-mars-1942\/#breadcrumb\"},\"inLanguage\":\"fr-FR\",\"potentialAction\":[{\"@type\":\"ReadAction\",\"target\":[\"https:\/\/www.comicbox.com\/index.php\/articles\/oldies-but-goodies-the-shadow-30-mars-1942\/\"]}]},{\"@type\":\"ImageObject\",\"inLanguage\":\"fr-FR\",\"@id\":\"https:\/\/www.comicbox.com\/index.php\/articles\/oldies-but-goodies-the-shadow-30-mars-1942\/#primaryimage\",\"url\":\"https:\/\/i0.wp.com\/www.comicbox.com\/wp-content\/uploads\/2012\/07\/Valda.jpg?fit=728%2C304&ssl=1\",\"contentUrl\":\"https:\/\/i0.wp.com\/www.comicbox.com\/wp-content\/uploads\/2012\/07\/Valda.jpg?fit=728%2C304&ssl=1\",\"width\":\"728\",\"height\":\"304\"},{\"@type\":\"BreadcrumbList\",\"@id\":\"https:\/\/www.comicbox.com\/index.php\/articles\/oldies-but-goodies-the-shadow-30-mars-1942\/#breadcrumb\",\"itemListElement\":[{\"@type\":\"ListItem\",\"position\":1,\"name\":\"Accueil\",\"item\":\"https:\/\/www.comicbox.com\/\"},{\"@type\":\"ListItem\",\"position\":2,\"name\":\"Oldies But Goodies: The Shadow (30 Mars 1942)\"}]},{\"@type\":\"WebSite\",\"@id\":\"https:\/\/www.comicbox.com\/#website\",\"url\":\"https:\/\/www.comicbox.com\/\",\"name\":\"\",\"description\":\"le magazine des cultures comics\",\"potentialAction\":[{\"@type\":\"SearchAction\",\"target\":{\"@type\":\"EntryPoint\",\"urlTemplate\":\"https:\/\/www.comicbox.com\/?s={search_term_string}\"},\"query-input\":{\"@type\":\"PropertyValueSpecification\",\"valueRequired\":true,\"valueName\":\"search_term_string\"}}],\"inLanguage\":\"fr-FR\"},{\"@type\":\"Person\",\"@id\":\"https:\/\/www.comicbox.com\/#\/schema\/person\/a23da2abbe16b92903f78951801d787e\",\"name\":\"Xavier Fournier\",\"image\":{\"@type\":\"ImageObject\",\"inLanguage\":\"fr-FR\",\"@id\":\"https:\/\/www.comicbox.com\/#\/schema\/person\/image\/\",\"url\":\"https:\/\/secure.gravatar.com\/avatar\/751f9d4e8b880838995887af46327753834e23c52952c4f3982a44b8b5e41cba?s=96&d=mm&r=g\",\"contentUrl\":\"https:\/\/secure.gravatar.com\/avatar\/751f9d4e8b880838995887af46327753834e23c52952c4f3982a44b8b5e41cba?s=96&d=mm&r=g\",\"caption\":\"Xavier Fournier\"},\"description\":\"Xavier Fournier est l'un des r\u00e9dacteurs du site comicbox.com, il est aussi l'auteur de diff\u00e9rents livres comme Super-H\u00e9ros - Une Histoire Fran\u00e7aise, Super-H\u00e9ros Fran\u00e7ais - Une Anthologie et Super-H\u00e9ros, l'Envers du Costume et enfin Comics En Guerre.\",\"sameAs\":[\"http:\/\/www.xavierfournier.com\",\"https:\/\/www.facebook.com\/xfournier3\",\"https:\/\/fr.linkedin.com\/in\/xavier-fournier-8365a970\",\"https:\/\/x.com\/http:\/\/twitter.com\/XFournier\"],\"url\":\"https:\/\/www.comicbox.com\/index.php\/author\/xfournier\/\"}]}<\/script>\n<!-- \/ Yoast SEO plugin. -->","yoast_head_json":{"title":"The Shadow (1942)","description":"Le charismatique Shadow fut et reste l'anc\u00c3\u00aatre de nombreux super-h\u00c3\u00a9ros. Au point peut-\u00c3\u00aatre d'\u00c3\u00aatre un centre de gravit\u00c3\u00a9 qui, r\u00c3\u00a9trospectivement, \u00c3\u00a9crase un peu les diff\u00c3\u00a9rents alli\u00c3\u00a9s qu'il avait dans la s\u00c3\u00a9rie. On se souvient volontiers de Margo Lane, qui reste vue comme LA femme dans l'entourage du Shadow. Mais on oublie r\u00c3\u00a9guli\u00c3\u00a8rement la sulfureuse Valda Rune qui, au lieu de se contenter d'\u00c3\u00aatre un faire-valoir, devint m\u00c3\u00aame une aventuri\u00c3\u00a8re masqu\u00c3\u00a9e portant un costume noir de femme-panth\u00c3\u00a8re... Une autre Catwoman ?","robots":{"index":"index","follow":"follow","max-snippet":"max-snippet:-1","max-image-preview":"max-image-preview:large","max-video-preview":"max-video-preview:-1"},"canonical":"https:\/\/www.comicbox.com\/index.php\/articles\/oldies-but-goodies-the-shadow-30-mars-1942\/","og_locale":"fr_FR","og_type":"article","og_title":"The Shadow (1942)","og_description":"Le charismatique Shadow fut et reste l'anc\u00c3\u00aatre de nombreux super-h\u00c3\u00a9ros. Au point peut-\u00c3\u00aatre d'\u00c3\u00aatre un centre de gravit\u00c3\u00a9 qui, r\u00c3\u00a9trospectivement, \u00c3\u00a9crase un peu les diff\u00c3\u00a9rents alli\u00c3\u00a9s qu'il avait dans la s\u00c3\u00a9rie. On se souvient volontiers de Margo Lane, qui reste vue comme LA femme dans l'entourage du Shadow. Mais on oublie r\u00c3\u00a9guli\u00c3\u00a8rement la sulfureuse Valda Rune qui, au lieu de se contenter d'\u00c3\u00aatre un faire-valoir, devint m\u00c3\u00aame une aventuri\u00c3\u00a8re masqu\u00c3\u00a9e portant un costume noir de femme-panth\u00c3\u00a8re... Une autre Catwoman ?","og_url":"https:\/\/www.comicbox.com\/index.php\/articles\/oldies-but-goodies-the-shadow-30-mars-1942\/","article_author":"https:\/\/www.facebook.com\/xfournier3","article_published_time":"2012-07-21T10:00:49+00:00","article_modified_time":"2017-05-13T15:19:25+00:00","og_image":[{"width":728,"height":304,"url":"https:\/\/i0.wp.com\/www.comicbox.com\/wp-content\/uploads\/2012\/07\/Valda.jpg?fit=728%2C304&ssl=1","type":"image\/jpeg"}],"author":"Xavier Fournier","twitter_card":"summary_large_image","twitter_creator":"@http:\/\/twitter.com\/XFournier","twitter_misc":{"\u00c9crit par":"Xavier Fournier","Dur\u00e9e de lecture estim\u00e9e":"34 minutes"},"schema":{"@context":"https:\/\/schema.org","@graph":[{"@type":"WebPage","@id":"https:\/\/www.comicbox.com\/index.php\/articles\/oldies-but-goodies-the-shadow-30-mars-1942\/","url":"https:\/\/www.comicbox.com\/index.php\/articles\/oldies-but-goodies-the-shadow-30-mars-1942\/","name":"The Shadow (1942)","isPartOf":{"@id":"https:\/\/www.comicbox.com\/#website"},"primaryImageOfPage":{"@id":"https:\/\/www.comicbox.com\/index.php\/articles\/oldies-but-goodies-the-shadow-30-mars-1942\/#primaryimage"},"image":{"@id":"https:\/\/www.comicbox.com\/index.php\/articles\/oldies-but-goodies-the-shadow-30-mars-1942\/#primaryimage"},"thumbnailUrl":"https:\/\/i0.wp.com\/www.comicbox.com\/wp-content\/uploads\/2012\/07\/Valda.jpg?fit=728%2C304&ssl=1","datePublished":"2012-07-21T10:00:49+00:00","dateModified":"2017-05-13T15:19:25+00:00","author":{"@id":"https:\/\/www.comicbox.com\/#\/schema\/person\/a23da2abbe16b92903f78951801d787e"},"description":"Le charismatique Shadow fut et reste l'anc\u00c3\u00aatre de nombreux super-h\u00c3\u00a9ros. Au point peut-\u00c3\u00aatre d'\u00c3\u00aatre un centre de gravit\u00c3\u00a9 qui, r\u00c3\u00a9trospectivement, \u00c3\u00a9crase un peu les diff\u00c3\u00a9rents alli\u00c3\u00a9s qu'il avait dans la s\u00c3\u00a9rie. On se souvient volontiers de Margo Lane, qui reste vue comme LA femme dans l'entourage du Shadow. Mais on oublie r\u00c3\u00a9guli\u00c3\u00a8rement la sulfureuse Valda Rune qui, au lieu de se contenter d'\u00c3\u00aatre un faire-valoir, devint m\u00c3\u00aame une aventuri\u00c3\u00a8re masqu\u00c3\u00a9e portant un costume noir de femme-panth\u00c3\u00a8re... Une autre Catwoman ?","breadcrumb":{"@id":"https:\/\/www.comicbox.com\/index.php\/articles\/oldies-but-goodies-the-shadow-30-mars-1942\/#breadcrumb"},"inLanguage":"fr-FR","potentialAction":[{"@type":"ReadAction","target":["https:\/\/www.comicbox.com\/index.php\/articles\/oldies-but-goodies-the-shadow-30-mars-1942\/"]}]},{"@type":"ImageObject","inLanguage":"fr-FR","@id":"https:\/\/www.comicbox.com\/index.php\/articles\/oldies-but-goodies-the-shadow-30-mars-1942\/#primaryimage","url":"https:\/\/i0.wp.com\/www.comicbox.com\/wp-content\/uploads\/2012\/07\/Valda.jpg?fit=728%2C304&ssl=1","contentUrl":"https:\/\/i0.wp.com\/www.comicbox.com\/wp-content\/uploads\/2012\/07\/Valda.jpg?fit=728%2C304&ssl=1","width":"728","height":"304"},{"@type":"BreadcrumbList","@id":"https:\/\/www.comicbox.com\/index.php\/articles\/oldies-but-goodies-the-shadow-30-mars-1942\/#breadcrumb","itemListElement":[{"@type":"ListItem","position":1,"name":"Accueil","item":"https:\/\/www.comicbox.com\/"},{"@type":"ListItem","position":2,"name":"Oldies But Goodies: The Shadow (30 Mars 1942)"}]},{"@type":"WebSite","@id":"https:\/\/www.comicbox.com\/#website","url":"https:\/\/www.comicbox.com\/","name":"","description":"le magazine des cultures comics","potentialAction":[{"@type":"SearchAction","target":{"@type":"EntryPoint","urlTemplate":"https:\/\/www.comicbox.com\/?s={search_term_string}"},"query-input":{"@type":"PropertyValueSpecification","valueRequired":true,"valueName":"search_term_string"}}],"inLanguage":"fr-FR"},{"@type":"Person","@id":"https:\/\/www.comicbox.com\/#\/schema\/person\/a23da2abbe16b92903f78951801d787e","name":"Xavier Fournier","image":{"@type":"ImageObject","inLanguage":"fr-FR","@id":"https:\/\/www.comicbox.com\/#\/schema\/person\/image\/","url":"https:\/\/secure.gravatar.com\/avatar\/751f9d4e8b880838995887af46327753834e23c52952c4f3982a44b8b5e41cba?s=96&d=mm&r=g","contentUrl":"https:\/\/secure.gravatar.com\/avatar\/751f9d4e8b880838995887af46327753834e23c52952c4f3982a44b8b5e41cba?s=96&d=mm&r=g","caption":"Xavier Fournier"},"description":"Xavier Fournier est l'un des r\u00e9dacteurs du site comicbox.com, il est aussi l'auteur de diff\u00e9rents livres comme Super-H\u00e9ros - Une Histoire Fran\u00e7aise, Super-H\u00e9ros Fran\u00e7ais - Une Anthologie et Super-H\u00e9ros, l'Envers du Costume et enfin Comics En Guerre.","sameAs":["http:\/\/www.xavierfournier.com","https:\/\/www.facebook.com\/xfournier3","https:\/\/fr.linkedin.com\/in\/xavier-fournier-8365a970","https:\/\/x.com\/http:\/\/twitter.com\/XFournier"],"url":"https:\/\/www.comicbox.com\/index.php\/author\/xfournier\/"}]}},"jetpack_publicize_connections":[],"jetpack_featured_media_url":"https:\/\/i0.wp.com\/www.comicbox.com\/wp-content\/uploads\/2012\/07\/Valda.jpg?fit=728%2C304&ssl=1","jetpack_sharing_enabled":true,"jetpack_shortlink":"https:\/\/wp.me\/pvyAi-9Au","_links":{"self":[{"href":"https:\/\/www.comicbox.com\/index.php\/wp-json\/wp\/v2\/posts\/36858","targetHints":{"allow":["GET"]}}],"collection":[{"href":"https:\/\/www.comicbox.com\/index.php\/wp-json\/wp\/v2\/posts"}],"about":[{"href":"https:\/\/www.comicbox.com\/index.php\/wp-json\/wp\/v2\/types\/post"}],"author":[{"embeddable":true,"href":"https:\/\/www.comicbox.com\/index.php\/wp-json\/wp\/v2\/users\/4"}],"replies":[{"embeddable":true,"href":"https:\/\/www.comicbox.com\/index.php\/wp-json\/wp\/v2\/comments?post=36858"}],"version-history":[{"count":0,"href":"https:\/\/www.comicbox.com\/index.php\/wp-json\/wp\/v2\/posts\/36858\/revisions"}],"wp:featuredmedia":[{"embeddable":true,"href":"https:\/\/www.comicbox.com\/index.php\/wp-json\/wp\/v2\/media\/36873"}],"wp:attachment":[{"href":"https:\/\/www.comicbox.com\/index.php\/wp-json\/wp\/v2\/media?parent=36858"}],"wp:term":[{"taxonomy":"category","embeddable":true,"href":"https:\/\/www.comicbox.com\/index.php\/wp-json\/wp\/v2\/categories?post=36858"},{"taxonomy":"post_tag","embeddable":true,"href":"https:\/\/www.comicbox.com\/index.php\/wp-json\/wp\/v2\/tags?post=36858"}],"curies":[{"name":"wp","href":"https:\/\/api.w.org\/{rel}","templated":true}]}}