
{"id":25146,"date":"2010-09-28T11:46:35","date_gmt":"2010-09-28T09:46:35","guid":{"rendered":"http:\/\/www.comicbox.com\/?p=25146"},"modified":"2010-09-28T11:46:35","modified_gmt":"2010-09-28T09:46:35","slug":"andenne-17eme-fete-de-la-bd-et-du-livre-pour-enfants","status":"publish","type":"post","link":"https:\/\/www.comicbox.com\/index.php\/news\/andenne-17eme-fete-de-la-bd-et-du-livre-pour-enfants\/","title":{"rendered":"Andenne: 17\u00e8me F\u00eate de la BD et du Livre pour Enfants"},"content":{"rendered":"<p style=\"text-align: justify;\"><img data-recalc-dims=\"1\" loading=\"lazy\" decoding=\"async\" data-attachment-id=\"25147\" data-permalink=\"https:\/\/www.comicbox.com\/index.php\/news\/andenne-17eme-fete-de-la-bd-et-du-livre-pour-enfants\/attachment\/andennea-2\/\" data-orig-file=\"https:\/\/i0.wp.com\/www.comicbox.com\/wp-content\/uploads\/2010\/09\/AndenneA.jpg?fit=70%2C70&amp;ssl=1\" data-orig-size=\"70,70\" data-comments-opened=\"1\" data-image-meta=\"{&quot;aperture&quot;:&quot;0&quot;,&quot;credit&quot;:&quot;&quot;,&quot;camera&quot;:&quot;&quot;,&quot;caption&quot;:&quot;&quot;,&quot;created_timestamp&quot;:&quot;0&quot;,&quot;copyright&quot;:&quot;&quot;,&quot;focal_length&quot;:&quot;0&quot;,&quot;iso&quot;:&quot;0&quot;,&quot;shutter_speed&quot;:&quot;0&quot;,&quot;title&quot;:&quot;&quot;}\" data-image-title=\"Andenne: 17\u00e8me F\u00eate de la BD et du Livre pour Enfants\" data-image-description=\"\" data-image-caption=\"\" data-large-file=\"https:\/\/i0.wp.com\/www.comicbox.com\/wp-content\/uploads\/2010\/09\/AndenneA.jpg?fit=70%2C70&amp;ssl=1\" class=\"alignleft size-full wp-image-25147\" style=\"margin-left: 4px; margin-right: 4px;\" title=\"Andenne: 17\u00e8me F\u00eate de la BD et du Livre pour Enfants\" src=\"https:\/\/i0.wp.com\/www.comicbox.com\/wp-content\/uploads\/2010\/09\/AndenneA.jpg?resize=70%2C70\" alt=\"\" width=\"70\" height=\"70\" \/>[FRENCH] <strong>\u00ab\u00a0La Grande Ourse A.S.B.L.\u00a0\u00bb pr\u00e9sente :<\/strong> La 17\u00e8me F\u00eate de la BD et du Livre pour Enfants. Les 13 &amp; 14 Novembre 2010 &#8211; ANDENNE (B) Lieu de la Manifestation : Salle Polyvalente d&rsquo;Andenne (dans le zoning commercial). Horaires : de 12h00 \u00e0 18h00<!--more-->. Prix d&rsquo;entr\u00e9e : 3 euros (gratuit pour les enfants -12 ans accompagn\u00e9s). Rencontres Internationales : Cette ann\u00e9e encore, notre association pr\u00e9sente un floril\u00e8ge d&rsquo;auteurs venus d&rsquo;horizons divers : Grande Bretagne, Espagne, Italie, France, Belgique, \u2026).<\/p>\n<p><img data-recalc-dims=\"1\" loading=\"lazy\" decoding=\"async\" data-attachment-id=\"25149\" data-permalink=\"https:\/\/www.comicbox.com\/index.php\/news\/andenne-17eme-fete-de-la-bd-et-du-livre-pour-enfants\/attachment\/andenneb-2\/\" data-orig-file=\"https:\/\/i0.wp.com\/www.comicbox.com\/wp-content\/uploads\/2010\/09\/AndenneB.jpg?fit=350%2C698&amp;ssl=1\" data-orig-size=\"350,698\" data-comments-opened=\"1\" data-image-meta=\"{&quot;aperture&quot;:&quot;0&quot;,&quot;credit&quot;:&quot;&quot;,&quot;camera&quot;:&quot;&quot;,&quot;caption&quot;:&quot;&quot;,&quot;created_timestamp&quot;:&quot;0&quot;,&quot;copyright&quot;:&quot;&quot;,&quot;focal_length&quot;:&quot;0&quot;,&quot;iso&quot;:&quot;0&quot;,&quot;shutter_speed&quot;:&quot;0&quot;,&quot;title&quot;:&quot;&quot;}\" data-image-title=\"AndenneB\" data-image-description=\"\" data-image-caption=\"\" data-large-file=\"https:\/\/i0.wp.com\/www.comicbox.com\/wp-content\/uploads\/2010\/09\/AndenneB.jpg?fit=350%2C698&amp;ssl=1\" class=\"alignright size-full wp-image-25149\" style=\"margin-left: 4px; margin-right: 4px; border: 1px solid black;\" title=\"AndenneB\" src=\"https:\/\/i0.wp.com\/www.comicbox.com\/wp-content\/uploads\/2010\/09\/AndenneB.jpg?resize=350%2C698\" alt=\"\" width=\"350\" height=\"698\" srcset=\"https:\/\/i0.wp.com\/www.comicbox.com\/wp-content\/uploads\/2010\/09\/AndenneB.jpg?w=350&amp;ssl=1 350w, https:\/\/i0.wp.com\/www.comicbox.com\/wp-content\/uploads\/2010\/09\/AndenneB.jpg?resize=75%2C150&amp;ssl=1 75w\" sizes=\"auto, (max-width: 350px) 100vw, 350px\" \/>&#8211; Horaires d&rsquo;ouverture (bourse BD) : 12h00 !!!<\/p>\n<p>&#8211; D\u00e9dicaces (40 auteurs) \u00e0 partir de 14h00 !!!<\/p>\n<p>Rufus Dayglo, Victor Santos, David Lafuente, Stefano Raffaele, Stefano Caseli, Mauricet, Bodart, Alexandre Tefenkgi, Swolfs, Oca\u00f1a, Lapone, Cayman, Jaime Martin, David Ratte, Hachel, Mike Ratera, Micah Gunnell, &#8230;<\/p>\n<p>Attention : L&rsquo;achat des albums sur place est indispensable pour obtenir des d\u00e9dicaces ! (voir infos et liste compl\u00e8te des auteurs sur www.lagrandeourse.be)<\/p>\n<p>&#8211; Bourse BD<br \/>\n&#8211; Animations diverses (ateliers BD, grimages, etc&#8230;)<br \/>\n&#8211; Remise de prix (Concours jeunes talents BD, Prix de la Ville d&rsquo;Andenne, Prix de la Grande Ourse)<br \/>\n&#8211; Pr\u00e9sence de fanzines et de jeunes artistes<br \/>\nAndenne : E42 sortie 9 &#8211; N90 entre Namur et Huy<\/p>\n<p>Pour tous renseignements compl\u00e9mentaires :<br \/>\n<a href=\"http:\/\/www.lagrandeourse.be \" target=\"_blank\">www.lagrandeourse.be <\/a><br \/>\npar mail : <strong>tony.lariviere@skynet.be<\/strong><\/p>\n","protected":false},"excerpt":{"rendered":"<p>[FRENCH] \u00ab\u00a0La Grande Ourse A.S.B.L.\u00a0\u00bb pr\u00e9sente : La 17\u00e8me F\u00eate de la BD et du Livre pour Enfants. Les 13&hellip;<\/p>\n","protected":false},"author":1,"featured_media":0,"comment_status":"open","ping_status":"open","sticky":false,"template":"","format":"standard","meta":{"jetpack_post_was_ever_published":false,"_jetpack_newsletter_access":"","_jetpack_dont_email_post_to_subs":false,"_jetpack_newsletter_tier_id":0,"_jetpack_memberships_contains_paywalled_content":false,"_jetpack_memberships_contains_paid_content":false,"footnotes":"","jetpack_publicize_message":"","jetpack_publicize_feature_enabled":true,"jetpack_social_post_already_shared":false,"jetpack_social_options":{"image_generator_settings":{"template":"highway","default_image_id":0,"font":"","enabled":false},"version":2}},"categories":[16,1],"tags":[2317,176],"class_list":["post-25146","post","type-post","status-publish","format-standard","hentry","category-communiques","category-news","tag-andenne","tag-event"],"yoast_head":"<!-- This site is optimized with the Yoast SEO plugin v24.9 - https:\/\/yoast.com\/wordpress\/plugins\/seo\/ -->\n<title>Andenne: 17\u00c3\u00a8me F\u00c3\u00aate de la BD et du Livre pour Enfants<\/title>\n<meta name=\"description\" content=\"&quot;La Grande Ourse A.S.B.L.&quot; pr\u00c3\u00a9sente : La 17\u00c3\u00a8me F\u00c3\u00aate de la BD et du Livre pour Enfants. Les 13 &amp; 14 Novembre 2010 - ANDENNE (B) Lieu de la Manifestation : Salle Polyvalente d&#039;Andenne (dans le zoning commercial). Horaires : de 12h00 \u00c3\u00a0 18h00. Prix d&#039;entr\u00c3\u00a9e : 3 euros (gratuit pour les enfants -12 ans accompagn\u00c3\u00a9s). Rencontres Internationales : Cette ann\u00c3\u00a9e encore, notre association pr\u00c3\u00a9sente un floril\u00c3\u00a8ge d&#039;auteurs venus d&#039;horizons divers : Grande Bretagne, Espagne, Italie, France, Belgique, \u00e2\u20ac\u00a6).\" \/>\n<meta name=\"robots\" content=\"index, follow, max-snippet:-1, max-image-preview:large, max-video-preview:-1\" \/>\n<link rel=\"canonical\" href=\"http:\/\/www.comicbox.com\/index.php\/news\/andenne-17eme-fete-de-la-bd-et-du-livre-pour-enfants\/\" \/>\n<meta property=\"og:locale\" content=\"fr_FR\" \/>\n<meta property=\"og:type\" content=\"article\" \/>\n<meta property=\"og:title\" content=\"Andenne: 17\u00c3\u00a8me F\u00c3\u00aate de la BD et du Livre pour Enfants\" \/>\n<meta property=\"og:description\" content=\"&quot;La Grande Ourse A.S.B.L.&quot; pr\u00c3\u00a9sente : La 17\u00c3\u00a8me F\u00c3\u00aate de la BD et du Livre pour Enfants. Les 13 &amp; 14 Novembre 2010 - ANDENNE (B) Lieu de la Manifestation : Salle Polyvalente d&#039;Andenne (dans le zoning commercial). Horaires : de 12h00 \u00c3\u00a0 18h00. Prix d&#039;entr\u00c3\u00a9e : 3 euros (gratuit pour les enfants -12 ans accompagn\u00c3\u00a9s). Rencontres Internationales : Cette ann\u00c3\u00a9e encore, notre association pr\u00c3\u00a9sente un floril\u00c3\u00a8ge d&#039;auteurs venus d&#039;horizons divers : Grande Bretagne, Espagne, Italie, France, Belgique, \u00e2\u20ac\u00a6).\" \/>\n<meta property=\"og:url\" content=\"http:\/\/www.comicbox.com\/index.php\/news\/andenne-17eme-fete-de-la-bd-et-du-livre-pour-enfants\/\" \/>\n<meta property=\"article:published_time\" content=\"2010-09-28T09:46:35+00:00\" \/>\n<meta property=\"og:image\" content=\"http:\/\/www.comicbox.com\/wp-content\/uploads\/2010\/09\/AndenneA.jpg\" \/>\n<meta name=\"author\" content=\"Comic Box\" \/>\n<meta name=\"twitter:card\" content=\"summary_large_image\" \/>\n<meta name=\"twitter:label1\" content=\"\u00c9crit par\" \/>\n\t<meta name=\"twitter:data1\" content=\"Comic Box\" \/>\n\t<meta name=\"twitter:label2\" content=\"Dur\u00e9e de lecture estim\u00e9e\" \/>\n\t<meta name=\"twitter:data2\" content=\"1 minute\" \/>\n<script type=\"application\/ld+json\" class=\"yoast-schema-graph\">{\"@context\":\"https:\/\/schema.org\",\"@graph\":[{\"@type\":\"WebPage\",\"@id\":\"http:\/\/www.comicbox.com\/index.php\/news\/andenne-17eme-fete-de-la-bd-et-du-livre-pour-enfants\/\",\"url\":\"http:\/\/www.comicbox.com\/index.php\/news\/andenne-17eme-fete-de-la-bd-et-du-livre-pour-enfants\/\",\"name\":\"Andenne: 17\u00c3\u00a8me F\u00c3\u00aate de la BD et du Livre pour Enfants\",\"isPartOf\":{\"@id\":\"http:\/\/www.comicbox.com\/#website\"},\"primaryImageOfPage\":{\"@id\":\"http:\/\/www.comicbox.com\/index.php\/news\/andenne-17eme-fete-de-la-bd-et-du-livre-pour-enfants\/#primaryimage\"},\"image\":{\"@id\":\"http:\/\/www.comicbox.com\/index.php\/news\/andenne-17eme-fete-de-la-bd-et-du-livre-pour-enfants\/#primaryimage\"},\"thumbnailUrl\":\"http:\/\/www.comicbox.com\/wp-content\/uploads\/2010\/09\/AndenneA.jpg\",\"datePublished\":\"2010-09-28T09:46:35+00:00\",\"author\":{\"@id\":\"http:\/\/www.comicbox.com\/#\/schema\/person\/05fbb62019791094900e823ca54991c7\"},\"description\":\"\\\"La Grande Ourse A.S.B.L.\\\" pr\u00c3\u00a9sente : La 17\u00c3\u00a8me F\u00c3\u00aate de la BD et du Livre pour Enfants. Les 13 & 14 Novembre 2010 - ANDENNE (B) Lieu de la Manifestation : Salle Polyvalente d'Andenne (dans le zoning commercial). Horaires : de 12h00 \u00c3\u00a0 18h00. Prix d'entr\u00c3\u00a9e : 3 euros (gratuit pour les enfants -12 ans accompagn\u00c3\u00a9s). Rencontres Internationales : Cette ann\u00c3\u00a9e encore, notre association pr\u00c3\u00a9sente un floril\u00c3\u00a8ge d'auteurs venus d'horizons divers : Grande Bretagne, Espagne, Italie, France, Belgique, \u00e2\u20ac\u00a6).\",\"breadcrumb\":{\"@id\":\"http:\/\/www.comicbox.com\/index.php\/news\/andenne-17eme-fete-de-la-bd-et-du-livre-pour-enfants\/#breadcrumb\"},\"inLanguage\":\"fr-FR\",\"potentialAction\":[{\"@type\":\"ReadAction\",\"target\":[\"http:\/\/www.comicbox.com\/index.php\/news\/andenne-17eme-fete-de-la-bd-et-du-livre-pour-enfants\/\"]}]},{\"@type\":\"ImageObject\",\"inLanguage\":\"fr-FR\",\"@id\":\"http:\/\/www.comicbox.com\/index.php\/news\/andenne-17eme-fete-de-la-bd-et-du-livre-pour-enfants\/#primaryimage\",\"url\":\"https:\/\/i0.wp.com\/www.comicbox.com\/wp-content\/uploads\/2010\/09\/AndenneA.jpg?fit=70%2C70&ssl=1\",\"contentUrl\":\"https:\/\/i0.wp.com\/www.comicbox.com\/wp-content\/uploads\/2010\/09\/AndenneA.jpg?fit=70%2C70&ssl=1\",\"width\":\"70\",\"height\":\"70\"},{\"@type\":\"BreadcrumbList\",\"@id\":\"http:\/\/www.comicbox.com\/index.php\/news\/andenne-17eme-fete-de-la-bd-et-du-livre-pour-enfants\/#breadcrumb\",\"itemListElement\":[{\"@type\":\"ListItem\",\"position\":1,\"name\":\"Accueil\",\"item\":\"http:\/\/www.comicbox.com\/\"},{\"@type\":\"ListItem\",\"position\":2,\"name\":\"Andenne: 17\u00e8me F\u00eate de la BD et du Livre pour Enfants\"}]},{\"@type\":\"WebSite\",\"@id\":\"http:\/\/www.comicbox.com\/#website\",\"url\":\"http:\/\/www.comicbox.com\/\",\"name\":\"\",\"description\":\"le magazine des cultures comics\",\"potentialAction\":[{\"@type\":\"SearchAction\",\"target\":{\"@type\":\"EntryPoint\",\"urlTemplate\":\"http:\/\/www.comicbox.com\/?s={search_term_string}\"},\"query-input\":{\"@type\":\"PropertyValueSpecification\",\"valueRequired\":true,\"valueName\":\"search_term_string\"}}],\"inLanguage\":\"fr-FR\"},{\"@type\":\"Person\",\"@id\":\"http:\/\/www.comicbox.com\/#\/schema\/person\/05fbb62019791094900e823ca54991c7\",\"name\":\"Comic Box\",\"image\":{\"@type\":\"ImageObject\",\"inLanguage\":\"fr-FR\",\"@id\":\"http:\/\/www.comicbox.com\/#\/schema\/person\/image\/\",\"url\":\"https:\/\/secure.gravatar.com\/avatar\/0bfed4b32db324d748cf351a6c66d342cd868f37037bf83e9f4dd645f675e34f?s=96&d=mm&r=g\",\"contentUrl\":\"https:\/\/secure.gravatar.com\/avatar\/0bfed4b32db324d748cf351a6c66d342cd868f37037bf83e9f4dd645f675e34f?s=96&d=mm&r=g\",\"caption\":\"Comic Box\"},\"description\":\"Le magazine des cultures comics\",\"sameAs\":[\"http:\/\/www.comicbox.com\"],\"url\":\"https:\/\/www.comicbox.com\/index.php\/author\/admin\/\"}]}<\/script>\n<!-- \/ Yoast SEO plugin. -->","yoast_head_json":{"title":"Andenne: 17\u00c3\u00a8me F\u00c3\u00aate de la BD et du Livre pour Enfants","description":"\"La Grande Ourse A.S.B.L.\" pr\u00c3\u00a9sente : La 17\u00c3\u00a8me F\u00c3\u00aate de la BD et du Livre pour Enfants. Les 13 & 14 Novembre 2010 - ANDENNE (B) Lieu de la Manifestation : Salle Polyvalente d'Andenne (dans le zoning commercial). Horaires : de 12h00 \u00c3\u00a0 18h00. Prix d'entr\u00c3\u00a9e : 3 euros (gratuit pour les enfants -12 ans accompagn\u00c3\u00a9s). Rencontres Internationales : Cette ann\u00c3\u00a9e encore, notre association pr\u00c3\u00a9sente un floril\u00c3\u00a8ge d'auteurs venus d'horizons divers : Grande Bretagne, Espagne, Italie, France, Belgique, \u00e2\u20ac\u00a6).","robots":{"index":"index","follow":"follow","max-snippet":"max-snippet:-1","max-image-preview":"max-image-preview:large","max-video-preview":"max-video-preview:-1"},"canonical":"http:\/\/www.comicbox.com\/index.php\/news\/andenne-17eme-fete-de-la-bd-et-du-livre-pour-enfants\/","og_locale":"fr_FR","og_type":"article","og_title":"Andenne: 17\u00c3\u00a8me F\u00c3\u00aate de la BD et du Livre pour Enfants","og_description":"\"La Grande Ourse A.S.B.L.\" pr\u00c3\u00a9sente : La 17\u00c3\u00a8me F\u00c3\u00aate de la BD et du Livre pour Enfants. Les 13 & 14 Novembre 2010 - ANDENNE (B) Lieu de la Manifestation : Salle Polyvalente d'Andenne (dans le zoning commercial). Horaires : de 12h00 \u00c3\u00a0 18h00. Prix d'entr\u00c3\u00a9e : 3 euros (gratuit pour les enfants -12 ans accompagn\u00c3\u00a9s). Rencontres Internationales : Cette ann\u00c3\u00a9e encore, notre association pr\u00c3\u00a9sente un floril\u00c3\u00a8ge d'auteurs venus d'horizons divers : Grande Bretagne, Espagne, Italie, France, Belgique, \u00e2\u20ac\u00a6).","og_url":"http:\/\/www.comicbox.com\/index.php\/news\/andenne-17eme-fete-de-la-bd-et-du-livre-pour-enfants\/","article_published_time":"2010-09-28T09:46:35+00:00","og_image":[{"url":"http:\/\/www.comicbox.com\/wp-content\/uploads\/2010\/09\/AndenneA.jpg","type":"","width":"","height":""}],"author":"Comic Box","twitter_card":"summary_large_image","twitter_misc":{"\u00c9crit par":"Comic Box","Dur\u00e9e de lecture estim\u00e9e":"1 minute"},"schema":{"@context":"https:\/\/schema.org","@graph":[{"@type":"WebPage","@id":"http:\/\/www.comicbox.com\/index.php\/news\/andenne-17eme-fete-de-la-bd-et-du-livre-pour-enfants\/","url":"http:\/\/www.comicbox.com\/index.php\/news\/andenne-17eme-fete-de-la-bd-et-du-livre-pour-enfants\/","name":"Andenne: 17\u00c3\u00a8me F\u00c3\u00aate de la BD et du Livre pour Enfants","isPartOf":{"@id":"http:\/\/www.comicbox.com\/#website"},"primaryImageOfPage":{"@id":"http:\/\/www.comicbox.com\/index.php\/news\/andenne-17eme-fete-de-la-bd-et-du-livre-pour-enfants\/#primaryimage"},"image":{"@id":"http:\/\/www.comicbox.com\/index.php\/news\/andenne-17eme-fete-de-la-bd-et-du-livre-pour-enfants\/#primaryimage"},"thumbnailUrl":"http:\/\/www.comicbox.com\/wp-content\/uploads\/2010\/09\/AndenneA.jpg","datePublished":"2010-09-28T09:46:35+00:00","author":{"@id":"http:\/\/www.comicbox.com\/#\/schema\/person\/05fbb62019791094900e823ca54991c7"},"description":"\"La Grande Ourse A.S.B.L.\" pr\u00c3\u00a9sente : La 17\u00c3\u00a8me F\u00c3\u00aate de la BD et du Livre pour Enfants. Les 13 & 14 Novembre 2010 - ANDENNE (B) Lieu de la Manifestation : Salle Polyvalente d'Andenne (dans le zoning commercial). Horaires : de 12h00 \u00c3\u00a0 18h00. Prix d'entr\u00c3\u00a9e : 3 euros (gratuit pour les enfants -12 ans accompagn\u00c3\u00a9s). Rencontres Internationales : Cette ann\u00c3\u00a9e encore, notre association pr\u00c3\u00a9sente un floril\u00c3\u00a8ge d'auteurs venus d'horizons divers : Grande Bretagne, Espagne, Italie, France, Belgique, \u00e2\u20ac\u00a6).","breadcrumb":{"@id":"http:\/\/www.comicbox.com\/index.php\/news\/andenne-17eme-fete-de-la-bd-et-du-livre-pour-enfants\/#breadcrumb"},"inLanguage":"fr-FR","potentialAction":[{"@type":"ReadAction","target":["http:\/\/www.comicbox.com\/index.php\/news\/andenne-17eme-fete-de-la-bd-et-du-livre-pour-enfants\/"]}]},{"@type":"ImageObject","inLanguage":"fr-FR","@id":"http:\/\/www.comicbox.com\/index.php\/news\/andenne-17eme-fete-de-la-bd-et-du-livre-pour-enfants\/#primaryimage","url":"https:\/\/i0.wp.com\/www.comicbox.com\/wp-content\/uploads\/2010\/09\/AndenneA.jpg?fit=70%2C70&ssl=1","contentUrl":"https:\/\/i0.wp.com\/www.comicbox.com\/wp-content\/uploads\/2010\/09\/AndenneA.jpg?fit=70%2C70&ssl=1","width":"70","height":"70"},{"@type":"BreadcrumbList","@id":"http:\/\/www.comicbox.com\/index.php\/news\/andenne-17eme-fete-de-la-bd-et-du-livre-pour-enfants\/#breadcrumb","itemListElement":[{"@type":"ListItem","position":1,"name":"Accueil","item":"http:\/\/www.comicbox.com\/"},{"@type":"ListItem","position":2,"name":"Andenne: 17\u00e8me F\u00eate de la BD et du Livre pour Enfants"}]},{"@type":"WebSite","@id":"http:\/\/www.comicbox.com\/#website","url":"http:\/\/www.comicbox.com\/","name":"","description":"le magazine des cultures comics","potentialAction":[{"@type":"SearchAction","target":{"@type":"EntryPoint","urlTemplate":"http:\/\/www.comicbox.com\/?s={search_term_string}"},"query-input":{"@type":"PropertyValueSpecification","valueRequired":true,"valueName":"search_term_string"}}],"inLanguage":"fr-FR"},{"@type":"Person","@id":"http:\/\/www.comicbox.com\/#\/schema\/person\/05fbb62019791094900e823ca54991c7","name":"Comic Box","image":{"@type":"ImageObject","inLanguage":"fr-FR","@id":"http:\/\/www.comicbox.com\/#\/schema\/person\/image\/","url":"https:\/\/secure.gravatar.com\/avatar\/0bfed4b32db324d748cf351a6c66d342cd868f37037bf83e9f4dd645f675e34f?s=96&d=mm&r=g","contentUrl":"https:\/\/secure.gravatar.com\/avatar\/0bfed4b32db324d748cf351a6c66d342cd868f37037bf83e9f4dd645f675e34f?s=96&d=mm&r=g","caption":"Comic Box"},"description":"Le magazine des cultures comics","sameAs":["http:\/\/www.comicbox.com"],"url":"https:\/\/www.comicbox.com\/index.php\/author\/admin\/"}]}},"jetpack_publicize_connections":[],"jetpack_featured_media_url":"","jetpack_sharing_enabled":true,"jetpack_shortlink":"https:\/\/wp.me\/pvyAi-6xA","_links":{"self":[{"href":"https:\/\/www.comicbox.com\/index.php\/wp-json\/wp\/v2\/posts\/25146","targetHints":{"allow":["GET"]}}],"collection":[{"href":"https:\/\/www.comicbox.com\/index.php\/wp-json\/wp\/v2\/posts"}],"about":[{"href":"https:\/\/www.comicbox.com\/index.php\/wp-json\/wp\/v2\/types\/post"}],"author":[{"embeddable":true,"href":"https:\/\/www.comicbox.com\/index.php\/wp-json\/wp\/v2\/users\/1"}],"replies":[{"embeddable":true,"href":"https:\/\/www.comicbox.com\/index.php\/wp-json\/wp\/v2\/comments?post=25146"}],"version-history":[{"count":0,"href":"https:\/\/www.comicbox.com\/index.php\/wp-json\/wp\/v2\/posts\/25146\/revisions"}],"wp:attachment":[{"href":"https:\/\/www.comicbox.com\/index.php\/wp-json\/wp\/v2\/media?parent=25146"}],"wp:term":[{"taxonomy":"category","embeddable":true,"href":"https:\/\/www.comicbox.com\/index.php\/wp-json\/wp\/v2\/categories?post=25146"},{"taxonomy":"post_tag","embeddable":true,"href":"https:\/\/www.comicbox.com\/index.php\/wp-json\/wp\/v2\/tags?post=25146"}],"curies":[{"name":"wp","href":"https:\/\/api.w.org\/{rel}","templated":true}]}}