
{"id":18845,"date":"2009-10-16T18:16:13","date_gmt":"2009-10-16T16:16:13","guid":{"rendered":"http:\/\/www.comicbox.com\/?p=18845"},"modified":"2009-10-16T18:39:53","modified_gmt":"2009-10-16T16:39:53","slug":"disparition-de-george-tuska","status":"publish","type":"post","link":"https:\/\/www.comicbox.com\/index.php\/news\/disparition-de-george-tuska\/","title":{"rendered":"Disparition de George Tuska"},"content":{"rendered":"<p style=\"text-align: justify;\"><img data-recalc-dims=\"1\" loading=\"lazy\" decoding=\"async\" data-attachment-id=\"18846\" data-permalink=\"https:\/\/www.comicbox.com\/index.php\/news\/disparition-de-george-tuska\/attachment\/tuskaa\/\" data-orig-file=\"https:\/\/i0.wp.com\/www.comicbox.com\/wp-content\/uploads\/2009\/10\/TuskaA.jpg?fit=70%2C70&amp;ssl=1\" data-orig-size=\"70,70\" data-comments-opened=\"1\" data-image-meta=\"{&quot;aperture&quot;:&quot;0&quot;,&quot;credit&quot;:&quot;&quot;,&quot;camera&quot;:&quot;&quot;,&quot;caption&quot;:&quot;&quot;,&quot;created_timestamp&quot;:&quot;0&quot;,&quot;copyright&quot;:&quot;&quot;,&quot;focal_length&quot;:&quot;0&quot;,&quot;iso&quot;:&quot;0&quot;,&quot;shutter_speed&quot;:&quot;0&quot;,&quot;title&quot;:&quot;&quot;}\" data-image-title=\"Disparition de George Tuska\" data-image-description=\"\" data-image-caption=\"\" data-large-file=\"https:\/\/i0.wp.com\/www.comicbox.com\/wp-content\/uploads\/2009\/10\/TuskaA.jpg?fit=70%2C70&amp;ssl=1\" class=\"alignleft size-full wp-image-18846\" style=\"margin-left: 4px; margin-right: 4px;\" title=\"Disparition de George Tuska\" src=\"https:\/\/i0.wp.com\/www.comicbox.com\/wp-content\/uploads\/2009\/10\/TuskaA.jpg?resize=70%2C70\" alt=\"Disparition de George Tuska\" width=\"70\" height=\"70\" \/>[FRENCH] Nous apprenons le d\u00e9c\u00e8s du dessinateur George Tuska, disparu hier \u00e0 l&rsquo;\u00e2ge de 93 ans. Il s&rsquo;agit une nouvelle fois d&rsquo;un pionnier qui s&rsquo;en va puisque Tuska avait commenc\u00e9 sa carri\u00e8re en 1939, travaillant entre autres choses au sein du studio Eisner &amp; Iger<!--more-->. Assez rapidement on le verra travailler pour de nombreux \u00e9diteurs comme Fawcett, Lev Gleason ou Quality Comics. Parall\u00e8lement aux fascicules, Tuska est alors tr\u00e8s actif en termes de strips pour la presse.<\/p>\n<p style=\"text-align: justify;\"><img data-recalc-dims=\"1\" loading=\"lazy\" decoding=\"async\" data-attachment-id=\"18847\" data-permalink=\"https:\/\/www.comicbox.com\/index.php\/news\/disparition-de-george-tuska\/attachment\/tuska2\/\" data-orig-file=\"https:\/\/i0.wp.com\/www.comicbox.com\/wp-content\/uploads\/2009\/10\/Tuska2.jpg?fit=300%2C447&amp;ssl=1\" data-orig-size=\"300,447\" data-comments-opened=\"1\" data-image-meta=\"{&quot;aperture&quot;:&quot;0&quot;,&quot;credit&quot;:&quot;&quot;,&quot;camera&quot;:&quot;&quot;,&quot;caption&quot;:&quot;&quot;,&quot;created_timestamp&quot;:&quot;0&quot;,&quot;copyright&quot;:&quot;&quot;,&quot;focal_length&quot;:&quot;0&quot;,&quot;iso&quot;:&quot;0&quot;,&quot;shutter_speed&quot;:&quot;0&quot;,&quot;title&quot;:&quot;&quot;}\" data-image-title=\"Tuska fut le dessinateur d&amp;rsquo;Iron Man pendant 10 ans de suite&amp;#8230;\" data-image-description=\"\" data-image-caption=\"\" data-large-file=\"https:\/\/i0.wp.com\/www.comicbox.com\/wp-content\/uploads\/2009\/10\/Tuska2.jpg?fit=300%2C447&amp;ssl=1\" class=\"alignright size-full wp-image-18847\" style=\"border: 1px solid black; margin-left: 8px; margin-right: 8px;\" title=\"Tuska fut le dessinateur d'Iron Man pendant 10 ans de suite...\" src=\"https:\/\/i0.wp.com\/www.comicbox.com\/wp-content\/uploads\/2009\/10\/Tuska2.jpg?resize=300%2C447\" alt=\"Tuska fut le dessinateur d'Iron Man pendant 10 ans de suite...\" width=\"300\" height=\"447\" srcset=\"https:\/\/i0.wp.com\/www.comicbox.com\/wp-content\/uploads\/2009\/10\/Tuska2.jpg?w=300&amp;ssl=1 300w, https:\/\/i0.wp.com\/www.comicbox.com\/wp-content\/uploads\/2009\/10\/Tuska2.jpg?resize=100%2C150&amp;ssl=1 100w\" sizes=\"auto, (max-width: 300px) 100vw, 300px\" \/><\/p>\n<p style=\"text-align: justify;\">Il s&rsquo;occupe pendant huit ans du strip de Buck Rogers. Mais le public commence \u00e0 remarquer son nom surtout \u00e0 partir des ann\u00e9es 60 et 70, quand il multiplie les participations \u00e0 des s\u00e9ries comme Thunder Agents, Sub-Mariner, Avengers, Uncanny X-Men, Luke Cage, Hero for Hire (Power Man), Champions, World&rsquo;s Finest ou encore Black Goliath&#8230; Les lecteurs de Strange gardent sans doute le souvenir de ses \u00e9pisodes d&rsquo;Iron Man. Dans un run m\u00e9morable de 10 ans (1968-1978) l&rsquo;artiste a laiss\u00e9 une trace durable dans la mani\u00e8re de repr\u00e9senter l&rsquo;armure rouge et or.<\/p>\n<p style=\"text-align: justify;\"><img data-recalc-dims=\"1\" loading=\"lazy\" decoding=\"async\" data-attachment-id=\"18848\" data-permalink=\"https:\/\/www.comicbox.com\/index.php\/news\/disparition-de-george-tuska\/attachment\/tuska1\/\" data-orig-file=\"https:\/\/i0.wp.com\/www.comicbox.com\/wp-content\/uploads\/2009\/10\/Tuska1.jpg?fit=150%2C194&amp;ssl=1\" data-orig-size=\"150,194\" data-comments-opened=\"1\" data-image-meta=\"{&quot;aperture&quot;:&quot;0&quot;,&quot;credit&quot;:&quot;&quot;,&quot;camera&quot;:&quot;&quot;,&quot;caption&quot;:&quot;&quot;,&quot;created_timestamp&quot;:&quot;0&quot;,&quot;copyright&quot;:&quot;&quot;,&quot;focal_length&quot;:&quot;0&quot;,&quot;iso&quot;:&quot;0&quot;,&quot;shutter_speed&quot;:&quot;0&quot;,&quot;title&quot;:&quot;&quot;}\" data-image-title=\"G. Tuska\" data-image-description=\"\" data-image-caption=\"\" data-large-file=\"https:\/\/i0.wp.com\/www.comicbox.com\/wp-content\/uploads\/2009\/10\/Tuska1.jpg?fit=150%2C194&amp;ssl=1\" class=\"alignleft size-full wp-image-18848\" style=\"border: 2px solid black; margin-left: 4px; margin-right: 4px;\" title=\"G. Tuska\" src=\"https:\/\/i0.wp.com\/www.comicbox.com\/wp-content\/uploads\/2009\/10\/Tuska1.jpg?resize=150%2C194\" alt=\"G. Tuska\" width=\"150\" height=\"194\" srcset=\"https:\/\/i0.wp.com\/www.comicbox.com\/wp-content\/uploads\/2009\/10\/Tuska1.jpg?w=150&amp;ssl=1 150w, https:\/\/i0.wp.com\/www.comicbox.com\/wp-content\/uploads\/2009\/10\/Tuska1.jpg?resize=115%2C150&amp;ssl=1 115w\" sizes=\"auto, (max-width: 150px) 100vw, 150px\" \/>Par la suite \u00e0 nouveau moins pr\u00e9sent dans l&rsquo;univers des fascicules, George Tuska est reparti du c\u00f4t\u00e9 des strips. Entre 1978 et 1993, il se charge d&rsquo;un strip consacr\u00e9 \u00e0 Superman, pour ne prendre compl\u00e8tement sa retraite qu&rsquo;au d\u00e9but du XXI\u00b0 si\u00e8cle. Enfin, pas tout \u00e0 fait compl\u00e8tement puisqu&rsquo;on l&rsquo;avait vu reprendre du service tr\u00e8s r\u00e9cemment pour des couvertures variantes chez Dynamite (Black Terror en particulier)&#8230;<\/p>\n","protected":false},"excerpt":{"rendered":"<p>[FRENCH] Nous apprenons le d\u00e9c\u00e8s du dessinateur George Tuska, disparu hier \u00e0 l&rsquo;\u00e2ge de 93 ans. Il s&rsquo;agit une nouvelle&hellip;<\/p>\n","protected":false},"author":1,"featured_media":0,"comment_status":"open","ping_status":"open","sticky":false,"template":"","format":"standard","meta":{"jetpack_post_was_ever_published":false,"_jetpack_newsletter_access":"","_jetpack_dont_email_post_to_subs":false,"_jetpack_newsletter_tier_id":0,"_jetpack_memberships_contains_paywalled_content":false,"_jetpack_memberships_contains_paid_content":false,"footnotes":"","jetpack_publicize_message":"","jetpack_publicize_feature_enabled":true,"jetpack_social_post_already_shared":false,"jetpack_social_options":{"image_generator_settings":{"template":"highway","default_image_id":0,"font":"","enabled":false},"version":2}},"categories":[3,1727,1],"tags":[21,1485,5150],"class_list":["post-18845","post","type-post","status-publish","format-standard","hentry","category-articles","category-diapo","category-news","tag-comics","tag-george-tuska","tag-iron-man"],"yoast_head":"<!-- This site is optimized with the Yoast SEO plugin v24.9 - https:\/\/yoast.com\/wordpress\/plugins\/seo\/ -->\n<title>Disparition de George Tuska -<\/title>\n<meta name=\"robots\" content=\"index, follow, max-snippet:-1, max-image-preview:large, max-video-preview:-1\" \/>\n<link rel=\"canonical\" href=\"https:\/\/www.comicbox.com\/index.php\/news\/disparition-de-george-tuska\/\" \/>\n<meta property=\"og:locale\" content=\"fr_FR\" \/>\n<meta property=\"og:type\" content=\"article\" \/>\n<meta property=\"og:title\" content=\"Disparition de George Tuska -\" \/>\n<meta property=\"og:description\" content=\"[FRENCH] Nous apprenons le d\u00e9c\u00e8s du dessinateur George Tuska, disparu hier \u00e0 l&rsquo;\u00e2ge de 93 ans. Il s&rsquo;agit une nouvelle&hellip;\" \/>\n<meta property=\"og:url\" content=\"https:\/\/www.comicbox.com\/index.php\/news\/disparition-de-george-tuska\/\" \/>\n<meta property=\"article:published_time\" content=\"2009-10-16T16:16:13+00:00\" \/>\n<meta property=\"article:modified_time\" content=\"2009-10-16T16:39:53+00:00\" \/>\n<meta property=\"og:image\" content=\"http:\/\/www.comicbox.com\/wp-content\/uploads\/2009\/10\/TuskaA.jpg\" \/>\n<meta name=\"author\" content=\"Comic Box\" \/>\n<meta name=\"twitter:card\" content=\"summary_large_image\" \/>\n<meta name=\"twitter:label1\" content=\"\u00c9crit par\" \/>\n\t<meta name=\"twitter:data1\" content=\"Comic Box\" \/>\n\t<meta name=\"twitter:label2\" content=\"Dur\u00e9e de lecture estim\u00e9e\" \/>\n\t<meta name=\"twitter:data2\" content=\"1 minute\" \/>\n<script type=\"application\/ld+json\" class=\"yoast-schema-graph\">{\"@context\":\"https:\/\/schema.org\",\"@graph\":[{\"@type\":\"WebPage\",\"@id\":\"https:\/\/www.comicbox.com\/index.php\/news\/disparition-de-george-tuska\/\",\"url\":\"https:\/\/www.comicbox.com\/index.php\/news\/disparition-de-george-tuska\/\",\"name\":\"Disparition de George Tuska -\",\"isPartOf\":{\"@id\":\"https:\/\/www.comicbox.com\/#website\"},\"primaryImageOfPage\":{\"@id\":\"https:\/\/www.comicbox.com\/index.php\/news\/disparition-de-george-tuska\/#primaryimage\"},\"image\":{\"@id\":\"https:\/\/www.comicbox.com\/index.php\/news\/disparition-de-george-tuska\/#primaryimage\"},\"thumbnailUrl\":\"http:\/\/www.comicbox.com\/wp-content\/uploads\/2009\/10\/TuskaA.jpg\",\"datePublished\":\"2009-10-16T16:16:13+00:00\",\"dateModified\":\"2009-10-16T16:39:53+00:00\",\"author\":{\"@id\":\"https:\/\/www.comicbox.com\/#\/schema\/person\/05fbb62019791094900e823ca54991c7\"},\"breadcrumb\":{\"@id\":\"https:\/\/www.comicbox.com\/index.php\/news\/disparition-de-george-tuska\/#breadcrumb\"},\"inLanguage\":\"fr-FR\",\"potentialAction\":[{\"@type\":\"ReadAction\",\"target\":[\"https:\/\/www.comicbox.com\/index.php\/news\/disparition-de-george-tuska\/\"]}]},{\"@type\":\"ImageObject\",\"inLanguage\":\"fr-FR\",\"@id\":\"https:\/\/www.comicbox.com\/index.php\/news\/disparition-de-george-tuska\/#primaryimage\",\"url\":\"https:\/\/i0.wp.com\/www.comicbox.com\/wp-content\/uploads\/2009\/10\/TuskaA.jpg?fit=70%2C70&ssl=1\",\"contentUrl\":\"https:\/\/i0.wp.com\/www.comicbox.com\/wp-content\/uploads\/2009\/10\/TuskaA.jpg?fit=70%2C70&ssl=1\",\"width\":\"70\",\"height\":\"70\"},{\"@type\":\"BreadcrumbList\",\"@id\":\"https:\/\/www.comicbox.com\/index.php\/news\/disparition-de-george-tuska\/#breadcrumb\",\"itemListElement\":[{\"@type\":\"ListItem\",\"position\":1,\"name\":\"Accueil\",\"item\":\"https:\/\/www.comicbox.com\/\"},{\"@type\":\"ListItem\",\"position\":2,\"name\":\"Disparition de George Tuska\"}]},{\"@type\":\"WebSite\",\"@id\":\"https:\/\/www.comicbox.com\/#website\",\"url\":\"https:\/\/www.comicbox.com\/\",\"name\":\"\",\"description\":\"le magazine des cultures comics\",\"potentialAction\":[{\"@type\":\"SearchAction\",\"target\":{\"@type\":\"EntryPoint\",\"urlTemplate\":\"https:\/\/www.comicbox.com\/?s={search_term_string}\"},\"query-input\":{\"@type\":\"PropertyValueSpecification\",\"valueRequired\":true,\"valueName\":\"search_term_string\"}}],\"inLanguage\":\"fr-FR\"},{\"@type\":\"Person\",\"@id\":\"https:\/\/www.comicbox.com\/#\/schema\/person\/05fbb62019791094900e823ca54991c7\",\"name\":\"Comic Box\",\"image\":{\"@type\":\"ImageObject\",\"inLanguage\":\"fr-FR\",\"@id\":\"https:\/\/www.comicbox.com\/#\/schema\/person\/image\/\",\"url\":\"https:\/\/secure.gravatar.com\/avatar\/0bfed4b32db324d748cf351a6c66d342cd868f37037bf83e9f4dd645f675e34f?s=96&d=mm&r=g\",\"contentUrl\":\"https:\/\/secure.gravatar.com\/avatar\/0bfed4b32db324d748cf351a6c66d342cd868f37037bf83e9f4dd645f675e34f?s=96&d=mm&r=g\",\"caption\":\"Comic Box\"},\"description\":\"Le magazine des cultures comics\",\"sameAs\":[\"http:\/\/www.comicbox.com\"],\"url\":\"https:\/\/www.comicbox.com\/index.php\/author\/admin\/\"}]}<\/script>\n<!-- \/ Yoast SEO plugin. -->","yoast_head_json":{"title":"Disparition de George Tuska -","robots":{"index":"index","follow":"follow","max-snippet":"max-snippet:-1","max-image-preview":"max-image-preview:large","max-video-preview":"max-video-preview:-1"},"canonical":"https:\/\/www.comicbox.com\/index.php\/news\/disparition-de-george-tuska\/","og_locale":"fr_FR","og_type":"article","og_title":"Disparition de George Tuska -","og_description":"[FRENCH] Nous apprenons le d\u00e9c\u00e8s du dessinateur George Tuska, disparu hier \u00e0 l&rsquo;\u00e2ge de 93 ans. Il s&rsquo;agit une nouvelle&hellip;","og_url":"https:\/\/www.comicbox.com\/index.php\/news\/disparition-de-george-tuska\/","article_published_time":"2009-10-16T16:16:13+00:00","article_modified_time":"2009-10-16T16:39:53+00:00","og_image":[{"url":"http:\/\/www.comicbox.com\/wp-content\/uploads\/2009\/10\/TuskaA.jpg","type":"","width":"","height":""}],"author":"Comic Box","twitter_card":"summary_large_image","twitter_misc":{"\u00c9crit par":"Comic Box","Dur\u00e9e de lecture estim\u00e9e":"1 minute"},"schema":{"@context":"https:\/\/schema.org","@graph":[{"@type":"WebPage","@id":"https:\/\/www.comicbox.com\/index.php\/news\/disparition-de-george-tuska\/","url":"https:\/\/www.comicbox.com\/index.php\/news\/disparition-de-george-tuska\/","name":"Disparition de George Tuska -","isPartOf":{"@id":"https:\/\/www.comicbox.com\/#website"},"primaryImageOfPage":{"@id":"https:\/\/www.comicbox.com\/index.php\/news\/disparition-de-george-tuska\/#primaryimage"},"image":{"@id":"https:\/\/www.comicbox.com\/index.php\/news\/disparition-de-george-tuska\/#primaryimage"},"thumbnailUrl":"http:\/\/www.comicbox.com\/wp-content\/uploads\/2009\/10\/TuskaA.jpg","datePublished":"2009-10-16T16:16:13+00:00","dateModified":"2009-10-16T16:39:53+00:00","author":{"@id":"https:\/\/www.comicbox.com\/#\/schema\/person\/05fbb62019791094900e823ca54991c7"},"breadcrumb":{"@id":"https:\/\/www.comicbox.com\/index.php\/news\/disparition-de-george-tuska\/#breadcrumb"},"inLanguage":"fr-FR","potentialAction":[{"@type":"ReadAction","target":["https:\/\/www.comicbox.com\/index.php\/news\/disparition-de-george-tuska\/"]}]},{"@type":"ImageObject","inLanguage":"fr-FR","@id":"https:\/\/www.comicbox.com\/index.php\/news\/disparition-de-george-tuska\/#primaryimage","url":"https:\/\/i0.wp.com\/www.comicbox.com\/wp-content\/uploads\/2009\/10\/TuskaA.jpg?fit=70%2C70&ssl=1","contentUrl":"https:\/\/i0.wp.com\/www.comicbox.com\/wp-content\/uploads\/2009\/10\/TuskaA.jpg?fit=70%2C70&ssl=1","width":"70","height":"70"},{"@type":"BreadcrumbList","@id":"https:\/\/www.comicbox.com\/index.php\/news\/disparition-de-george-tuska\/#breadcrumb","itemListElement":[{"@type":"ListItem","position":1,"name":"Accueil","item":"https:\/\/www.comicbox.com\/"},{"@type":"ListItem","position":2,"name":"Disparition de George Tuska"}]},{"@type":"WebSite","@id":"https:\/\/www.comicbox.com\/#website","url":"https:\/\/www.comicbox.com\/","name":"","description":"le magazine des cultures comics","potentialAction":[{"@type":"SearchAction","target":{"@type":"EntryPoint","urlTemplate":"https:\/\/www.comicbox.com\/?s={search_term_string}"},"query-input":{"@type":"PropertyValueSpecification","valueRequired":true,"valueName":"search_term_string"}}],"inLanguage":"fr-FR"},{"@type":"Person","@id":"https:\/\/www.comicbox.com\/#\/schema\/person\/05fbb62019791094900e823ca54991c7","name":"Comic Box","image":{"@type":"ImageObject","inLanguage":"fr-FR","@id":"https:\/\/www.comicbox.com\/#\/schema\/person\/image\/","url":"https:\/\/secure.gravatar.com\/avatar\/0bfed4b32db324d748cf351a6c66d342cd868f37037bf83e9f4dd645f675e34f?s=96&d=mm&r=g","contentUrl":"https:\/\/secure.gravatar.com\/avatar\/0bfed4b32db324d748cf351a6c66d342cd868f37037bf83e9f4dd645f675e34f?s=96&d=mm&r=g","caption":"Comic Box"},"description":"Le magazine des cultures comics","sameAs":["http:\/\/www.comicbox.com"],"url":"https:\/\/www.comicbox.com\/index.php\/author\/admin\/"}]}},"jetpack_publicize_connections":[],"jetpack_featured_media_url":"","jetpack_sharing_enabled":true,"jetpack_shortlink":"https:\/\/wp.me\/pvyAi-4TX","_links":{"self":[{"href":"https:\/\/www.comicbox.com\/index.php\/wp-json\/wp\/v2\/posts\/18845","targetHints":{"allow":["GET"]}}],"collection":[{"href":"https:\/\/www.comicbox.com\/index.php\/wp-json\/wp\/v2\/posts"}],"about":[{"href":"https:\/\/www.comicbox.com\/index.php\/wp-json\/wp\/v2\/types\/post"}],"author":[{"embeddable":true,"href":"https:\/\/www.comicbox.com\/index.php\/wp-json\/wp\/v2\/users\/1"}],"replies":[{"embeddable":true,"href":"https:\/\/www.comicbox.com\/index.php\/wp-json\/wp\/v2\/comments?post=18845"}],"version-history":[{"count":0,"href":"https:\/\/www.comicbox.com\/index.php\/wp-json\/wp\/v2\/posts\/18845\/revisions"}],"wp:attachment":[{"href":"https:\/\/www.comicbox.com\/index.php\/wp-json\/wp\/v2\/media?parent=18845"}],"wp:term":[{"taxonomy":"category","embeddable":true,"href":"https:\/\/www.comicbox.com\/index.php\/wp-json\/wp\/v2\/categories?post=18845"},{"taxonomy":"post_tag","embeddable":true,"href":"https:\/\/www.comicbox.com\/index.php\/wp-json\/wp\/v2\/tags?post=18845"}],"curies":[{"name":"wp","href":"https:\/\/api.w.org\/{rel}","templated":true}]}}