
{"id":17889,"date":"2009-08-25T14:03:10","date_gmt":"2009-08-25T12:03:10","guid":{"rendered":"http:\/\/www.comicbox.com\/?p=17889"},"modified":"2009-08-25T14:03:50","modified_gmt":"2009-08-25T12:03:50","slug":"16eme-fete-de-la-bd-a-andenne-belgique","status":"publish","type":"post","link":"https:\/\/www.comicbox.com\/index.php\/news\/16eme-fete-de-la-bd-a-andenne-belgique\/","title":{"rendered":"16\u00e8me F\u00eate de la BD \u00e0 Andenne (Belgique)"},"content":{"rendered":"<p style=\"text-align: justify;\"><img data-recalc-dims=\"1\" loading=\"lazy\" decoding=\"async\" data-attachment-id=\"17890\" data-permalink=\"https:\/\/www.comicbox.com\/index.php\/news\/16eme-fete-de-la-bd-a-andenne-belgique\/attachment\/andennea\/\" data-orig-file=\"https:\/\/i0.wp.com\/www.comicbox.com\/wp-content\/uploads\/2009\/08\/AndenneA.jpg?fit=70%2C70&amp;ssl=1\" data-orig-size=\"70,70\" data-comments-opened=\"1\" data-image-meta=\"{&quot;aperture&quot;:&quot;0&quot;,&quot;credit&quot;:&quot;&quot;,&quot;camera&quot;:&quot;&quot;,&quot;caption&quot;:&quot;&quot;,&quot;created_timestamp&quot;:&quot;0&quot;,&quot;copyright&quot;:&quot;&quot;,&quot;focal_length&quot;:&quot;0&quot;,&quot;iso&quot;:&quot;0&quot;,&quot;shutter_speed&quot;:&quot;0&quot;,&quot;title&quot;:&quot;&quot;}\" data-image-title=\"16\u00e8me F\u00eate de la BD \u00e0 Andenne (Belgique)\" data-image-description=\"\" data-image-caption=\"\" data-large-file=\"https:\/\/i0.wp.com\/www.comicbox.com\/wp-content\/uploads\/2009\/08\/AndenneA.jpg?fit=70%2C70&amp;ssl=1\" class=\"alignleft size-full wp-image-17890\" style=\"margin-left: 4px; margin-right: 4px;\" title=\"16\u00e8me F\u00eate de la BD \u00e0 Andenne (Belgique)\" src=\"https:\/\/i0.wp.com\/www.comicbox.com\/wp-content\/uploads\/2009\/08\/AndenneA.jpg?resize=70%2C70\" alt=\"16\u00e8me F\u00eate de la BD \u00e0 Andenne (Belgique)\" width=\"70\" height=\"70\" \/>[FRENCH] <strong>La Grande Ourse nous communique:<\/strong> Les 7 et 8 novembre, la F\u00eate de la BD cl\u00f4ture l\u2019ann\u00e9e de la BD \u00e0 Andenne&#8230; D\u00e9dicaces, bourse BD, ateliers, expo, remise de prix, jeunes artistes, fanzines, etc. Rencontres Internationales<!--more--> : L\u2019Italie Une quarantaine d&rsquo;auteurs seront pr\u00e9sents sur les deux jours (Italiens, Qu\u00e9b\u00e9cois, Anglais, Fran\u00e7ais, Belges, &#8230;). Pr\u00e9sence d&rsquo;auteurs de comic-books ! La liste actualis\u00e9e est visible sur le site de La Grande Ourse : www.lagandeourse.be<br \/>\nEntr\u00e9e 3 euros (Gratuit \u201312 ans).<br \/>\nAcc\u00e8s au public \u00e0 partir de 13h00 !<br \/>\nUne organisation de La Grande Ourse A.S.B.L. \u00e0 la salle Polyvalente.<\/p>\n<p style=\"text-align: justify;\"><img data-recalc-dims=\"1\" loading=\"lazy\" decoding=\"async\" data-attachment-id=\"17891\" data-permalink=\"https:\/\/www.comicbox.com\/index.php\/news\/16eme-fete-de-la-bd-a-andenne-belgique\/attachment\/andenneb\/\" data-orig-file=\"https:\/\/i0.wp.com\/www.comicbox.com\/wp-content\/uploads\/2009\/08\/AndenneB.jpg?fit=700%2C1412&amp;ssl=1\" data-orig-size=\"700,1412\" data-comments-opened=\"1\" data-image-meta=\"{&quot;aperture&quot;:&quot;0&quot;,&quot;credit&quot;:&quot;&quot;,&quot;camera&quot;:&quot;&quot;,&quot;caption&quot;:&quot;&quot;,&quot;created_timestamp&quot;:&quot;0&quot;,&quot;copyright&quot;:&quot;&quot;,&quot;focal_length&quot;:&quot;0&quot;,&quot;iso&quot;:&quot;0&quot;,&quot;shutter_speed&quot;:&quot;0&quot;,&quot;title&quot;:&quot;&quot;}\" data-image-title=\"16\u00e8me F\u00eate de la BD \u00e0 Andenne (Belgique)\" data-image-description=\"\" data-image-caption=\"\" data-large-file=\"https:\/\/i0.wp.com\/www.comicbox.com\/wp-content\/uploads\/2009\/08\/AndenneB.jpg?fit=507%2C1024&amp;ssl=1\" class=\"alignnone size-full wp-image-17891\" style=\"border: 2px solid black;\" title=\"16\u00e8me F\u00eate de la BD \u00e0 Andenne (Belgique)\" src=\"https:\/\/i0.wp.com\/www.comicbox.com\/wp-content\/uploads\/2009\/08\/AndenneB.jpg?resize=700%2C1412\" alt=\"16\u00e8me F\u00eate de la BD \u00e0 Andenne (Belgique)\" width=\"700\" height=\"1412\" srcset=\"https:\/\/i0.wp.com\/www.comicbox.com\/wp-content\/uploads\/2009\/08\/AndenneB.jpg?w=700&amp;ssl=1 700w, https:\/\/i0.wp.com\/www.comicbox.com\/wp-content\/uploads\/2009\/08\/AndenneB.jpg?resize=74%2C150&amp;ssl=1 74w, https:\/\/i0.wp.com\/www.comicbox.com\/wp-content\/uploads\/2009\/08\/AndenneB.jpg?resize=507%2C1024&amp;ssl=1 507w\" sizes=\"auto, (max-width: 700px) 100vw, 700px\" \/><\/p>\n<p>Lieu : Salle Polyvalente d&rsquo;Andenne (Belgique &#8211; E42 sortie 9)<br \/>\nT\u00e9l\u00e9phone : 0032(0)85.31.84.80<br \/>\ne-mail : tony.lariviere@skynet.be<br \/>\n<a href=\"http:\/\/www.lagandeourse.be\" target=\"_blank\">www.lagandeourse.be<\/a><\/p>\n<p>LES AUTEURS<br \/>\n(Cette liste est non officielle \u00e0 ce jour et donn\u00e9e sous r\u00e9serves de modifications ind\u00e9pendantes de notre volont\u00e9 !!!)<br \/>\nListe actualis\u00e9e le 23\/08\/2009<br \/>\nD\u00e9dicaces \u00e0 partir de 14h00 !!!<br \/>\nGiovanni Rigano (Italie) Samedi &amp; Dimanche<br \/>\nPaola Antasti (Italie) Samedi &amp; Dimanche<br \/>\nDavide Fabbri (Italie) Samedi &amp; Dimanche<br \/>\nStefano Raffaele (Italie) Samedi &amp; Dimanche<br \/>\npaola Antista (Italie) Samedi &amp; Dimanche<br \/>\nGiuseppe Camuncoli (Italie) Samedi &amp; Dimanche<br \/>\nStefano Caseli (Italie) Samedi &amp; Dimanche<br \/>\nAntonio Lapone (Italie) Samedi &amp; Dimanche<br \/>\nMatteo Berton (Italie) Samedi &amp; Dimanche<br \/>\nJessica Trombini (Italie) Samedi &amp; Dimanche<br \/>\nFedericco Bertolucci (Italie) Samedi &amp; Dimanche<br \/>\nLuca Erbetta (Italie) Samedi &amp; Dimanche<br \/>\nSerge Lapointe (Qu\u00e9bec) Samedi &amp; Dimanche<br \/>\nKarl Kershel (Canada) Samedi &amp; Dimanche<br \/>\nFrancis Manapul (Canada) Samedi &amp; Dimanche<br \/>\nAgniezka Garbowska (Canada) Samedi &amp; Dimanche<br \/>\nCameron Stewart (Qu\u00e9bec) Samedi &amp; Dimanche<br \/>\nRamon Perez (Qu\u00e9bec) Samedi &amp; Dimanche<br \/>\nDavid Lopez (Espagne) Samedi &amp; Dimanche<br \/>\nPedro Colombo (Espagne ) Samedi &amp; Dimanche<br \/>\nFrancis Porcel (Espagne) Samedi &amp; Dimanche<br \/>\nLouis (France) Samedi &amp; Dimanche<br \/>\nDavis Ratte (France) Samedi &amp; Dimanche<br \/>\nAlexamdre Tefengki (Belgique) Samedi &amp; Dimanche<br \/>\nVirginie Vertonghen (Belgique) Samedi et Dimanche<br \/>\nHamo (Belgique) Samedi &amp; Dimanche<br \/>\nJaap de Boer (France) Samedi et Dimanche<br \/>\nMauricet (Belgique) Samedi et Dimanche<br \/>\nBeno\u00eet Bekaert (Belgique) Samedi et Dimanche<br \/>\nNathalie Polfiet (Belgique) Samedi et Dimanche<br \/>\nAnnick\u00a0 Masson (Belgique) Samedi et Dimanche<br \/>\nYves Swolfs (Belgique) Samedi<br \/>\nDav (France) Samedi &amp; Dimanche<br \/>\nLaurent Houssin (France) Samedi &amp; Dimanche<br \/>\nEtienne Willem (Belgique) ?<br \/>\nRenaud Collin (Belgique) ?<br \/>\nVincent Zabus (Belgique) ?<br \/>\nChris Lamquet (Belgique) Samedi &amp; Dimanche<br \/>\nRichard Marazano (France) Samedi &amp; Dimanche<br \/>\nJ-M Ponzio (France) Samedi &amp; Dimanche<\/p>\n","protected":false},"excerpt":{"rendered":"<p>[FRENCH] La Grande Ourse nous communique: Les 7 et 8 novembre, la F\u00eate de la BD cl\u00f4ture l\u2019ann\u00e9e de la&hellip;<\/p>\n","protected":false},"author":1,"featured_media":0,"comment_status":"open","ping_status":"open","sticky":false,"template":"","format":"standard","meta":{"jetpack_post_was_ever_published":false,"_jetpack_newsletter_access":"","_jetpack_dont_email_post_to_subs":false,"_jetpack_newsletter_tier_id":0,"_jetpack_memberships_contains_paywalled_content":false,"_jetpack_memberships_contains_paid_content":false,"footnotes":"","jetpack_publicize_message":"","jetpack_publicize_feature_enabled":true,"jetpack_social_post_already_shared":false,"jetpack_social_options":{"image_generator_settings":{"template":"highway","default_image_id":0,"font":"","enabled":false},"version":2}},"categories":[16,1727,1],"tags":[2317,176],"class_list":["post-17889","post","type-post","status-publish","format-standard","hentry","category-communiques","category-diapo","category-news","tag-andenne","tag-event"],"yoast_head":"<!-- This site is optimized with the Yoast SEO plugin v24.9 - https:\/\/yoast.com\/wordpress\/plugins\/seo\/ -->\n<title>16\u00e8me F\u00eate de la BD \u00e0 Andenne (Belgique) -<\/title>\n<meta name=\"robots\" content=\"index, follow, max-snippet:-1, max-image-preview:large, max-video-preview:-1\" \/>\n<link rel=\"canonical\" href=\"https:\/\/www.comicbox.com\/index.php\/news\/16eme-fete-de-la-bd-a-andenne-belgique\/\" \/>\n<meta property=\"og:locale\" content=\"fr_FR\" \/>\n<meta property=\"og:type\" content=\"article\" \/>\n<meta property=\"og:title\" content=\"16\u00e8me F\u00eate de la BD \u00e0 Andenne (Belgique) -\" \/>\n<meta property=\"og:description\" content=\"[FRENCH] La Grande Ourse nous communique: Les 7 et 8 novembre, la F\u00eate de la BD cl\u00f4ture l\u2019ann\u00e9e de la&hellip;\" \/>\n<meta property=\"og:url\" content=\"https:\/\/www.comicbox.com\/index.php\/news\/16eme-fete-de-la-bd-a-andenne-belgique\/\" \/>\n<meta property=\"article:published_time\" content=\"2009-08-25T12:03:10+00:00\" \/>\n<meta property=\"article:modified_time\" content=\"2009-08-25T12:03:50+00:00\" \/>\n<meta property=\"og:image\" content=\"http:\/\/www.comicbox.com\/wp-content\/uploads\/2009\/08\/AndenneA.jpg\" \/>\n<meta name=\"author\" content=\"Comic Box\" \/>\n<meta name=\"twitter:card\" content=\"summary_large_image\" \/>\n<meta name=\"twitter:label1\" content=\"\u00c9crit par\" \/>\n\t<meta name=\"twitter:data1\" content=\"Comic Box\" \/>\n\t<meta name=\"twitter:label2\" content=\"Dur\u00e9e de lecture estim\u00e9e\" \/>\n\t<meta name=\"twitter:data2\" content=\"2 minutes\" \/>\n<script type=\"application\/ld+json\" class=\"yoast-schema-graph\">{\"@context\":\"https:\/\/schema.org\",\"@graph\":[{\"@type\":\"WebPage\",\"@id\":\"https:\/\/www.comicbox.com\/index.php\/news\/16eme-fete-de-la-bd-a-andenne-belgique\/\",\"url\":\"https:\/\/www.comicbox.com\/index.php\/news\/16eme-fete-de-la-bd-a-andenne-belgique\/\",\"name\":\"16\u00e8me F\u00eate de la BD \u00e0 Andenne (Belgique) -\",\"isPartOf\":{\"@id\":\"http:\/\/www.comicbox.com\/#website\"},\"primaryImageOfPage\":{\"@id\":\"https:\/\/www.comicbox.com\/index.php\/news\/16eme-fete-de-la-bd-a-andenne-belgique\/#primaryimage\"},\"image\":{\"@id\":\"https:\/\/www.comicbox.com\/index.php\/news\/16eme-fete-de-la-bd-a-andenne-belgique\/#primaryimage\"},\"thumbnailUrl\":\"http:\/\/www.comicbox.com\/wp-content\/uploads\/2009\/08\/AndenneA.jpg\",\"datePublished\":\"2009-08-25T12:03:10+00:00\",\"dateModified\":\"2009-08-25T12:03:50+00:00\",\"author\":{\"@id\":\"http:\/\/www.comicbox.com\/#\/schema\/person\/05fbb62019791094900e823ca54991c7\"},\"breadcrumb\":{\"@id\":\"https:\/\/www.comicbox.com\/index.php\/news\/16eme-fete-de-la-bd-a-andenne-belgique\/#breadcrumb\"},\"inLanguage\":\"fr-FR\",\"potentialAction\":[{\"@type\":\"ReadAction\",\"target\":[\"https:\/\/www.comicbox.com\/index.php\/news\/16eme-fete-de-la-bd-a-andenne-belgique\/\"]}]},{\"@type\":\"ImageObject\",\"inLanguage\":\"fr-FR\",\"@id\":\"https:\/\/www.comicbox.com\/index.php\/news\/16eme-fete-de-la-bd-a-andenne-belgique\/#primaryimage\",\"url\":\"https:\/\/i0.wp.com\/www.comicbox.com\/wp-content\/uploads\/2009\/08\/AndenneA.jpg?fit=70%2C70&ssl=1\",\"contentUrl\":\"https:\/\/i0.wp.com\/www.comicbox.com\/wp-content\/uploads\/2009\/08\/AndenneA.jpg?fit=70%2C70&ssl=1\",\"width\":\"70\",\"height\":\"70\"},{\"@type\":\"BreadcrumbList\",\"@id\":\"https:\/\/www.comicbox.com\/index.php\/news\/16eme-fete-de-la-bd-a-andenne-belgique\/#breadcrumb\",\"itemListElement\":[{\"@type\":\"ListItem\",\"position\":1,\"name\":\"Accueil\",\"item\":\"http:\/\/www.comicbox.com\/\"},{\"@type\":\"ListItem\",\"position\":2,\"name\":\"16\u00e8me F\u00eate de la BD \u00e0 Andenne (Belgique)\"}]},{\"@type\":\"WebSite\",\"@id\":\"http:\/\/www.comicbox.com\/#website\",\"url\":\"http:\/\/www.comicbox.com\/\",\"name\":\"\",\"description\":\"le magazine des cultures comics\",\"potentialAction\":[{\"@type\":\"SearchAction\",\"target\":{\"@type\":\"EntryPoint\",\"urlTemplate\":\"http:\/\/www.comicbox.com\/?s={search_term_string}\"},\"query-input\":{\"@type\":\"PropertyValueSpecification\",\"valueRequired\":true,\"valueName\":\"search_term_string\"}}],\"inLanguage\":\"fr-FR\"},{\"@type\":\"Person\",\"@id\":\"http:\/\/www.comicbox.com\/#\/schema\/person\/05fbb62019791094900e823ca54991c7\",\"name\":\"Comic Box\",\"image\":{\"@type\":\"ImageObject\",\"inLanguage\":\"fr-FR\",\"@id\":\"http:\/\/www.comicbox.com\/#\/schema\/person\/image\/\",\"url\":\"https:\/\/secure.gravatar.com\/avatar\/0bfed4b32db324d748cf351a6c66d342cd868f37037bf83e9f4dd645f675e34f?s=96&d=mm&r=g\",\"contentUrl\":\"https:\/\/secure.gravatar.com\/avatar\/0bfed4b32db324d748cf351a6c66d342cd868f37037bf83e9f4dd645f675e34f?s=96&d=mm&r=g\",\"caption\":\"Comic Box\"},\"description\":\"Le magazine des cultures comics\",\"sameAs\":[\"http:\/\/www.comicbox.com\"],\"url\":\"https:\/\/www.comicbox.com\/index.php\/author\/admin\/\"}]}<\/script>\n<!-- \/ Yoast SEO plugin. -->","yoast_head_json":{"title":"16\u00e8me F\u00eate de la BD \u00e0 Andenne (Belgique) -","robots":{"index":"index","follow":"follow","max-snippet":"max-snippet:-1","max-image-preview":"max-image-preview:large","max-video-preview":"max-video-preview:-1"},"canonical":"https:\/\/www.comicbox.com\/index.php\/news\/16eme-fete-de-la-bd-a-andenne-belgique\/","og_locale":"fr_FR","og_type":"article","og_title":"16\u00e8me F\u00eate de la BD \u00e0 Andenne (Belgique) -","og_description":"[FRENCH] La Grande Ourse nous communique: Les 7 et 8 novembre, la F\u00eate de la BD cl\u00f4ture l\u2019ann\u00e9e de la&hellip;","og_url":"https:\/\/www.comicbox.com\/index.php\/news\/16eme-fete-de-la-bd-a-andenne-belgique\/","article_published_time":"2009-08-25T12:03:10+00:00","article_modified_time":"2009-08-25T12:03:50+00:00","og_image":[{"url":"http:\/\/www.comicbox.com\/wp-content\/uploads\/2009\/08\/AndenneA.jpg","type":"","width":"","height":""}],"author":"Comic Box","twitter_card":"summary_large_image","twitter_misc":{"\u00c9crit par":"Comic Box","Dur\u00e9e de lecture estim\u00e9e":"2 minutes"},"schema":{"@context":"https:\/\/schema.org","@graph":[{"@type":"WebPage","@id":"https:\/\/www.comicbox.com\/index.php\/news\/16eme-fete-de-la-bd-a-andenne-belgique\/","url":"https:\/\/www.comicbox.com\/index.php\/news\/16eme-fete-de-la-bd-a-andenne-belgique\/","name":"16\u00e8me F\u00eate de la BD \u00e0 Andenne (Belgique) -","isPartOf":{"@id":"http:\/\/www.comicbox.com\/#website"},"primaryImageOfPage":{"@id":"https:\/\/www.comicbox.com\/index.php\/news\/16eme-fete-de-la-bd-a-andenne-belgique\/#primaryimage"},"image":{"@id":"https:\/\/www.comicbox.com\/index.php\/news\/16eme-fete-de-la-bd-a-andenne-belgique\/#primaryimage"},"thumbnailUrl":"http:\/\/www.comicbox.com\/wp-content\/uploads\/2009\/08\/AndenneA.jpg","datePublished":"2009-08-25T12:03:10+00:00","dateModified":"2009-08-25T12:03:50+00:00","author":{"@id":"http:\/\/www.comicbox.com\/#\/schema\/person\/05fbb62019791094900e823ca54991c7"},"breadcrumb":{"@id":"https:\/\/www.comicbox.com\/index.php\/news\/16eme-fete-de-la-bd-a-andenne-belgique\/#breadcrumb"},"inLanguage":"fr-FR","potentialAction":[{"@type":"ReadAction","target":["https:\/\/www.comicbox.com\/index.php\/news\/16eme-fete-de-la-bd-a-andenne-belgique\/"]}]},{"@type":"ImageObject","inLanguage":"fr-FR","@id":"https:\/\/www.comicbox.com\/index.php\/news\/16eme-fete-de-la-bd-a-andenne-belgique\/#primaryimage","url":"https:\/\/i0.wp.com\/www.comicbox.com\/wp-content\/uploads\/2009\/08\/AndenneA.jpg?fit=70%2C70&ssl=1","contentUrl":"https:\/\/i0.wp.com\/www.comicbox.com\/wp-content\/uploads\/2009\/08\/AndenneA.jpg?fit=70%2C70&ssl=1","width":"70","height":"70"},{"@type":"BreadcrumbList","@id":"https:\/\/www.comicbox.com\/index.php\/news\/16eme-fete-de-la-bd-a-andenne-belgique\/#breadcrumb","itemListElement":[{"@type":"ListItem","position":1,"name":"Accueil","item":"http:\/\/www.comicbox.com\/"},{"@type":"ListItem","position":2,"name":"16\u00e8me F\u00eate de la BD \u00e0 Andenne (Belgique)"}]},{"@type":"WebSite","@id":"http:\/\/www.comicbox.com\/#website","url":"http:\/\/www.comicbox.com\/","name":"","description":"le magazine des cultures comics","potentialAction":[{"@type":"SearchAction","target":{"@type":"EntryPoint","urlTemplate":"http:\/\/www.comicbox.com\/?s={search_term_string}"},"query-input":{"@type":"PropertyValueSpecification","valueRequired":true,"valueName":"search_term_string"}}],"inLanguage":"fr-FR"},{"@type":"Person","@id":"http:\/\/www.comicbox.com\/#\/schema\/person\/05fbb62019791094900e823ca54991c7","name":"Comic Box","image":{"@type":"ImageObject","inLanguage":"fr-FR","@id":"http:\/\/www.comicbox.com\/#\/schema\/person\/image\/","url":"https:\/\/secure.gravatar.com\/avatar\/0bfed4b32db324d748cf351a6c66d342cd868f37037bf83e9f4dd645f675e34f?s=96&d=mm&r=g","contentUrl":"https:\/\/secure.gravatar.com\/avatar\/0bfed4b32db324d748cf351a6c66d342cd868f37037bf83e9f4dd645f675e34f?s=96&d=mm&r=g","caption":"Comic Box"},"description":"Le magazine des cultures comics","sameAs":["http:\/\/www.comicbox.com"],"url":"https:\/\/www.comicbox.com\/index.php\/author\/admin\/"}]}},"jetpack_publicize_connections":[],"jetpack_featured_media_url":"","jetpack_sharing_enabled":true,"jetpack_shortlink":"https:\/\/wp.me\/pvyAi-4Ex","_links":{"self":[{"href":"https:\/\/www.comicbox.com\/index.php\/wp-json\/wp\/v2\/posts\/17889","targetHints":{"allow":["GET"]}}],"collection":[{"href":"https:\/\/www.comicbox.com\/index.php\/wp-json\/wp\/v2\/posts"}],"about":[{"href":"https:\/\/www.comicbox.com\/index.php\/wp-json\/wp\/v2\/types\/post"}],"author":[{"embeddable":true,"href":"https:\/\/www.comicbox.com\/index.php\/wp-json\/wp\/v2\/users\/1"}],"replies":[{"embeddable":true,"href":"https:\/\/www.comicbox.com\/index.php\/wp-json\/wp\/v2\/comments?post=17889"}],"version-history":[{"count":0,"href":"https:\/\/www.comicbox.com\/index.php\/wp-json\/wp\/v2\/posts\/17889\/revisions"}],"wp:attachment":[{"href":"https:\/\/www.comicbox.com\/index.php\/wp-json\/wp\/v2\/media?parent=17889"}],"wp:term":[{"taxonomy":"category","embeddable":true,"href":"https:\/\/www.comicbox.com\/index.php\/wp-json\/wp\/v2\/categories?post=17889"},{"taxonomy":"post_tag","embeddable":true,"href":"https:\/\/www.comicbox.com\/index.php\/wp-json\/wp\/v2\/tags?post=17889"}],"curies":[{"name":"wp","href":"https:\/\/api.w.org\/{rel}","templated":true}]}}