
{"id":12810,"date":"2009-01-19T07:55:31","date_gmt":"2009-01-19T06:55:31","guid":{"rendered":"http:\/\/www.comicbox.com\/?p=12810"},"modified":"2009-01-19T08:03:45","modified_gmt":"2009-01-19T07:03:45","slug":"avant-premiere-vo-review-uncanny-x-men-annual-2","status":"publish","type":"post","link":"https:\/\/www.comicbox.com\/index.php\/news\/avant-premiere-vo-review-uncanny-x-men-annual-2\/","title":{"rendered":"Avant-Premi\u00e8re VO : Review Uncanny X-Men Annual #2"},"content":{"rendered":"<p style=\"text-align: justify;\"><img data-recalc-dims=\"1\" loading=\"lazy\" decoding=\"async\" data-attachment-id=\"12811\" data-permalink=\"https:\/\/www.comicbox.com\/index.php\/news\/avant-premiere-vo-review-uncanny-x-men-annual-2\/attachment\/uncannya\/\" data-orig-file=\"https:\/\/i0.wp.com\/www.comicbox.com\/wp-content\/uploads\/2009\/01\/uncannya.jpg?fit=70%2C70&amp;ssl=1\" data-orig-size=\"70,70\" data-comments-opened=\"1\" data-image-meta=\"{&quot;aperture&quot;:&quot;0&quot;,&quot;credit&quot;:&quot;&quot;,&quot;camera&quot;:&quot;&quot;,&quot;caption&quot;:&quot;&quot;,&quot;created_timestamp&quot;:&quot;0&quot;,&quot;copyright&quot;:&quot;&quot;,&quot;focal_length&quot;:&quot;0&quot;,&quot;iso&quot;:&quot;0&quot;,&quot;shutter_speed&quot;:&quot;0&quot;,&quot;title&quot;:&quot;&quot;}\" data-image-title=\"Avant-Premi\u00e8re VO : Review Uncanny X-Men Annual #2\" data-image-description=\"\" data-image-caption=\"\" data-large-file=\"https:\/\/i0.wp.com\/www.comicbox.com\/wp-content\/uploads\/2009\/01\/uncannya.jpg?fit=70%2C70&amp;ssl=1\" class=\"alignleft size-full wp-image-12811\" style=\"margin-left: 4px; margin-right: 4px;\" title=\"Avant-Premi\u00e8re VO : Review Uncanny X-Men Annual #2\" src=\"https:\/\/i0.wp.com\/www.comicbox.com\/wp-content\/uploads\/2009\/01\/uncannya.jpg?resize=70%2C70\" alt=\"Avant-Premi\u00e8re VO : Review Uncanny X-Men Annual #2\" width=\"70\" height=\"70\" \/>[FRENCH] Plein feux sur Emma Frost! Une Emma seule, sans les limitations morales des X-Men et de son Cyclops ch\u00e9ri, revenant sur les lieux de ses anciens p\u00e9ch\u00e9s pour mieux y retrouver une ancienne flamme. Matt Fraction nous \u00e9duque sur<!--more-->\u00a0une p\u00e9riode de sa\u00a0vie qu&rsquo;on connait peu : Celle o\u00f9 m\u00eame les Uncanny X-Men ignoraient son existence. Et sur fond de pass\u00e9, d&rsquo;anciennes alliances reprennent de l&rsquo;actualit\u00e9. Mais pas forc\u00e9ment celles qu&rsquo;on pourrait envisager&#8230;<\/p>\n<p style=\"text-align: justify;\">Uncanny X-Men Annual #2 [Marvel]\nSc\u00e9nario de Matt Fraction<br \/>\nDessins de Mitch Breitweiser &amp; Daniel Acuna<br \/>\n<strong>Sortie am\u00e9ricaine le mercredi 21 janvier 2009<\/strong><\/p>\n<p style=\"text-align: justify;\"><img data-recalc-dims=\"1\" loading=\"lazy\" decoding=\"async\" data-attachment-id=\"12812\" data-permalink=\"https:\/\/www.comicbox.com\/index.php\/news\/avant-premiere-vo-review-uncanny-x-men-annual-2\/attachment\/uncannyb\/\" data-orig-file=\"https:\/\/i0.wp.com\/www.comicbox.com\/wp-content\/uploads\/2009\/01\/uncannyb.jpg?fit=350%2C531&amp;ssl=1\" data-orig-size=\"350,531\" data-comments-opened=\"1\" data-image-meta=\"{&quot;aperture&quot;:&quot;0&quot;,&quot;credit&quot;:&quot;&quot;,&quot;camera&quot;:&quot;&quot;,&quot;caption&quot;:&quot;&quot;,&quot;created_timestamp&quot;:&quot;0&quot;,&quot;copyright&quot;:&quot;&quot;,&quot;focal_length&quot;:&quot;0&quot;,&quot;iso&quot;:&quot;0&quot;,&quot;shutter_speed&quot;:&quot;0&quot;,&quot;title&quot;:&quot;&quot;}\" data-image-title=\"Uncanny X-Men Annual #2\" data-image-description=\"\" data-image-caption=\"\" data-large-file=\"https:\/\/i0.wp.com\/www.comicbox.com\/wp-content\/uploads\/2009\/01\/uncannyb.jpg?fit=350%2C531&amp;ssl=1\" class=\"alignright size-full wp-image-12812\" style=\"margin-left: 4px; margin-right: 4px; border: black 1px solid;\" title=\"Uncanny X-Men Annual #2\" src=\"https:\/\/i0.wp.com\/www.comicbox.com\/wp-content\/uploads\/2009\/01\/uncannyb.jpg?resize=350%2C531\" alt=\"Uncanny X-Men Annual #2\" width=\"350\" height=\"531\" srcset=\"https:\/\/i0.wp.com\/www.comicbox.com\/wp-content\/uploads\/2009\/01\/uncannyb.jpg?w=350&amp;ssl=1 350w, https:\/\/i0.wp.com\/www.comicbox.com\/wp-content\/uploads\/2009\/01\/uncannyb.jpg?resize=98%2C150&amp;ssl=1 98w\" sizes=\"auto, (max-width: 350px) 100vw, 350px\" \/>Il y a des semaines comme \u00e7a&#8230; C&rsquo;est la loi des s\u00e9ries. Parfois dans l&rsquo;arrivage quelques maigres titres occupent l&rsquo;espace mais l&rsquo;envie n&rsquo;y est pas. Et parfois, ouf, c&rsquo;est bien le contraire qui arrive et les sc\u00e9narios inspir\u00e9s se suivent&#8230; C&rsquo;est le cas cette semaine on dirait. Une mani\u00e8re de voir l&rsquo;affaire serait de dire que Dark Reign booste l&rsquo;imagination des auteurs mais en l&rsquo;occurrence, pour ce qui concerne plus particuli\u00e8rement Uncanny X-Men Annual #2, l&rsquo;explication me parait toute autre : Prenez Matt Fraction et demandez-lui de gratter dans le pass\u00e9 r\u00e9volu des personnages et il saura bien souvent vous ramener une p\u00e9pite. La preuve est faite avec cet annual qui explore les relations de la White Queen avec une autre t\u00eate pensante du \u00ab\u00a0Dark Reign\u00a0\u00bb. Entre r\u00e9v\u00e9lations et tranches de vie (la r\u00e9ception du Hellfire Club, c&rsquo;est quelque chose&#8230;), Fraction forge une relation que nous ignorions totalement mais ag\u00eet de mani\u00e8re \u00e0 la rendre \u00e0 la fois r\u00e9aliste et torride.<\/p>\n<p style=\"text-align: justify;\">Il y a bien une petite erreur chronologique (pas tr\u00e8s importante en fait) qui place Selene dans le Hellfire Club avant qu&rsquo;Emma Frost ait affront\u00e9 Phoenix pour la premi\u00e8re fois mais globalement le contenu de l&rsquo;\u00e9pisode est trop riche pour \u00eatre r\u00e9ellement handicap\u00e9 par cette peccadille. Franchement, m\u00eame en aimant bien que la continuit\u00e9 soit respect\u00e9e, ce petit \u00e9cueil n&rsquo;arrive pas \u00e0 g\u00e2cher une histoire qui connecte \u00e0 nouveau l&rsquo;univers des X-Men avec un tr\u00e8s ancien mutant. Et les termes du pacte valent le d\u00e9tour, promettant des retomb\u00e9es futures. On est un peu dans le m\u00eame registre que ce flashback de Deadly Genesis qui montrait Emma a ses d\u00e9buts dans le Club (en strip-teaseuse) tout en lui donnant des connexions jusque-l\u00e0 ignor\u00e9es. On est aussi un peu dans un cas \u00e0 la Illuminati&#8230; Mais l&rsquo;effet est surtout d\u00e9cupl\u00e9 par le fait que Fraction joue le va-et-vient entre deux \u00e9poques (dessin\u00e9es par Mitch Breitweiser &amp; Daniel Acuna), g\u00e9rant \u00e0 la fois les racines pass\u00e9es et les effets dans le pr\u00e9sent. Bref, Emma Frost en solo telle que sc\u00e9naris\u00e9e par Fraction se r\u00e9v\u00e8le un personnage encore plus impr\u00e9visible qu&rsquo;\u00e0 l&rsquo;accoutum\u00e9e&#8230; Jusqu\u2019\u00e0 la fin, on se demande ce qu\u2019elle va faire et quand elle le fait\u2026 On se dit qu\u2019il lui faudra forc\u00e9ment payer l\u2019addition un jour. Au point que plus qu&rsquo;un seul annuel, j&rsquo;en reprendrais bien tout une minis\u00e9rie White Queen sur le m\u00eame principe, \u00e0 la condition que Fraction soit \u00e0 la barre. D&rsquo;une mani\u00e8re g\u00e9n\u00e9rale, je suis aussi impatient de voir ce que l&rsquo;auteur va faire des suites de cette histoire, sans doute appel\u00e9es \u00e0 se r\u00e9percuter sur la s\u00e9rie Uncanny X-Men mensuelle&#8230;<\/p>\n<p style=\"text-align: justify;\">[<em>Xavier Fournier<\/em>]\n","protected":false},"excerpt":{"rendered":"<p>[FRENCH] Plein feux sur Emma Frost! Une Emma seule, sans les limitations morales des X-Men et de son Cyclops ch\u00e9ri,&hellip;<\/p>\n","protected":false},"author":1,"featured_media":0,"comment_status":"open","ping_status":"open","sticky":false,"template":"","format":"standard","meta":{"jetpack_post_was_ever_published":false,"_jetpack_newsletter_access":"","_jetpack_dont_email_post_to_subs":false,"_jetpack_newsletter_tier_id":0,"_jetpack_memberships_contains_paywalled_content":false,"_jetpack_memberships_contains_paid_content":false,"footnotes":"","jetpack_publicize_message":"","jetpack_publicize_feature_enabled":true,"jetpack_social_post_already_shared":false,"jetpack_social_options":{"image_generator_settings":{"template":"highway","default_image_id":0,"font":"","enabled":false},"version":2}},"categories":[3,1727,1],"tags":[21,1580,5142,27,639,76,5146],"class_list":["post-12810","post","type-post","status-publish","format-standard","hentry","category-articles","category-diapo","category-news","tag-comics","tag-dark-reign","tag-marvel","tag-marvel-comics","tag-matt-fraction","tag-mutants","tag-x-men"],"yoast_head":"<!-- This site is optimized with the Yoast SEO plugin v24.9 - https:\/\/yoast.com\/wordpress\/plugins\/seo\/ -->\n<title>Avant-Premi\u00e8re VO : Review Uncanny X-Men Annual #2 -<\/title>\n<meta name=\"robots\" content=\"index, follow, max-snippet:-1, max-image-preview:large, max-video-preview:-1\" \/>\n<link rel=\"canonical\" href=\"https:\/\/www.comicbox.com\/index.php\/news\/avant-premiere-vo-review-uncanny-x-men-annual-2\/\" \/>\n<meta property=\"og:locale\" content=\"fr_FR\" \/>\n<meta property=\"og:type\" content=\"article\" \/>\n<meta property=\"og:title\" content=\"Avant-Premi\u00e8re VO : Review Uncanny X-Men Annual #2 -\" \/>\n<meta property=\"og:description\" content=\"[FRENCH] Plein feux sur Emma Frost! Une Emma seule, sans les limitations morales des X-Men et de son Cyclops ch\u00e9ri,&hellip;\" \/>\n<meta property=\"og:url\" content=\"https:\/\/www.comicbox.com\/index.php\/news\/avant-premiere-vo-review-uncanny-x-men-annual-2\/\" \/>\n<meta property=\"article:published_time\" content=\"2009-01-19T06:55:31+00:00\" \/>\n<meta property=\"article:modified_time\" content=\"2009-01-19T07:03:45+00:00\" \/>\n<meta property=\"og:image\" content=\"http:\/\/www.comicbox.com\/wp-content\/uploads\/2009\/01\/uncannya.jpg\" \/>\n<meta name=\"author\" content=\"Comic Box\" \/>\n<meta name=\"twitter:card\" content=\"summary_large_image\" \/>\n<meta name=\"twitter:label1\" content=\"\u00c9crit par\" \/>\n\t<meta name=\"twitter:data1\" content=\"Comic Box\" \/>\n\t<meta name=\"twitter:label2\" content=\"Dur\u00e9e de lecture estim\u00e9e\" \/>\n\t<meta name=\"twitter:data2\" content=\"3 minutes\" \/>\n<script type=\"application\/ld+json\" class=\"yoast-schema-graph\">{\"@context\":\"https:\/\/schema.org\",\"@graph\":[{\"@type\":\"WebPage\",\"@id\":\"https:\/\/www.comicbox.com\/index.php\/news\/avant-premiere-vo-review-uncanny-x-men-annual-2\/\",\"url\":\"https:\/\/www.comicbox.com\/index.php\/news\/avant-premiere-vo-review-uncanny-x-men-annual-2\/\",\"name\":\"Avant-Premi\u00e8re VO : Review Uncanny X-Men Annual #2 -\",\"isPartOf\":{\"@id\":\"https:\/\/www.comicbox.com\/#website\"},\"primaryImageOfPage\":{\"@id\":\"https:\/\/www.comicbox.com\/index.php\/news\/avant-premiere-vo-review-uncanny-x-men-annual-2\/#primaryimage\"},\"image\":{\"@id\":\"https:\/\/www.comicbox.com\/index.php\/news\/avant-premiere-vo-review-uncanny-x-men-annual-2\/#primaryimage\"},\"thumbnailUrl\":\"http:\/\/www.comicbox.com\/wp-content\/uploads\/2009\/01\/uncannya.jpg\",\"datePublished\":\"2009-01-19T06:55:31+00:00\",\"dateModified\":\"2009-01-19T07:03:45+00:00\",\"author\":{\"@id\":\"https:\/\/www.comicbox.com\/#\/schema\/person\/05fbb62019791094900e823ca54991c7\"},\"breadcrumb\":{\"@id\":\"https:\/\/www.comicbox.com\/index.php\/news\/avant-premiere-vo-review-uncanny-x-men-annual-2\/#breadcrumb\"},\"inLanguage\":\"fr-FR\",\"potentialAction\":[{\"@type\":\"ReadAction\",\"target\":[\"https:\/\/www.comicbox.com\/index.php\/news\/avant-premiere-vo-review-uncanny-x-men-annual-2\/\"]}]},{\"@type\":\"ImageObject\",\"inLanguage\":\"fr-FR\",\"@id\":\"https:\/\/www.comicbox.com\/index.php\/news\/avant-premiere-vo-review-uncanny-x-men-annual-2\/#primaryimage\",\"url\":\"https:\/\/i0.wp.com\/www.comicbox.com\/wp-content\/uploads\/2009\/01\/uncannya.jpg?fit=70%2C70&ssl=1\",\"contentUrl\":\"https:\/\/i0.wp.com\/www.comicbox.com\/wp-content\/uploads\/2009\/01\/uncannya.jpg?fit=70%2C70&ssl=1\",\"width\":\"70\",\"height\":\"70\"},{\"@type\":\"BreadcrumbList\",\"@id\":\"https:\/\/www.comicbox.com\/index.php\/news\/avant-premiere-vo-review-uncanny-x-men-annual-2\/#breadcrumb\",\"itemListElement\":[{\"@type\":\"ListItem\",\"position\":1,\"name\":\"Accueil\",\"item\":\"https:\/\/www.comicbox.com\/\"},{\"@type\":\"ListItem\",\"position\":2,\"name\":\"Avant-Premi\u00e8re VO : Review Uncanny X-Men Annual #2\"}]},{\"@type\":\"WebSite\",\"@id\":\"https:\/\/www.comicbox.com\/#website\",\"url\":\"https:\/\/www.comicbox.com\/\",\"name\":\"\",\"description\":\"le magazine des cultures comics\",\"potentialAction\":[{\"@type\":\"SearchAction\",\"target\":{\"@type\":\"EntryPoint\",\"urlTemplate\":\"https:\/\/www.comicbox.com\/?s={search_term_string}\"},\"query-input\":{\"@type\":\"PropertyValueSpecification\",\"valueRequired\":true,\"valueName\":\"search_term_string\"}}],\"inLanguage\":\"fr-FR\"},{\"@type\":\"Person\",\"@id\":\"https:\/\/www.comicbox.com\/#\/schema\/person\/05fbb62019791094900e823ca54991c7\",\"name\":\"Comic Box\",\"image\":{\"@type\":\"ImageObject\",\"inLanguage\":\"fr-FR\",\"@id\":\"https:\/\/www.comicbox.com\/#\/schema\/person\/image\/\",\"url\":\"https:\/\/secure.gravatar.com\/avatar\/0bfed4b32db324d748cf351a6c66d342cd868f37037bf83e9f4dd645f675e34f?s=96&d=mm&r=g\",\"contentUrl\":\"https:\/\/secure.gravatar.com\/avatar\/0bfed4b32db324d748cf351a6c66d342cd868f37037bf83e9f4dd645f675e34f?s=96&d=mm&r=g\",\"caption\":\"Comic Box\"},\"description\":\"Le magazine des cultures comics\",\"sameAs\":[\"http:\/\/www.comicbox.com\"],\"url\":\"https:\/\/www.comicbox.com\/index.php\/author\/admin\/\"}]}<\/script>\n<!-- \/ Yoast SEO plugin. -->","yoast_head_json":{"title":"Avant-Premi\u00e8re VO : Review Uncanny X-Men Annual #2 -","robots":{"index":"index","follow":"follow","max-snippet":"max-snippet:-1","max-image-preview":"max-image-preview:large","max-video-preview":"max-video-preview:-1"},"canonical":"https:\/\/www.comicbox.com\/index.php\/news\/avant-premiere-vo-review-uncanny-x-men-annual-2\/","og_locale":"fr_FR","og_type":"article","og_title":"Avant-Premi\u00e8re VO : Review Uncanny X-Men Annual #2 -","og_description":"[FRENCH] Plein feux sur Emma Frost! Une Emma seule, sans les limitations morales des X-Men et de son Cyclops ch\u00e9ri,&hellip;","og_url":"https:\/\/www.comicbox.com\/index.php\/news\/avant-premiere-vo-review-uncanny-x-men-annual-2\/","article_published_time":"2009-01-19T06:55:31+00:00","article_modified_time":"2009-01-19T07:03:45+00:00","og_image":[{"url":"http:\/\/www.comicbox.com\/wp-content\/uploads\/2009\/01\/uncannya.jpg","type":"","width":"","height":""}],"author":"Comic Box","twitter_card":"summary_large_image","twitter_misc":{"\u00c9crit par":"Comic Box","Dur\u00e9e de lecture estim\u00e9e":"3 minutes"},"schema":{"@context":"https:\/\/schema.org","@graph":[{"@type":"WebPage","@id":"https:\/\/www.comicbox.com\/index.php\/news\/avant-premiere-vo-review-uncanny-x-men-annual-2\/","url":"https:\/\/www.comicbox.com\/index.php\/news\/avant-premiere-vo-review-uncanny-x-men-annual-2\/","name":"Avant-Premi\u00e8re VO : Review Uncanny X-Men Annual #2 -","isPartOf":{"@id":"https:\/\/www.comicbox.com\/#website"},"primaryImageOfPage":{"@id":"https:\/\/www.comicbox.com\/index.php\/news\/avant-premiere-vo-review-uncanny-x-men-annual-2\/#primaryimage"},"image":{"@id":"https:\/\/www.comicbox.com\/index.php\/news\/avant-premiere-vo-review-uncanny-x-men-annual-2\/#primaryimage"},"thumbnailUrl":"http:\/\/www.comicbox.com\/wp-content\/uploads\/2009\/01\/uncannya.jpg","datePublished":"2009-01-19T06:55:31+00:00","dateModified":"2009-01-19T07:03:45+00:00","author":{"@id":"https:\/\/www.comicbox.com\/#\/schema\/person\/05fbb62019791094900e823ca54991c7"},"breadcrumb":{"@id":"https:\/\/www.comicbox.com\/index.php\/news\/avant-premiere-vo-review-uncanny-x-men-annual-2\/#breadcrumb"},"inLanguage":"fr-FR","potentialAction":[{"@type":"ReadAction","target":["https:\/\/www.comicbox.com\/index.php\/news\/avant-premiere-vo-review-uncanny-x-men-annual-2\/"]}]},{"@type":"ImageObject","inLanguage":"fr-FR","@id":"https:\/\/www.comicbox.com\/index.php\/news\/avant-premiere-vo-review-uncanny-x-men-annual-2\/#primaryimage","url":"https:\/\/i0.wp.com\/www.comicbox.com\/wp-content\/uploads\/2009\/01\/uncannya.jpg?fit=70%2C70&ssl=1","contentUrl":"https:\/\/i0.wp.com\/www.comicbox.com\/wp-content\/uploads\/2009\/01\/uncannya.jpg?fit=70%2C70&ssl=1","width":"70","height":"70"},{"@type":"BreadcrumbList","@id":"https:\/\/www.comicbox.com\/index.php\/news\/avant-premiere-vo-review-uncanny-x-men-annual-2\/#breadcrumb","itemListElement":[{"@type":"ListItem","position":1,"name":"Accueil","item":"https:\/\/www.comicbox.com\/"},{"@type":"ListItem","position":2,"name":"Avant-Premi\u00e8re VO : Review Uncanny X-Men Annual #2"}]},{"@type":"WebSite","@id":"https:\/\/www.comicbox.com\/#website","url":"https:\/\/www.comicbox.com\/","name":"","description":"le magazine des cultures comics","potentialAction":[{"@type":"SearchAction","target":{"@type":"EntryPoint","urlTemplate":"https:\/\/www.comicbox.com\/?s={search_term_string}"},"query-input":{"@type":"PropertyValueSpecification","valueRequired":true,"valueName":"search_term_string"}}],"inLanguage":"fr-FR"},{"@type":"Person","@id":"https:\/\/www.comicbox.com\/#\/schema\/person\/05fbb62019791094900e823ca54991c7","name":"Comic Box","image":{"@type":"ImageObject","inLanguage":"fr-FR","@id":"https:\/\/www.comicbox.com\/#\/schema\/person\/image\/","url":"https:\/\/secure.gravatar.com\/avatar\/0bfed4b32db324d748cf351a6c66d342cd868f37037bf83e9f4dd645f675e34f?s=96&d=mm&r=g","contentUrl":"https:\/\/secure.gravatar.com\/avatar\/0bfed4b32db324d748cf351a6c66d342cd868f37037bf83e9f4dd645f675e34f?s=96&d=mm&r=g","caption":"Comic Box"},"description":"Le magazine des cultures comics","sameAs":["http:\/\/www.comicbox.com"],"url":"https:\/\/www.comicbox.com\/index.php\/author\/admin\/"}]}},"jetpack_publicize_connections":[],"jetpack_featured_media_url":"","jetpack_sharing_enabled":true,"jetpack_shortlink":"https:\/\/wp.me\/pvyAi-3kC","_links":{"self":[{"href":"https:\/\/www.comicbox.com\/index.php\/wp-json\/wp\/v2\/posts\/12810","targetHints":{"allow":["GET"]}}],"collection":[{"href":"https:\/\/www.comicbox.com\/index.php\/wp-json\/wp\/v2\/posts"}],"about":[{"href":"https:\/\/www.comicbox.com\/index.php\/wp-json\/wp\/v2\/types\/post"}],"author":[{"embeddable":true,"href":"https:\/\/www.comicbox.com\/index.php\/wp-json\/wp\/v2\/users\/1"}],"replies":[{"embeddable":true,"href":"https:\/\/www.comicbox.com\/index.php\/wp-json\/wp\/v2\/comments?post=12810"}],"version-history":[{"count":0,"href":"https:\/\/www.comicbox.com\/index.php\/wp-json\/wp\/v2\/posts\/12810\/revisions"}],"wp:attachment":[{"href":"https:\/\/www.comicbox.com\/index.php\/wp-json\/wp\/v2\/media?parent=12810"}],"wp:term":[{"taxonomy":"category","embeddable":true,"href":"https:\/\/www.comicbox.com\/index.php\/wp-json\/wp\/v2\/categories?post=12810"},{"taxonomy":"post_tag","embeddable":true,"href":"https:\/\/www.comicbox.com\/index.php\/wp-json\/wp\/v2\/tags?post=12810"}],"curies":[{"name":"wp","href":"https:\/\/api.w.org\/{rel}","templated":true}]}}