
{"id":93262,"date":"2025-07-22T18:03:00","date_gmt":"2025-07-22T16:03:00","guid":{"rendered":"https:\/\/www.comicbox.com\/?p=93262"},"modified":"2025-07-22T18:13:42","modified_gmt":"2025-07-22T16:13:42","slug":"93262","status":"publish","type":"post","link":"http:\/\/www.comicbox.com\/index.php\/articles\/93262\/","title":{"rendered":"Review : Les 4 Fantastiques : Premiers Pas"},"content":{"rendered":"<p class=\"p1\" style=\"text-align: justify;\"><span class=\"s1\">En salles ce mercredi, <i>Fantastic Four : Premiers Pas<\/i> marque le retour tant attendu des Quatre Fantastiques dans l\u2019univers cin\u00e9matographique Marvel, apr\u00e8s plusieurs tentatives plus ou moins heureuses au fil des d\u00e9cennies. R\u00e9alis\u00e9 par Matt Shakman, ce nouvel opus s\u2019inscrit dans une volont\u00e9 de relancer la premi\u00e8re famille de Marvel avec un souffle nouveau, un ton singulier et une esth\u00e9tique r\u00e9tro \u00e9tonnamment rafra\u00eechissante. Le pari est-il r\u00e9ussi ? Le MCU est-il sur la bonne voie pour retrouver le succ\u00e8s ?<\/span><!--more--><\/p>\n<p><span class=\"embed-youtube\" style=\"text-align:center; display: block;\"><iframe loading=\"lazy\" class=\"youtube-player\" width=\"1140\" height=\"642\" src=\"https:\/\/www.youtube.com\/embed\/UvbK3eiy1gY?version=3&#038;rel=1&#038;showsearch=0&#038;showinfo=1&#038;iv_load_policy=1&#038;fs=1&#038;hl=fr-FR&#038;autohide=2&#038;wmode=transparent\" allowfullscreen=\"true\" style=\"border:0;\" sandbox=\"allow-scripts allow-same-origin allow-popups allow-presentation allow-popups-to-escape-sandbox\"><\/iframe><\/span><\/p>\n<h2>CHALLENGEURS DE L&rsquo;INCONNU<\/h2>\n<p class=\"p1\" style=\"text-align: justify;\"><span class=\"s1\">Le r\u00e9cit de <i>Premiers Pas<\/i> retrace, comme son nom l\u2019indique, les d\u00e9buts des Quatre Fantastiques au sein du MCU. Mais plut\u00f4t que de miser sur un \u00e9ni\u00e8me r\u00e9cit des origines, Matt Shakman part sur une introduction du quatuor<em> in media res<\/em>, tout comme son coll\u00e8gue James Gunn avec <em>Superman<\/em>. Oui, on ne pourra s&#8217;emp\u00eacher de comparer les deux blockbusters tout au long de cette critique. Via une \u00e9mission t\u00e9l\u00e9vis\u00e9e, le public se voit pr\u00e9senter rapidement cette version des Quatre Fantastiques. Les grandes lignes restent intactes : une exp\u00e9dition scientifique qui tourne mal, des pouvoirs acquis dans la douleur, et la construction progressive d\u2019un esprit d\u2019\u00e9quipe. Les ann\u00e9es ont pass\u00e9 et les Fantastiques sont devenus des stars dans leur monde&#8230; qui a priori ne compte pas d&rsquo;autres h\u00e9ros. Rapidement, une nouvelle menace d\u00e9barque en la personne de Galactus et de son h\u00e9raut Shalla-Bal, alias le Silver Surfer. Pourront-ils \u00e9viter le pire, tout en g\u00e9rant l&rsquo;accouchement de Sue ?<\/span><\/p>\n<p><img data-recalc-dims=\"1\" loading=\"lazy\" decoding=\"async\" data-attachment-id=\"93265\" data-permalink=\"http:\/\/www.comicbox.com\/index.php\/articles\/93262\/attachment\/the-fantastic-four-first-steps\/\" data-orig-file=\"https:\/\/i0.wp.com\/www.comicbox.com\/wp-content\/uploads\/2025\/07\/BBL7000_TRL_comp_DDO_v0113.1255_R-scaled.jpg?fit=2560%2C1073\" data-orig-size=\"2560,1073\" data-comments-opened=\"1\" data-image-meta=\"{&quot;aperture&quot;:&quot;0&quot;,&quot;credit&quot;:&quot;MARVEL STUDIOS&quot;,&quot;camera&quot;:&quot;&quot;,&quot;caption&quot;:&quot;(L-R) H.E.R.B.I.E and Ebon Moss-Bachrach as Ben Grimm\/The Thing in 20th Century Studios\/Marvel Studios&#039; THE FANTASTIC FOUR: FIRST STEPS. Photo courtesy of 20th Century Studios\/Marvel Studios. \\u00a9 2025 20th Century Studios \/ \\u00a9 and \\u2122 2025 MARVEL.&quot;,&quot;created_timestamp&quot;:&quot;1737997524&quot;,&quot;copyright&quot;:&quot;\\u00a9 2025 20th Century Studios \/ \\u00a9 and \\u2122 2025 MARVEL.&quot;,&quot;focal_length&quot;:&quot;0&quot;,&quot;iso&quot;:&quot;0&quot;,&quot;shutter_speed&quot;:&quot;0&quot;,&quot;title&quot;:&quot;THE FANTASTIC FOUR: FIRST STEPS&quot;,&quot;orientation&quot;:&quot;1&quot;}\" data-image-title=\"THE FANTASTIC FOUR: FIRST STEPS\" data-image-description=\"\" data-image-caption=\"&lt;p&gt;(L-R) H.E.R.B.I.E and Ebon Moss-Bachrach as Ben Grimm\/The Thing in 20th Century Studios\/Marvel Studios&amp;rsquo; THE FANTASTIC FOUR: FIRST STEPS. Photo courtesy of 20th Century Studios\/Marvel Studios. \u00a9 2025 20th Century Studios \/ \u00a9 and \u2122 2025 MARVEL.&lt;\/p&gt;\n\" data-large-file=\"https:\/\/i0.wp.com\/www.comicbox.com\/wp-content\/uploads\/2025\/07\/BBL7000_TRL_comp_DDO_v0113.1255_R-scaled.jpg?fit=1024%2C429\" class=\"aligncenter wp-image-93265 size-large\" src=\"https:\/\/i0.wp.com\/www.comicbox.com\/wp-content\/uploads\/2025\/07\/BBL7000_TRL_comp_DDO_v0113.1255_R.jpg?resize=1024%2C429\" alt=\"\" width=\"1024\" height=\"429\" srcset=\"https:\/\/i0.wp.com\/www.comicbox.com\/wp-content\/uploads\/2025\/07\/BBL7000_TRL_comp_DDO_v0113.1255_R-scaled.jpg?resize=1024%2C429 1024w, https:\/\/i0.wp.com\/www.comicbox.com\/wp-content\/uploads\/2025\/07\/BBL7000_TRL_comp_DDO_v0113.1255_R-scaled.jpg?resize=150%2C63 150w, https:\/\/i0.wp.com\/www.comicbox.com\/wp-content\/uploads\/2025\/07\/BBL7000_TRL_comp_DDO_v0113.1255_R-scaled.jpg?resize=768%2C322 768w, https:\/\/i0.wp.com\/www.comicbox.com\/wp-content\/uploads\/2025\/07\/BBL7000_TRL_comp_DDO_v0113.1255_R-scaled.jpg?resize=1536%2C644 1536w, https:\/\/i0.wp.com\/www.comicbox.com\/wp-content\/uploads\/2025\/07\/BBL7000_TRL_comp_DDO_v0113.1255_R-scaled.jpg?resize=2048%2C858 2048w, https:\/\/i0.wp.com\/www.comicbox.com\/wp-content\/uploads\/2025\/07\/BBL7000_TRL_comp_DDO_v0113.1255_R-scaled.jpg?resize=1250%2C524 1250w, https:\/\/i0.wp.com\/www.comicbox.com\/wp-content\/uploads\/2025\/07\/BBL7000_TRL_comp_DDO_v0113.1255_R-scaled.jpg?resize=400%2C168 400w, https:\/\/i0.wp.com\/www.comicbox.com\/wp-content\/uploads\/2025\/07\/BBL7000_TRL_comp_DDO_v0113.1255_R-scaled.jpg?w=2280 2280w\" sizes=\"auto, (max-width: 1024px) 100vw, 1024px\" \/><\/p>\n<h2>INDESTRUCTIBLES R\u00c9TRO-FUTURISTES<\/h2>\n<p class=\"p1\" style=\"text-align: justify;\"><span class=\"s1\">L\u2019un des \u00e9l\u00e9ments les plus remarquables de <i>Fantastic Four : Premiers Pas<\/i> est son choix esth\u00e9tique audacieux : un retour aux ann\u00e9es 60, mais avec une touche futuriste qui \u00e9voque les r\u00eaves technologiques de cette \u00e9poque. Le film ne se contente pas d\u2019emprunter des \u00e9l\u00e9ments de d\u00e9cor ou de costume pour faire joli ; il adopte une v\u00e9ritable vision r\u00e9tro-futuriste qui irrigue chaque plan. Les d\u00e9cors, les gadgets, les interfaces, les v\u00e9hicules, jusqu\u2019aux tenues des h\u00e9ros, tout \u00e9voque une vision id\u00e9alis\u00e9e du futur vue depuis le pass\u00e9. C\u2019est une ambiance qui rappelle autant les premi\u00e8res pages des comics de Stan Lee et Jack Kirby que les s\u00e9ries de science-fiction de l\u2019\u00e2ge d\u2019or de la t\u00e9l\u00e9vision. Ce style donne au film une personnalit\u00e9 tr\u00e8s marqu\u00e9e, \u00e0 contre-courant des blockbusters modernes souvent noy\u00e9s dans des effets num\u00e9riques interchangeables. On pense aux films d&rsquo;animation <em>Les<\/em><i> Indestructibles<\/i> pour cette ambiance mi-r\u00e9tro, mi-pop, mais ici pouss\u00e9e avec un s\u00e9rieux et une \u00e9l\u00e9gance qui surprennent. Le film cr\u00e9e ainsi un monde \u00e0 la fois familier et \u00e9trange, o\u00f9 les lois de la physique semblent encore mall\u00e9ables, et o\u00f9 la science a gard\u00e9 un aspect na\u00eff, presque magique. Cette atmosph\u00e8re unique conf\u00e8re au film une v\u00e9ritable identit\u00e9 visuelle et narrative, qui le distingue nettement dans le paysage actuel du MCU.<\/span><\/p>\n<p><img data-recalc-dims=\"1\" loading=\"lazy\" decoding=\"async\" data-attachment-id=\"93266\" data-permalink=\"http:\/\/www.comicbox.com\/index.php\/articles\/93262\/attachment\/the-fantastic-four-first-steps-2\/\" data-orig-file=\"https:\/\/i0.wp.com\/www.comicbox.com\/wp-content\/uploads\/2025\/07\/BMN-11859_R-scaled.jpg?fit=2560%2C1707\" data-orig-size=\"2560,1707\" data-comments-opened=\"1\" data-image-meta=\"{&quot;aperture&quot;:&quot;3.5&quot;,&quot;credit&quot;:&quot;Jay Maidment&quot;,&quot;camera&quot;:&quot;NIKON Z 9&quot;,&quot;caption&quot;:&quot;Pedro Pascal as Reed Richards\/Mister Fantastic in 20th Century Studios\/Marvel Studios&#039; THE FANTASTIC FOUR: FIRST STEPS. Photo by Jay Maidment. \\u00a9 2025 20th Century Studios \/ \\u00a9 and \\u2122 2025 MARVEL.&quot;,&quot;created_timestamp&quot;:&quot;1726051518&quot;,&quot;copyright&quot;:&quot;\\u00a9 MARVEL 2025&quot;,&quot;focal_length&quot;:&quot;110&quot;,&quot;iso&quot;:&quot;3200&quot;,&quot;shutter_speed&quot;:&quot;0.00625&quot;,&quot;title&quot;:&quot;THE FANTASTIC FOUR: FIRST STEPS&quot;,&quot;orientation&quot;:&quot;1&quot;}\" data-image-title=\"FF2\" data-image-description=\"\" data-image-caption=\"\" data-large-file=\"https:\/\/i0.wp.com\/www.comicbox.com\/wp-content\/uploads\/2025\/07\/BMN-11859_R-scaled.jpg?fit=1024%2C683\" class=\"aligncenter size-large wp-image-93266\" src=\"https:\/\/i0.wp.com\/www.comicbox.com\/wp-content\/uploads\/2025\/07\/BMN-11859_R.jpg?resize=1024%2C683\" alt=\"\" width=\"1024\" height=\"683\" srcset=\"https:\/\/i0.wp.com\/www.comicbox.com\/wp-content\/uploads\/2025\/07\/BMN-11859_R-scaled.jpg?resize=1024%2C683 1024w, https:\/\/i0.wp.com\/www.comicbox.com\/wp-content\/uploads\/2025\/07\/BMN-11859_R-scaled.jpg?resize=150%2C100 150w, https:\/\/i0.wp.com\/www.comicbox.com\/wp-content\/uploads\/2025\/07\/BMN-11859_R-scaled.jpg?resize=768%2C512 768w, https:\/\/i0.wp.com\/www.comicbox.com\/wp-content\/uploads\/2025\/07\/BMN-11859_R-scaled.jpg?resize=1536%2C1024 1536w, https:\/\/i0.wp.com\/www.comicbox.com\/wp-content\/uploads\/2025\/07\/BMN-11859_R-scaled.jpg?resize=2048%2C1365 2048w, https:\/\/i0.wp.com\/www.comicbox.com\/wp-content\/uploads\/2025\/07\/BMN-11859_R-scaled.jpg?resize=1250%2C833 1250w, https:\/\/i0.wp.com\/www.comicbox.com\/wp-content\/uploads\/2025\/07\/BMN-11859_R-scaled.jpg?resize=400%2C267 400w, https:\/\/i0.wp.com\/www.comicbox.com\/wp-content\/uploads\/2025\/07\/BMN-11859_R-scaled.jpg?w=2280 2280w\" sizes=\"auto, (max-width: 1024px) 100vw, 1024px\" \/><\/p>\n<h2 class=\"p1\" style=\"text-align: justify;\"><span class=\"s1\">UNE FAMILLE FORMIDABLE<\/span><\/h2>\n<p class=\"p1\" style=\"text-align: justify;\"><span class=\"s1\">Il est impossible d\u2019\u00e9voquer <i>Fantastic Four : Premiers Pas<\/i> sans le comparer \u00e0 l\u2019autre grand \u00e9v\u00e9nement super-h\u00e9ro\u00efque annonc\u00e9 pour cette d\u00e9cennie : le <i>Superman<\/i> de James Gunn. L\u00e0 o\u00f9 Gunn promet un retour lumineux, optimiste et presque mythologique du h\u00e9ros kryptonien, <i>Fantastic Four<\/i> choisit un autre chemin : celui d\u2019une fable scientifique, d\u2019un r\u00e9cit de d\u00e9couverte et de responsabilit\u00e9 collective. Ce n\u2019est pas un film sur un individu hors-norme, mais sur une \u00e9quipe de marginaux li\u00e9s par le destin et la science. Tout comme Superman, les Quatre Fantastiques d\u00e9barquent en salles pour relancer leur franchise respectives. Et est \u00e9galement des super-h\u00e9ros qu&rsquo;on a vu dans pas moins de trois adaptations (quatre si on compte celle non sortie en salle en 1994 produit par Roger Corman). Matt Shakman arrive \u00e0 se diff\u00e9rencier des autres adaptations des FF. En effet, les deux Fantastiques de Tim Story (avec Jessica Alba et Chris Evans) \u00e9taient des\u00a0<em>origin stories<\/em>, pr\u00e9sentant les Fantastiques au grand public, en surfant sur des succ\u00e8s comme Spider-Man de Sam Raimi. Le film de 2015, r\u00e9alis par Josh Trank, adaptait la version Ultimate comics des h\u00e9ros, plus jeunes et plus sombres. Shakman et Kevin Feige (le boss du MCU, mais est-ce n\u00e9cessaire de le pr\u00e9senter ?) choisissent de tout miser sur l&rsquo;aspect \u00ab\u00a0premi\u00e8re famille de Marvel\u00a0\u00bb et en utilisant des h\u00e9ros d\u00e9j\u00e0 actifs depuis bien longtemps. En cela, le film est moins dans l\u2019affrontement que dans la construction, et c\u2019est une approche rare aujourd\u2019hui. Marvel joue ici une carte plus mesur\u00e9e, plus intime, qui pourrait \u00eatre une r\u00e9ponse aux critiques adress\u00e9es \u00e0 la formule \u00e9puis\u00e9e du \u00ab\u00a0tout est li\u00e9, tout est crise multiverselle\u00a0\u00bb. C\u2019est aussi une mani\u00e8re de rappeler que les Quatre Fantastiques ont toujours \u00e9t\u00e9 \u00e0 part dans l\u2019univers Marvel&#8230; m\u00eame si le message habituel : \u00ab\u00a0Les Fantastiques seront de retour\u00a0 dans <em>Avengers : Doomsday\u00a0\u00bb <\/em>nous explique qu&rsquo;ils rejoindront bient\u00f4t leurs compagnons Thor, Captain America et Robert Downey Jr pour un plus grand \u00e9v\u00e9nement. Les fans de la premi\u00e8re heure noteront les multiples clins d&rsquo;oeil aux comics des Fantastiques et \u00e0 leurs cr\u00e9ateurs.<\/span><\/p>\n<p><img data-recalc-dims=\"1\" loading=\"lazy\" decoding=\"async\" data-attachment-id=\"93267\" data-permalink=\"http:\/\/www.comicbox.com\/index.php\/articles\/93262\/attachment\/the-fantastic-four-first-steps-3\/\" data-orig-file=\"https:\/\/i0.wp.com\/www.comicbox.com\/wp-content\/uploads\/2025\/07\/BSU1100_comp_STE_v0003.1049_R-scaled.jpg?fit=2560%2C1073\" data-orig-size=\"2560,1073\" data-comments-opened=\"1\" data-image-meta=\"{&quot;aperture&quot;:&quot;0&quot;,&quot;credit&quot;:&quot;MARVEL STUDIOS&quot;,&quot;camera&quot;:&quot;&quot;,&quot;caption&quot;:&quot;(L-R) Pedro Pascal as Reed Richards\/Mister Fantastic, Ada Scott as Franklin Richards and Vanessa Kirby as Sue Storm\/Invisible Woman in 20thin 20th Century Studios\/Marvel Studios&#039; THE FANTASTIC FOUR: FIRST STEPS. Photo courtesy of Marvel Studios. \\u00a9 2025 20th Century Studios \/ \\u00a9 and \\u2122 2025 MARVEL&quot;,&quot;created_timestamp&quot;:&quot;0&quot;,&quot;copyright&quot;:&quot;\\u00a9 2025 20th Century Studios \/ \\u00a9 and \\u2122 2025 MARVEL&quot;,&quot;focal_length&quot;:&quot;0&quot;,&quot;iso&quot;:&quot;0&quot;,&quot;shutter_speed&quot;:&quot;0&quot;,&quot;title&quot;:&quot;THE FANTASTIC FOUR: FIRST STEPS&quot;,&quot;orientation&quot;:&quot;1&quot;}\" data-image-title=\"FF3\" data-image-description=\"\" data-image-caption=\"\" data-large-file=\"https:\/\/i0.wp.com\/www.comicbox.com\/wp-content\/uploads\/2025\/07\/BSU1100_comp_STE_v0003.1049_R-scaled.jpg?fit=1024%2C429\" class=\"aligncenter size-large wp-image-93267\" src=\"https:\/\/i0.wp.com\/www.comicbox.com\/wp-content\/uploads\/2025\/07\/BSU1100_comp_STE_v0003.1049_R.jpg?resize=1024%2C429\" alt=\"\" width=\"1024\" height=\"429\" srcset=\"https:\/\/i0.wp.com\/www.comicbox.com\/wp-content\/uploads\/2025\/07\/BSU1100_comp_STE_v0003.1049_R-scaled.jpg?resize=1024%2C429 1024w, https:\/\/i0.wp.com\/www.comicbox.com\/wp-content\/uploads\/2025\/07\/BSU1100_comp_STE_v0003.1049_R-scaled.jpg?resize=150%2C63 150w, https:\/\/i0.wp.com\/www.comicbox.com\/wp-content\/uploads\/2025\/07\/BSU1100_comp_STE_v0003.1049_R-scaled.jpg?resize=768%2C322 768w, https:\/\/i0.wp.com\/www.comicbox.com\/wp-content\/uploads\/2025\/07\/BSU1100_comp_STE_v0003.1049_R-scaled.jpg?resize=1536%2C644 1536w, https:\/\/i0.wp.com\/www.comicbox.com\/wp-content\/uploads\/2025\/07\/BSU1100_comp_STE_v0003.1049_R-scaled.jpg?resize=2048%2C858 2048w, https:\/\/i0.wp.com\/www.comicbox.com\/wp-content\/uploads\/2025\/07\/BSU1100_comp_STE_v0003.1049_R-scaled.jpg?resize=1250%2C524 1250w, https:\/\/i0.wp.com\/www.comicbox.com\/wp-content\/uploads\/2025\/07\/BSU1100_comp_STE_v0003.1049_R-scaled.jpg?resize=400%2C168 400w, https:\/\/i0.wp.com\/www.comicbox.com\/wp-content\/uploads\/2025\/07\/BSU1100_comp_STE_v0003.1049_R-scaled.jpg?w=2280 2280w\" sizes=\"auto, (max-width: 1024px) 100vw, 1024px\" \/><\/p>\n<h2>LOVE IS IN THE AIR<\/h2>\n<p class=\"p1\" style=\"text-align: justify;\"><span class=\"s1\">Un film de groupe repose avant tout sur la qualit\u00e9 de son casting, et sur ce point, <i>Premiers Pas<\/i> frappe fort. Pedro Pascal incarne un Reed Richards \u00e0 la fois c\u00e9r\u00e9bral, vuln\u00e9rable et myst\u00e9rieusement habit\u00e9. Il n\u2019est pas un leader autoritaire, mais un penseur, un homme constamment absorb\u00e9 par les questions qu\u2019il se pose, parfois au d\u00e9triment des gens qui l\u2019entourent. Souvent angoiss\u00e9, son interpr\u00e9tation de Reed se rapproche de sa propre personnalit\u00e9, l&rsquo;acteur souffrant souvent d&rsquo;anxi\u00e9t\u00e9 dans la vie r\u00e9elle. Vanessa Kirby, en Sue Storm, trouve un \u00e9quilibre parfait entre gr\u00e2ce, force int\u00e9rieure et lucidit\u00e9. Son personnage est sans doute le plus humain du quatuor, celui qui sert de boussole \u00e9motionnelle au r\u00e9cit. Tout comme dans les comics. Leur relation, faite de tension contenue et de respect mutuel, donne lieu \u00e0 certaines des plus belles sc\u00e8nes du film, souvent silencieuses, mais charg\u00e9es de sous-entendus. De leur c\u00f4t\u00e9, Joseph Quinn (Johnny Storm) et Ebon Moss-Bachrach (Ben Grimm) apportent l\u2019\u00e9nergie et l\u2019\u00e9motion brute n\u00e9cessaires \u00e0 compl\u00e9ter cette famille de fortune. Quinn incarne un Johnny flamboyant, jeune et impulsif, mais pas caricatural, tandis que Moss-Bachrach, bouleversant en Chose, apporte une dimension tragique qui rappelle les grands monstres m\u00e9lancoliques du cin\u00e9ma classique. L\u2019alchimie entre les quatre fonctionne \u00e0 merveille, et on sent que Marvel a mis\u00e9 sur des acteurs capables de cr\u00e9er une dynamique cr\u00e9dible, au-del\u00e0 des costumes et des effets visuels. Ce n\u2019est pas une addition de talents, mais une v\u00e9ritable \u00e9quipe \u00e0 l\u2019\u00e9cran.<\/span><\/p>\n<p><img data-recalc-dims=\"1\" loading=\"lazy\" decoding=\"async\" data-attachment-id=\"93268\" data-permalink=\"http:\/\/www.comicbox.com\/index.php\/articles\/93262\/attachment\/the-fantastic-four-first-steps-4\/\" data-orig-file=\"https:\/\/i0.wp.com\/www.comicbox.com\/wp-content\/uploads\/2025\/07\/TSN1960_comp_SPI_v1733.1148-scaled.jpg?fit=2560%2C1349\" data-orig-size=\"2560,1349\" data-comments-opened=\"1\" data-image-meta=\"{&quot;aperture&quot;:&quot;0&quot;,&quot;credit&quot;:&quot;20th Century Studios and Marvel&quot;,&quot;camera&quot;:&quot;&quot;,&quot;caption&quot;:&quot;Julia Garner as Shalla-Bal\/Silver Surfer in 20th Century Studios\/Marvel Studios&#039; THE FANTASTIC FOUR: FIRST STEPS. Photo courtesy of 20th Century Studios\/Marvel Studios. \\u00a9 2025 20th Century Studios \/ \\u00a9 and \\u2122 2025 MARVEL.&quot;,&quot;created_timestamp&quot;:&quot;1746128771&quot;,&quot;copyright&quot;:&quot;\\u00a9 2025 20th Century Studios \/ \\u00a9 and \\u2122 2025 MARVEL.&quot;,&quot;focal_length&quot;:&quot;0&quot;,&quot;iso&quot;:&quot;0&quot;,&quot;shutter_speed&quot;:&quot;0&quot;,&quot;title&quot;:&quot;THE FANTASTIC FOUR: FIRST STEPS&quot;,&quot;orientation&quot;:&quot;1&quot;}\" data-image-title=\"FF4\" data-image-description=\"\" data-image-caption=\"\" data-large-file=\"https:\/\/i0.wp.com\/www.comicbox.com\/wp-content\/uploads\/2025\/07\/TSN1960_comp_SPI_v1733.1148-scaled.jpg?fit=1024%2C540\" class=\"aligncenter size-large wp-image-93268\" src=\"https:\/\/i0.wp.com\/www.comicbox.com\/wp-content\/uploads\/2025\/07\/TSN1960_comp_SPI_v1733.1148.jpg?resize=1024%2C540\" alt=\"\" width=\"1024\" height=\"540\" srcset=\"https:\/\/i0.wp.com\/www.comicbox.com\/wp-content\/uploads\/2025\/07\/TSN1960_comp_SPI_v1733.1148-scaled.jpg?resize=1024%2C540 1024w, https:\/\/i0.wp.com\/www.comicbox.com\/wp-content\/uploads\/2025\/07\/TSN1960_comp_SPI_v1733.1148-scaled.jpg?resize=150%2C79 150w, https:\/\/i0.wp.com\/www.comicbox.com\/wp-content\/uploads\/2025\/07\/TSN1960_comp_SPI_v1733.1148-scaled.jpg?resize=768%2C405 768w, https:\/\/i0.wp.com\/www.comicbox.com\/wp-content\/uploads\/2025\/07\/TSN1960_comp_SPI_v1733.1148-scaled.jpg?resize=1536%2C809 1536w, https:\/\/i0.wp.com\/www.comicbox.com\/wp-content\/uploads\/2025\/07\/TSN1960_comp_SPI_v1733.1148-scaled.jpg?resize=2048%2C1079 2048w, https:\/\/i0.wp.com\/www.comicbox.com\/wp-content\/uploads\/2025\/07\/TSN1960_comp_SPI_v1733.1148-scaled.jpg?resize=1250%2C659 1250w, https:\/\/i0.wp.com\/www.comicbox.com\/wp-content\/uploads\/2025\/07\/TSN1960_comp_SPI_v1733.1148-scaled.jpg?resize=400%2C211 400w, https:\/\/i0.wp.com\/www.comicbox.com\/wp-content\/uploads\/2025\/07\/TSN1960_comp_SPI_v1733.1148-scaled.jpg?w=2280 2280w\" sizes=\"auto, (max-width: 1024px) 100vw, 1024px\" \/><\/p>\n<p class=\"p1\" style=\"text-align: justify;\"><span class=\"s1\"><i>Fantastic Four : Premiers Pas<\/i> est une excellente surprise, et peut-\u00eatre l\u2019un des projets Marvel les plus audacieux de ces derni\u00e8res ann\u00e9es. En refusant la surench\u00e8re imm\u00e9diate, en choisissant un rythme plus lent et une esth\u00e9tique atypique, le film prend le risque de d\u00e9sar\u00e7onner les amateurs d\u2019action non-stop. Il est vrai que le manque de rythme dans la seconde moiti\u00e9 pourra rebuter certains spectateurs. \u00c0 l&rsquo;inverse, le Superman de Gunn est plus rythm\u00e9, souffrant d&rsquo;aucun temps mort. Mais ce parti pris permet aussi de poser des bases solides, de cr\u00e9er une atmosph\u00e8re, de tisser des liens humains. Et une fois l\u2019action sur l&rsquo;\u00e9cran, le film ne d\u00e9\u00e7oit pas. C\u00f4t\u00e9 effets sp\u00e9ciaux, on en reste bouche-b\u00e9e, car peu de plans souffrent d&rsquo;un manque de soin de ce c\u00f4t\u00e9. Mention sp\u00e9ciale aux deux aliens de l&rsquo;aventure : le Silver Surfer et Galactus. Ce dernier semble sorti tout droit des comics, sans pour autant faire trop \u00ab\u00a0jeux vid\u00e9o\u00a0\u00bb comme \u00e7a peut \u00eatre le cas bien souvent pour ce genre de cr\u00e9ature. La bande son nous emporte \u00e9galement et Michael Giacchino signe une m\u00e9lodie tout aussi captivante que celle de son <em>Doctor Strange<\/em>.\u00a0<\/span><\/p>\n<p><img data-recalc-dims=\"1\" loading=\"lazy\" decoding=\"async\" data-attachment-id=\"93269\" data-permalink=\"http:\/\/www.comicbox.com\/index.php\/articles\/93262\/attachment\/the-fantastic-four-first-steps-5\/\" data-orig-file=\"https:\/\/i0.wp.com\/www.comicbox.com\/wp-content\/uploads\/2025\/07\/EAH4020_comp_WTA_v0336.1127_R-scaled.jpg?fit=2560%2C1073\" data-orig-size=\"2560,1073\" data-comments-opened=\"1\" data-image-meta=\"{&quot;aperture&quot;:&quot;0&quot;,&quot;credit&quot;:&quot;MARVEL STUDIOS&quot;,&quot;camera&quot;:&quot;&quot;,&quot;caption&quot;:&quot;Pedro Pascal as Reed Richards\/Mister Fantastic in 20th Century Studios\/Marvel Studios&#039; THE FANTASTIC FOUR: FIRST STEPS. Photo courtesy of Marvel Studios. \\u00a9 2025 20th Century Studios \/ \\u00a9 and \\u2122 2025 MARVEL&quot;,&quot;created_timestamp&quot;:&quot;0&quot;,&quot;copyright&quot;:&quot;\\u00a9 2025 20th Century Studios \/ \\u00a9 and \\u2122 2025 MARVEL&quot;,&quot;focal_length&quot;:&quot;0&quot;,&quot;iso&quot;:&quot;0&quot;,&quot;shutter_speed&quot;:&quot;0&quot;,&quot;title&quot;:&quot;THE FANTASTIC FOUR: FIRST STEPS&quot;,&quot;orientation&quot;:&quot;1&quot;}\" data-image-title=\"FF5\" data-image-description=\"\" data-image-caption=\"\" data-large-file=\"https:\/\/i0.wp.com\/www.comicbox.com\/wp-content\/uploads\/2025\/07\/EAH4020_comp_WTA_v0336.1127_R-scaled.jpg?fit=1024%2C429\" class=\"aligncenter size-large wp-image-93269\" src=\"https:\/\/i0.wp.com\/www.comicbox.com\/wp-content\/uploads\/2025\/07\/EAH4020_comp_WTA_v0336.1127_R.jpg?resize=1024%2C429\" alt=\"\" width=\"1024\" height=\"429\" srcset=\"https:\/\/i0.wp.com\/www.comicbox.com\/wp-content\/uploads\/2025\/07\/EAH4020_comp_WTA_v0336.1127_R-scaled.jpg?resize=1024%2C429 1024w, https:\/\/i0.wp.com\/www.comicbox.com\/wp-content\/uploads\/2025\/07\/EAH4020_comp_WTA_v0336.1127_R-scaled.jpg?resize=150%2C63 150w, https:\/\/i0.wp.com\/www.comicbox.com\/wp-content\/uploads\/2025\/07\/EAH4020_comp_WTA_v0336.1127_R-scaled.jpg?resize=768%2C322 768w, https:\/\/i0.wp.com\/www.comicbox.com\/wp-content\/uploads\/2025\/07\/EAH4020_comp_WTA_v0336.1127_R-scaled.jpg?resize=1536%2C644 1536w, https:\/\/i0.wp.com\/www.comicbox.com\/wp-content\/uploads\/2025\/07\/EAH4020_comp_WTA_v0336.1127_R-scaled.jpg?resize=2048%2C858 2048w, https:\/\/i0.wp.com\/www.comicbox.com\/wp-content\/uploads\/2025\/07\/EAH4020_comp_WTA_v0336.1127_R-scaled.jpg?resize=1250%2C524 1250w, https:\/\/i0.wp.com\/www.comicbox.com\/wp-content\/uploads\/2025\/07\/EAH4020_comp_WTA_v0336.1127_R-scaled.jpg?resize=400%2C168 400w, https:\/\/i0.wp.com\/www.comicbox.com\/wp-content\/uploads\/2025\/07\/EAH4020_comp_WTA_v0336.1127_R-scaled.jpg?w=2280 2280w\" sizes=\"auto, (max-width: 1024px) 100vw, 1024px\" \/><\/p>\n<p class=\"p1\" style=\"text-align: justify;\"><span class=\"s1\"><em>Fantastic Four : Premiers Pas<\/em> est une \u0153uvre imparfaite, mais profond\u00e9ment sinc\u00e8re \u2014 un premier pas, justement, vers quelque chose de plus grand. Et bien s\u00fbr, on ne saura que vous conseiller de rester jusqu&rsquo;\u00e0 la fin. C&rsquo;est un film Marvel, apr\u00e8s tout.<\/span><\/p>\n[Pierre Bisson]\n\n<p class=\"p1\" style=\"text-align: justify;\"><span class=\"s1\"> <em><strong>Fantastic Four : Premiers Pa<\/strong>s<\/em> &#8211; R\u00e9alis\u00e9 par Matt Shakma &#8211; Avec Pedro Pascal, Vanessa Kirby, Joseph Quinn, Ebon Moss-Bachrach, Julia Garner et Raplh Ineson &#8211; En salle le 23 juillet 2025.<\/span><\/p>\n\n<p>Cr\u00e9dits photos : Disney \/ Marvel Studios<\/p>\n","protected":false},"excerpt":{"rendered":"<p>En salles ce mercredi, Fantastic Four : Premiers Pas marque le retour tant attendu des Quatre Fantastiques dans l\u2019univers cin\u00e9matographique&hellip;<\/p>\n","protected":false},"author":2,"featured_media":93270,"comment_status":"open","ping_status":"open","sticky":false,"template":"","format":"standard","meta":{"jetpack_post_was_ever_published":false,"_jetpack_newsletter_access":"","_jetpack_dont_email_post_to_subs":false,"_jetpack_newsletter_tier_id":0,"_jetpack_memberships_contains_paywalled_content":false,"_jetpack_memberships_contains_paid_content":false,"footnotes":"","jetpack_publicize_message":"","jetpack_publicize_feature_enabled":true,"jetpack_social_post_already_shared":true,"jetpack_social_options":{"image_generator_settings":{"template":"highway","default_image_id":0,"font":"","enabled":false},"version":2}},"categories":[3,1727,1,5378],"tags":[6846,28,6841,6845,6847,5108,437,6843,6459,6842,6844],"class_list":["post-93262","post","type-post","status-publish","format-standard","has-post-thumbnail","hentry","category-articles","category-diapo","category-news","category-review-cinema","tag-ebon-moss-bachrach","tag-fantastic-four","tag-first-steps","tag-joseph-quinn","tag-julia-garner","tag-kevin-feige","tag-marvel-studios","tag-matt-shakman","tag-pedro-pascal","tag-premiers-pas","tag-vanessa-kirby"],"yoast_head":"<!-- This site is optimized with the Yoast SEO plugin v24.9 - https:\/\/yoast.com\/wordpress\/plugins\/seo\/ -->\n<title>Review : Les 4 Fantastiques : Premiers Pas -<\/title>\n<meta name=\"robots\" content=\"index, follow, max-snippet:-1, max-image-preview:large, max-video-preview:-1\" \/>\n<link rel=\"canonical\" href=\"https:\/\/www.comicbox.com\/index.php\/articles\/93262\/\" \/>\n<meta property=\"og:locale\" content=\"fr_FR\" \/>\n<meta property=\"og:type\" content=\"article\" \/>\n<meta property=\"og:title\" content=\"Review : Les 4 Fantastiques : Premiers Pas -\" \/>\n<meta property=\"og:description\" content=\"En salles ce mercredi, Fantastic Four : Premiers Pas marque le retour tant attendu des Quatre Fantastiques dans l\u2019univers cin\u00e9matographique&hellip;\" \/>\n<meta property=\"og:url\" content=\"https:\/\/www.comicbox.com\/index.php\/articles\/93262\/\" \/>\n<meta property=\"article:author\" content=\"https:\/\/www.facebook.com\/pierre.bisson?fref=ts\" \/>\n<meta property=\"article:published_time\" content=\"2025-07-22T16:03:00+00:00\" \/>\n<meta property=\"article:modified_time\" content=\"2025-07-22T16:13:42+00:00\" \/>\n<meta property=\"og:image\" content=\"https:\/\/i0.wp.com\/www.comicbox.com\/wp-content\/uploads\/2025\/07\/FF_frise.jpg?fit=728%2C304&ssl=1\" \/>\n\t<meta property=\"og:image:width\" content=\"728\" \/>\n\t<meta property=\"og:image:height\" content=\"304\" \/>\n\t<meta property=\"og:image:type\" content=\"image\/jpeg\" \/>\n<meta name=\"author\" content=\"Pierre Bisson\" \/>\n<meta name=\"twitter:card\" content=\"summary_large_image\" \/>\n<meta name=\"twitter:creator\" content=\"@https:\/\/twitter.com\/pierobisson\" \/>\n<meta name=\"twitter:label1\" content=\"\u00c9crit par\" \/>\n\t<meta name=\"twitter:data1\" content=\"Pierre Bisson\" \/>\n\t<meta name=\"twitter:label2\" content=\"Dur\u00e9e de lecture estim\u00e9e\" \/>\n\t<meta name=\"twitter:data2\" content=\"8 minutes\" \/>\n<script type=\"application\/ld+json\" class=\"yoast-schema-graph\">{\"@context\":\"https:\/\/schema.org\",\"@graph\":[{\"@type\":\"WebPage\",\"@id\":\"https:\/\/www.comicbox.com\/index.php\/articles\/93262\/\",\"url\":\"https:\/\/www.comicbox.com\/index.php\/articles\/93262\/\",\"name\":\"Review : Les 4 Fantastiques : Premiers Pas -\",\"isPartOf\":{\"@id\":\"https:\/\/www.comicbox.com\/#website\"},\"primaryImageOfPage\":{\"@id\":\"https:\/\/www.comicbox.com\/index.php\/articles\/93262\/#primaryimage\"},\"image\":{\"@id\":\"https:\/\/www.comicbox.com\/index.php\/articles\/93262\/#primaryimage\"},\"thumbnailUrl\":\"https:\/\/i0.wp.com\/www.comicbox.com\/wp-content\/uploads\/2025\/07\/FF_frise.jpg?fit=728%2C304\",\"datePublished\":\"2025-07-22T16:03:00+00:00\",\"dateModified\":\"2025-07-22T16:13:42+00:00\",\"author\":{\"@id\":\"https:\/\/www.comicbox.com\/#\/schema\/person\/e90168f9b9b6a5f3c6e25828ca5d1ac2\"},\"breadcrumb\":{\"@id\":\"https:\/\/www.comicbox.com\/index.php\/articles\/93262\/#breadcrumb\"},\"inLanguage\":\"fr-FR\",\"potentialAction\":[{\"@type\":\"ReadAction\",\"target\":[\"https:\/\/www.comicbox.com\/index.php\/articles\/93262\/\"]}]},{\"@type\":\"ImageObject\",\"inLanguage\":\"fr-FR\",\"@id\":\"https:\/\/www.comicbox.com\/index.php\/articles\/93262\/#primaryimage\",\"url\":\"https:\/\/i0.wp.com\/www.comicbox.com\/wp-content\/uploads\/2025\/07\/FF_frise.jpg?fit=728%2C304\",\"contentUrl\":\"https:\/\/i0.wp.com\/www.comicbox.com\/wp-content\/uploads\/2025\/07\/FF_frise.jpg?fit=728%2C304\",\"width\":728,\"height\":304},{\"@type\":\"BreadcrumbList\",\"@id\":\"https:\/\/www.comicbox.com\/index.php\/articles\/93262\/#breadcrumb\",\"itemListElement\":[{\"@type\":\"ListItem\",\"position\":1,\"name\":\"Accueil\",\"item\":\"https:\/\/www.comicbox.com\/\"},{\"@type\":\"ListItem\",\"position\":2,\"name\":\"Review : Les 4 Fantastiques : Premiers Pas\"}]},{\"@type\":\"WebSite\",\"@id\":\"https:\/\/www.comicbox.com\/#website\",\"url\":\"https:\/\/www.comicbox.com\/\",\"name\":\"\",\"description\":\"le magazine des cultures comics\",\"potentialAction\":[{\"@type\":\"SearchAction\",\"target\":{\"@type\":\"EntryPoint\",\"urlTemplate\":\"https:\/\/www.comicbox.com\/?s={search_term_string}\"},\"query-input\":{\"@type\":\"PropertyValueSpecification\",\"valueRequired\":true,\"valueName\":\"search_term_string\"}}],\"inLanguage\":\"fr-FR\"},{\"@type\":\"Person\",\"@id\":\"https:\/\/www.comicbox.com\/#\/schema\/person\/e90168f9b9b6a5f3c6e25828ca5d1ac2\",\"name\":\"Pierre Bisson\",\"image\":{\"@type\":\"ImageObject\",\"inLanguage\":\"fr-FR\",\"@id\":\"https:\/\/www.comicbox.com\/#\/schema\/person\/image\/\",\"url\":\"https:\/\/secure.gravatar.com\/avatar\/f7fb6fb38f5e6ccf5f1697bc6273d4d5853c08bb716456166ea903f2055c4580?s=96&d=mm&r=g\",\"contentUrl\":\"https:\/\/secure.gravatar.com\/avatar\/f7fb6fb38f5e6ccf5f1697bc6273d4d5853c08bb716456166ea903f2055c4580?s=96&d=mm&r=g\",\"caption\":\"Pierre Bisson\"},\"description\":\"Pierre Bisson en plus d'\u00eatre l'un des r\u00e9dacteurs du site comicbox.com est aussi traducteur, lettreur et maquettiste.\",\"sameAs\":[\"https:\/\/www.facebook.com\/pierre.bisson?fref=ts\",\"https:\/\/x.com\/https:\/\/twitter.com\/pierobisson\"],\"url\":\"http:\/\/www.comicbox.com\/index.php\/author\/piero\/\"}]}<\/script>\n<!-- \/ Yoast SEO plugin. -->","yoast_head_json":{"title":"Review : Les 4 Fantastiques : Premiers Pas -","robots":{"index":"index","follow":"follow","max-snippet":"max-snippet:-1","max-image-preview":"max-image-preview:large","max-video-preview":"max-video-preview:-1"},"canonical":"https:\/\/www.comicbox.com\/index.php\/articles\/93262\/","og_locale":"fr_FR","og_type":"article","og_title":"Review : Les 4 Fantastiques : Premiers Pas -","og_description":"En salles ce mercredi, Fantastic Four : Premiers Pas marque le retour tant attendu des Quatre Fantastiques dans l\u2019univers cin\u00e9matographique&hellip;","og_url":"https:\/\/www.comicbox.com\/index.php\/articles\/93262\/","article_author":"https:\/\/www.facebook.com\/pierre.bisson?fref=ts","article_published_time":"2025-07-22T16:03:00+00:00","article_modified_time":"2025-07-22T16:13:42+00:00","og_image":[{"width":728,"height":304,"url":"https:\/\/i0.wp.com\/www.comicbox.com\/wp-content\/uploads\/2025\/07\/FF_frise.jpg?fit=728%2C304&ssl=1","type":"image\/jpeg"}],"author":"Pierre Bisson","twitter_card":"summary_large_image","twitter_creator":"@https:\/\/twitter.com\/pierobisson","twitter_misc":{"\u00c9crit par":"Pierre Bisson","Dur\u00e9e de lecture estim\u00e9e":"8 minutes"},"schema":{"@context":"https:\/\/schema.org","@graph":[{"@type":"WebPage","@id":"https:\/\/www.comicbox.com\/index.php\/articles\/93262\/","url":"https:\/\/www.comicbox.com\/index.php\/articles\/93262\/","name":"Review : Les 4 Fantastiques : Premiers Pas -","isPartOf":{"@id":"https:\/\/www.comicbox.com\/#website"},"primaryImageOfPage":{"@id":"https:\/\/www.comicbox.com\/index.php\/articles\/93262\/#primaryimage"},"image":{"@id":"https:\/\/www.comicbox.com\/index.php\/articles\/93262\/#primaryimage"},"thumbnailUrl":"https:\/\/i0.wp.com\/www.comicbox.com\/wp-content\/uploads\/2025\/07\/FF_frise.jpg?fit=728%2C304","datePublished":"2025-07-22T16:03:00+00:00","dateModified":"2025-07-22T16:13:42+00:00","author":{"@id":"https:\/\/www.comicbox.com\/#\/schema\/person\/e90168f9b9b6a5f3c6e25828ca5d1ac2"},"breadcrumb":{"@id":"https:\/\/www.comicbox.com\/index.php\/articles\/93262\/#breadcrumb"},"inLanguage":"fr-FR","potentialAction":[{"@type":"ReadAction","target":["https:\/\/www.comicbox.com\/index.php\/articles\/93262\/"]}]},{"@type":"ImageObject","inLanguage":"fr-FR","@id":"https:\/\/www.comicbox.com\/index.php\/articles\/93262\/#primaryimage","url":"https:\/\/i0.wp.com\/www.comicbox.com\/wp-content\/uploads\/2025\/07\/FF_frise.jpg?fit=728%2C304","contentUrl":"https:\/\/i0.wp.com\/www.comicbox.com\/wp-content\/uploads\/2025\/07\/FF_frise.jpg?fit=728%2C304","width":728,"height":304},{"@type":"BreadcrumbList","@id":"https:\/\/www.comicbox.com\/index.php\/articles\/93262\/#breadcrumb","itemListElement":[{"@type":"ListItem","position":1,"name":"Accueil","item":"https:\/\/www.comicbox.com\/"},{"@type":"ListItem","position":2,"name":"Review : Les 4 Fantastiques : Premiers Pas"}]},{"@type":"WebSite","@id":"https:\/\/www.comicbox.com\/#website","url":"https:\/\/www.comicbox.com\/","name":"","description":"le magazine des cultures comics","potentialAction":[{"@type":"SearchAction","target":{"@type":"EntryPoint","urlTemplate":"https:\/\/www.comicbox.com\/?s={search_term_string}"},"query-input":{"@type":"PropertyValueSpecification","valueRequired":true,"valueName":"search_term_string"}}],"inLanguage":"fr-FR"},{"@type":"Person","@id":"https:\/\/www.comicbox.com\/#\/schema\/person\/e90168f9b9b6a5f3c6e25828ca5d1ac2","name":"Pierre Bisson","image":{"@type":"ImageObject","inLanguage":"fr-FR","@id":"https:\/\/www.comicbox.com\/#\/schema\/person\/image\/","url":"https:\/\/secure.gravatar.com\/avatar\/f7fb6fb38f5e6ccf5f1697bc6273d4d5853c08bb716456166ea903f2055c4580?s=96&d=mm&r=g","contentUrl":"https:\/\/secure.gravatar.com\/avatar\/f7fb6fb38f5e6ccf5f1697bc6273d4d5853c08bb716456166ea903f2055c4580?s=96&d=mm&r=g","caption":"Pierre Bisson"},"description":"Pierre Bisson en plus d'\u00eatre l'un des r\u00e9dacteurs du site comicbox.com est aussi traducteur, lettreur et maquettiste.","sameAs":["https:\/\/www.facebook.com\/pierre.bisson?fref=ts","https:\/\/x.com\/https:\/\/twitter.com\/pierobisson"],"url":"http:\/\/www.comicbox.com\/index.php\/author\/piero\/"}]}},"jetpack_publicize_connections":[],"jetpack_featured_media_url":"https:\/\/i0.wp.com\/www.comicbox.com\/wp-content\/uploads\/2025\/07\/FF_frise.jpg?fit=728%2C304","jetpack_sharing_enabled":true,"jetpack_shortlink":"https:\/\/wp.me\/svyAi-93262","_links":{"self":[{"href":"http:\/\/www.comicbox.com\/index.php\/wp-json\/wp\/v2\/posts\/93262","targetHints":{"allow":["GET"]}}],"collection":[{"href":"http:\/\/www.comicbox.com\/index.php\/wp-json\/wp\/v2\/posts"}],"about":[{"href":"http:\/\/www.comicbox.com\/index.php\/wp-json\/wp\/v2\/types\/post"}],"author":[{"embeddable":true,"href":"http:\/\/www.comicbox.com\/index.php\/wp-json\/wp\/v2\/users\/2"}],"replies":[{"embeddable":true,"href":"http:\/\/www.comicbox.com\/index.php\/wp-json\/wp\/v2\/comments?post=93262"}],"version-history":[{"count":8,"href":"http:\/\/www.comicbox.com\/index.php\/wp-json\/wp\/v2\/posts\/93262\/revisions"}],"predecessor-version":[{"id":93278,"href":"http:\/\/www.comicbox.com\/index.php\/wp-json\/wp\/v2\/posts\/93262\/revisions\/93278"}],"wp:featuredmedia":[{"embeddable":true,"href":"http:\/\/www.comicbox.com\/index.php\/wp-json\/wp\/v2\/media\/93270"}],"wp:attachment":[{"href":"http:\/\/www.comicbox.com\/index.php\/wp-json\/wp\/v2\/media?parent=93262"}],"wp:term":[{"taxonomy":"category","embeddable":true,"href":"http:\/\/www.comicbox.com\/index.php\/wp-json\/wp\/v2\/categories?post=93262"},{"taxonomy":"post_tag","embeddable":true,"href":"http:\/\/www.comicbox.com\/index.php\/wp-json\/wp\/v2\/tags?post=93262"}],"curies":[{"name":"wp","href":"https:\/\/api.w.org\/{rel}","templated":true}]}}