
{"id":81222,"date":"2020-08-08T10:00:35","date_gmt":"2020-08-08T08:00:35","guid":{"rendered":"http:\/\/www.comicbox.com\/?p=81222"},"modified":"2020-08-09T15:43:24","modified_gmt":"2020-08-09T13:43:24","slug":"doom-patrol-s02e09","status":"publish","type":"post","link":"http:\/\/www.comicbox.com\/index.php\/articles\/doom-patrol-s02e09\/","title":{"rendered":"Doom Patrol S02E09"},"content":{"rendered":"<p style=\"text-align: justify;\">La saison 2 de Doom Patrol s&rsquo;achevait cette semaine de mani\u00e8re forc\u00e9ment un peu abrupte (amput\u00e9e d&rsquo;un dixi\u00e8me \u00e9pisode pour cause de COVID), laissant les \u00ab\u00a0disciples\u00a0\u00bb du Chief dans une bien f\u00e2cheuse posture. Mais terminer<!--more--> la saison sur ce suspens \u00ab\u00a0ouvert\u00a0\u00bb donne \u00e0 l&rsquo;ensemble un petit quelque chose de l&rsquo;Empire Contre-Attaque (ou d&rsquo;Infinity War si vous tenez \u00e0 rester dans le registre super-h\u00e9ro\u00efque).<\/p>\n<p><span class=\"embed-youtube\" style=\"text-align:center; display: block;\"><iframe loading=\"lazy\" class=\"youtube-player\" width=\"1140\" height=\"642\" src=\"https:\/\/www.youtube.com\/embed\/Vu2o3G4JtjI?version=3&#038;rel=1&#038;showsearch=0&#038;showinfo=1&#038;iv_load_policy=1&#038;fs=1&#038;hl=fr-FR&#038;autohide=2&#038;wmode=transparent\" allowfullscreen=\"true\" style=\"border:0;\" sandbox=\"allow-scripts allow-same-origin allow-popups allow-presentation allow-popups-to-escape-sandbox\"><\/iframe><\/span><\/p>\n<h2 style=\"text-align: center;\">\u00ab\u00a0What the fuck?\u00a0\u00bb<\/h2>\n<p style=\"text-align: justify;\">A quelques heures du mariage de la fille de Cliff, la Doom Patrol est soudainement inform\u00e9e du danger que le Candlemaker repr\u00e9sente pour l&rsquo;univers tout entier. Le groupe doit se pr\u00e9cipiter dans un parc d&rsquo;attraction en esp\u00e9rant pr\u00eater main forte au Chief et \u00e0 Dorothy. Mais le Candlemaker a quelques \u00e9missaires d\u00e9sopilants, qui connaissent bien les h\u00e9ros. En l&rsquo;espace de quelques instants l&rsquo;\u00e9quipe va \u00eatre lamin\u00e9e. Quid du destin de Dorothy et par extension du reste de l&rsquo;univers&#8230; Voil\u00e0, d\u00e9j\u00e0, la fin de la deuxi\u00e8me saison de Doom Patrol, officiellement raccourcie par la pand\u00e9mie. Officieusement c&rsquo;est autre chose car si la COVID19 est assur\u00e9ment responsable de la disparition d&rsquo;un dixi\u00e8me \u00e9pisode interrompu pour cause de confinement, il faut aussi voir qu&rsquo;entre le lancement initial de DC Universe et maintenant, Warner\/DC a chang\u00e9 de propri\u00e9taire et la m\u00eame logique comptable qui a provoqu\u00e9 la disparition de Swamp Thing voit aussi Doom Patrol passer d&rsquo;une premi\u00e8re saison d&rsquo;une quinzaine d&rsquo;\u00e9pisodes \u00e0 une deuxi\u00e8me qui, elle, n&rsquo;en pr\u00e9voyait que dix. Clairement, ne pas avoir ce dixi\u00e8me chapitre (qui se r\u00e9incarnera \u00e0 priori en d\u00e9but d&rsquo;une troisi\u00e8me saison) n&rsquo;aide pas vraiment la production. Mais il faut dire cependant qu&rsquo;elle arrive \u00e0 retomber sur ses pattes, b\u00e9n\u00e9ficiant pour cela des caract\u00e9ristiques propres \u00e0 la s\u00e9rie.<\/p>\n<p><img data-recalc-dims=\"1\" loading=\"lazy\" decoding=\"async\" data-attachment-id=\"81223\" data-permalink=\"http:\/\/www.comicbox.com\/index.php\/articles\/doom-patrol-s02e09\/attachment\/doom02-2\/\" data-orig-file=\"https:\/\/i0.wp.com\/www.comicbox.com\/wp-content\/uploads\/2020\/08\/Doom02.jpg?fit=800%2C416\" data-orig-size=\"800,416\" data-comments-opened=\"1\" data-image-meta=\"{&quot;aperture&quot;:&quot;0&quot;,&quot;credit&quot;:&quot;&quot;,&quot;camera&quot;:&quot;&quot;,&quot;caption&quot;:&quot;&quot;,&quot;created_timestamp&quot;:&quot;0&quot;,&quot;copyright&quot;:&quot;&quot;,&quot;focal_length&quot;:&quot;0&quot;,&quot;iso&quot;:&quot;0&quot;,&quot;shutter_speed&quot;:&quot;0&quot;,&quot;title&quot;:&quot;&quot;,&quot;orientation&quot;:&quot;1&quot;}\" data-image-title=\"Doom Patrol S02E09\" data-image-description=\"\" data-image-caption=\"\" data-large-file=\"https:\/\/i0.wp.com\/www.comicbox.com\/wp-content\/uploads\/2020\/08\/Doom02.jpg?fit=800%2C416\" class=\"size-full wp-image-81223 aligncenter\" src=\"https:\/\/i0.wp.com\/www.comicbox.com\/wp-content\/uploads\/2020\/08\/Doom02.jpg?resize=800%2C416\" alt=\"Doom Patrol S02E09\" width=\"800\" height=\"416\" srcset=\"https:\/\/i0.wp.com\/www.comicbox.com\/wp-content\/uploads\/2020\/08\/Doom02.jpg?w=800 800w, https:\/\/i0.wp.com\/www.comicbox.com\/wp-content\/uploads\/2020\/08\/Doom02.jpg?resize=150%2C78 150w, https:\/\/i0.wp.com\/www.comicbox.com\/wp-content\/uploads\/2020\/08\/Doom02.jpg?resize=768%2C399 768w, https:\/\/i0.wp.com\/www.comicbox.com\/wp-content\/uploads\/2020\/08\/Doom02.jpg?resize=400%2C208 400w\" sizes=\"auto, (max-width: 800px) 100vw, 800px\" \/><\/p>\n<h2 style=\"text-align: center;\">\u00ab\u00a0So, we have teleported up Walt Disney&rsquo;s asshole\u00a0\u00bb<\/h2>\n<p style=\"text-align: justify;\">Doom Patrol, en effet, est un enchev\u00eatrement de sc\u00e8nes baroques, avec un sens de l&rsquo;\u00e9l\u00e9gance et du d\u00e9risoire. Un peu \u00e0 l&rsquo;image de ce qui se passait avec la d\u00e9funte s\u00e9rie Legion, on peut consommer pratiquement chaque sc\u00e8ne en perdant de vue, parfois, la globalit\u00e9 dans laquelle elle s&rsquo;inscrit. Ici, l&rsquo;important, l&#8217;empathique, n&rsquo;est pas vraiment de savoir si les \u00ab\u00a0patrouilleurs\u00a0\u00bb arriveront ou pas \u00e0 sauver le Chief et Dorothy mais bien le chemin qu&rsquo;ils empruntent pour y arriver, dans une ambiance digne de \u00ab\u00a0La Foire des t\u00e9n\u00e8bres\u00a0\u00bb (m\u00eame si les sc\u00e9naristes se sont amus\u00e9s comme des petits fous \u00e0 glisser une pique contre Disney). Avec la Doom Patrol l&rsquo;important n&rsquo;est pas la destination mais le voyage et cette deuxi\u00e8me saison l&rsquo;aura d\u00e9montr\u00e9 de bout en bout, s&rsquo;inspirant largement des comics \u00e9crits par Rachel Pollack (le run qui a succ\u00e9d\u00e9 \u00e0 celui de Grant Morrison) tout en conservant une logique tr\u00e8s \u00ab\u00a0morrisonnienne\u00a0\u00bb. L&rsquo;utilisation sur des \u00ab\u00a0amis imaginaires\u00a0\u00bb dans cet \u00e9pisode en est un pur exemple. L&rsquo;apparition d&rsquo;un Phil Morris parmi ces personnages secondaires donne d&rsquo;ailleurs de la gouaille \u00e0 l&rsquo;ensemble tandis qu&rsquo;avec l&rsquo;intervention de Joshua Mikel dans un certain r\u00f4le biblique on ne peut s&#8217;emp\u00eacher d&rsquo;imaginer quel tandem cela donnerait s&rsquo;il croisait le clone de Jesus de Preacher.<\/p>\n<p><img data-recalc-dims=\"1\" loading=\"lazy\" decoding=\"async\" data-attachment-id=\"81224\" data-permalink=\"http:\/\/www.comicbox.com\/index.php\/articles\/doom-patrol-s02e09\/attachment\/doom03-2\/\" data-orig-file=\"https:\/\/i0.wp.com\/www.comicbox.com\/wp-content\/uploads\/2020\/08\/Doom03.jpg?fit=800%2C360\" data-orig-size=\"800,360\" data-comments-opened=\"1\" data-image-meta=\"{&quot;aperture&quot;:&quot;0&quot;,&quot;credit&quot;:&quot;&quot;,&quot;camera&quot;:&quot;&quot;,&quot;caption&quot;:&quot;&quot;,&quot;created_timestamp&quot;:&quot;0&quot;,&quot;copyright&quot;:&quot;&quot;,&quot;focal_length&quot;:&quot;0&quot;,&quot;iso&quot;:&quot;0&quot;,&quot;shutter_speed&quot;:&quot;0&quot;,&quot;title&quot;:&quot;&quot;,&quot;orientation&quot;:&quot;1&quot;}\" data-image-title=\"Doom Patrol S02E09\" data-image-description=\"\" data-image-caption=\"\" data-large-file=\"https:\/\/i0.wp.com\/www.comicbox.com\/wp-content\/uploads\/2020\/08\/Doom03.jpg?fit=800%2C360\" class=\"size-full wp-image-81224 aligncenter\" src=\"https:\/\/i0.wp.com\/www.comicbox.com\/wp-content\/uploads\/2020\/08\/Doom03.jpg?resize=800%2C360\" alt=\"Doom Patrol S02E09\" width=\"800\" height=\"360\" srcset=\"https:\/\/i0.wp.com\/www.comicbox.com\/wp-content\/uploads\/2020\/08\/Doom03.jpg?w=800 800w, https:\/\/i0.wp.com\/www.comicbox.com\/wp-content\/uploads\/2020\/08\/Doom03.jpg?resize=150%2C68 150w, https:\/\/i0.wp.com\/www.comicbox.com\/wp-content\/uploads\/2020\/08\/Doom03.jpg?resize=768%2C346 768w, https:\/\/i0.wp.com\/www.comicbox.com\/wp-content\/uploads\/2020\/08\/Doom03.jpg?resize=400%2C180 400w\" sizes=\"auto, (max-width: 800px) 100vw, 800px\" \/><\/p>\n<h2 style=\"text-align: center;\">\u00ab\u00a0Wait, Jesus! I come in peace.\u00a0\u00bb<\/h2>\n<p style=\"text-align: justify;\">Reste un seul regret commun aux deux saisons. Si la plupart des personnages cultivent volontairement un sens du baroque ou du grotesque (typiquement : l&rsquo;apparence de Robotman) Cyborg (Joivan Wade) a toujours l&rsquo;air d&rsquo;un ado qui s&rsquo;est d\u00e9guis\u00e9 en Cyborg plut\u00f4t que d&rsquo;une vraie version du personnage. Les proth\u00e8ses font cheap sans que cela semble aussi volontaire et assum\u00e9 que pour Robotman. Et les effets sp\u00e9ciaux n&rsquo;expliquent pas tout. Bien qu&rsquo;elles soient la plupart du temps d\u00e9nu\u00e9es de d\u00e9guisements outranciers, Diane Guerrero (Crazy Jane) ou April Bowlby (Rita Farr) se distinguent par leur interpr\u00e9tation (\u00e0 plus forte raison parce qu&rsquo;une partie des autres r\u00f4les sont masqu\u00e9s). Crazy Jane tient dans cet \u00e9pisode une certaine importance, avec un retour sur son pass\u00e9 et une forme de message social. April Bowlby, elle, g\u00e9re le personnage de Rita un peu \u00e0 la mani\u00e8re d&rsquo;une Morticia Addams, personnage hors-norme dans le m\u00eame temps persuad\u00e9 de sa propre normalit\u00e9 (Comparer la Doom Patrol enti\u00e8re \u00e0 la Famille Addams n&rsquo;est d&rsquo;ailleurs pas hors de propos). Il faut bien le dire, Joivan Wade n&rsquo;est pas au m\u00eame niveau en termes de jeu d&rsquo;acteur et c&rsquo;est manifeste dans les sc\u00e8nes avec Phil Morris.<\/p>\n<p><img data-recalc-dims=\"1\" loading=\"lazy\" decoding=\"async\" data-attachment-id=\"81225\" data-permalink=\"http:\/\/www.comicbox.com\/index.php\/articles\/doom-patrol-s02e09\/attachment\/doom04-2\/\" data-orig-file=\"https:\/\/i0.wp.com\/www.comicbox.com\/wp-content\/uploads\/2020\/08\/Doom04.jpg?fit=800%2C390\" data-orig-size=\"800,390\" data-comments-opened=\"1\" data-image-meta=\"{&quot;aperture&quot;:&quot;0&quot;,&quot;credit&quot;:&quot;&quot;,&quot;camera&quot;:&quot;&quot;,&quot;caption&quot;:&quot;&quot;,&quot;created_timestamp&quot;:&quot;0&quot;,&quot;copyright&quot;:&quot;&quot;,&quot;focal_length&quot;:&quot;0&quot;,&quot;iso&quot;:&quot;0&quot;,&quot;shutter_speed&quot;:&quot;0&quot;,&quot;title&quot;:&quot;&quot;,&quot;orientation&quot;:&quot;1&quot;}\" data-image-title=\"Doom Patrol S02E09\" data-image-description=\"\" data-image-caption=\"\" data-large-file=\"https:\/\/i0.wp.com\/www.comicbox.com\/wp-content\/uploads\/2020\/08\/Doom04.jpg?fit=800%2C390\" class=\"size-full wp-image-81225 aligncenter\" src=\"https:\/\/i0.wp.com\/www.comicbox.com\/wp-content\/uploads\/2020\/08\/Doom04.jpg?resize=800%2C390\" alt=\"Doom Patrol S02E09\" width=\"800\" height=\"390\" srcset=\"https:\/\/i0.wp.com\/www.comicbox.com\/wp-content\/uploads\/2020\/08\/Doom04.jpg?w=800 800w, https:\/\/i0.wp.com\/www.comicbox.com\/wp-content\/uploads\/2020\/08\/Doom04.jpg?resize=150%2C73 150w, https:\/\/i0.wp.com\/www.comicbox.com\/wp-content\/uploads\/2020\/08\/Doom04.jpg?resize=768%2C374 768w, https:\/\/i0.wp.com\/www.comicbox.com\/wp-content\/uploads\/2020\/08\/Doom04.jpg?resize=400%2C195 400w\" sizes=\"auto, (max-width: 800px) 100vw, 800px\" \/><\/p>\n<h2 style=\"text-align: center;\">You forgot to say knock-knock<\/h2>\n<p style=\"text-align: justify;\">Ce neuvi\u00e8me \u00e9pisode, par la force des choses dernier de la saison, a un go\u00fbt d&rsquo;inachev\u00e9, c&rsquo;est ind\u00e9niable. Mais cela ne veut pas dire pour autant un go\u00fbt d\u00e9sagr\u00e9able. La situation rest\u00e9e en plan laisse la plupart des personnages dans un sort proche de celui d&rsquo;Han Solo dans la Carbonite&#8230; ou aux Avengers r\u00e9duits en cendre \u00e0 la fin d&rsquo;Infinity War. Tout \u00e7a laisse les spectateurs un vrai sentiment de cliffhanger, en attendant une saison 3 pas encore officialis\u00e9e (mais dans le contexte actuel il faut pr\u00e9voir que ce genre d&rsquo;annonce soit diff\u00e9r\u00e9 tant que les studios n&rsquo;auront pas un meilleur aper\u00e7u de leur planning de production.<\/p>\n\n[Xavier Fournier]\n","protected":false},"excerpt":{"rendered":"<p>La saison 2 de Doom Patrol s&rsquo;achevait cette semaine de mani\u00e8re forc\u00e9ment un peu abrupte (amput\u00e9e d&rsquo;un dixi\u00e8me \u00e9pisode pour&hellip;<\/p>\n","protected":false},"author":4,"featured_media":81226,"comment_status":"open","ping_status":"open","sticky":false,"template":"","format":"standard","meta":{"jetpack_post_was_ever_published":false,"_jetpack_newsletter_access":"","_jetpack_dont_email_post_to_subs":false,"_jetpack_newsletter_tier_id":0,"_jetpack_memberships_contains_paywalled_content":false,"_jetpack_memberships_contains_paid_content":false,"footnotes":"","jetpack_publicize_message":"","jetpack_publicize_feature_enabled":true,"jetpack_social_post_already_shared":true,"jetpack_social_options":{"image_generator_settings":{"template":"highway","default_image_id":0,"font":"","enabled":false},"version":2}},"categories":[3,1727,1,5379],"tags":[113,649,1886,6219],"class_list":["post-81222","post","type-post","status-publish","format-standard","has-post-thumbnail","hentry","category-articles","category-diapo","category-news","category-series-tv","tag-dc-comics","tag-dc-universe","tag-doom-patrol","tag-hbo"],"yoast_head":"<!-- This site is optimized with the Yoast SEO plugin v24.9 - https:\/\/yoast.com\/wordpress\/plugins\/seo\/ -->\n<title>Doom Patrol S02E09 -<\/title>\n<meta name=\"robots\" content=\"index, follow, max-snippet:-1, max-image-preview:large, max-video-preview:-1\" \/>\n<link rel=\"canonical\" href=\"https:\/\/www.comicbox.com\/index.php\/articles\/doom-patrol-s02e09\/\" \/>\n<meta property=\"og:locale\" content=\"fr_FR\" \/>\n<meta property=\"og:type\" content=\"article\" \/>\n<meta property=\"og:title\" content=\"Doom Patrol S02E09 -\" \/>\n<meta property=\"og:description\" content=\"La saison 2 de Doom Patrol s&rsquo;achevait cette semaine de mani\u00e8re forc\u00e9ment un peu abrupte (amput\u00e9e d&rsquo;un dixi\u00e8me \u00e9pisode pour&hellip;\" \/>\n<meta property=\"og:url\" content=\"https:\/\/www.comicbox.com\/index.php\/articles\/doom-patrol-s02e09\/\" \/>\n<meta property=\"article:author\" content=\"https:\/\/www.facebook.com\/xfournier3\" \/>\n<meta property=\"article:published_time\" content=\"2020-08-08T08:00:35+00:00\" \/>\n<meta property=\"article:modified_time\" content=\"2020-08-09T13:43:24+00:00\" \/>\n<meta property=\"og:image\" content=\"https:\/\/i0.wp.com\/www.comicbox.com\/wp-content\/uploads\/2020\/08\/Doom.jpg?fit=728%2C304&ssl=1\" \/>\n\t<meta property=\"og:image:width\" content=\"728\" \/>\n\t<meta property=\"og:image:height\" content=\"304\" \/>\n\t<meta property=\"og:image:type\" content=\"image\/jpeg\" \/>\n<meta name=\"author\" content=\"Xavier Fournier\" \/>\n<meta name=\"twitter:card\" content=\"summary_large_image\" \/>\n<meta name=\"twitter:creator\" content=\"@http:\/\/twitter.com\/XFournier\" \/>\n<meta name=\"twitter:label1\" content=\"\u00c9crit par\" \/>\n\t<meta name=\"twitter:data1\" content=\"Xavier Fournier\" \/>\n\t<meta name=\"twitter:label2\" content=\"Dur\u00e9e de lecture estim\u00e9e\" \/>\n\t<meta name=\"twitter:data2\" content=\"4 minutes\" \/>\n<script type=\"application\/ld+json\" class=\"yoast-schema-graph\">{\"@context\":\"https:\/\/schema.org\",\"@graph\":[{\"@type\":\"WebPage\",\"@id\":\"https:\/\/www.comicbox.com\/index.php\/articles\/doom-patrol-s02e09\/\",\"url\":\"https:\/\/www.comicbox.com\/index.php\/articles\/doom-patrol-s02e09\/\",\"name\":\"Doom Patrol S02E09 -\",\"isPartOf\":{\"@id\":\"https:\/\/www.comicbox.com\/#website\"},\"primaryImageOfPage\":{\"@id\":\"https:\/\/www.comicbox.com\/index.php\/articles\/doom-patrol-s02e09\/#primaryimage\"},\"image\":{\"@id\":\"https:\/\/www.comicbox.com\/index.php\/articles\/doom-patrol-s02e09\/#primaryimage\"},\"thumbnailUrl\":\"https:\/\/i0.wp.com\/www.comicbox.com\/wp-content\/uploads\/2020\/08\/Doom.jpg?fit=728%2C304\",\"datePublished\":\"2020-08-08T08:00:35+00:00\",\"dateModified\":\"2020-08-09T13:43:24+00:00\",\"author\":{\"@id\":\"https:\/\/www.comicbox.com\/#\/schema\/person\/a23da2abbe16b92903f78951801d787e\"},\"breadcrumb\":{\"@id\":\"https:\/\/www.comicbox.com\/index.php\/articles\/doom-patrol-s02e09\/#breadcrumb\"},\"inLanguage\":\"fr-FR\",\"potentialAction\":[{\"@type\":\"ReadAction\",\"target\":[\"https:\/\/www.comicbox.com\/index.php\/articles\/doom-patrol-s02e09\/\"]}]},{\"@type\":\"ImageObject\",\"inLanguage\":\"fr-FR\",\"@id\":\"https:\/\/www.comicbox.com\/index.php\/articles\/doom-patrol-s02e09\/#primaryimage\",\"url\":\"https:\/\/i0.wp.com\/www.comicbox.com\/wp-content\/uploads\/2020\/08\/Doom.jpg?fit=728%2C304\",\"contentUrl\":\"https:\/\/i0.wp.com\/www.comicbox.com\/wp-content\/uploads\/2020\/08\/Doom.jpg?fit=728%2C304\",\"width\":728,\"height\":304,\"caption\":\"Doom Patrol S02E09\"},{\"@type\":\"BreadcrumbList\",\"@id\":\"https:\/\/www.comicbox.com\/index.php\/articles\/doom-patrol-s02e09\/#breadcrumb\",\"itemListElement\":[{\"@type\":\"ListItem\",\"position\":1,\"name\":\"Accueil\",\"item\":\"https:\/\/www.comicbox.com\/\"},{\"@type\":\"ListItem\",\"position\":2,\"name\":\"Doom Patrol S02E09\"}]},{\"@type\":\"WebSite\",\"@id\":\"https:\/\/www.comicbox.com\/#website\",\"url\":\"https:\/\/www.comicbox.com\/\",\"name\":\"\",\"description\":\"le magazine des cultures comics\",\"potentialAction\":[{\"@type\":\"SearchAction\",\"target\":{\"@type\":\"EntryPoint\",\"urlTemplate\":\"https:\/\/www.comicbox.com\/?s={search_term_string}\"},\"query-input\":{\"@type\":\"PropertyValueSpecification\",\"valueRequired\":true,\"valueName\":\"search_term_string\"}}],\"inLanguage\":\"fr-FR\"},{\"@type\":\"Person\",\"@id\":\"https:\/\/www.comicbox.com\/#\/schema\/person\/a23da2abbe16b92903f78951801d787e\",\"name\":\"Xavier Fournier\",\"image\":{\"@type\":\"ImageObject\",\"inLanguage\":\"fr-FR\",\"@id\":\"https:\/\/www.comicbox.com\/#\/schema\/person\/image\/\",\"url\":\"https:\/\/secure.gravatar.com\/avatar\/751f9d4e8b880838995887af46327753834e23c52952c4f3982a44b8b5e41cba?s=96&d=mm&r=g\",\"contentUrl\":\"https:\/\/secure.gravatar.com\/avatar\/751f9d4e8b880838995887af46327753834e23c52952c4f3982a44b8b5e41cba?s=96&d=mm&r=g\",\"caption\":\"Xavier Fournier\"},\"description\":\"Xavier Fournier est l'un des r\u00e9dacteurs du site comicbox.com, il est aussi l'auteur de diff\u00e9rents livres comme Super-H\u00e9ros - Une Histoire Fran\u00e7aise, Super-H\u00e9ros Fran\u00e7ais - Une Anthologie et Super-H\u00e9ros, l'Envers du Costume et enfin Comics En Guerre.\",\"sameAs\":[\"http:\/\/www.xavierfournier.com\",\"https:\/\/www.facebook.com\/xfournier3\",\"https:\/\/fr.linkedin.com\/in\/xavier-fournier-8365a970\",\"https:\/\/x.com\/http:\/\/twitter.com\/XFournier\"],\"url\":\"http:\/\/www.comicbox.com\/index.php\/author\/xfournier\/\"}]}<\/script>\n<!-- \/ Yoast SEO plugin. -->","yoast_head_json":{"title":"Doom Patrol S02E09 -","robots":{"index":"index","follow":"follow","max-snippet":"max-snippet:-1","max-image-preview":"max-image-preview:large","max-video-preview":"max-video-preview:-1"},"canonical":"https:\/\/www.comicbox.com\/index.php\/articles\/doom-patrol-s02e09\/","og_locale":"fr_FR","og_type":"article","og_title":"Doom Patrol S02E09 -","og_description":"La saison 2 de Doom Patrol s&rsquo;achevait cette semaine de mani\u00e8re forc\u00e9ment un peu abrupte (amput\u00e9e d&rsquo;un dixi\u00e8me \u00e9pisode pour&hellip;","og_url":"https:\/\/www.comicbox.com\/index.php\/articles\/doom-patrol-s02e09\/","article_author":"https:\/\/www.facebook.com\/xfournier3","article_published_time":"2020-08-08T08:00:35+00:00","article_modified_time":"2020-08-09T13:43:24+00:00","og_image":[{"width":728,"height":304,"url":"https:\/\/i0.wp.com\/www.comicbox.com\/wp-content\/uploads\/2020\/08\/Doom.jpg?fit=728%2C304&ssl=1","type":"image\/jpeg"}],"author":"Xavier Fournier","twitter_card":"summary_large_image","twitter_creator":"@http:\/\/twitter.com\/XFournier","twitter_misc":{"\u00c9crit par":"Xavier Fournier","Dur\u00e9e de lecture estim\u00e9e":"4 minutes"},"schema":{"@context":"https:\/\/schema.org","@graph":[{"@type":"WebPage","@id":"https:\/\/www.comicbox.com\/index.php\/articles\/doom-patrol-s02e09\/","url":"https:\/\/www.comicbox.com\/index.php\/articles\/doom-patrol-s02e09\/","name":"Doom Patrol S02E09 -","isPartOf":{"@id":"https:\/\/www.comicbox.com\/#website"},"primaryImageOfPage":{"@id":"https:\/\/www.comicbox.com\/index.php\/articles\/doom-patrol-s02e09\/#primaryimage"},"image":{"@id":"https:\/\/www.comicbox.com\/index.php\/articles\/doom-patrol-s02e09\/#primaryimage"},"thumbnailUrl":"https:\/\/i0.wp.com\/www.comicbox.com\/wp-content\/uploads\/2020\/08\/Doom.jpg?fit=728%2C304","datePublished":"2020-08-08T08:00:35+00:00","dateModified":"2020-08-09T13:43:24+00:00","author":{"@id":"https:\/\/www.comicbox.com\/#\/schema\/person\/a23da2abbe16b92903f78951801d787e"},"breadcrumb":{"@id":"https:\/\/www.comicbox.com\/index.php\/articles\/doom-patrol-s02e09\/#breadcrumb"},"inLanguage":"fr-FR","potentialAction":[{"@type":"ReadAction","target":["https:\/\/www.comicbox.com\/index.php\/articles\/doom-patrol-s02e09\/"]}]},{"@type":"ImageObject","inLanguage":"fr-FR","@id":"https:\/\/www.comicbox.com\/index.php\/articles\/doom-patrol-s02e09\/#primaryimage","url":"https:\/\/i0.wp.com\/www.comicbox.com\/wp-content\/uploads\/2020\/08\/Doom.jpg?fit=728%2C304","contentUrl":"https:\/\/i0.wp.com\/www.comicbox.com\/wp-content\/uploads\/2020\/08\/Doom.jpg?fit=728%2C304","width":728,"height":304,"caption":"Doom Patrol S02E09"},{"@type":"BreadcrumbList","@id":"https:\/\/www.comicbox.com\/index.php\/articles\/doom-patrol-s02e09\/#breadcrumb","itemListElement":[{"@type":"ListItem","position":1,"name":"Accueil","item":"https:\/\/www.comicbox.com\/"},{"@type":"ListItem","position":2,"name":"Doom Patrol S02E09"}]},{"@type":"WebSite","@id":"https:\/\/www.comicbox.com\/#website","url":"https:\/\/www.comicbox.com\/","name":"","description":"le magazine des cultures comics","potentialAction":[{"@type":"SearchAction","target":{"@type":"EntryPoint","urlTemplate":"https:\/\/www.comicbox.com\/?s={search_term_string}"},"query-input":{"@type":"PropertyValueSpecification","valueRequired":true,"valueName":"search_term_string"}}],"inLanguage":"fr-FR"},{"@type":"Person","@id":"https:\/\/www.comicbox.com\/#\/schema\/person\/a23da2abbe16b92903f78951801d787e","name":"Xavier Fournier","image":{"@type":"ImageObject","inLanguage":"fr-FR","@id":"https:\/\/www.comicbox.com\/#\/schema\/person\/image\/","url":"https:\/\/secure.gravatar.com\/avatar\/751f9d4e8b880838995887af46327753834e23c52952c4f3982a44b8b5e41cba?s=96&d=mm&r=g","contentUrl":"https:\/\/secure.gravatar.com\/avatar\/751f9d4e8b880838995887af46327753834e23c52952c4f3982a44b8b5e41cba?s=96&d=mm&r=g","caption":"Xavier Fournier"},"description":"Xavier Fournier est l'un des r\u00e9dacteurs du site comicbox.com, il est aussi l'auteur de diff\u00e9rents livres comme Super-H\u00e9ros - Une Histoire Fran\u00e7aise, Super-H\u00e9ros Fran\u00e7ais - Une Anthologie et Super-H\u00e9ros, l'Envers du Costume et enfin Comics En Guerre.","sameAs":["http:\/\/www.xavierfournier.com","https:\/\/www.facebook.com\/xfournier3","https:\/\/fr.linkedin.com\/in\/xavier-fournier-8365a970","https:\/\/x.com\/http:\/\/twitter.com\/XFournier"],"url":"http:\/\/www.comicbox.com\/index.php\/author\/xfournier\/"}]}},"jetpack_publicize_connections":[],"jetpack_featured_media_url":"https:\/\/i0.wp.com\/www.comicbox.com\/wp-content\/uploads\/2020\/08\/Doom.jpg?fit=728%2C304","jetpack_sharing_enabled":true,"jetpack_shortlink":"https:\/\/wp.me\/pvyAi-l82","_links":{"self":[{"href":"http:\/\/www.comicbox.com\/index.php\/wp-json\/wp\/v2\/posts\/81222","targetHints":{"allow":["GET"]}}],"collection":[{"href":"http:\/\/www.comicbox.com\/index.php\/wp-json\/wp\/v2\/posts"}],"about":[{"href":"http:\/\/www.comicbox.com\/index.php\/wp-json\/wp\/v2\/types\/post"}],"author":[{"embeddable":true,"href":"http:\/\/www.comicbox.com\/index.php\/wp-json\/wp\/v2\/users\/4"}],"replies":[{"embeddable":true,"href":"http:\/\/www.comicbox.com\/index.php\/wp-json\/wp\/v2\/comments?post=81222"}],"version-history":[{"count":3,"href":"http:\/\/www.comicbox.com\/index.php\/wp-json\/wp\/v2\/posts\/81222\/revisions"}],"predecessor-version":[{"id":81229,"href":"http:\/\/www.comicbox.com\/index.php\/wp-json\/wp\/v2\/posts\/81222\/revisions\/81229"}],"wp:featuredmedia":[{"embeddable":true,"href":"http:\/\/www.comicbox.com\/index.php\/wp-json\/wp\/v2\/media\/81226"}],"wp:attachment":[{"href":"http:\/\/www.comicbox.com\/index.php\/wp-json\/wp\/v2\/media?parent=81222"}],"wp:term":[{"taxonomy":"category","embeddable":true,"href":"http:\/\/www.comicbox.com\/index.php\/wp-json\/wp\/v2\/categories?post=81222"},{"taxonomy":"post_tag","embeddable":true,"href":"http:\/\/www.comicbox.com\/index.php\/wp-json\/wp\/v2\/tags?post=81222"}],"curies":[{"name":"wp","href":"https:\/\/api.w.org\/{rel}","templated":true}]}}