
{"id":81191,"date":"2020-08-05T10:00:43","date_gmt":"2020-08-05T08:00:43","guid":{"rendered":"http:\/\/www.comicbox.com\/?p=81191"},"modified":"2020-08-08T15:16:02","modified_gmt":"2020-08-08T13:16:02","slug":"avant-premiere-comics-vo-injustice-year-zero-1-3","status":"publish","type":"post","link":"http:\/\/www.comicbox.com\/index.php\/articles\/avant-premiere-comics-vo-injustice-year-zero-1-3\/","title":{"rendered":"Avant-Premi\u00e8re Comics VO: Injustice \u2013 Year Zero #1 \u2013 3"},"content":{"rendered":"<p style=\"text-align: justify;\">Injustice (la version de l&rsquo;univers DC o\u00f9 la vie des super-h\u00e9ros, et en particulier de Superman, a d\u00e9raill\u00e9) reprend du service cette semaine. Tout semblait dit ? Tom Taylor et Rog\u00ea Ant\u00f4nio reviennent aux origines et m\u00eame avant en nous proposant un r\u00e9cit situ\u00e9 avant que les choses basculent. Une pr\u00e9quelle qui semble amen\u00e9e \u00e0 expliquer diverses choses dans la mythologie d&rsquo;Injustice. Dans un monde qui basculera du c\u00f4t\u00e9 obscur, Taylor guide<!--more--> sa barque en montrant d&rsquo;abord un \u00ab\u00a0DCverse\u00a0\u00bb apais\u00e9 et plein de valeurs positives. Le calme avant la temp\u00eate.<\/p>\n<p><strong><img data-recalc-dims=\"1\" loading=\"lazy\" decoding=\"async\" data-attachment-id=\"81192\" data-permalink=\"http:\/\/www.comicbox.com\/index.php\/articles\/avant-premiere-comics-vo-injustice-year-zero-1-3\/attachment\/injusticeb\/\" data-orig-file=\"https:\/\/i0.wp.com\/www.comicbox.com\/wp-content\/uploads\/2020\/08\/InjusticeB.jpg?fit=350%2C538\" data-orig-size=\"350,538\" data-comments-opened=\"1\" data-image-meta=\"{&quot;aperture&quot;:&quot;0&quot;,&quot;credit&quot;:&quot;&quot;,&quot;camera&quot;:&quot;&quot;,&quot;caption&quot;:&quot;&quot;,&quot;created_timestamp&quot;:&quot;1596243661&quot;,&quot;copyright&quot;:&quot;&quot;,&quot;focal_length&quot;:&quot;0&quot;,&quot;iso&quot;:&quot;0&quot;,&quot;shutter_speed&quot;:&quot;0&quot;,&quot;title&quot;:&quot;&quot;,&quot;orientation&quot;:&quot;1&quot;}\" data-image-title=\"Injustice \u2013 Year Zero #1\" data-image-description=\"\" data-image-caption=\"\" data-large-file=\"https:\/\/i0.wp.com\/www.comicbox.com\/wp-content\/uploads\/2020\/08\/InjusticeB.jpg?fit=350%2C538\" class=\"alignright size-full wp-image-81192\" src=\"https:\/\/i0.wp.com\/www.comicbox.com\/wp-content\/uploads\/2020\/08\/InjusticeB.jpg?resize=350%2C538\" alt=\"Injustice \u2013 Year Zero #1\" width=\"350\" height=\"538\" srcset=\"https:\/\/i0.wp.com\/www.comicbox.com\/wp-content\/uploads\/2020\/08\/InjusticeB.jpg?w=350 350w, https:\/\/i0.wp.com\/www.comicbox.com\/wp-content\/uploads\/2020\/08\/InjusticeB.jpg?resize=98%2C150 98w\" sizes=\"auto, (max-width: 350px) 100vw, 350px\" \/>Injustice \u2013 Year Zero #1 \u2013 3 (DC Comics)<\/strong><br \/>\nSc\u00e9nario de Tom Taylor<br \/>\nDessin de Rog\u00ea Ant\u00f4nio, Cian Tormey<br \/>\n<strong>Parution aux USA le mardi 4 ao\u00fbt 2020<\/strong><\/p>\n<p style=\"text-align: justify;\">Si vous avez d&rsquo;Injustice le souvenir d&rsquo;un Superman radicalis\u00e9, d\u00e9truisant certains de ses anciens alli\u00e9s, la pr\u00e9quelle que voici va vous surprendre. Au sc\u00e9nario Tom Taylor va exactement dans la direction inverse, en montrant d&rsquo;abord un univers DC en bon \u00e9tat de marche, o\u00f9 les principaux h\u00e9ros se connaissent et s&rsquo;appr\u00e9cient, \u00e0 grands coups de banquets communs et de tapes dans le dos&#8230; Ou sur le visage si l&rsquo;on prend en compte la mentalit\u00e9 tr\u00e8s \u00ab\u00a0Ben Grimm\u00a0\u00bb de Wildcat. Car Taylor donne le beau r\u00f4le \u00e0 la Justice Society. Au point m\u00eame o\u00f9 on pourrait croire \u00e0 un bout d&rsquo;essai pour qu&rsquo;on lui confie les aventures de la JSA tant, en quelques pages, son approche est sans doute la meilleure version de la Society qu&rsquo;il nous a \u00e9t\u00e9 donn\u00e9 de voir ces dix derni\u00e8res ann\u00e9es. Vous nous direz que c&rsquo;est \u00ab\u00a0facile\u00a0\u00bb puisque la dite JSA a \u00e9t\u00e9 annul\u00e9e depuis 2011 et qu&rsquo;elle n&rsquo;est revenue que r\u00e9cemment pour de petites sc\u00e8nes mineures dans Doomsday Clock, Justice League ou Death Metal. Mais on parle bien d&rsquo;une d\u00e9cennie et, m\u00eame dans les unes ou deux ann\u00e9es pr\u00e9c\u00e9dant le reboot de 2011 (notamment la p\u00e9riode Marc Guggenheim) le groupe n&rsquo;avait pas cette gouaille et cette l\u00e9gitimit\u00e9. Ce n&rsquo;est pas une simple approche pass\u00e9iste fa\u00e7on \u00ab\u00a0ouin c&rsquo;\u00e9tait mieux avant et comme Taylor les personnages d&rsquo;avant forc\u00e9ment c&rsquo;est bien\u00a0\u00bb. D&rsquo;abord parce qu&rsquo;il arrive \u00e0 une continuit\u00e9 hybride (ces versions de Mister Terrific et d&rsquo;Amazing Man n&rsquo;ont jamais cohabit\u00e9 dans la JSA, par exemple, tandis que Wildcat porte un costume diff\u00e9rent) mais surtout parce qu&rsquo;il leur insuffle de la vie. Bien s\u00fbr tout \u00e7a n&rsquo;est que l&rsquo;\u0153il du cyclone. Les couvertures de ces trois premiers chapitres laissent peu de doute sur le fait que les diff\u00e9rentes \u00e9quipes vont finir par se cr\u00eaper le chignon, retombant (et \u00e0 raison sinon ce ne serait pas la peine) sur les pr\u00e9ceptes d&rsquo;Injustice. Mais ce d\u00e9but est assez prenant et sympathique.<\/p>\n<h3>\u00ab\u00a0Your legacy is alive in every hero on the planet, son&#8230;\u00a0\u00bb<\/h3>\n<p style=\"text-align: justify;\">Tandis que les deux premiers chapitres sont joliment mis en image par Rog\u00ea Ant\u00f4nio (les sc\u00e8nes \u00e0 l&rsquo;int\u00e9rieur du satellite sont vibrantes de vie, m\u00eame quand il ne s&rsquo;agit que de dialogues tranquilles), Cian Tormey livre un travail plus fouillis sur le troisi\u00e8me segment. Mais il s&rsquo;agit d&rsquo;un flashback et on peut comprendre d&rsquo;une part qu&rsquo;il ait sa propre ambiance et d&rsquo;autre part qu&rsquo;on \u00e9voque la Seconde Guerre mondiale (du coup le c\u00f4t\u00e9 fouillis se d\u00e9fend). Injustice \u2013 Year Zero est sans doute le comic-book num\u00e9rique le plus ambitieux de l&rsquo;actuelle vague (post confinement) de DC Comics \u00ab\u00a0Digital First\u00a0\u00bb. L&rsquo;\u00e9diteur le sait, visiblement, d&rsquo;o\u00f9 le fait d&rsquo;avoir diffus\u00e9 d&rsquo;un coup les trois premiers chapitres dans le cadre d&rsquo;un lancement \u00e9clair (il y a encore quelques jours l&rsquo;existence m\u00eame de cette s\u00e9rie \u00e9tait tenue secr\u00e8te). Le d\u00e9marrage de cette s\u00e9rie est de qualit\u00e9. Sur un plan plus structurel, Injustice \u2013 Year Zero encourage l&rsquo;id\u00e9e que le \u00ab\u00a0curseur\u00a0\u00bb de la production DC se tourne de plus en plus vers le num\u00e9rique (s&rsquo;il y a d\u00e9j\u00e0 eu des comics num\u00e9riques d&rsquo;Injustice, Year Zero intervient dans un contexte o\u00f9 l&rsquo;offre \u00ab\u00a0papier\u00a0\u00bb de l&rsquo;\u00e9diteur semble lever le pied). N&#8217;emp\u00eache qu&rsquo;on esp\u00e8re de voir un jour une s\u00e9rie JSA par Tom Taylor&#8230;<\/p>\n[Xavier Fournier]\n","protected":false},"excerpt":{"rendered":"<p>Injustice (la version de l&rsquo;univers DC o\u00f9 la vie des super-h\u00e9ros, et en particulier de Superman, a d\u00e9raill\u00e9) reprend du&hellip;<\/p>\n","protected":false},"author":4,"featured_media":81193,"comment_status":"open","ping_status":"open","sticky":false,"template":"","format":"standard","meta":{"jetpack_post_was_ever_published":false,"_jetpack_newsletter_access":"","_jetpack_dont_email_post_to_subs":false,"_jetpack_newsletter_tier_id":0,"_jetpack_memberships_contains_paywalled_content":false,"_jetpack_memberships_contains_paid_content":false,"footnotes":"","jetpack_publicize_message":"","jetpack_publicize_feature_enabled":true,"jetpack_social_post_already_shared":false,"jetpack_social_options":{"image_generator_settings":{"template":"highway","default_image_id":0,"font":"","enabled":false},"version":2}},"categories":[3,1727,1],"tags":[21,113,4219,1575,23,1574,4841],"class_list":["post-81191","post","type-post","status-publish","format-standard","has-post-thumbnail","hentry","category-articles","category-diapo","category-news","tag-comics","tag-dc-comics","tag-injustice","tag-jsa","tag-justice-league","tag-justice-society","tag-tom-taylor"],"yoast_head":"<!-- This site is optimized with the Yoast SEO plugin v24.9 - https:\/\/yoast.com\/wordpress\/plugins\/seo\/ -->\n<title>Avant-Premi\u00e8re Comics VO: Injustice \u2013 Year Zero #1 \u2013 3 -<\/title>\n<meta name=\"robots\" content=\"index, follow, max-snippet:-1, max-image-preview:large, max-video-preview:-1\" \/>\n<link rel=\"canonical\" href=\"http:\/\/www.comicbox.com\/index.php\/articles\/avant-premiere-comics-vo-injustice-year-zero-1-3\/\" \/>\n<meta property=\"og:locale\" content=\"fr_FR\" \/>\n<meta property=\"og:type\" content=\"article\" \/>\n<meta property=\"og:title\" content=\"Avant-Premi\u00e8re Comics VO: Injustice \u2013 Year Zero #1 \u2013 3 -\" \/>\n<meta property=\"og:description\" content=\"Injustice (la version de l&rsquo;univers DC o\u00f9 la vie des super-h\u00e9ros, et en particulier de Superman, a d\u00e9raill\u00e9) reprend du&hellip;\" \/>\n<meta property=\"og:url\" content=\"http:\/\/www.comicbox.com\/index.php\/articles\/avant-premiere-comics-vo-injustice-year-zero-1-3\/\" \/>\n<meta property=\"article:author\" content=\"https:\/\/www.facebook.com\/xfournier3\" \/>\n<meta property=\"article:published_time\" content=\"2020-08-05T08:00:43+00:00\" \/>\n<meta property=\"article:modified_time\" content=\"2020-08-08T13:16:02+00:00\" \/>\n<meta property=\"og:image\" content=\"https:\/\/i0.wp.com\/www.comicbox.com\/wp-content\/uploads\/2020\/08\/Injustice.jpg?fit=728%2C304\" \/>\n\t<meta property=\"og:image:width\" content=\"728\" \/>\n\t<meta property=\"og:image:height\" content=\"304\" \/>\n\t<meta property=\"og:image:type\" content=\"image\/jpeg\" \/>\n<meta name=\"author\" content=\"Xavier Fournier\" \/>\n<meta name=\"twitter:card\" content=\"summary_large_image\" \/>\n<meta name=\"twitter:creator\" content=\"@http:\/\/twitter.com\/XFournier\" \/>\n<meta name=\"twitter:label1\" content=\"\u00c9crit par\" \/>\n\t<meta name=\"twitter:data1\" content=\"Xavier Fournier\" \/>\n\t<meta name=\"twitter:label2\" content=\"Dur\u00e9e de lecture estim\u00e9e\" \/>\n\t<meta name=\"twitter:data2\" content=\"4 minutes\" \/>\n<script type=\"application\/ld+json\" class=\"yoast-schema-graph\">{\"@context\":\"https:\/\/schema.org\",\"@graph\":[{\"@type\":\"WebPage\",\"@id\":\"http:\/\/www.comicbox.com\/index.php\/articles\/avant-premiere-comics-vo-injustice-year-zero-1-3\/\",\"url\":\"http:\/\/www.comicbox.com\/index.php\/articles\/avant-premiere-comics-vo-injustice-year-zero-1-3\/\",\"name\":\"Avant-Premi\u00e8re Comics VO: Injustice \u2013 Year Zero #1 \u2013 3 -\",\"isPartOf\":{\"@id\":\"https:\/\/www.comicbox.com\/#website\"},\"primaryImageOfPage\":{\"@id\":\"http:\/\/www.comicbox.com\/index.php\/articles\/avant-premiere-comics-vo-injustice-year-zero-1-3\/#primaryimage\"},\"image\":{\"@id\":\"http:\/\/www.comicbox.com\/index.php\/articles\/avant-premiere-comics-vo-injustice-year-zero-1-3\/#primaryimage\"},\"thumbnailUrl\":\"https:\/\/i0.wp.com\/www.comicbox.com\/wp-content\/uploads\/2020\/08\/Injustice.jpg?fit=728%2C304\",\"datePublished\":\"2020-08-05T08:00:43+00:00\",\"dateModified\":\"2020-08-08T13:16:02+00:00\",\"author\":{\"@id\":\"https:\/\/www.comicbox.com\/#\/schema\/person\/a23da2abbe16b92903f78951801d787e\"},\"breadcrumb\":{\"@id\":\"http:\/\/www.comicbox.com\/index.php\/articles\/avant-premiere-comics-vo-injustice-year-zero-1-3\/#breadcrumb\"},\"inLanguage\":\"fr-FR\",\"potentialAction\":[{\"@type\":\"ReadAction\",\"target\":[\"http:\/\/www.comicbox.com\/index.php\/articles\/avant-premiere-comics-vo-injustice-year-zero-1-3\/\"]}]},{\"@type\":\"ImageObject\",\"inLanguage\":\"fr-FR\",\"@id\":\"http:\/\/www.comicbox.com\/index.php\/articles\/avant-premiere-comics-vo-injustice-year-zero-1-3\/#primaryimage\",\"url\":\"https:\/\/i0.wp.com\/www.comicbox.com\/wp-content\/uploads\/2020\/08\/Injustice.jpg?fit=728%2C304\",\"contentUrl\":\"https:\/\/i0.wp.com\/www.comicbox.com\/wp-content\/uploads\/2020\/08\/Injustice.jpg?fit=728%2C304\",\"width\":728,\"height\":304,\"caption\":\"Injustice \u2013 Year Zero #1\"},{\"@type\":\"BreadcrumbList\",\"@id\":\"http:\/\/www.comicbox.com\/index.php\/articles\/avant-premiere-comics-vo-injustice-year-zero-1-3\/#breadcrumb\",\"itemListElement\":[{\"@type\":\"ListItem\",\"position\":1,\"name\":\"Accueil\",\"item\":\"https:\/\/www.comicbox.com\/\"},{\"@type\":\"ListItem\",\"position\":2,\"name\":\"Avant-Premi\u00e8re Comics VO: Injustice \u2013 Year Zero #1 \u2013 3\"}]},{\"@type\":\"WebSite\",\"@id\":\"https:\/\/www.comicbox.com\/#website\",\"url\":\"https:\/\/www.comicbox.com\/\",\"name\":\"\",\"description\":\"le magazine des cultures comics\",\"potentialAction\":[{\"@type\":\"SearchAction\",\"target\":{\"@type\":\"EntryPoint\",\"urlTemplate\":\"https:\/\/www.comicbox.com\/?s={search_term_string}\"},\"query-input\":{\"@type\":\"PropertyValueSpecification\",\"valueRequired\":true,\"valueName\":\"search_term_string\"}}],\"inLanguage\":\"fr-FR\"},{\"@type\":\"Person\",\"@id\":\"https:\/\/www.comicbox.com\/#\/schema\/person\/a23da2abbe16b92903f78951801d787e\",\"name\":\"Xavier Fournier\",\"image\":{\"@type\":\"ImageObject\",\"inLanguage\":\"fr-FR\",\"@id\":\"https:\/\/www.comicbox.com\/#\/schema\/person\/image\/\",\"url\":\"https:\/\/secure.gravatar.com\/avatar\/751f9d4e8b880838995887af46327753834e23c52952c4f3982a44b8b5e41cba?s=96&d=mm&r=g\",\"contentUrl\":\"https:\/\/secure.gravatar.com\/avatar\/751f9d4e8b880838995887af46327753834e23c52952c4f3982a44b8b5e41cba?s=96&d=mm&r=g\",\"caption\":\"Xavier Fournier\"},\"description\":\"Xavier Fournier est l'un des r\u00e9dacteurs du site comicbox.com, il est aussi l'auteur de diff\u00e9rents livres comme Super-H\u00e9ros - Une Histoire Fran\u00e7aise, Super-H\u00e9ros Fran\u00e7ais - Une Anthologie et Super-H\u00e9ros, l'Envers du Costume et enfin Comics En Guerre.\",\"sameAs\":[\"http:\/\/www.xavierfournier.com\",\"https:\/\/www.facebook.com\/xfournier3\",\"https:\/\/fr.linkedin.com\/in\/xavier-fournier-8365a970\",\"https:\/\/x.com\/http:\/\/twitter.com\/XFournier\"],\"url\":\"http:\/\/www.comicbox.com\/index.php\/author\/xfournier\/\"}]}<\/script>\n<!-- \/ Yoast SEO plugin. -->","yoast_head_json":{"title":"Avant-Premi\u00e8re Comics VO: Injustice \u2013 Year Zero #1 \u2013 3 -","robots":{"index":"index","follow":"follow","max-snippet":"max-snippet:-1","max-image-preview":"max-image-preview:large","max-video-preview":"max-video-preview:-1"},"canonical":"http:\/\/www.comicbox.com\/index.php\/articles\/avant-premiere-comics-vo-injustice-year-zero-1-3\/","og_locale":"fr_FR","og_type":"article","og_title":"Avant-Premi\u00e8re Comics VO: Injustice \u2013 Year Zero #1 \u2013 3 -","og_description":"Injustice (la version de l&rsquo;univers DC o\u00f9 la vie des super-h\u00e9ros, et en particulier de Superman, a d\u00e9raill\u00e9) reprend du&hellip;","og_url":"http:\/\/www.comicbox.com\/index.php\/articles\/avant-premiere-comics-vo-injustice-year-zero-1-3\/","article_author":"https:\/\/www.facebook.com\/xfournier3","article_published_time":"2020-08-05T08:00:43+00:00","article_modified_time":"2020-08-08T13:16:02+00:00","og_image":[{"width":728,"height":304,"url":"https:\/\/i0.wp.com\/www.comicbox.com\/wp-content\/uploads\/2020\/08\/Injustice.jpg?fit=728%2C304","type":"image\/jpeg"}],"author":"Xavier Fournier","twitter_card":"summary_large_image","twitter_creator":"@http:\/\/twitter.com\/XFournier","twitter_misc":{"\u00c9crit par":"Xavier Fournier","Dur\u00e9e de lecture estim\u00e9e":"4 minutes"},"schema":{"@context":"https:\/\/schema.org","@graph":[{"@type":"WebPage","@id":"http:\/\/www.comicbox.com\/index.php\/articles\/avant-premiere-comics-vo-injustice-year-zero-1-3\/","url":"http:\/\/www.comicbox.com\/index.php\/articles\/avant-premiere-comics-vo-injustice-year-zero-1-3\/","name":"Avant-Premi\u00e8re Comics VO: Injustice \u2013 Year Zero #1 \u2013 3 -","isPartOf":{"@id":"https:\/\/www.comicbox.com\/#website"},"primaryImageOfPage":{"@id":"http:\/\/www.comicbox.com\/index.php\/articles\/avant-premiere-comics-vo-injustice-year-zero-1-3\/#primaryimage"},"image":{"@id":"http:\/\/www.comicbox.com\/index.php\/articles\/avant-premiere-comics-vo-injustice-year-zero-1-3\/#primaryimage"},"thumbnailUrl":"https:\/\/i0.wp.com\/www.comicbox.com\/wp-content\/uploads\/2020\/08\/Injustice.jpg?fit=728%2C304","datePublished":"2020-08-05T08:00:43+00:00","dateModified":"2020-08-08T13:16:02+00:00","author":{"@id":"https:\/\/www.comicbox.com\/#\/schema\/person\/a23da2abbe16b92903f78951801d787e"},"breadcrumb":{"@id":"http:\/\/www.comicbox.com\/index.php\/articles\/avant-premiere-comics-vo-injustice-year-zero-1-3\/#breadcrumb"},"inLanguage":"fr-FR","potentialAction":[{"@type":"ReadAction","target":["http:\/\/www.comicbox.com\/index.php\/articles\/avant-premiere-comics-vo-injustice-year-zero-1-3\/"]}]},{"@type":"ImageObject","inLanguage":"fr-FR","@id":"http:\/\/www.comicbox.com\/index.php\/articles\/avant-premiere-comics-vo-injustice-year-zero-1-3\/#primaryimage","url":"https:\/\/i0.wp.com\/www.comicbox.com\/wp-content\/uploads\/2020\/08\/Injustice.jpg?fit=728%2C304","contentUrl":"https:\/\/i0.wp.com\/www.comicbox.com\/wp-content\/uploads\/2020\/08\/Injustice.jpg?fit=728%2C304","width":728,"height":304,"caption":"Injustice \u2013 Year Zero #1"},{"@type":"BreadcrumbList","@id":"http:\/\/www.comicbox.com\/index.php\/articles\/avant-premiere-comics-vo-injustice-year-zero-1-3\/#breadcrumb","itemListElement":[{"@type":"ListItem","position":1,"name":"Accueil","item":"https:\/\/www.comicbox.com\/"},{"@type":"ListItem","position":2,"name":"Avant-Premi\u00e8re Comics VO: Injustice \u2013 Year Zero #1 \u2013 3"}]},{"@type":"WebSite","@id":"https:\/\/www.comicbox.com\/#website","url":"https:\/\/www.comicbox.com\/","name":"","description":"le magazine des cultures comics","potentialAction":[{"@type":"SearchAction","target":{"@type":"EntryPoint","urlTemplate":"https:\/\/www.comicbox.com\/?s={search_term_string}"},"query-input":{"@type":"PropertyValueSpecification","valueRequired":true,"valueName":"search_term_string"}}],"inLanguage":"fr-FR"},{"@type":"Person","@id":"https:\/\/www.comicbox.com\/#\/schema\/person\/a23da2abbe16b92903f78951801d787e","name":"Xavier Fournier","image":{"@type":"ImageObject","inLanguage":"fr-FR","@id":"https:\/\/www.comicbox.com\/#\/schema\/person\/image\/","url":"https:\/\/secure.gravatar.com\/avatar\/751f9d4e8b880838995887af46327753834e23c52952c4f3982a44b8b5e41cba?s=96&d=mm&r=g","contentUrl":"https:\/\/secure.gravatar.com\/avatar\/751f9d4e8b880838995887af46327753834e23c52952c4f3982a44b8b5e41cba?s=96&d=mm&r=g","caption":"Xavier Fournier"},"description":"Xavier Fournier est l'un des r\u00e9dacteurs du site comicbox.com, il est aussi l'auteur de diff\u00e9rents livres comme Super-H\u00e9ros - Une Histoire Fran\u00e7aise, Super-H\u00e9ros Fran\u00e7ais - Une Anthologie et Super-H\u00e9ros, l'Envers du Costume et enfin Comics En Guerre.","sameAs":["http:\/\/www.xavierfournier.com","https:\/\/www.facebook.com\/xfournier3","https:\/\/fr.linkedin.com\/in\/xavier-fournier-8365a970","https:\/\/x.com\/http:\/\/twitter.com\/XFournier"],"url":"http:\/\/www.comicbox.com\/index.php\/author\/xfournier\/"}]}},"jetpack_publicize_connections":[],"jetpack_featured_media_url":"https:\/\/i0.wp.com\/www.comicbox.com\/wp-content\/uploads\/2020\/08\/Injustice.jpg?fit=728%2C304","jetpack_sharing_enabled":true,"jetpack_shortlink":"https:\/\/wp.me\/pvyAi-l7x","_links":{"self":[{"href":"http:\/\/www.comicbox.com\/index.php\/wp-json\/wp\/v2\/posts\/81191","targetHints":{"allow":["GET"]}}],"collection":[{"href":"http:\/\/www.comicbox.com\/index.php\/wp-json\/wp\/v2\/posts"}],"about":[{"href":"http:\/\/www.comicbox.com\/index.php\/wp-json\/wp\/v2\/types\/post"}],"author":[{"embeddable":true,"href":"http:\/\/www.comicbox.com\/index.php\/wp-json\/wp\/v2\/users\/4"}],"replies":[{"embeddable":true,"href":"http:\/\/www.comicbox.com\/index.php\/wp-json\/wp\/v2\/comments?post=81191"}],"version-history":[{"count":2,"href":"http:\/\/www.comicbox.com\/index.php\/wp-json\/wp\/v2\/posts\/81191\/revisions"}],"predecessor-version":[{"id":81195,"href":"http:\/\/www.comicbox.com\/index.php\/wp-json\/wp\/v2\/posts\/81191\/revisions\/81195"}],"wp:featuredmedia":[{"embeddable":true,"href":"http:\/\/www.comicbox.com\/index.php\/wp-json\/wp\/v2\/media\/81193"}],"wp:attachment":[{"href":"http:\/\/www.comicbox.com\/index.php\/wp-json\/wp\/v2\/media?parent=81191"}],"wp:term":[{"taxonomy":"category","embeddable":true,"href":"http:\/\/www.comicbox.com\/index.php\/wp-json\/wp\/v2\/categories?post=81191"},{"taxonomy":"post_tag","embeddable":true,"href":"http:\/\/www.comicbox.com\/index.php\/wp-json\/wp\/v2\/tags?post=81191"}],"curies":[{"name":"wp","href":"https:\/\/api.w.org\/{rel}","templated":true}]}}