
{"id":80539,"date":"2020-05-13T17:15:46","date_gmt":"2020-05-13T15:15:46","guid":{"rendered":"http:\/\/www.comicbox.com\/?p=80539"},"modified":"2020-05-13T18:14:21","modified_gmt":"2020-05-13T16:14:21","slug":"the-flash-s06e19","status":"publish","type":"post","link":"http:\/\/www.comicbox.com\/index.php\/articles\/the-flash-s06e19\/","title":{"rendered":"The Flash S06E19"},"content":{"rendered":"<p style=\"text-align: justify;\">Apr\u00e8s une longue pause, The Flash a conclu sa saison par un \u00ab\u00a0run\u00a0\u00bb de quatre \u00e9pisodes. Le dix-neuvi\u00e8me \u00e9pisode devient, Covid-19 oblige, le dernier \u00e9pisode de cette saison 6. Si les producteurs ont pu jouer avec le montage pour offrir une conclusion satisfaisante et laisser des pistes ouvertes pour un (\u00e9ventuel) retour. <!--more--><strong>Attention, spoilers en vue !<\/strong><\/p>\n\n<p><span class=\"embed-youtube\" style=\"text-align:center; display: block;\"><iframe loading=\"lazy\" class=\"youtube-player\" width=\"1140\" height=\"642\" src=\"https:\/\/www.youtube.com\/embed\/zaMYstBJPr0?version=3&#038;rel=1&#038;showsearch=0&#038;showinfo=1&#038;iv_load_policy=1&#038;fs=1&#038;hl=fr-FR&#038;autohide=2&#038;wmode=transparent\" allowfullscreen=\"true\" style=\"border:0;\" sandbox=\"allow-scripts allow-same-origin allow-popups allow-presentation allow-popups-to-escape-sandbox\"><\/iframe><\/span><\/p>\n<h2 style=\"text-align: justify;\">Miroir, miroir&#8230;<\/h2>\n<p style=\"text-align: justify;\">Eva McCulloch (Efrat Dor) est enfin libre ! Apr\u00e8s avoir rev\u00eatu son costume de \u00ab\u00a0Mirror Mistress\u00a0\u00bb, elle s&rsquo;appr\u00eate \u00e0 enfin r\u00e9gler ses comptes avec son mari, Joseph Carver (Eric Nenninger). Si les membres de Team Flash sont remont\u00e9s comme jamais, ils n&rsquo;ont pas vraiment de plan pour arr\u00eater la super-vilaine. Ils ne font que subir les \u00e9v\u00e9nements sans vraiment trouver de solution. Surtout que Barry (Grant Gustin) ne peut utiliser ses pouvoirs comme il l&rsquo;entend. Pendant ce temps, Caitlin\/Frost (Danielle Panabaker) se remet toujours de ses blessures. Il est temps pour elle de faire appel \u00e0 sa m\u00e8re.<\/p>\n<p><img data-recalc-dims=\"1\" loading=\"lazy\" decoding=\"async\" data-attachment-id=\"80542\" data-permalink=\"http:\/\/www.comicbox.com\/index.php\/articles\/the-flash-s06e19\/attachment\/flashs06e19_01\/\" data-orig-file=\"https:\/\/i0.wp.com\/www.comicbox.com\/wp-content\/uploads\/2020\/05\/flashS06e19_01.jpg?fit=800%2C388\" data-orig-size=\"800,388\" data-comments-opened=\"1\" data-image-meta=\"{&quot;aperture&quot;:&quot;0&quot;,&quot;credit&quot;:&quot;&quot;,&quot;camera&quot;:&quot;&quot;,&quot;caption&quot;:&quot;&quot;,&quot;created_timestamp&quot;:&quot;0&quot;,&quot;copyright&quot;:&quot;&quot;,&quot;focal_length&quot;:&quot;0&quot;,&quot;iso&quot;:&quot;0&quot;,&quot;shutter_speed&quot;:&quot;0&quot;,&quot;title&quot;:&quot;&quot;,&quot;orientation&quot;:&quot;1&quot;}\" data-image-title=\"flashS06e19_01\" data-image-description=\"\" data-image-caption=\"\" data-large-file=\"https:\/\/i0.wp.com\/www.comicbox.com\/wp-content\/uploads\/2020\/05\/flashS06e19_01.jpg?fit=800%2C388\" class=\"wp-image-80542 size-full aligncenter\" src=\"https:\/\/i0.wp.com\/www.comicbox.com\/wp-content\/uploads\/2020\/05\/flashS06e19_01.jpg?resize=800%2C388\" alt=\"\" width=\"800\" height=\"388\" srcset=\"https:\/\/i0.wp.com\/www.comicbox.com\/wp-content\/uploads\/2020\/05\/flashS06e19_01.jpg?w=800 800w, https:\/\/i0.wp.com\/www.comicbox.com\/wp-content\/uploads\/2020\/05\/flashS06e19_01.jpg?resize=150%2C73 150w, https:\/\/i0.wp.com\/www.comicbox.com\/wp-content\/uploads\/2020\/05\/flashS06e19_01.jpg?resize=768%2C372 768w, https:\/\/i0.wp.com\/www.comicbox.com\/wp-content\/uploads\/2020\/05\/flashS06e19_01.jpg?resize=400%2C194 400w\" sizes=\"auto, (max-width: 800px) 100vw, 800px\" \/><\/p>\n<h2>Pour fans avertis<\/h2>\n<p style=\"text-align: justify;\">Cette sixi\u00e8me saison s&rsquo;inspire en grande partie des sagas actuelles des comics, \u00e9crits par Josh Williamson. Ainsi, Black Hole, Godspeed, tous ces personnages ont \u00e9t\u00e9 cr\u00e9\u00e9 r\u00e9cemment. De quoi attirer les lecteurs qui se tourneraient vers la s\u00e9rie TV et vice-versa. Les fans peuvent donc se demander si les producteurs n&rsquo;avaient pas pr\u00e9vu de lancer la septi\u00e8me saison avec des allusions au vilain Raijin, en lien avec les origines de Godspeed et la Force V\u00e9loce dans les comics. Mirror Mistress, en revanche, est une cr\u00e9ation de la s\u00e9rie TV. Ayant d\u00e9j\u00e0 utilis\u00e9 Sam Scudder comme premier Mirror Master (dans la saison 3), le showrunner a invent\u00e9 une version f\u00e9minine d&rsquo;Evan McCulloch, deuxi\u00e8me Ma\u00eetre des Miroirs dans les comics. Cette variation ne d\u00e9\u00e7oit pas et on sent qu&rsquo;elle est pr\u00eate \u00e0 tout pour accomplir son objectif : se venger de son mari. Et rien n&rsquo;indique qu&rsquo;elle n&rsquo;a un plan diabolique pour le reste du monde. Donc que fera-t-elle quand tout sera fini ? Les maigres pistes en fin d&rsquo;\u00e9pisode n&rsquo;indique pas trop comment Eva va \u00e9voluer. Si les fans des comics ne sont pas laiss\u00e9s de c\u00f4t\u00e9, les t\u00e9l\u00e9spectateurs fid\u00e8les pourront quand \u00e0 eux s&rsquo;amuser avec le sort de Caitlin\/Frost. Pourquoi est-elle si peu pr\u00e9sente, ou du moins, laiss\u00e9 de c\u00f4t\u00e9 ? Tout simplement, parce que la vraie vie rattrape la fiction : son interpr\u00e8te Danielle Panabaker \u00e9tait enceinte lors du tournages des derniers \u00e9pisodes. Du coup, cadr\u00e9e de haut, cach\u00e9e sous une couverture, l&rsquo;actrice voit son alter-ego bless\u00e9e et donc, ne pouvant pas suivre le reste de l&rsquo;\u00e9quipe. Des allusions \u00e7a et l\u00e0 sont diss\u00e9min\u00e9es dont cette phrase de la m\u00e8re de Caitlin : \u00ab\u00a0Je promets de vous les ramener toutes les deux d\u00e8s que possible\u00a0\u00bb. Une convalescence qui prend une autre tournure. Une porte de sortie facile est utilis\u00e9e cette semaine, pour lui permettre de finir sa grosses hors plateaux. M\u00eame si depuis, elle a accouch\u00e9 et devrait \u00eatre pr\u00eate \u00e0 tourner quand la production l&rsquo;autorisera.<\/p>\n<p><img data-recalc-dims=\"1\" loading=\"lazy\" decoding=\"async\" data-attachment-id=\"80543\" data-permalink=\"http:\/\/www.comicbox.com\/index.php\/articles\/the-flash-s06e19\/attachment\/flashs06e19_02\/\" data-orig-file=\"https:\/\/i0.wp.com\/www.comicbox.com\/wp-content\/uploads\/2020\/05\/flashS06e19_02.jpg?fit=800%2C388\" data-orig-size=\"800,388\" data-comments-opened=\"1\" data-image-meta=\"{&quot;aperture&quot;:&quot;0&quot;,&quot;credit&quot;:&quot;&quot;,&quot;camera&quot;:&quot;&quot;,&quot;caption&quot;:&quot;&quot;,&quot;created_timestamp&quot;:&quot;0&quot;,&quot;copyright&quot;:&quot;&quot;,&quot;focal_length&quot;:&quot;0&quot;,&quot;iso&quot;:&quot;0&quot;,&quot;shutter_speed&quot;:&quot;0&quot;,&quot;title&quot;:&quot;&quot;,&quot;orientation&quot;:&quot;1&quot;}\" data-image-title=\"flashS06e19_02\" data-image-description=\"\" data-image-caption=\"\" data-large-file=\"https:\/\/i0.wp.com\/www.comicbox.com\/wp-content\/uploads\/2020\/05\/flashS06e19_02.jpg?fit=800%2C388\" class=\"wp-image-80543 size-full aligncenter\" src=\"https:\/\/i0.wp.com\/www.comicbox.com\/wp-content\/uploads\/2020\/05\/flashS06e19_02.jpg?resize=800%2C388\" alt=\"\" width=\"800\" height=\"388\" srcset=\"https:\/\/i0.wp.com\/www.comicbox.com\/wp-content\/uploads\/2020\/05\/flashS06e19_02.jpg?w=800 800w, https:\/\/i0.wp.com\/www.comicbox.com\/wp-content\/uploads\/2020\/05\/flashS06e19_02.jpg?resize=150%2C73 150w, https:\/\/i0.wp.com\/www.comicbox.com\/wp-content\/uploads\/2020\/05\/flashS06e19_02.jpg?resize=768%2C372 768w, https:\/\/i0.wp.com\/www.comicbox.com\/wp-content\/uploads\/2020\/05\/flashS06e19_02.jpg?resize=400%2C194 400w\" sizes=\"auto, (max-width: 800px) 100vw, 800px\" \/><\/p>\n<h2 style=\"text-align: justify;\">Ennemi invisible<\/h2>\n<p style=\"text-align: justify;\">Cette saison, le pire ennemi de Flash n&rsquo;est pas Mirror Mistress mais la pand\u00e9mie qui ravage le monde actuellement. Comme bon nombre d&rsquo;activit\u00e9s, les tournages ont cess\u00e9 fin mars. Une p\u00e9riode o\u00f9, habituellement, les s\u00e9ries TV de la CW (tourn\u00e9es \u00e0 Vancouver) mettent en bo\u00eete leurs derniers \u00e9pisodes. Du coup, m\u00eame si certains maillons de la production ont pu permettre la diffusion de quelques \u00e9pisodes, sans image, il leur est impossible d&rsquo;achever l&rsquo;int\u00e9gralit\u00e9 de la saison. Avec au moins trois \u00e9pisodes manquants (les saisons varient entre 22 et 23 \u00e9pisodes), on ne peut que se sentir frustrer. Cet \u00e9pisode vient r\u00e9gler des storylines, mises en place depuis plusieurs semaines. Mais il ne peut en aucun cas rivaliser avec les \u00ab\u00a0season finale\u00a0\u00bb habituels. D&rsquo;une part, parce qu&rsquo;il reste beaucoup \u00e0 r\u00e9gler pour conclure la saison. D&rsquo;autre part, car il n&rsquo;a pas le panache d&rsquo;un \u00e9pisode de fin. M\u00eame si le showrunner d\u00e9clarait il y a peu que la sc\u00e8ne de combat de cette semaine \u00e9tait l&rsquo;une des plus grandes de la s\u00e9rie, elle est bien faible. Elle met en sc\u00e8ne une partie de l&rsquo;\u00e9quipe Flash face aux trois tueuses \u00e0 gage de l&rsquo;organisation Black Hole. OK, il y a du monde \u00e0 l&rsquo;\u00e9cran : des h\u00e9ros aux vilaines en passant par les gardes de McCulloch Technologies. Mais o\u00f9 est notre h\u00e9ros ? Sans acc\u00e8s \u00e0 la Force V\u00e9loce, Flash n&rsquo;est pas tr\u00e8s pr\u00e9sent \u00e0 l&rsquo;\u00e9cran derni\u00e8rement. Donc, comment qualifier de \u00ab\u00a0grandiose\u00a0\u00bb ce combat sans le bolide \u00e9carlate ?<\/p>\n<p><img data-recalc-dims=\"1\" loading=\"lazy\" decoding=\"async\" data-attachment-id=\"80544\" data-permalink=\"http:\/\/www.comicbox.com\/index.php\/articles\/the-flash-s06e19\/attachment\/flashs06e19_03\/\" data-orig-file=\"https:\/\/i0.wp.com\/www.comicbox.com\/wp-content\/uploads\/2020\/05\/flashS06e19_03.jpg?fit=800%2C388\" data-orig-size=\"800,388\" data-comments-opened=\"1\" data-image-meta=\"{&quot;aperture&quot;:&quot;0&quot;,&quot;credit&quot;:&quot;&quot;,&quot;camera&quot;:&quot;&quot;,&quot;caption&quot;:&quot;&quot;,&quot;created_timestamp&quot;:&quot;0&quot;,&quot;copyright&quot;:&quot;&quot;,&quot;focal_length&quot;:&quot;0&quot;,&quot;iso&quot;:&quot;0&quot;,&quot;shutter_speed&quot;:&quot;0&quot;,&quot;title&quot;:&quot;&quot;,&quot;orientation&quot;:&quot;1&quot;}\" data-image-title=\"flashS06e19_03\" data-image-description=\"\" data-image-caption=\"\" data-large-file=\"https:\/\/i0.wp.com\/www.comicbox.com\/wp-content\/uploads\/2020\/05\/flashS06e19_03.jpg?fit=800%2C388\" class=\"wp-image-80544 size-full aligncenter\" src=\"https:\/\/i0.wp.com\/www.comicbox.com\/wp-content\/uploads\/2020\/05\/flashS06e19_03.jpg?resize=800%2C388\" alt=\"\" width=\"800\" height=\"388\" srcset=\"https:\/\/i0.wp.com\/www.comicbox.com\/wp-content\/uploads\/2020\/05\/flashS06e19_03.jpg?w=800 800w, https:\/\/i0.wp.com\/www.comicbox.com\/wp-content\/uploads\/2020\/05\/flashS06e19_03.jpg?resize=150%2C73 150w, https:\/\/i0.wp.com\/www.comicbox.com\/wp-content\/uploads\/2020\/05\/flashS06e19_03.jpg?resize=768%2C372 768w, https:\/\/i0.wp.com\/www.comicbox.com\/wp-content\/uploads\/2020\/05\/flashS06e19_03.jpg?resize=400%2C194 400w\" sizes=\"auto, (max-width: 800px) 100vw, 800px\" \/><\/p>\n<p>Les multiples cliffhangers de fin de saison sont bien l\u00e0. Malgr\u00e9 tout, on comprend qu&rsquo;ils n&rsquo;\u00e9taient l\u00e0 que pour relancer l&rsquo;int\u00e9r\u00eat pour les derniers \u00e9pisodes. Rien ne nous laisse pantois. Quand on pense qu&rsquo;il aurait d\u00fb concerner le nemesis de Flash, Eobard Thawne&#8230; Dommage car cette saison \u00e9tait repartie \u00ab\u00a0sur des chapeaux de roues\u00a0\u00bb et aurait pu \u00eatre l&rsquo;une des meilleures depuis longtemps&#8230;<\/p>\n[Pierre Bisson]\n","protected":false},"excerpt":{"rendered":"<p>Apr\u00e8s une longue pause, The Flash a conclu sa saison par un \u00ab\u00a0run\u00a0\u00bb de quatre \u00e9pisodes. Le dix-neuvi\u00e8me \u00e9pisode devient,&hellip;<\/p>\n","protected":false},"author":2,"featured_media":80545,"comment_status":"open","ping_status":"open","sticky":false,"template":"","format":"standard","meta":{"jetpack_post_was_ever_published":false,"_jetpack_newsletter_access":"","_jetpack_dont_email_post_to_subs":false,"_jetpack_newsletter_tier_id":0,"_jetpack_memberships_contains_paywalled_content":false,"_jetpack_memberships_contains_paid_content":false,"footnotes":"","jetpack_publicize_message":"","jetpack_publicize_feature_enabled":true,"jetpack_social_post_already_shared":true,"jetpack_social_options":{"image_generator_settings":{"template":"highway","default_image_id":0,"font":"","enabled":false},"version":2}},"categories":[3,1727,5379],"tags":[648,6402,113,6400,4656,4906,6401,4406,2655],"class_list":["post-80539","post","type-post","status-publish","format-standard","has-post-thumbnail","hentry","category-articles","category-diapo","category-series-tv","tag-barry-allen","tag-black-hole","tag-dc-comics","tag-eva-mcculloch","tag-grant-gustin","tag-iris-west","tag-mirror-mistress","tag-the-cw","tag-the-flash"],"yoast_head":"<!-- This site is optimized with the Yoast SEO plugin v24.9 - https:\/\/yoast.com\/wordpress\/plugins\/seo\/ -->\n<title>The Flash S06E19 -<\/title>\n<meta name=\"robots\" content=\"index, follow, max-snippet:-1, max-image-preview:large, max-video-preview:-1\" \/>\n<link rel=\"canonical\" href=\"http:\/\/www.comicbox.com\/index.php\/articles\/the-flash-s06e19\/\" \/>\n<meta property=\"og:locale\" content=\"fr_FR\" \/>\n<meta property=\"og:type\" content=\"article\" \/>\n<meta property=\"og:title\" content=\"The Flash S06E19 -\" \/>\n<meta property=\"og:description\" content=\"Apr\u00e8s une longue pause, The Flash a conclu sa saison par un \u00ab\u00a0run\u00a0\u00bb de quatre \u00e9pisodes. Le dix-neuvi\u00e8me \u00e9pisode devient,&hellip;\" \/>\n<meta property=\"og:url\" content=\"http:\/\/www.comicbox.com\/index.php\/articles\/the-flash-s06e19\/\" \/>\n<meta property=\"article:author\" content=\"https:\/\/www.facebook.com\/pierre.bisson?fref=ts\" \/>\n<meta property=\"article:published_time\" content=\"2020-05-13T15:15:46+00:00\" \/>\n<meta property=\"article:modified_time\" content=\"2020-05-13T16:14:21+00:00\" \/>\n<meta property=\"og:image\" content=\"https:\/\/i0.wp.com\/www.comicbox.com\/wp-content\/uploads\/2020\/05\/flashS06e19_frise.jpg?fit=728%2C314\" \/>\n\t<meta property=\"og:image:width\" content=\"728\" \/>\n\t<meta property=\"og:image:height\" content=\"314\" \/>\n\t<meta property=\"og:image:type\" content=\"image\/jpeg\" \/>\n<meta name=\"author\" content=\"Pierre Bisson\" \/>\n<meta name=\"twitter:card\" content=\"summary_large_image\" \/>\n<meta name=\"twitter:creator\" content=\"@https:\/\/twitter.com\/pierobisson\" \/>\n<meta name=\"twitter:label1\" content=\"\u00c9crit par\" \/>\n\t<meta name=\"twitter:data1\" content=\"Pierre Bisson\" \/>\n\t<meta name=\"twitter:label2\" content=\"Dur\u00e9e de lecture estim\u00e9e\" \/>\n\t<meta name=\"twitter:data2\" content=\"4 minutes\" \/>\n<script type=\"application\/ld+json\" class=\"yoast-schema-graph\">{\"@context\":\"https:\/\/schema.org\",\"@graph\":[{\"@type\":\"WebPage\",\"@id\":\"http:\/\/www.comicbox.com\/index.php\/articles\/the-flash-s06e19\/\",\"url\":\"http:\/\/www.comicbox.com\/index.php\/articles\/the-flash-s06e19\/\",\"name\":\"The Flash S06E19 -\",\"isPartOf\":{\"@id\":\"https:\/\/www.comicbox.com\/#website\"},\"primaryImageOfPage\":{\"@id\":\"http:\/\/www.comicbox.com\/index.php\/articles\/the-flash-s06e19\/#primaryimage\"},\"image\":{\"@id\":\"http:\/\/www.comicbox.com\/index.php\/articles\/the-flash-s06e19\/#primaryimage\"},\"thumbnailUrl\":\"https:\/\/i0.wp.com\/www.comicbox.com\/wp-content\/uploads\/2020\/05\/flashS06e19_frise.jpg?fit=728%2C314\",\"datePublished\":\"2020-05-13T15:15:46+00:00\",\"dateModified\":\"2020-05-13T16:14:21+00:00\",\"author\":{\"@id\":\"https:\/\/www.comicbox.com\/#\/schema\/person\/e90168f9b9b6a5f3c6e25828ca5d1ac2\"},\"breadcrumb\":{\"@id\":\"http:\/\/www.comicbox.com\/index.php\/articles\/the-flash-s06e19\/#breadcrumb\"},\"inLanguage\":\"fr-FR\",\"potentialAction\":[{\"@type\":\"ReadAction\",\"target\":[\"http:\/\/www.comicbox.com\/index.php\/articles\/the-flash-s06e19\/\"]}]},{\"@type\":\"ImageObject\",\"inLanguage\":\"fr-FR\",\"@id\":\"http:\/\/www.comicbox.com\/index.php\/articles\/the-flash-s06e19\/#primaryimage\",\"url\":\"https:\/\/i0.wp.com\/www.comicbox.com\/wp-content\/uploads\/2020\/05\/flashS06e19_frise.jpg?fit=728%2C314\",\"contentUrl\":\"https:\/\/i0.wp.com\/www.comicbox.com\/wp-content\/uploads\/2020\/05\/flashS06e19_frise.jpg?fit=728%2C314\",\"width\":728,\"height\":314},{\"@type\":\"BreadcrumbList\",\"@id\":\"http:\/\/www.comicbox.com\/index.php\/articles\/the-flash-s06e19\/#breadcrumb\",\"itemListElement\":[{\"@type\":\"ListItem\",\"position\":1,\"name\":\"Accueil\",\"item\":\"https:\/\/www.comicbox.com\/\"},{\"@type\":\"ListItem\",\"position\":2,\"name\":\"The Flash S06E19\"}]},{\"@type\":\"WebSite\",\"@id\":\"https:\/\/www.comicbox.com\/#website\",\"url\":\"https:\/\/www.comicbox.com\/\",\"name\":\"\",\"description\":\"le magazine des cultures comics\",\"potentialAction\":[{\"@type\":\"SearchAction\",\"target\":{\"@type\":\"EntryPoint\",\"urlTemplate\":\"https:\/\/www.comicbox.com\/?s={search_term_string}\"},\"query-input\":{\"@type\":\"PropertyValueSpecification\",\"valueRequired\":true,\"valueName\":\"search_term_string\"}}],\"inLanguage\":\"fr-FR\"},{\"@type\":\"Person\",\"@id\":\"https:\/\/www.comicbox.com\/#\/schema\/person\/e90168f9b9b6a5f3c6e25828ca5d1ac2\",\"name\":\"Pierre Bisson\",\"image\":{\"@type\":\"ImageObject\",\"inLanguage\":\"fr-FR\",\"@id\":\"https:\/\/www.comicbox.com\/#\/schema\/person\/image\/\",\"url\":\"https:\/\/secure.gravatar.com\/avatar\/f7fb6fb38f5e6ccf5f1697bc6273d4d5853c08bb716456166ea903f2055c4580?s=96&d=mm&r=g\",\"contentUrl\":\"https:\/\/secure.gravatar.com\/avatar\/f7fb6fb38f5e6ccf5f1697bc6273d4d5853c08bb716456166ea903f2055c4580?s=96&d=mm&r=g\",\"caption\":\"Pierre Bisson\"},\"description\":\"Pierre Bisson en plus d'\u00eatre l'un des r\u00e9dacteurs du site comicbox.com est aussi traducteur, lettreur et maquettiste.\",\"sameAs\":[\"https:\/\/www.facebook.com\/pierre.bisson?fref=ts\",\"https:\/\/x.com\/https:\/\/twitter.com\/pierobisson\"],\"url\":\"http:\/\/www.comicbox.com\/index.php\/author\/piero\/\"}]}<\/script>\n<!-- \/ Yoast SEO plugin. -->","yoast_head_json":{"title":"The Flash S06E19 -","robots":{"index":"index","follow":"follow","max-snippet":"max-snippet:-1","max-image-preview":"max-image-preview:large","max-video-preview":"max-video-preview:-1"},"canonical":"http:\/\/www.comicbox.com\/index.php\/articles\/the-flash-s06e19\/","og_locale":"fr_FR","og_type":"article","og_title":"The Flash S06E19 -","og_description":"Apr\u00e8s une longue pause, The Flash a conclu sa saison par un \u00ab\u00a0run\u00a0\u00bb de quatre \u00e9pisodes. Le dix-neuvi\u00e8me \u00e9pisode devient,&hellip;","og_url":"http:\/\/www.comicbox.com\/index.php\/articles\/the-flash-s06e19\/","article_author":"https:\/\/www.facebook.com\/pierre.bisson?fref=ts","article_published_time":"2020-05-13T15:15:46+00:00","article_modified_time":"2020-05-13T16:14:21+00:00","og_image":[{"width":728,"height":314,"url":"https:\/\/i0.wp.com\/www.comicbox.com\/wp-content\/uploads\/2020\/05\/flashS06e19_frise.jpg?fit=728%2C314","type":"image\/jpeg"}],"author":"Pierre Bisson","twitter_card":"summary_large_image","twitter_creator":"@https:\/\/twitter.com\/pierobisson","twitter_misc":{"\u00c9crit par":"Pierre Bisson","Dur\u00e9e de lecture estim\u00e9e":"4 minutes"},"schema":{"@context":"https:\/\/schema.org","@graph":[{"@type":"WebPage","@id":"http:\/\/www.comicbox.com\/index.php\/articles\/the-flash-s06e19\/","url":"http:\/\/www.comicbox.com\/index.php\/articles\/the-flash-s06e19\/","name":"The Flash S06E19 -","isPartOf":{"@id":"https:\/\/www.comicbox.com\/#website"},"primaryImageOfPage":{"@id":"http:\/\/www.comicbox.com\/index.php\/articles\/the-flash-s06e19\/#primaryimage"},"image":{"@id":"http:\/\/www.comicbox.com\/index.php\/articles\/the-flash-s06e19\/#primaryimage"},"thumbnailUrl":"https:\/\/i0.wp.com\/www.comicbox.com\/wp-content\/uploads\/2020\/05\/flashS06e19_frise.jpg?fit=728%2C314","datePublished":"2020-05-13T15:15:46+00:00","dateModified":"2020-05-13T16:14:21+00:00","author":{"@id":"https:\/\/www.comicbox.com\/#\/schema\/person\/e90168f9b9b6a5f3c6e25828ca5d1ac2"},"breadcrumb":{"@id":"http:\/\/www.comicbox.com\/index.php\/articles\/the-flash-s06e19\/#breadcrumb"},"inLanguage":"fr-FR","potentialAction":[{"@type":"ReadAction","target":["http:\/\/www.comicbox.com\/index.php\/articles\/the-flash-s06e19\/"]}]},{"@type":"ImageObject","inLanguage":"fr-FR","@id":"http:\/\/www.comicbox.com\/index.php\/articles\/the-flash-s06e19\/#primaryimage","url":"https:\/\/i0.wp.com\/www.comicbox.com\/wp-content\/uploads\/2020\/05\/flashS06e19_frise.jpg?fit=728%2C314","contentUrl":"https:\/\/i0.wp.com\/www.comicbox.com\/wp-content\/uploads\/2020\/05\/flashS06e19_frise.jpg?fit=728%2C314","width":728,"height":314},{"@type":"BreadcrumbList","@id":"http:\/\/www.comicbox.com\/index.php\/articles\/the-flash-s06e19\/#breadcrumb","itemListElement":[{"@type":"ListItem","position":1,"name":"Accueil","item":"https:\/\/www.comicbox.com\/"},{"@type":"ListItem","position":2,"name":"The Flash S06E19"}]},{"@type":"WebSite","@id":"https:\/\/www.comicbox.com\/#website","url":"https:\/\/www.comicbox.com\/","name":"","description":"le magazine des cultures comics","potentialAction":[{"@type":"SearchAction","target":{"@type":"EntryPoint","urlTemplate":"https:\/\/www.comicbox.com\/?s={search_term_string}"},"query-input":{"@type":"PropertyValueSpecification","valueRequired":true,"valueName":"search_term_string"}}],"inLanguage":"fr-FR"},{"@type":"Person","@id":"https:\/\/www.comicbox.com\/#\/schema\/person\/e90168f9b9b6a5f3c6e25828ca5d1ac2","name":"Pierre Bisson","image":{"@type":"ImageObject","inLanguage":"fr-FR","@id":"https:\/\/www.comicbox.com\/#\/schema\/person\/image\/","url":"https:\/\/secure.gravatar.com\/avatar\/f7fb6fb38f5e6ccf5f1697bc6273d4d5853c08bb716456166ea903f2055c4580?s=96&d=mm&r=g","contentUrl":"https:\/\/secure.gravatar.com\/avatar\/f7fb6fb38f5e6ccf5f1697bc6273d4d5853c08bb716456166ea903f2055c4580?s=96&d=mm&r=g","caption":"Pierre Bisson"},"description":"Pierre Bisson en plus d'\u00eatre l'un des r\u00e9dacteurs du site comicbox.com est aussi traducteur, lettreur et maquettiste.","sameAs":["https:\/\/www.facebook.com\/pierre.bisson?fref=ts","https:\/\/x.com\/https:\/\/twitter.com\/pierobisson"],"url":"http:\/\/www.comicbox.com\/index.php\/author\/piero\/"}]}},"jetpack_publicize_connections":[],"jetpack_featured_media_url":"https:\/\/i0.wp.com\/www.comicbox.com\/wp-content\/uploads\/2020\/05\/flashS06e19_frise.jpg?fit=728%2C314","jetpack_sharing_enabled":true,"jetpack_shortlink":"https:\/\/wp.me\/pvyAi-kX1","_links":{"self":[{"href":"http:\/\/www.comicbox.com\/index.php\/wp-json\/wp\/v2\/posts\/80539","targetHints":{"allow":["GET"]}}],"collection":[{"href":"http:\/\/www.comicbox.com\/index.php\/wp-json\/wp\/v2\/posts"}],"about":[{"href":"http:\/\/www.comicbox.com\/index.php\/wp-json\/wp\/v2\/types\/post"}],"author":[{"embeddable":true,"href":"http:\/\/www.comicbox.com\/index.php\/wp-json\/wp\/v2\/users\/2"}],"replies":[{"embeddable":true,"href":"http:\/\/www.comicbox.com\/index.php\/wp-json\/wp\/v2\/comments?post=80539"}],"version-history":[{"count":4,"href":"http:\/\/www.comicbox.com\/index.php\/wp-json\/wp\/v2\/posts\/80539\/revisions"}],"predecessor-version":[{"id":80548,"href":"http:\/\/www.comicbox.com\/index.php\/wp-json\/wp\/v2\/posts\/80539\/revisions\/80548"}],"wp:featuredmedia":[{"embeddable":true,"href":"http:\/\/www.comicbox.com\/index.php\/wp-json\/wp\/v2\/media\/80545"}],"wp:attachment":[{"href":"http:\/\/www.comicbox.com\/index.php\/wp-json\/wp\/v2\/media?parent=80539"}],"wp:term":[{"taxonomy":"category","embeddable":true,"href":"http:\/\/www.comicbox.com\/index.php\/wp-json\/wp\/v2\/categories?post=80539"},{"taxonomy":"post_tag","embeddable":true,"href":"http:\/\/www.comicbox.com\/index.php\/wp-json\/wp\/v2\/tags?post=80539"}],"curies":[{"name":"wp","href":"https:\/\/api.w.org\/{rel}","templated":true}]}}