
{"id":79457,"date":"2019-10-16T11:12:01","date_gmt":"2019-10-16T09:12:01","guid":{"rendered":"http:\/\/www.comicbox.com\/?p=79457"},"modified":"2019-10-16T11:12:01","modified_gmt":"2019-10-16T09:12:01","slug":"the-flash-s06e2","status":"publish","type":"post","link":"http:\/\/www.comicbox.com\/index.php\/articles\/the-flash-s06e2\/","title":{"rendered":"The Flash S06E2"},"content":{"rendered":"<p style=\"text-align: justify;\">Flash le sait depuis des ann\u00e9es. Quelque part dans son futur la Crisis l&rsquo;attend et il lui arrivera quelque chose de funeste, peut-\u00eatre m\u00eame de fatal. N&rsquo;y tenant plus, Barry Allen d\u00e9cide de voyager dans le temps en esp\u00e9rant d\u00e9couvrir (et pr\u00e9venir) son destin. Mais il se heurte litt\u00e9ralement \u00e0 un mur. Alors qu&rsquo;on sait que cette saison les s\u00e9ries DC\/CW vont se r\u00e9unir dans une grande crise cosmique, la s\u00e9rie TV The Flash aborde d\u00e9j\u00e0 frontalement la question, avec quelques moments qui parleront aux fans de comics<!--more--> mais aussi, malheureusement, une enqu\u00eate secondaire qui d\u00e9truit une bonne partie de la tension.<\/p>\n<p><span class=\"embed-youtube\" style=\"text-align:center; display: block;\"><iframe loading=\"lazy\" class=\"youtube-player\" width=\"1140\" height=\"642\" src=\"https:\/\/www.youtube.com\/embed\/YJenf7dgVJg?version=3&#038;rel=1&#038;showsearch=0&#038;showinfo=1&#038;iv_load_policy=1&#038;fs=1&#038;hl=fr-FR&#038;autohide=2&#038;wmode=transparent\" allowfullscreen=\"true\" style=\"border:0;\" sandbox=\"allow-scripts allow-same-origin allow-popups allow-presentation allow-popups-to-escape-sandbox\"><\/iframe><\/span><\/p>\n<h3>\u00ab\u00a0Flash must die\u00a0\u00bb<\/h3>\n<p style=\"text-align: justify;\">C&rsquo;est la sc\u00e8ne qui avait scotch\u00e9 les fans \u00e0 la fin du tout premier \u00e9pisode de la s\u00e9rie. Depuis ses d\u00e9buts, Flash\/Barry Allen sait qu&rsquo;il est destin\u00e9 \u00e0 dispara\u00eetre au cours d&rsquo;un \u00e9v\u00e9nement nomm\u00e9 Crisis, qui se d\u00e9roulerait en 2024. Les pr\u00e9dictions et allusions se sont succ\u00e9d\u00e9 au fil des saisons de la s\u00e9rie et voici que Barry comment \u00e0 se dire que 2024 ce sera vite l\u00e0 et qu&rsquo;il voudrait bien s&rsquo;avoir ce qui lui arrive. D&rsquo;autant que le jeune h\u00e9ros se dit que si son destin est d&rsquo;\u00eatre port\u00e9 disparu, peut-\u00eatre est-il simplement \u00ab\u00a0manquant\u00a0\u00bb \u00e0 l&rsquo;appel mais coinc\u00e9 quelque part. Pour en avoir le c\u0153ur net, Flash d\u00e9cide de voyager jusqu&rsquo;en 2024 pour apprendre autant de choses qu&rsquo;il le peut. Mais il d\u00e9couvre surtout&#8230; qu&rsquo;il ne peut pas. L&rsquo;acc\u00e8s au futur est bloqu\u00e9 par un mur d&rsquo;antimati\u00e8re. Barry va donc demander de l&rsquo;aide \u00e0 un autre expert de la Speed force, Jay Garrick.<\/p>\n<p><img data-recalc-dims=\"1\" loading=\"lazy\" decoding=\"async\" data-attachment-id=\"79458\" data-permalink=\"http:\/\/www.comicbox.com\/index.php\/articles\/the-flash-s06e2\/attachment\/flash2-4\/\" data-orig-file=\"https:\/\/i0.wp.com\/www.comicbox.com\/wp-content\/uploads\/2019\/10\/Flash2.jpg?fit=750%2C446\" data-orig-size=\"750,446\" data-comments-opened=\"1\" data-image-meta=\"{&quot;aperture&quot;:&quot;0&quot;,&quot;credit&quot;:&quot;&quot;,&quot;camera&quot;:&quot;&quot;,&quot;caption&quot;:&quot;&quot;,&quot;created_timestamp&quot;:&quot;0&quot;,&quot;copyright&quot;:&quot;&quot;,&quot;focal_length&quot;:&quot;0&quot;,&quot;iso&quot;:&quot;0&quot;,&quot;shutter_speed&quot;:&quot;0&quot;,&quot;title&quot;:&quot;&quot;,&quot;orientation&quot;:&quot;1&quot;}\" data-image-title=\"Flash2\" data-image-description=\"\" data-image-caption=\"\" data-large-file=\"https:\/\/i0.wp.com\/www.comicbox.com\/wp-content\/uploads\/2019\/10\/Flash2.jpg?fit=750%2C446\" class=\"size-full wp-image-79458 aligncenter\" src=\"https:\/\/i0.wp.com\/www.comicbox.com\/wp-content\/uploads\/2019\/10\/Flash2.jpg?resize=750%2C446\" alt=\"\" width=\"750\" height=\"446\" srcset=\"https:\/\/i0.wp.com\/www.comicbox.com\/wp-content\/uploads\/2019\/10\/Flash2.jpg?w=750 750w, https:\/\/i0.wp.com\/www.comicbox.com\/wp-content\/uploads\/2019\/10\/Flash2.jpg?resize=150%2C89 150w, https:\/\/i0.wp.com\/www.comicbox.com\/wp-content\/uploads\/2019\/10\/Flash2.jpg?resize=400%2C238 400w\" sizes=\"auto, (max-width: 750px) 100vw, 750px\" \/><\/p>\n<h3>\u00ab\u00a0The justice system doesn&rsquo;t always work for metas\u00a0\u00bb<\/h3>\n<p style=\"text-align: justify;\">La mise en place de Crisis est assez plaisante et elle comporte d\u00e9j\u00e0 plusieurs r\u00e9f\u00e9rences au sort de Barry dans le comic-book d&rsquo;origine (Crisis of Infinite Earths). Les sc\u00e9naristes prennent un malin plaisir \u00e0 jouer avec les nerfs des fans qui sauront reconna\u00eetre les signes. Mais cette tension dramatique est largement remise en question les m\u00e9saventures du reste de la supporting cast. En effet, pendant que Barry regarde vers le futur, il faut bien occuper les personnages secondaires et pour le coup on a l&rsquo;impression que les auteurs se d\u00e9gonflent un peu, en proposant une sorte d&rsquo;enqu\u00eate proc\u00e9durale o\u00f9 tout semble accuser une d\u00e9tenue d&rsquo;\u00eatre responsable de plusieurs morts. Cisco, les Allen ou encore Elongated Man vont tous contribuer \u00e0 cette qu\u00eate secondaire. Mais le tout est jou\u00e9 comme un Vaudeville, avec parfois des messes basses ou des ambiances sonores dignes d&rsquo;un th\u00e9\u00e2tre de boulevard. Les personnages eux-m\u00eames ne semblent pas se passionner pour cette qu\u00eate. Le contraste est d&rsquo;autant plus marquant quand on a vu Jesse L. Martin jouer s\u00e9rieusement les enqu\u00eateurs dans Law &amp; Order. Autant dire que l&rsquo;enqu\u00eate n&rsquo;est qu&rsquo;une fa\u00e7on de meubler, tandis que Barry g\u00e8re les choses s\u00e9rieuses.<\/p>\n<p><img data-recalc-dims=\"1\" loading=\"lazy\" decoding=\"async\" data-attachment-id=\"79459\" data-permalink=\"http:\/\/www.comicbox.com\/index.php\/articles\/the-flash-s06e2\/attachment\/flash3-4\/\" data-orig-file=\"https:\/\/i0.wp.com\/www.comicbox.com\/wp-content\/uploads\/2019\/10\/Flash3.jpg?fit=750%2C458\" data-orig-size=\"750,458\" data-comments-opened=\"1\" data-image-meta=\"{&quot;aperture&quot;:&quot;0&quot;,&quot;credit&quot;:&quot;&quot;,&quot;camera&quot;:&quot;&quot;,&quot;caption&quot;:&quot;&quot;,&quot;created_timestamp&quot;:&quot;0&quot;,&quot;copyright&quot;:&quot;&quot;,&quot;focal_length&quot;:&quot;0&quot;,&quot;iso&quot;:&quot;0&quot;,&quot;shutter_speed&quot;:&quot;0&quot;,&quot;title&quot;:&quot;&quot;,&quot;orientation&quot;:&quot;1&quot;}\" data-image-title=\"The Flash S06E2\" data-image-description=\"\" data-image-caption=\"\" data-large-file=\"https:\/\/i0.wp.com\/www.comicbox.com\/wp-content\/uploads\/2019\/10\/Flash3.jpg?fit=750%2C458\" class=\"size-full wp-image-79459 aligncenter\" src=\"https:\/\/i0.wp.com\/www.comicbox.com\/wp-content\/uploads\/2019\/10\/Flash3.jpg?resize=750%2C458\" alt=\"The Flash S06E2\" width=\"750\" height=\"458\" srcset=\"https:\/\/i0.wp.com\/www.comicbox.com\/wp-content\/uploads\/2019\/10\/Flash3.jpg?w=750 750w, https:\/\/i0.wp.com\/www.comicbox.com\/wp-content\/uploads\/2019\/10\/Flash3.jpg?resize=150%2C92 150w, https:\/\/i0.wp.com\/www.comicbox.com\/wp-content\/uploads\/2019\/10\/Flash3.jpg?resize=400%2C244 400w\" sizes=\"auto, (max-width: 750px) 100vw, 750px\" \/><\/p>\n<h3>\u00ab\u00a0All earths could be in danger\u00a0\u00bb<\/h3>\n<p style=\"text-align: justify;\">Annonc\u00e9 comme le retour de Jay Garrick (John Wesley Shipp), l&rsquo;\u00e9pisode tient ses promesses. Mais ne vous attendez pas \u00e0 un \u00e9pisode o\u00f9 les deux Flash se pr\u00e9cipiteraient c\u00f4te \u00e0 c\u00f4te vers le danger. Le \u00ab\u00a0vieux\u00a0\u00bb Flash appara\u00eet un peu rang\u00e9 des voitures, comme une sorte de conseiller technique tel que Harrison Wells (Tom Cavanagh) pouvait l&rsquo;\u00eatre \u00e0 une certaine \u00e9poque de la s\u00e9rie. Pour autant que Garrick n&rsquo;ait pas un r\u00f4le \u00ab\u00a0spectaculaire\u00a0\u00bb, son intervention est utile puisqu&rsquo;elle permet de placer des \u00e9l\u00e9ments cl\u00e9s de Crisis, y compris pour un public qui n&rsquo;est pas familiaris\u00e9 avec le concept. Cette partie-l\u00e0 de l&rsquo;\u00e9pisode sert totalement le propos, avec un Barry qui r\u00e9alise qu&rsquo;il n&rsquo;est pas seulement destin\u00e9 \u00e0 \u00eatre port\u00e9 disparu mais bien \u00e0 se sacrifier ou \u00e0 voir tous ses proches p\u00e9rir de mani\u00e8re atroce. Les enjeux sont donc l\u00e0, avec les gages n\u00e9cessaires pour montrer que la Crisis imminente s&rsquo;inscrit dans ce que les fans de comics connaissent. On a h\u00e9las l&rsquo;impression que la s\u00e9rie h\u00e9site. D&rsquo;un c\u00f4t\u00e9 il y a l&rsquo;amorce d&rsquo;une ambiance plus lugubre, li\u00e9e \u00e0 la menace future. De l&rsquo;autre il semble que les producteurs ont un peu peur&#8230; de faire peur. Comme la s\u00e9rie s&rsquo;est lanc\u00e9e il y a six ans avec une volont\u00e9 de parler \u00e0 un public teenage, on tente de m\u00e9nager la ch\u00e8vre et le chou. Du coup tandis que Barry craint pour sa vie mais aussi pour tout l&rsquo;univers, c&rsquo;est un peu \u00ab\u00a0passons aux affaires courantes\u00a0\u00bb du c\u00f4t\u00e9 de Cisco et de toute la clique. On en arrive donc \u00e0 une partie d&rsquo;\u00e9pisode int\u00e9ressante (Crisis\/Flash), m\u00e9lang\u00e9 \u00e0 quelque chose qui n&rsquo;a pas une once de suspens. L&rsquo;\u00e9pisode semble nous conforter dans l&rsquo;id\u00e9e que les choses s\u00e9rieuses commenceront avec Crisis. Mais que pour l&rsquo;instant on n&rsquo;en est pas l\u00e0.<\/p>\n[Xavier Fournier]\n","protected":false},"excerpt":{"rendered":"<p>Flash le sait depuis des ann\u00e9es. Quelque part dans son futur la Crisis l&rsquo;attend et il lui arrivera quelque chose&hellip;<\/p>\n","protected":false},"author":4,"featured_media":79460,"comment_status":"open","ping_status":"open","sticky":false,"template":"","format":"standard","meta":{"jetpack_post_was_ever_published":false,"_jetpack_newsletter_access":"","_jetpack_dont_email_post_to_subs":false,"_jetpack_newsletter_tier_id":0,"_jetpack_memberships_contains_paywalled_content":false,"_jetpack_memberships_contains_paid_content":false,"footnotes":"","jetpack_publicize_message":"","jetpack_publicize_feature_enabled":true,"jetpack_social_post_already_shared":true,"jetpack_social_options":{"image_generator_settings":{"template":"highway","default_image_id":0,"font":"","enabled":false},"version":2}},"categories":[3,1727,1,5379],"tags":[648,471,4241,256,3875,2655,120],"class_list":["post-79457","post","type-post","status-publish","format-standard","has-post-thumbnail","hentry","category-articles","category-diapo","category-news","category-series-tv","tag-barry-allen","tag-crisis","tag-cw","tag-flash","tag-jay-garrick","tag-the-flash","tag-tv"],"yoast_head":"<!-- This site is optimized with the Yoast SEO plugin v24.9 - https:\/\/yoast.com\/wordpress\/plugins\/seo\/ -->\n<title>The Flash S06E2 -<\/title>\n<meta name=\"robots\" content=\"index, follow, max-snippet:-1, max-image-preview:large, max-video-preview:-1\" \/>\n<link rel=\"canonical\" href=\"http:\/\/www.comicbox.com\/index.php\/articles\/the-flash-s06e2\/\" \/>\n<meta property=\"og:locale\" content=\"fr_FR\" \/>\n<meta property=\"og:type\" content=\"article\" \/>\n<meta property=\"og:title\" content=\"The Flash S06E2 -\" \/>\n<meta property=\"og:description\" content=\"Flash le sait depuis des ann\u00e9es. Quelque part dans son futur la Crisis l&rsquo;attend et il lui arrivera quelque chose&hellip;\" \/>\n<meta property=\"og:url\" content=\"http:\/\/www.comicbox.com\/index.php\/articles\/the-flash-s06e2\/\" \/>\n<meta property=\"article:author\" content=\"https:\/\/www.facebook.com\/xfournier3\" \/>\n<meta property=\"article:published_time\" content=\"2019-10-16T09:12:01+00:00\" \/>\n<meta property=\"og:image\" content=\"https:\/\/i0.wp.com\/www.comicbox.com\/wp-content\/uploads\/2019\/10\/Flash.jpg?fit=728%2C304\" \/>\n\t<meta property=\"og:image:width\" content=\"728\" \/>\n\t<meta property=\"og:image:height\" content=\"304\" \/>\n\t<meta property=\"og:image:type\" content=\"image\/jpeg\" \/>\n<meta name=\"author\" content=\"Xavier Fournier\" \/>\n<meta name=\"twitter:card\" content=\"summary_large_image\" \/>\n<meta name=\"twitter:creator\" content=\"@http:\/\/twitter.com\/XFournier\" \/>\n<meta name=\"twitter:label1\" content=\"\u00c9crit par\" \/>\n\t<meta name=\"twitter:data1\" content=\"Xavier Fournier\" \/>\n\t<meta name=\"twitter:label2\" content=\"Dur\u00e9e de lecture estim\u00e9e\" \/>\n\t<meta name=\"twitter:data2\" content=\"4 minutes\" \/>\n<script type=\"application\/ld+json\" class=\"yoast-schema-graph\">{\"@context\":\"https:\/\/schema.org\",\"@graph\":[{\"@type\":\"WebPage\",\"@id\":\"http:\/\/www.comicbox.com\/index.php\/articles\/the-flash-s06e2\/\",\"url\":\"http:\/\/www.comicbox.com\/index.php\/articles\/the-flash-s06e2\/\",\"name\":\"The Flash S06E2 -\",\"isPartOf\":{\"@id\":\"https:\/\/www.comicbox.com\/#website\"},\"primaryImageOfPage\":{\"@id\":\"http:\/\/www.comicbox.com\/index.php\/articles\/the-flash-s06e2\/#primaryimage\"},\"image\":{\"@id\":\"http:\/\/www.comicbox.com\/index.php\/articles\/the-flash-s06e2\/#primaryimage\"},\"thumbnailUrl\":\"https:\/\/i0.wp.com\/www.comicbox.com\/wp-content\/uploads\/2019\/10\/Flash.jpg?fit=728%2C304\",\"datePublished\":\"2019-10-16T09:12:01+00:00\",\"author\":{\"@id\":\"https:\/\/www.comicbox.com\/#\/schema\/person\/a23da2abbe16b92903f78951801d787e\"},\"breadcrumb\":{\"@id\":\"http:\/\/www.comicbox.com\/index.php\/articles\/the-flash-s06e2\/#breadcrumb\"},\"inLanguage\":\"fr-FR\",\"potentialAction\":[{\"@type\":\"ReadAction\",\"target\":[\"http:\/\/www.comicbox.com\/index.php\/articles\/the-flash-s06e2\/\"]}]},{\"@type\":\"ImageObject\",\"inLanguage\":\"fr-FR\",\"@id\":\"http:\/\/www.comicbox.com\/index.php\/articles\/the-flash-s06e2\/#primaryimage\",\"url\":\"https:\/\/i0.wp.com\/www.comicbox.com\/wp-content\/uploads\/2019\/10\/Flash.jpg?fit=728%2C304\",\"contentUrl\":\"https:\/\/i0.wp.com\/www.comicbox.com\/wp-content\/uploads\/2019\/10\/Flash.jpg?fit=728%2C304\",\"width\":728,\"height\":304,\"caption\":\"The Flash S06E2\"},{\"@type\":\"BreadcrumbList\",\"@id\":\"http:\/\/www.comicbox.com\/index.php\/articles\/the-flash-s06e2\/#breadcrumb\",\"itemListElement\":[{\"@type\":\"ListItem\",\"position\":1,\"name\":\"Accueil\",\"item\":\"https:\/\/www.comicbox.com\/\"},{\"@type\":\"ListItem\",\"position\":2,\"name\":\"The Flash S06E2\"}]},{\"@type\":\"WebSite\",\"@id\":\"https:\/\/www.comicbox.com\/#website\",\"url\":\"https:\/\/www.comicbox.com\/\",\"name\":\"\",\"description\":\"le magazine des cultures comics\",\"potentialAction\":[{\"@type\":\"SearchAction\",\"target\":{\"@type\":\"EntryPoint\",\"urlTemplate\":\"https:\/\/www.comicbox.com\/?s={search_term_string}\"},\"query-input\":{\"@type\":\"PropertyValueSpecification\",\"valueRequired\":true,\"valueName\":\"search_term_string\"}}],\"inLanguage\":\"fr-FR\"},{\"@type\":\"Person\",\"@id\":\"https:\/\/www.comicbox.com\/#\/schema\/person\/a23da2abbe16b92903f78951801d787e\",\"name\":\"Xavier Fournier\",\"image\":{\"@type\":\"ImageObject\",\"inLanguage\":\"fr-FR\",\"@id\":\"https:\/\/www.comicbox.com\/#\/schema\/person\/image\/\",\"url\":\"https:\/\/secure.gravatar.com\/avatar\/751f9d4e8b880838995887af46327753834e23c52952c4f3982a44b8b5e41cba?s=96&d=mm&r=g\",\"contentUrl\":\"https:\/\/secure.gravatar.com\/avatar\/751f9d4e8b880838995887af46327753834e23c52952c4f3982a44b8b5e41cba?s=96&d=mm&r=g\",\"caption\":\"Xavier Fournier\"},\"description\":\"Xavier Fournier est l'un des r\u00e9dacteurs du site comicbox.com, il est aussi l'auteur de diff\u00e9rents livres comme Super-H\u00e9ros - Une Histoire Fran\u00e7aise, Super-H\u00e9ros Fran\u00e7ais - Une Anthologie et Super-H\u00e9ros, l'Envers du Costume et enfin Comics En Guerre.\",\"sameAs\":[\"http:\/\/www.xavierfournier.com\",\"https:\/\/www.facebook.com\/xfournier3\",\"https:\/\/fr.linkedin.com\/in\/xavier-fournier-8365a970\",\"https:\/\/x.com\/http:\/\/twitter.com\/XFournier\"],\"url\":\"http:\/\/www.comicbox.com\/index.php\/author\/xfournier\/\"}]}<\/script>\n<!-- \/ Yoast SEO plugin. -->","yoast_head_json":{"title":"The Flash S06E2 -","robots":{"index":"index","follow":"follow","max-snippet":"max-snippet:-1","max-image-preview":"max-image-preview:large","max-video-preview":"max-video-preview:-1"},"canonical":"http:\/\/www.comicbox.com\/index.php\/articles\/the-flash-s06e2\/","og_locale":"fr_FR","og_type":"article","og_title":"The Flash S06E2 -","og_description":"Flash le sait depuis des ann\u00e9es. Quelque part dans son futur la Crisis l&rsquo;attend et il lui arrivera quelque chose&hellip;","og_url":"http:\/\/www.comicbox.com\/index.php\/articles\/the-flash-s06e2\/","article_author":"https:\/\/www.facebook.com\/xfournier3","article_published_time":"2019-10-16T09:12:01+00:00","og_image":[{"width":728,"height":304,"url":"https:\/\/i0.wp.com\/www.comicbox.com\/wp-content\/uploads\/2019\/10\/Flash.jpg?fit=728%2C304","type":"image\/jpeg"}],"author":"Xavier Fournier","twitter_card":"summary_large_image","twitter_creator":"@http:\/\/twitter.com\/XFournier","twitter_misc":{"\u00c9crit par":"Xavier Fournier","Dur\u00e9e de lecture estim\u00e9e":"4 minutes"},"schema":{"@context":"https:\/\/schema.org","@graph":[{"@type":"WebPage","@id":"http:\/\/www.comicbox.com\/index.php\/articles\/the-flash-s06e2\/","url":"http:\/\/www.comicbox.com\/index.php\/articles\/the-flash-s06e2\/","name":"The Flash S06E2 -","isPartOf":{"@id":"https:\/\/www.comicbox.com\/#website"},"primaryImageOfPage":{"@id":"http:\/\/www.comicbox.com\/index.php\/articles\/the-flash-s06e2\/#primaryimage"},"image":{"@id":"http:\/\/www.comicbox.com\/index.php\/articles\/the-flash-s06e2\/#primaryimage"},"thumbnailUrl":"https:\/\/i0.wp.com\/www.comicbox.com\/wp-content\/uploads\/2019\/10\/Flash.jpg?fit=728%2C304","datePublished":"2019-10-16T09:12:01+00:00","author":{"@id":"https:\/\/www.comicbox.com\/#\/schema\/person\/a23da2abbe16b92903f78951801d787e"},"breadcrumb":{"@id":"http:\/\/www.comicbox.com\/index.php\/articles\/the-flash-s06e2\/#breadcrumb"},"inLanguage":"fr-FR","potentialAction":[{"@type":"ReadAction","target":["http:\/\/www.comicbox.com\/index.php\/articles\/the-flash-s06e2\/"]}]},{"@type":"ImageObject","inLanguage":"fr-FR","@id":"http:\/\/www.comicbox.com\/index.php\/articles\/the-flash-s06e2\/#primaryimage","url":"https:\/\/i0.wp.com\/www.comicbox.com\/wp-content\/uploads\/2019\/10\/Flash.jpg?fit=728%2C304","contentUrl":"https:\/\/i0.wp.com\/www.comicbox.com\/wp-content\/uploads\/2019\/10\/Flash.jpg?fit=728%2C304","width":728,"height":304,"caption":"The Flash S06E2"},{"@type":"BreadcrumbList","@id":"http:\/\/www.comicbox.com\/index.php\/articles\/the-flash-s06e2\/#breadcrumb","itemListElement":[{"@type":"ListItem","position":1,"name":"Accueil","item":"https:\/\/www.comicbox.com\/"},{"@type":"ListItem","position":2,"name":"The Flash S06E2"}]},{"@type":"WebSite","@id":"https:\/\/www.comicbox.com\/#website","url":"https:\/\/www.comicbox.com\/","name":"","description":"le magazine des cultures comics","potentialAction":[{"@type":"SearchAction","target":{"@type":"EntryPoint","urlTemplate":"https:\/\/www.comicbox.com\/?s={search_term_string}"},"query-input":{"@type":"PropertyValueSpecification","valueRequired":true,"valueName":"search_term_string"}}],"inLanguage":"fr-FR"},{"@type":"Person","@id":"https:\/\/www.comicbox.com\/#\/schema\/person\/a23da2abbe16b92903f78951801d787e","name":"Xavier Fournier","image":{"@type":"ImageObject","inLanguage":"fr-FR","@id":"https:\/\/www.comicbox.com\/#\/schema\/person\/image\/","url":"https:\/\/secure.gravatar.com\/avatar\/751f9d4e8b880838995887af46327753834e23c52952c4f3982a44b8b5e41cba?s=96&d=mm&r=g","contentUrl":"https:\/\/secure.gravatar.com\/avatar\/751f9d4e8b880838995887af46327753834e23c52952c4f3982a44b8b5e41cba?s=96&d=mm&r=g","caption":"Xavier Fournier"},"description":"Xavier Fournier est l'un des r\u00e9dacteurs du site comicbox.com, il est aussi l'auteur de diff\u00e9rents livres comme Super-H\u00e9ros - Une Histoire Fran\u00e7aise, Super-H\u00e9ros Fran\u00e7ais - Une Anthologie et Super-H\u00e9ros, l'Envers du Costume et enfin Comics En Guerre.","sameAs":["http:\/\/www.xavierfournier.com","https:\/\/www.facebook.com\/xfournier3","https:\/\/fr.linkedin.com\/in\/xavier-fournier-8365a970","https:\/\/x.com\/http:\/\/twitter.com\/XFournier"],"url":"http:\/\/www.comicbox.com\/index.php\/author\/xfournier\/"}]}},"jetpack_publicize_connections":[],"jetpack_featured_media_url":"https:\/\/i0.wp.com\/www.comicbox.com\/wp-content\/uploads\/2019\/10\/Flash.jpg?fit=728%2C304","jetpack_sharing_enabled":true,"jetpack_shortlink":"https:\/\/wp.me\/pvyAi-kFz","_links":{"self":[{"href":"http:\/\/www.comicbox.com\/index.php\/wp-json\/wp\/v2\/posts\/79457","targetHints":{"allow":["GET"]}}],"collection":[{"href":"http:\/\/www.comicbox.com\/index.php\/wp-json\/wp\/v2\/posts"}],"about":[{"href":"http:\/\/www.comicbox.com\/index.php\/wp-json\/wp\/v2\/types\/post"}],"author":[{"embeddable":true,"href":"http:\/\/www.comicbox.com\/index.php\/wp-json\/wp\/v2\/users\/4"}],"replies":[{"embeddable":true,"href":"http:\/\/www.comicbox.com\/index.php\/wp-json\/wp\/v2\/comments?post=79457"}],"version-history":[{"count":2,"href":"http:\/\/www.comicbox.com\/index.php\/wp-json\/wp\/v2\/posts\/79457\/revisions"}],"predecessor-version":[{"id":79462,"href":"http:\/\/www.comicbox.com\/index.php\/wp-json\/wp\/v2\/posts\/79457\/revisions\/79462"}],"wp:featuredmedia":[{"embeddable":true,"href":"http:\/\/www.comicbox.com\/index.php\/wp-json\/wp\/v2\/media\/79460"}],"wp:attachment":[{"href":"http:\/\/www.comicbox.com\/index.php\/wp-json\/wp\/v2\/media?parent=79457"}],"wp:term":[{"taxonomy":"category","embeddable":true,"href":"http:\/\/www.comicbox.com\/index.php\/wp-json\/wp\/v2\/categories?post=79457"},{"taxonomy":"post_tag","embeddable":true,"href":"http:\/\/www.comicbox.com\/index.php\/wp-json\/wp\/v2\/tags?post=79457"}],"curies":[{"name":"wp","href":"https:\/\/api.w.org\/{rel}","templated":true}]}}