
{"id":68894,"date":"2016-12-08T14:53:15","date_gmt":"2016-12-08T13:53:15","guid":{"rendered":"http:\/\/www.comicbox.com\/?p=68894"},"modified":"2016-12-08T14:53:15","modified_gmt":"2016-12-08T13:53:15","slug":"the-flash-s03e09","status":"publish","type":"post","link":"http:\/\/www.comicbox.com\/index.php\/articles\/the-flash-s03e09\/","title":{"rendered":"The Flash S03E09"},"content":{"rendered":"<p>C&rsquo;est l&rsquo;heure d&rsquo;un premier bilan pour Flash. L&rsquo;\u00e9pisode de \u00ab\u00a0mi-saison\u00a0\u00bb comme l&rsquo;appelle les am\u00e9ricains (m\u00eame si on en est qu&rsquo;au 9e sur 24) est cens\u00e9 scotcher les spectateurs et les tenir en haleine jusqu&rsquo;\u00e0 la reprise fin janvier. M\u00eame si cette semaine apporte quelques r\u00e9v\u00e9lations, l&rsquo;\u00e9pisode ne r\u00e9pond pas vraiment aux attentes<!--more-->.<\/p>\n<p><span class=\"embed-youtube\" style=\"text-align:center; display: block;\"><iframe loading=\"lazy\" class=\"youtube-player\" width=\"1140\" height=\"642\" src=\"https:\/\/www.youtube.com\/embed\/5YxYLYXVbw0?version=3&#038;rel=1&#038;showsearch=0&#038;showinfo=1&#038;iv_load_policy=1&#038;fs=1&#038;hl=fr-FR&#038;autohide=2&#038;wmode=transparent\" allowfullscreen=\"true\" style=\"border:0;\" sandbox=\"allow-scripts allow-same-origin allow-popups allow-presentation allow-popups-to-escape-sandbox\"><\/iframe><\/span><\/p>\n<h3>\u00ab\u00a0Apparently, you know a lot about it&#8230;\u00a0\u00bb<\/h3>\n<p>Apr\u00e8s l&rsquo;invasion d&rsquo;aliens, la Team Flash a envie d&rsquo;en finir avec Savitar et son laquais Alchemy. Mais encore faut-il les trouver&#8230; Et l\u00e0, par miracle, les indices les conduisent tout droit vers la personne qui se cache sous le masque d&rsquo;Alchemy. \u00c0 croire que si l&rsquo;\u00e9quipe s&rsquo;\u00e9tait remu\u00e9 les fesses plus rapidement, on aurait d\u00e9j\u00e0 r\u00e9solu ce myst\u00e8re il y a quelques semaines. Une fois le vilain captur\u00e9, on en apprend un peu plus sur le duo mal\u00e9fique. Les origines de Savitar sont abord\u00e9es mais si le myst\u00e8re sur sa v\u00e9ritable identit\u00e9 est pour l&rsquo;instant intact. On sait tout au plus que le vilain est li\u00e9 au futur et qu&rsquo;il est le r\u00e9sultat des actions de la Team Flash.<\/p>\n<p><img data-recalc-dims=\"1\" loading=\"lazy\" decoding=\"async\" data-attachment-id=\"68896\" data-permalink=\"http:\/\/www.comicbox.com\/index.php\/articles\/the-flash-s03e09\/attachment\/flashpoint-24\/\" data-orig-file=\"https:\/\/i0.wp.com\/www.comicbox.com\/wp-content\/uploads\/2016\/12\/flashs03e09_1.jpg?fit=%2C\" data-orig-size=\"\" data-comments-opened=\"1\" data-image-meta=\"[]\" data-image-title=\"flashs03e09_1\" data-image-description=\"\" data-image-caption=\"\" data-large-file=\"https:\/\/i0.wp.com\/www.comicbox.com\/wp-content\/uploads\/2016\/12\/flashs03e09_1.jpg?fit=1024%2C1024\" class=\"alignnone wp-image-68896\" src=\"https:\/\/i0.wp.com\/www.comicbox.com\/wp-content\/uploads\/2016\/12\/flashs03e09_1.jpg?resize=836%2C496\" width=\"836\" height=\"496\"><\/p>\n<h3>\u00ab\u00a0Where was I?\u00a0\u00bb<\/h3>\n<p>Dans les pr\u00e9c\u00e9dentes saisons, il a \u00e9t\u00e9 question de modifier le pass\u00e9. Eobard Thawne venait du futur et souhaitait modifier le pass\u00e9 \u00e9galement. Mais Barry n&rsquo;avait pas encore voyager dans le futur. C&rsquo;est chose faite durant 2 petites minutes de l&rsquo;\u00e9pisode. Cependant, les choses que les spectateurs et le h\u00e9ros voient durant ce court instant n&rsquo;a pas le m\u00eame impact. Flash voit un futur sombre qu&rsquo;il va tout faire pour \u00e9viter durant le reste de la saison. Le t\u00e9l\u00e9spectateur n&rsquo;aura pas l&rsquo;impression que la menace qui se profile puisse se mat\u00e9rialiser. OK, dans la s\u00e9rie soeur Arrow, on a bien vu des personnages principaux comme Laurel Lance, une figure de la mythologie des comics Green Arrow, conna\u00eetre un sort totalement diff\u00e9rent de son avatar papier. Les sc\u00e9naristes de Flash iront-ils jusqu&rsquo;\u00e0 changer certains \u00e9l\u00e9ments fondateurs du comic ? C&rsquo;est \u00e7a qui donne \u00e0 ce \u00ab\u00a0midseason\u00a0\u00bb un saveur d&rsquo;inachev\u00e9. L&rsquo;impact n&rsquo;est pas aussi spectaculaire qu&rsquo;on aurait pu l&rsquo;esp\u00e9rer.<\/p>\n<h2><img data-recalc-dims=\"1\" loading=\"lazy\" decoding=\"async\" data-attachment-id=\"68897\" data-permalink=\"http:\/\/www.comicbox.com\/index.php\/articles\/the-flash-s03e09\/attachment\/flashpoint-25\/\" data-orig-file=\"https:\/\/i0.wp.com\/www.comicbox.com\/wp-content\/uploads\/2016\/12\/flashs03e09_2.jpg?fit=%2C\" data-orig-size=\"\" data-comments-opened=\"1\" data-image-meta=\"[]\" data-image-title=\"flashs03e09_2\" data-image-description=\"\" data-image-caption=\"\" data-large-file=\"https:\/\/i0.wp.com\/www.comicbox.com\/wp-content\/uploads\/2016\/12\/flashs03e09_2.jpg?fit=1024%2C1024\" class=\"alignnone wp-image-68897\" src=\"https:\/\/i0.wp.com\/www.comicbox.com\/wp-content\/uploads\/2016\/12\/flashs03e09_2.jpg?resize=836%2C496\" width=\"836\" height=\"496\"><\/h2>\n<h3 style=\"top: 106px;\">\u00ab\u00a0Run, Wallace, run!\u00a0\u00bb<\/h3>\n<p>Les speedsters commencent \u00e0 se multiplier dans la s\u00e9rie. Cette semaine, on aime le retour de Jay Garrick. Dire que John Wesley Shipp \u00e9tait fait pour incarner le bolide \u00ab\u00a0vintage\u00a0\u00bb est un euph\u00e9misme. Le fait que l&rsquo;acteur ait incarn\u00e9 pendant 2 saisons Henry Allen renforce le lien de figure paternelle. On a h\u00e2te que le h\u00e9ros revienne&#8230; surtout s&rsquo;il revient avec son ami Mark Hamill qui incarne le temps d&rsquo;une s\u00e9quence le Trickster de Terre-3 ! Mais le plus int\u00e9ressant des speedsters est Wally. En un an, le jeune homme a gagn\u00e9 en importance, jusqu&rsquo;\u00e0 obtenir ses galons de super-h\u00e9ros. Si au d\u00e9part, il \u00e9tait plut\u00f4t rebelle et suicidaire (et il avait ses raisons),&nbsp;\u00e0 pr\u00e9sent, il est l&rsquo;un des seuls \u00e0 sourire (avec H.R.). Alors que la s\u00e9rie devient plus sombre, Wally en est le rayon de soleil. On esp\u00e8re qu&rsquo;il prendra de plus en plus d&rsquo;importance, pour redonner au show sa bonne humeur qui lui fait d\u00e9faut depuis la reprise.<\/p>\n<p><img data-recalc-dims=\"1\" loading=\"lazy\" decoding=\"async\" data-attachment-id=\"68895\" data-permalink=\"http:\/\/www.comicbox.com\/index.php\/articles\/the-flash-s03e09\/attachment\/flashpoint-23\/\" data-orig-file=\"https:\/\/i0.wp.com\/www.comicbox.com\/wp-content\/uploads\/2016\/12\/flashs03e09_3.jpg?fit=%2C\" data-orig-size=\"\" data-comments-opened=\"1\" data-image-meta=\"[]\" data-image-title=\"flashs03e09_3\" data-image-description=\"\" data-image-caption=\"\" data-large-file=\"https:\/\/i0.wp.com\/www.comicbox.com\/wp-content\/uploads\/2016\/12\/flashs03e09_3.jpg?fit=1024%2C1024\" class=\"alignnone wp-image-68895\" src=\"https:\/\/i0.wp.com\/www.comicbox.com\/wp-content\/uploads\/2016\/12\/flashs03e09_3.jpg?resize=836%2C496\" width=\"836\" height=\"496\"><\/p>\n[Pierre Bisson]\n<p><strong>The Flash Saison 3 \/ Disponible d\u00e8s le lendemain de la diffusion US en version originale sous-titr\u00e9e sur MyTF1 VOD et sur l\u2019iTunes Store.<\/strong><\/p>\n","protected":false},"excerpt":{"rendered":"<p>C&rsquo;est l&rsquo;heure d&rsquo;un premier bilan pour Flash. L&rsquo;\u00e9pisode de \u00ab\u00a0mi-saison\u00a0\u00bb comme l&rsquo;appelle les am\u00e9ricains (m\u00eame si on en est qu&rsquo;au&hellip;<\/p>\n","protected":false},"author":2,"featured_media":68906,"comment_status":"open","ping_status":"open","sticky":false,"template":"","format":"standard","meta":{"jetpack_post_was_ever_published":false,"_jetpack_newsletter_access":"","_jetpack_dont_email_post_to_subs":false,"_jetpack_newsletter_tier_id":0,"_jetpack_memberships_contains_paywalled_content":false,"_jetpack_memberships_contains_paid_content":false,"footnotes":"","jetpack_publicize_message":"","jetpack_publicize_feature_enabled":true,"jetpack_social_post_already_shared":true,"jetpack_social_options":{"image_generator_settings":{"template":"highway","default_image_id":0,"font":"","enabled":false},"version":2}},"categories":[3,1727,1,5379],"tags":[5452,648,113,3258,5453,4406,2655,4793],"class_list":["post-68894","post","type-post","status-publish","format-standard","has-post-thumbnail","hentry","category-articles","category-diapo","category-news","category-series-tv","tag-alchemy","tag-barry-allen","tag-dc-comics","tag-kid-flash","tag-savitar","tag-the-cw","tag-the-flash","tag-wally-west"],"yoast_head":"<!-- This site is optimized with the Yoast SEO plugin v24.9 - https:\/\/yoast.com\/wordpress\/plugins\/seo\/ -->\n<title>The Flash S03E09 -<\/title>\n<meta name=\"robots\" content=\"index, follow, max-snippet:-1, max-image-preview:large, max-video-preview:-1\" \/>\n<link rel=\"canonical\" href=\"https:\/\/www.comicbox.com\/index.php\/articles\/the-flash-s03e09\/\" \/>\n<meta property=\"og:locale\" content=\"fr_FR\" \/>\n<meta property=\"og:type\" content=\"article\" \/>\n<meta property=\"og:title\" content=\"The Flash S03E09 -\" \/>\n<meta property=\"og:description\" content=\"C&rsquo;est l&rsquo;heure d&rsquo;un premier bilan pour Flash. L&rsquo;\u00e9pisode de \u00ab\u00a0mi-saison\u00a0\u00bb comme l&rsquo;appelle les am\u00e9ricains (m\u00eame si on en est qu&rsquo;au&hellip;\" \/>\n<meta property=\"og:url\" content=\"https:\/\/www.comicbox.com\/index.php\/articles\/the-flash-s03e09\/\" \/>\n<meta property=\"article:author\" content=\"https:\/\/www.facebook.com\/pierre.bisson?fref=ts\" \/>\n<meta property=\"article:published_time\" content=\"2016-12-08T13:53:15+00:00\" \/>\n<meta property=\"og:image\" content=\"https:\/\/i0.wp.com\/www.comicbox.com\/wp-content\/uploads\/2016\/12\/flashsfrise_S03E09-1.jpg?fit=728%2C304&ssl=1\" \/>\n\t<meta property=\"og:image:width\" content=\"728\" \/>\n\t<meta property=\"og:image:height\" content=\"304\" \/>\n\t<meta property=\"og:image:type\" content=\"image\/jpeg\" \/>\n<meta name=\"author\" content=\"Pierre Bisson\" \/>\n<meta name=\"twitter:card\" content=\"summary_large_image\" \/>\n<meta name=\"twitter:creator\" content=\"@https:\/\/twitter.com\/pierobisson\" \/>\n<meta name=\"twitter:label1\" content=\"\u00c9crit par\" \/>\n\t<meta name=\"twitter:data1\" content=\"Pierre Bisson\" \/>\n\t<meta name=\"twitter:label2\" content=\"Dur\u00e9e de lecture estim\u00e9e\" \/>\n\t<meta name=\"twitter:data2\" content=\"3 minutes\" \/>\n<script type=\"application\/ld+json\" class=\"yoast-schema-graph\">{\"@context\":\"https:\/\/schema.org\",\"@graph\":[{\"@type\":\"WebPage\",\"@id\":\"https:\/\/www.comicbox.com\/index.php\/articles\/the-flash-s03e09\/\",\"url\":\"https:\/\/www.comicbox.com\/index.php\/articles\/the-flash-s03e09\/\",\"name\":\"The Flash S03E09 -\",\"isPartOf\":{\"@id\":\"https:\/\/www.comicbox.com\/#website\"},\"primaryImageOfPage\":{\"@id\":\"https:\/\/www.comicbox.com\/index.php\/articles\/the-flash-s03e09\/#primaryimage\"},\"image\":{\"@id\":\"https:\/\/www.comicbox.com\/index.php\/articles\/the-flash-s03e09\/#primaryimage\"},\"thumbnailUrl\":\"https:\/\/i0.wp.com\/www.comicbox.com\/wp-content\/uploads\/2016\/12\/flashsfrise_S03E09-1.jpg?fit=728%2C304\",\"datePublished\":\"2016-12-08T13:53:15+00:00\",\"author\":{\"@id\":\"https:\/\/www.comicbox.com\/#\/schema\/person\/e90168f9b9b6a5f3c6e25828ca5d1ac2\"},\"breadcrumb\":{\"@id\":\"https:\/\/www.comicbox.com\/index.php\/articles\/the-flash-s03e09\/#breadcrumb\"},\"inLanguage\":\"fr-FR\",\"potentialAction\":[{\"@type\":\"ReadAction\",\"target\":[\"https:\/\/www.comicbox.com\/index.php\/articles\/the-flash-s03e09\/\"]}]},{\"@type\":\"ImageObject\",\"inLanguage\":\"fr-FR\",\"@id\":\"https:\/\/www.comicbox.com\/index.php\/articles\/the-flash-s03e09\/#primaryimage\",\"url\":\"https:\/\/i0.wp.com\/www.comicbox.com\/wp-content\/uploads\/2016\/12\/flashsfrise_S03E09-1.jpg?fit=728%2C304\",\"contentUrl\":\"https:\/\/i0.wp.com\/www.comicbox.com\/wp-content\/uploads\/2016\/12\/flashsfrise_S03E09-1.jpg?fit=728%2C304\",\"width\":728,\"height\":304},{\"@type\":\"BreadcrumbList\",\"@id\":\"https:\/\/www.comicbox.com\/index.php\/articles\/the-flash-s03e09\/#breadcrumb\",\"itemListElement\":[{\"@type\":\"ListItem\",\"position\":1,\"name\":\"Accueil\",\"item\":\"https:\/\/www.comicbox.com\/\"},{\"@type\":\"ListItem\",\"position\":2,\"name\":\"The Flash S03E09\"}]},{\"@type\":\"WebSite\",\"@id\":\"https:\/\/www.comicbox.com\/#website\",\"url\":\"https:\/\/www.comicbox.com\/\",\"name\":\"\",\"description\":\"le magazine des cultures comics\",\"potentialAction\":[{\"@type\":\"SearchAction\",\"target\":{\"@type\":\"EntryPoint\",\"urlTemplate\":\"https:\/\/www.comicbox.com\/?s={search_term_string}\"},\"query-input\":{\"@type\":\"PropertyValueSpecification\",\"valueRequired\":true,\"valueName\":\"search_term_string\"}}],\"inLanguage\":\"fr-FR\"},{\"@type\":\"Person\",\"@id\":\"https:\/\/www.comicbox.com\/#\/schema\/person\/e90168f9b9b6a5f3c6e25828ca5d1ac2\",\"name\":\"Pierre Bisson\",\"image\":{\"@type\":\"ImageObject\",\"inLanguage\":\"fr-FR\",\"@id\":\"https:\/\/www.comicbox.com\/#\/schema\/person\/image\/\",\"url\":\"https:\/\/secure.gravatar.com\/avatar\/f7fb6fb38f5e6ccf5f1697bc6273d4d5853c08bb716456166ea903f2055c4580?s=96&d=mm&r=g\",\"contentUrl\":\"https:\/\/secure.gravatar.com\/avatar\/f7fb6fb38f5e6ccf5f1697bc6273d4d5853c08bb716456166ea903f2055c4580?s=96&d=mm&r=g\",\"caption\":\"Pierre Bisson\"},\"description\":\"Pierre Bisson en plus d'\u00eatre l'un des r\u00e9dacteurs du site comicbox.com est aussi traducteur, lettreur et maquettiste.\",\"sameAs\":[\"https:\/\/www.facebook.com\/pierre.bisson?fref=ts\",\"https:\/\/x.com\/https:\/\/twitter.com\/pierobisson\"],\"url\":\"http:\/\/www.comicbox.com\/index.php\/author\/piero\/\"}]}<\/script>\n<!-- \/ Yoast SEO plugin. -->","yoast_head_json":{"title":"The Flash S03E09 -","robots":{"index":"index","follow":"follow","max-snippet":"max-snippet:-1","max-image-preview":"max-image-preview:large","max-video-preview":"max-video-preview:-1"},"canonical":"https:\/\/www.comicbox.com\/index.php\/articles\/the-flash-s03e09\/","og_locale":"fr_FR","og_type":"article","og_title":"The Flash S03E09 -","og_description":"C&rsquo;est l&rsquo;heure d&rsquo;un premier bilan pour Flash. L&rsquo;\u00e9pisode de \u00ab\u00a0mi-saison\u00a0\u00bb comme l&rsquo;appelle les am\u00e9ricains (m\u00eame si on en est qu&rsquo;au&hellip;","og_url":"https:\/\/www.comicbox.com\/index.php\/articles\/the-flash-s03e09\/","article_author":"https:\/\/www.facebook.com\/pierre.bisson?fref=ts","article_published_time":"2016-12-08T13:53:15+00:00","og_image":[{"width":728,"height":304,"url":"https:\/\/i0.wp.com\/www.comicbox.com\/wp-content\/uploads\/2016\/12\/flashsfrise_S03E09-1.jpg?fit=728%2C304&ssl=1","type":"image\/jpeg"}],"author":"Pierre Bisson","twitter_card":"summary_large_image","twitter_creator":"@https:\/\/twitter.com\/pierobisson","twitter_misc":{"\u00c9crit par":"Pierre Bisson","Dur\u00e9e de lecture estim\u00e9e":"3 minutes"},"schema":{"@context":"https:\/\/schema.org","@graph":[{"@type":"WebPage","@id":"https:\/\/www.comicbox.com\/index.php\/articles\/the-flash-s03e09\/","url":"https:\/\/www.comicbox.com\/index.php\/articles\/the-flash-s03e09\/","name":"The Flash S03E09 -","isPartOf":{"@id":"https:\/\/www.comicbox.com\/#website"},"primaryImageOfPage":{"@id":"https:\/\/www.comicbox.com\/index.php\/articles\/the-flash-s03e09\/#primaryimage"},"image":{"@id":"https:\/\/www.comicbox.com\/index.php\/articles\/the-flash-s03e09\/#primaryimage"},"thumbnailUrl":"https:\/\/i0.wp.com\/www.comicbox.com\/wp-content\/uploads\/2016\/12\/flashsfrise_S03E09-1.jpg?fit=728%2C304","datePublished":"2016-12-08T13:53:15+00:00","author":{"@id":"https:\/\/www.comicbox.com\/#\/schema\/person\/e90168f9b9b6a5f3c6e25828ca5d1ac2"},"breadcrumb":{"@id":"https:\/\/www.comicbox.com\/index.php\/articles\/the-flash-s03e09\/#breadcrumb"},"inLanguage":"fr-FR","potentialAction":[{"@type":"ReadAction","target":["https:\/\/www.comicbox.com\/index.php\/articles\/the-flash-s03e09\/"]}]},{"@type":"ImageObject","inLanguage":"fr-FR","@id":"https:\/\/www.comicbox.com\/index.php\/articles\/the-flash-s03e09\/#primaryimage","url":"https:\/\/i0.wp.com\/www.comicbox.com\/wp-content\/uploads\/2016\/12\/flashsfrise_S03E09-1.jpg?fit=728%2C304","contentUrl":"https:\/\/i0.wp.com\/www.comicbox.com\/wp-content\/uploads\/2016\/12\/flashsfrise_S03E09-1.jpg?fit=728%2C304","width":728,"height":304},{"@type":"BreadcrumbList","@id":"https:\/\/www.comicbox.com\/index.php\/articles\/the-flash-s03e09\/#breadcrumb","itemListElement":[{"@type":"ListItem","position":1,"name":"Accueil","item":"https:\/\/www.comicbox.com\/"},{"@type":"ListItem","position":2,"name":"The Flash S03E09"}]},{"@type":"WebSite","@id":"https:\/\/www.comicbox.com\/#website","url":"https:\/\/www.comicbox.com\/","name":"","description":"le magazine des cultures comics","potentialAction":[{"@type":"SearchAction","target":{"@type":"EntryPoint","urlTemplate":"https:\/\/www.comicbox.com\/?s={search_term_string}"},"query-input":{"@type":"PropertyValueSpecification","valueRequired":true,"valueName":"search_term_string"}}],"inLanguage":"fr-FR"},{"@type":"Person","@id":"https:\/\/www.comicbox.com\/#\/schema\/person\/e90168f9b9b6a5f3c6e25828ca5d1ac2","name":"Pierre Bisson","image":{"@type":"ImageObject","inLanguage":"fr-FR","@id":"https:\/\/www.comicbox.com\/#\/schema\/person\/image\/","url":"https:\/\/secure.gravatar.com\/avatar\/f7fb6fb38f5e6ccf5f1697bc6273d4d5853c08bb716456166ea903f2055c4580?s=96&d=mm&r=g","contentUrl":"https:\/\/secure.gravatar.com\/avatar\/f7fb6fb38f5e6ccf5f1697bc6273d4d5853c08bb716456166ea903f2055c4580?s=96&d=mm&r=g","caption":"Pierre Bisson"},"description":"Pierre Bisson en plus d'\u00eatre l'un des r\u00e9dacteurs du site comicbox.com est aussi traducteur, lettreur et maquettiste.","sameAs":["https:\/\/www.facebook.com\/pierre.bisson?fref=ts","https:\/\/x.com\/https:\/\/twitter.com\/pierobisson"],"url":"http:\/\/www.comicbox.com\/index.php\/author\/piero\/"}]}},"jetpack_publicize_connections":[],"jetpack_featured_media_url":"https:\/\/i0.wp.com\/www.comicbox.com\/wp-content\/uploads\/2016\/12\/flashsfrise_S03E09-1.jpg?fit=728%2C304","jetpack_sharing_enabled":true,"jetpack_shortlink":"https:\/\/wp.me\/pvyAi-hVc","_links":{"self":[{"href":"http:\/\/www.comicbox.com\/index.php\/wp-json\/wp\/v2\/posts\/68894","targetHints":{"allow":["GET"]}}],"collection":[{"href":"http:\/\/www.comicbox.com\/index.php\/wp-json\/wp\/v2\/posts"}],"about":[{"href":"http:\/\/www.comicbox.com\/index.php\/wp-json\/wp\/v2\/types\/post"}],"author":[{"embeddable":true,"href":"http:\/\/www.comicbox.com\/index.php\/wp-json\/wp\/v2\/users\/2"}],"replies":[{"embeddable":true,"href":"http:\/\/www.comicbox.com\/index.php\/wp-json\/wp\/v2\/comments?post=68894"}],"version-history":[{"count":0,"href":"http:\/\/www.comicbox.com\/index.php\/wp-json\/wp\/v2\/posts\/68894\/revisions"}],"wp:featuredmedia":[{"embeddable":true,"href":"http:\/\/www.comicbox.com\/index.php\/wp-json\/wp\/v2\/media\/68906"}],"wp:attachment":[{"href":"http:\/\/www.comicbox.com\/index.php\/wp-json\/wp\/v2\/media?parent=68894"}],"wp:term":[{"taxonomy":"category","embeddable":true,"href":"http:\/\/www.comicbox.com\/index.php\/wp-json\/wp\/v2\/categories?post=68894"},{"taxonomy":"post_tag","embeddable":true,"href":"http:\/\/www.comicbox.com\/index.php\/wp-json\/wp\/v2\/tags?post=68894"}],"curies":[{"name":"wp","href":"https:\/\/api.w.org\/{rel}","templated":true}]}}