
{"id":45507,"date":"2014-03-15T20:52:59","date_gmt":"2014-03-15T18:52:59","guid":{"rendered":"http:\/\/www.comicbox.com\/?p=45507"},"modified":"2016-08-12T20:46:19","modified_gmt":"2016-08-12T18:46:19","slug":"oldies-but-goodies-atom-1-juin-1962","status":"publish","type":"post","link":"http:\/\/www.comicbox.com\/index.php\/articles\/oldies-but-goodies-atom-1-juin-1962\/","title":{"rendered":"Oldies But Goodies: Atom #1 (Juin 1962)"},"content":{"rendered":"<p style=\"text-align: justify;\"><img data-recalc-dims=\"1\" loading=\"lazy\" decoding=\"async\" data-attachment-id=\"45508\" data-permalink=\"http:\/\/www.comicbox.com\/index.php\/articles\/oldies-but-goodies-atom-1-juin-1962\/attachment\/atoma-3\/\" data-orig-file=\"https:\/\/i0.wp.com\/www.comicbox.com\/wp-content\/uploads\/2014\/03\/AtomA1.jpg?fit=70%2C70\" data-orig-size=\"70,70\" data-comments-opened=\"1\" data-image-meta=\"{&quot;aperture&quot;:&quot;0&quot;,&quot;credit&quot;:&quot;&quot;,&quot;camera&quot;:&quot;&quot;,&quot;caption&quot;:&quot;&quot;,&quot;created_timestamp&quot;:&quot;0&quot;,&quot;copyright&quot;:&quot;&quot;,&quot;focal_length&quot;:&quot;0&quot;,&quot;iso&quot;:&quot;0&quot;,&quot;shutter_speed&quot;:&quot;0&quot;,&quot;title&quot;:&quot;&quot;}\" data-image-title=\"Oldies But Goodies: Atom #1 (Juin 1962)\" data-image-description=\"\" data-image-caption=\"\" data-large-file=\"https:\/\/i0.wp.com\/www.comicbox.com\/wp-content\/uploads\/2014\/03\/AtomA1.jpg?fit=70%2C70\" class=\"alignleft size-full wp-image-45508\" style=\"margin-left: 4px; margin-right: 4px;\" src=\"https:\/\/i0.wp.com\/www.comicbox.com\/wp-content\/uploads\/2014\/03\/AtomA1.jpg?resize=70%2C70\" alt=\"Oldies But Goodies: Atom #1 (Juin 1962)\" width=\"70\" height=\"70\" srcset=\"https:\/\/i0.wp.com\/www.comicbox.com\/wp-content\/uploads\/2014\/03\/AtomA1.jpg?w=70 70w, https:\/\/i0.wp.com\/www.comicbox.com\/wp-content\/uploads\/2014\/03\/AtomA1.jpg?resize=36%2C36 36w\" sizes=\"auto, (max-width: 70px) 100vw, 70px\" \/>[FRENCH] Apparu en 1961 dans Showcase #34, le h\u00e9ros minuscule Atom (Ray Palmer) d\u00e9buta dans son propre titre quelques mois plus tard, toujours sous la houlette de ses cr\u00e9ateurs, le sc\u00e9nariste Gardner Fox et le dessinateur Gil Kane. Recevoir sa propre s\u00e9rie \u00e9tait une confirmation<!--more--> qu&rsquo;Atom \u00e9tait appel\u00e9 \u00e0 des choses majeures dans le contexte de DC Comics mais ce n&rsquo;est pas la seule chose que cet \u00e9pisode a apport\u00e9 \u00e0 l&rsquo;univers de cet \u00e9diteur.<\/p>\n<p style=\"text-align: justify;\"><img data-recalc-dims=\"1\" loading=\"lazy\" decoding=\"async\" data-attachment-id=\"45510\" data-permalink=\"http:\/\/www.comicbox.com\/index.php\/articles\/oldies-but-goodies-atom-1-juin-1962\/attachment\/atomb-2\/\" data-orig-file=\"https:\/\/i0.wp.com\/www.comicbox.com\/wp-content\/uploads\/2014\/03\/AtomB1.jpg?fit=350%2C528\" data-orig-size=\"350,528\" data-comments-opened=\"1\" data-image-meta=\"{&quot;aperture&quot;:&quot;0&quot;,&quot;credit&quot;:&quot;&quot;,&quot;camera&quot;:&quot;&quot;,&quot;caption&quot;:&quot;&quot;,&quot;created_timestamp&quot;:&quot;0&quot;,&quot;copyright&quot;:&quot;&quot;,&quot;focal_length&quot;:&quot;0&quot;,&quot;iso&quot;:&quot;0&quot;,&quot;shutter_speed&quot;:&quot;0&quot;,&quot;title&quot;:&quot;&quot;}\" data-image-title=\"Atom #1 (Juin 1962)\" data-image-description=\"\" data-image-caption=\"\" data-large-file=\"https:\/\/i0.wp.com\/www.comicbox.com\/wp-content\/uploads\/2014\/03\/AtomB1.jpg?fit=350%2C528\" class=\"alignright wp-image-45510\" style=\"margin-left: 4px; margin-right: 4px;\" src=\"https:\/\/i0.wp.com\/www.comicbox.com\/wp-content\/uploads\/2014\/03\/AtomB1.jpg?resize=350%2C528\" alt=\"Atom #1 (Juin 1962)\" width=\"350\" height=\"528\" srcset=\"https:\/\/i0.wp.com\/www.comicbox.com\/wp-content\/uploads\/2014\/03\/AtomB1.jpg?w=350 350w, https:\/\/i0.wp.com\/www.comicbox.com\/wp-content\/uploads\/2014\/03\/AtomB1.jpg?resize=99%2C150 99w\" sizes=\"auto, (max-width: 350px) 100vw, 350px\" \/>C&rsquo;est par une r\u00e9f\u00e9rence \u00e0 la France que commence Atom #1. On nous rappelle en effet que le Jour J (D-Day) \u00e9tait le nom du d\u00e9barquement des alli\u00e9s sur les plages de Normandie. On nous explique aussi que le V-J Day fut le nom donn\u00e9 par les am\u00e9ricains au jour de la victoire sur le Japon. Et le narrateur nous pr\u00e9vient que d\u00e9sormais il va falloir compter avec le Jour P (le \u00ab\u00a0P\u00a0\u00bb \u00e9tant l\u00e0 pour \u00ab\u00a0Plantes\u00a0\u00bb), le jour o\u00f9 les \u00c9tats-Unis d&rsquo;Am\u00e9rique ont \u00e9t\u00e9 attaqu\u00e9s par les plants, sous les ordres d&rsquo;un certain Jason Woodrue, le Ma\u00eetre du Monde V\u00e9g\u00e9tal. L&rsquo;image, elle, nous montre une sc\u00e8ne singuli\u00e8re : Le super-h\u00e9ros Atom est, comme \u00e0 son habitude, r\u00e9duit \u00e0 une toute petite taille. Mais il s&rsquo;\u00e9lance, anxieux, vers une graine de plante port\u00e9e par le vent, dans la direction d&rsquo;un avion de chasse qui passe dans le ciel. Atom s&rsquo;inqui\u00e8te : \u00ab\u00a0Je vais m&rsquo;inviter sur cette graine et l&#8217;emp\u00eacher de fracasser cet avion !\u00a0\u00bb. Une graine de plante qui pourrait d\u00e9truire un avion ?<\/p>\n<p style=\"text-align: justify;\">Mais comme bien souvent cette premi\u00e8re sc\u00e8ne n&rsquo;est qu&rsquo;une mise-en-bouche, l&rsquo;\u00e9quivalent d&rsquo;un pr\u00e9-g\u00e9n\u00e9rique avant le d\u00e9marrage effectif du r\u00e9cit. L&rsquo;histoire commence r\u00e9ellement un soir, \u00e0 Ivy Town (la ville de r\u00e9f\u00e9rence d&rsquo;Atom). Un passant est en train d&rsquo;allumer sa pire dans la rue, quand il s&rsquo;aper\u00e7oit qu&rsquo;un individu myst\u00e9rieux laisse tomber quelque chose juste devant la banque. La curiosit\u00e9 du passant s&rsquo;\u00e9veille : \u00ab\u00a0La mani\u00e8re dont il a laiss\u00e9 tomber cet truc&#8230; Comme s&rsquo;il voulait que personne ne le remarque !\u00a0\u00bb. Du coup le passant (un d\u00e9nomm\u00e9 Henry Chalmers) se pr\u00e9cipite. Mais il s&rsquo;aper\u00e7oit que l&rsquo;inconnu n&rsquo;a fait que laisser tomber quelques graines dans un bac \u00e0 fleurs. Pas de quoi paniquer. Sauf que&#8230; Le temps de se dire \u00e7a et Chalmers s&rsquo;aper\u00e7oit que les graines germent et poussent \u00e0 une vitesse d\u00e9lirante. Elles donnent vie des plantes qui poussent \u00e0 vue d&rsquo;\u0153il et bougent comme si elles \u00e9taient mues par une intelligence. Sans pr\u00eater attention \u00e0 Chalmers, ces plantes tournent alors leurs fleurs vers le mur de la banque et projettent une sorte de super-acide qui ronge la paroi. Ces plantes sont en train de commettre un hold-up ! Une fois un trou pratiqu\u00e9 dans le mur, les plantes bougent comme des tentacules et s&rsquo;introduisent dans la banque. Elles s&rsquo;attaquent alors &#8211; toujours avec leur acide &#8211; au coffre fort. Chalmers, qui est entr\u00e9 dans l&rsquo;endroit pour observer la sc\u00e8ne, comprend que les plantes sont dirig\u00e9es. Mais par qui ?<\/p>\n<p style=\"text-align: justify;\"><img data-recalc-dims=\"1\" loading=\"lazy\" decoding=\"async\" data-attachment-id=\"45511\" data-permalink=\"http:\/\/www.comicbox.com\/index.php\/articles\/oldies-but-goodies-atom-1-juin-1962\/attachment\/atom02\/\" data-orig-file=\"https:\/\/i0.wp.com\/www.comicbox.com\/wp-content\/uploads\/2014\/03\/Atom02.jpg?fit=450%2C404\" data-orig-size=\"450,404\" data-comments-opened=\"1\" data-image-meta=\"{&quot;aperture&quot;:&quot;0&quot;,&quot;credit&quot;:&quot;&quot;,&quot;camera&quot;:&quot;&quot;,&quot;caption&quot;:&quot;&quot;,&quot;created_timestamp&quot;:&quot;0&quot;,&quot;copyright&quot;:&quot;&quot;,&quot;focal_length&quot;:&quot;0&quot;,&quot;iso&quot;:&quot;0&quot;,&quot;shutter_speed&quot;:&quot;0&quot;,&quot;title&quot;:&quot;&quot;}\" data-image-title=\"Une dryade&amp;#8230;\" data-image-description=\"\" data-image-caption=\"\" data-large-file=\"https:\/\/i0.wp.com\/www.comicbox.com\/wp-content\/uploads\/2014\/03\/Atom02.jpg?fit=450%2C404\" class=\"alignleft wp-image-45511\" style=\"margin-left: 4px; margin-right: 4px;\" src=\"https:\/\/i0.wp.com\/www.comicbox.com\/wp-content\/uploads\/2014\/03\/Atom02.jpg?resize=450%2C404\" alt=\"Une dryade...\" width=\"450\" height=\"404\" srcset=\"https:\/\/i0.wp.com\/www.comicbox.com\/wp-content\/uploads\/2014\/03\/Atom02.jpg?w=450 450w, https:\/\/i0.wp.com\/www.comicbox.com\/wp-content\/uploads\/2014\/03\/Atom02.jpg?resize=150%2C134 150w\" sizes=\"auto, (max-width: 450px) 100vw, 450px\" \/>Une fois le contenu du coffre r\u00e9cup\u00e9r\u00e9 par les plantes, l&rsquo;homme n&rsquo;est pas au bout de ses surprises. Il voit une magnifique (mais toute petite) jeune femme verte rentrer dans la pi\u00e8ce via le trou dans le mur. Chalmers, qui est lettr\u00e9, croit r\u00eaver : il reconnait en elle une dryade, une sorte de divinit\u00e9 mineure de la mythologie qu&rsquo;on pourrait d\u00e9crire comme un esprit des arbres. La dryade a cependant d&rsquo;autres choses en t\u00eate que les for\u00eats. Elle s&#8217;empare des sacs qui \u00e9taient dans le coffre. Dans un premier temps Chalmers croit \u00e0 une imposture : \u00ab\u00a0Ca doit \u00eatre une combine pour voler la banque en se servant d&rsquo;une naine, un truc mont\u00e9 pour tromper d&rsquo;\u00e9ventuels t\u00e9moins comme moi !\u00a0\u00bb. Mais cette id\u00e9e est vite abandonn\u00e9e, quand il voit la petite femme verte s&rsquo;envoler et dispara\u00eetre dans le ciel avec ses sacs ! Ne perdant plus de temps \u00e0 essayer de trouver une explication cart\u00e9sienne, Chalmers se met \u00e0 appeler \u00e0 l&rsquo;aide. Rapidement la police arrive (sans doute que de toute fa\u00e7on il y avait une alarme dans la banque). Mais quand les agents questionnent Chalmers son histoire n&rsquo;est gu\u00e8re coh\u00e9rente. Il d\u00e9crit comme une dryade vient de voler la banque en s&rsquo;aidant de plantes qui crachent de l&rsquo;acide. D&rsquo;ailleurs il veut leur montrer ces plantes mais&#8230; elles se sont r\u00e9tract\u00e9es \u00e0 l&rsquo;int\u00e9rieur des graines ! Il n&rsquo;y a m\u00eame pas l&rsquo;ombre d&rsquo;une fleur normale. Autant dire que personne ne croit \u00e0 son histoire. Les policiers pensent m\u00eame que c&rsquo;est Chalmers qui a fait le coup et qui tente de se couvrir avec cette histoire folle. Du coup, malgr\u00e9 ses protestations, c&rsquo;est bien lui, le seul t\u00e9moin, qu&rsquo;on coffre et qu&rsquo;on exp\u00e9die en prison.<\/p>\n<p style=\"text-align: justify;\"><img data-recalc-dims=\"1\" loading=\"lazy\" decoding=\"async\" data-attachment-id=\"45512\" data-permalink=\"http:\/\/www.comicbox.com\/index.php\/articles\/oldies-but-goodies-atom-1-juin-1962\/attachment\/atom03\/\" data-orig-file=\"https:\/\/i0.wp.com\/www.comicbox.com\/wp-content\/uploads\/2014\/03\/Atom03.jpg?fit=350%2C466\" data-orig-size=\"350,466\" data-comments-opened=\"1\" data-image-meta=\"{&quot;aperture&quot;:&quot;0&quot;,&quot;credit&quot;:&quot;&quot;,&quot;camera&quot;:&quot;&quot;,&quot;caption&quot;:&quot;&quot;,&quot;created_timestamp&quot;:&quot;0&quot;,&quot;copyright&quot;:&quot;&quot;,&quot;focal_length&quot;:&quot;0&quot;,&quot;iso&quot;:&quot;0&quot;,&quot;shutter_speed&quot;:&quot;0&quot;,&quot;title&quot;:&quot;&quot;}\" data-image-title=\"Ray Palmer et Jean Loring\" data-image-description=\"\" data-image-caption=\"\" data-large-file=\"https:\/\/i0.wp.com\/www.comicbox.com\/wp-content\/uploads\/2014\/03\/Atom03.jpg?fit=350%2C466\" class=\"alignright wp-image-45512\" style=\"margin-left: 4px; margin-right: 4px;\" src=\"https:\/\/i0.wp.com\/www.comicbox.com\/wp-content\/uploads\/2014\/03\/Atom03.jpg?resize=350%2C466\" alt=\"Ray Palmer et Jean Loring\" width=\"350\" height=\"466\" srcset=\"https:\/\/i0.wp.com\/www.comicbox.com\/wp-content\/uploads\/2014\/03\/Atom03.jpg?w=350 350w, https:\/\/i0.wp.com\/www.comicbox.com\/wp-content\/uploads\/2014\/03\/Atom03.jpg?resize=112%2C150 112w\" sizes=\"auto, (max-width: 350px) 100vw, 350px\" \/>Dans son malheur, Chalmers a de la chance : l&rsquo;avocate qui s&rsquo;occupe de le d\u00e9fendre est Jean Loring, la petite amie de Ray Palmer (lequel est secr\u00e8tement Atom). Jean (habill\u00e9e tr\u00e8s \u00e0 la mode pour 1961, ce qui lui donne une allure \u00e0 la Jackie Kennedy) ne prend pas les choses \u00e0 la rigolade et d\u00e9cide d&rsquo;enqu\u00eater elle-m\u00eame sur la v\u00e9racit\u00e9 de ce que raconte son client. Elle va donc voir un sp\u00e9cialiste des plantes, le Professeur Walter Dudley, qui lui confirme que certains v\u00e9g\u00e9taux, comme la noix de cajou, peuvent produire une forme d&rsquo;acide. Il lui montre aussi un plant de banane qui repousse en quelques instants. Les affirmations de Chalmers ont donc un fond de v\u00e9rit\u00e9 sur le plan botanique. Mais quand Jean Loring veut voir un anacardier (sur lequel pousse des noix de cajou), Dudley est bien en peine de lui en montrer un : on lui a vol\u00e9 le sien deux nuits plus t\u00f4t ! Vol\u00e9 ? Jean flaire une explication. Peut-\u00eatre que l&rsquo;homme qui a vol\u00e9 l&rsquo;anacardier est aussi celui qui a caus\u00e9 ces choses \u00e9tranges \u00e0 la banque (bien sur \u00e7a n&rsquo;explique en rien l&rsquo;apparition d&rsquo;une nymphe des bois et on se dit que Jean a quand m\u00eame une sacr\u00e9e confiance en ses clients). Elle demande n\u00e9anmoins \u00e0 Dudley pourquoi il n&rsquo;a pas port\u00e9 plainte pour le vol. Le professeur lui explique que ses plantes sont bien trop d\u00e9licates. S&rsquo;il avait port\u00e9 plainte, des agents seraient venus chercher des indices partout et auraient ravag\u00e9 ses plantations. L&rsquo;avocate demande alors \u00e0 Dudley une faveur : pouvoir passer la nuit dans sa serre, de mani\u00e8re \u00e0 voir si le voleur revient voler d&rsquo;autres plantes. Le professeur accepte \u00e0 une condition : qu&rsquo;elle lui laisse le temps de r\u00e9gler la temp\u00e9rature pour contrebalancer la chaleur de son corps.<\/p>\n<p style=\"text-align: justify;\">Quelques heures plus tard, Jean est au restaurant avec son fianc\u00e9. Ray Palmer est plut\u00f4t d&rsquo;humeur romantique et lui propose d&rsquo;aller, le soir m\u00eame, admirer la lune qui se refl\u00e8te dans un lac. Mais Jean refuse en lui expliquant qu&rsquo;elle a un autre rendez-vous ce soir-l\u00e0. Ray, on le comprend, ne saute pas de joie en apprenant la nouvelle. Mais Jean le rassure en lui expliquant que ce n&rsquo;est qu&rsquo;une affaire li\u00e9e \u00e0 des fleurs. Le h\u00e9ros sait qu&rsquo;il peut lui faire confiance mais la formulation l&rsquo;intrigue. Il d\u00e9cide donc d&rsquo;y regarder de plus pr\u00e8s. Apr\u00e8s avoir d\u00e9pos\u00e9 Jean chez elle, Ray gare sa voiture \u00e0 l&rsquo;\u00e9cart et, gr\u00e2ce \u00e0 sa ceinture sp\u00e9ciale qui ma\u00eetrise sa taille, il atteint une taille microscopique et porte d\u00e9sormais le costume d&rsquo;Atom. Comme il s&rsquo;agit d&rsquo;un premier num\u00e9ro mais que par ailleurs Atom est d\u00e9j\u00e0 apparu dans les pages de Showcase, Gardner Fox prend alors la peine de r\u00e9sumer les origines de ce super-h\u00e9ros. Quelques mois plus t\u00f4t, le physicien Ray Palmer a d\u00e9couvert qu&rsquo;avec l&rsquo;aide d&rsquo;un fragment d&rsquo;\u00e9toile blanche il pouvait compresser les atomes son corps et ainsi se r\u00e9duire sans rien perdre de sa force. Ray a aussi cr\u00e9\u00e9 un costume \u00e0 partir de \u00ab\u00a0fibres d&rsquo;\u00e9toile blanche\u00a0\u00bb qu&rsquo;il porte tout le temps PAR DESSUS ses v\u00eatements de ville. La logique de la man\u0153uvre fait que le petit costume n&rsquo;apparait que lorsque Ray adopte sa taille minuscule. Le reste du temps la tenue est \u00ab\u00a0\u00e9tir\u00e9e\u00a0\u00bb sur tout le corps de Ray, ce qui fait qu&rsquo;on ne la voit pas. Quand il se r\u00e9duit, le costume apparait donc sans qu&rsquo;il y ait besoin de l&rsquo;enfiler (l&rsquo;id\u00e9e sera contredite dans des \u00e9pisodes ult\u00e9rieurs de la Justice League, lorsqu&rsquo;il arrive \u00e0 Atom d&rsquo;atteindre par accident une taille de g\u00e9ant mais que le costume, lui, demeure tout \u00e0 fait visible alors qu&rsquo;il devrait \u00eatre encore plus \u00e9tir\u00e9 que lorsqu&rsquo;il n&rsquo;a qu&rsquo;une \u00ab\u00a0taille humaine\u00a0\u00bb.<\/p>\n<p style=\"text-align: justify;\">Pendant ce temps, Jean est mont\u00e9e dans sa propre voiture, regrettant de ne pas avoir pu en dire plus \u00e0 Ray. Mais elle prend son travail tr\u00e8s au s\u00e9rieux : \u00ab\u00a0Je suis d\u00e9termin\u00e9e \u00e0 prouver que je peux r\u00e9ussir comme avocate&#8230; avant de me poser pour \u00eatre une femme au foyer ! Ray ne semble pas comprendre \u00e7a !\u00a0\u00bb. L&rsquo;\u00e9pisode datant de 1962 et \u00e9tant ant\u00e9rieur \u00e0 la \u00ab\u00a0lib\u00e9ration de la femme\u00a0\u00bb, on remarquera que ce passage a deux niveaux. D&rsquo;abord le h\u00e9ros, le point de vue dans cette s\u00e9rie, trouve \u00e7a curieux que sa future \u00e9pouse puisse vouloir travailler (m\u00eame si ce n&rsquo;est pas lui qui le dit, elle l&rsquo;exprime pour lui et rien ne le contredit). Et inversement, sous l&rsquo;apparence progressiste de l&rsquo;attitude de Jean Loring, on ne va gu\u00e8re plus loin. Jean insinue qu&rsquo;elle doit absolument r\u00e9ussir professionnellement avant de se marier&#8230; et de ne devenir qu&rsquo;une femme au foyer. Mais comme beaucoup de personnages de BD, Jean a parl\u00e9 \u00e0 voix haute malgr\u00e9 le fait qu&rsquo;elle se pense seule. Elle ne sait pas qu&rsquo;Atom est mont\u00e9 dans la voiture et, toujours minuscule, s&rsquo;est cach\u00e9 derri\u00e8re le r\u00e9troviseur. Il a donc tout entendu du monologue et pense : \u00ab\u00a0Je la comprends tout \u00e0 fait, c&rsquo;est pourquoi, en tant qu&rsquo;Atom, je l&rsquo;aide dans ses cas les plus difficiles ! Le plus t\u00f4t elle r\u00e9ussira dans sa carri\u00e8re, le plus t\u00f4t elle m&rsquo;\u00e9pousera !\u00a0\u00bb. Et l\u00e0 donc on a un personnage qui dit comprendre mais qui adopte une attitude tout \u00e0 fait paternaliste. Il ne lui vient pas \u00e0 l&rsquo;id\u00e9e que Jean pourrait r\u00e9ussir dans la vie sans qu&rsquo;on l&rsquo;aide. Et de toute mani\u00e8re le constat final est le m\u00eame : tout m\u00e8ne \u00e0 un mariage ou, en tant qu&rsquo;\u00e9pouse, on insinue qu&rsquo;elle ne travaillera pas autant (en dehors des taches domestiques de la femme au foyer). Atom est un produit de son \u00e9poque (qui plus est \u00e9crit \u00e0 l&rsquo;\u00e9poque par un sc\u00e9nariste n\u00e9 en 1911) et on ne peut pas sp\u00e9cialement le qualifier de progressiste sur la question de la place de la femme. Il ne lui veut que du bien, mais n&rsquo;a pas l&rsquo;air de penser qu&rsquo;elle puisse se d\u00e9brouiller&#8230;<\/p>\n<p style=\"text-align: justify;\"><img data-recalc-dims=\"1\" loading=\"lazy\" decoding=\"async\" data-attachment-id=\"45513\" data-permalink=\"http:\/\/www.comicbox.com\/index.php\/articles\/oldies-but-goodies-atom-1-juin-1962\/attachment\/atom04\/\" data-orig-file=\"https:\/\/i0.wp.com\/www.comicbox.com\/wp-content\/uploads\/2014\/03\/Atom04.jpg?fit=350%2C508\" data-orig-size=\"350,508\" data-comments-opened=\"1\" data-image-meta=\"{&quot;aperture&quot;:&quot;0&quot;,&quot;credit&quot;:&quot;&quot;,&quot;camera&quot;:&quot;&quot;,&quot;caption&quot;:&quot;&quot;,&quot;created_timestamp&quot;:&quot;0&quot;,&quot;copyright&quot;:&quot;&quot;,&quot;focal_length&quot;:&quot;0&quot;,&quot;iso&quot;:&quot;0&quot;,&quot;shutter_speed&quot;:&quot;0&quot;,&quot;title&quot;:&quot;&quot;}\" data-image-title=\"Jean monte la garde\" data-image-description=\"\" data-image-caption=\"\" data-large-file=\"https:\/\/i0.wp.com\/www.comicbox.com\/wp-content\/uploads\/2014\/03\/Atom04.jpg?fit=350%2C508\" class=\"alignleft size-full wp-image-45513\" style=\"margin-left: 4px; margin-right: 4px;\" src=\"https:\/\/i0.wp.com\/www.comicbox.com\/wp-content\/uploads\/2014\/03\/Atom04.jpg?resize=350%2C508\" alt=\"Jean monte la garde\" width=\"350\" height=\"508\" srcset=\"https:\/\/i0.wp.com\/www.comicbox.com\/wp-content\/uploads\/2014\/03\/Atom04.jpg?w=350 350w, https:\/\/i0.wp.com\/www.comicbox.com\/wp-content\/uploads\/2014\/03\/Atom04.jpg?resize=103%2C150 103w\" sizes=\"auto, (max-width: 350px) 100vw, 350px\" \/>Inversement il faut dire que la \u00ab\u00a0m\u00e9thode\u00a0\u00bb de Jean Loring est cousue de fils blancs. Elle pense qu&rsquo;un voleur r\u00f4de, s&rsquo;attaquant aux banques avec des techniques venant de la botanique. Plut\u00f4t que de surveiller les autres banques, elle pr\u00e9f\u00e8re \u00ab\u00a0planquer\u00a0\u00bb dans la serre, sans savoir si l&rsquo;inconnu n&rsquo;a pas d\u00e9j\u00e0 vol\u00e9 toutes les plantes dont il avait besoin. Le plan de Jean se limite \u00e0 surveiller la serre avec les yeux grands ouverts, en attendant de voir ce qui se passe. Toujours cach\u00e9 pr\u00e8s d&rsquo;elle (mais de l&rsquo;autre c\u00f4t\u00e9 de la vitre de la serre), Atom d\u00e9couvre donc ce qu&rsquo;elle entendait par avoir un \u00ab\u00a0rendez-vous avec des fleurs\u00a0\u00bb. Il ne conna\u00eet pas pour autant la nature de l&rsquo;enqu\u00eate. Mais bient\u00f4t une chose \u00e9trange (de plus) se produit. Jean pique du nez. Et &#8211; avant que vous puissiez penser qu&rsquo;il s&rsquo;agit encore d&rsquo;une pique lanc\u00e9e vers l&rsquo;image de la femme, son manque de suite dans les id\u00e9es ou sa fain\u00e9antise &#8211; pr\u00e9cisons qu&rsquo;elle a une bonne raison. Comme Atom le remarque vite, une orchid\u00e9e s&rsquo;est tourn\u00e9e vers Jean et \u00e9met un gaz soporifique ! L&rsquo;avocate n&rsquo;avait donc pas une chance de mener \u00e0 bien sa garde. Atom, de l&rsquo;autre c\u00f4t\u00e9 de la vite, n&rsquo;est pas expos\u00e9 et reste donc \u00e9veill\u00e9&#8230; Encore qu&rsquo;il voit juste Jean perdre conscience et qu&rsquo;on serait tent\u00e9 de demander comment, de l&rsquo;ext\u00e9rieur, il peut faire la diff\u00e9rence entre un gaz soporifique et un poison qui serait en train de tuer sa dulcin\u00e9e (\u00e0 moins qu&rsquo;elle ronfle \u00e9norm\u00e9ment mais le sc\u00e9nario ne va pas vers cette voie, qui ferait perdre de sa superbe \u00e0 Melle Loring). N&rsquo;importe qui d&rsquo;un peu prudent briserait la vitre pour s&rsquo;assurer que Jean respire. Pas Atom. Sans doute qu&rsquo;en tant que physicien et super-h\u00e9ros il sait reconna\u00eetre des signes qui nous \u00e9chappent.<\/p>\n<p style=\"text-align: justify;\"><img data-recalc-dims=\"1\" loading=\"lazy\" decoding=\"async\" data-attachment-id=\"45514\" data-permalink=\"http:\/\/www.comicbox.com\/index.php\/articles\/oldies-but-goodies-atom-1-juin-1962\/attachment\/atom05\/\" data-orig-file=\"https:\/\/i0.wp.com\/www.comicbox.com\/wp-content\/uploads\/2014\/03\/Atom05.jpg?fit=500%2C299\" data-orig-size=\"500,299\" data-comments-opened=\"1\" data-image-meta=\"{&quot;aperture&quot;:&quot;0&quot;,&quot;credit&quot;:&quot;&quot;,&quot;camera&quot;:&quot;&quot;,&quot;caption&quot;:&quot;&quot;,&quot;created_timestamp&quot;:&quot;0&quot;,&quot;copyright&quot;:&quot;&quot;,&quot;focal_length&quot;:&quot;0&quot;,&quot;iso&quot;:&quot;0&quot;,&quot;shutter_speed&quot;:&quot;0&quot;,&quot;title&quot;:&quot;&quot;}\" data-image-title=\"Atom croit halluciner&amp;#8230;\" data-image-description=\"\" data-image-caption=\"\" data-large-file=\"https:\/\/i0.wp.com\/www.comicbox.com\/wp-content\/uploads\/2014\/03\/Atom05.jpg?fit=500%2C299\" class=\"alignright wp-image-45514\" style=\"margin-left: 4px; margin-right: 4px;\" src=\"https:\/\/i0.wp.com\/www.comicbox.com\/wp-content\/uploads\/2014\/03\/Atom05.jpg?resize=500%2C299\" alt=\"Atom croit halluciner...\" width=\"500\" height=\"299\" srcset=\"https:\/\/i0.wp.com\/www.comicbox.com\/wp-content\/uploads\/2014\/03\/Atom05.jpg?w=500 500w, https:\/\/i0.wp.com\/www.comicbox.com\/wp-content\/uploads\/2014\/03\/Atom05.jpg?resize=150%2C89 150w\" sizes=\"auto, (max-width: 500px) 100vw, 500px\" \/>Jean \u00e9tant H.S., Atom assiste alors \u00e0 une sc\u00e8ne encore plus d\u00e9lirante : \u00e0 l&rsquo;int\u00e9rieur de la serre deux fleurs s&rsquo;ouvrent et r\u00e9v\u00e8lent chacune une petite femme verte (\u00e0 peu pr\u00e8s de la taille d&rsquo;Atom). Ray Palmer reconna\u00eet lui aussi des esprits v\u00e9g\u00e9taux, qui se d\u00e9p\u00eachent de couper des fleurs et de partir vers l&rsquo;ext\u00e9rieur en les emportant. Voyant la direction que les deux dryades empruntent, Atom se pr\u00e9cipite \u00e0 leur poursuite. Mais si elles ont la m\u00eame taille que lui, elles ont aussi le pouvoir de voler, chose qu&rsquo;il ne poss\u00e8de pas. D\u00e9j\u00e0 une des dryades est hors d&rsquo;atteinte. Mais alors que la seconde d\u00e9colle \u00e0 son tour, trainant derri\u00e8re elle la fleur vol\u00e9e, Atom bondit et s&rsquo;accroche \u00e0 la tige de la plante. Il utilise ses pouvoirs pour se rendre encore plus petit qu&rsquo;\u00e0 son habitude, de mani\u00e8re \u00e0 ce que les nymphes des bois ne le remarquent pas. Il rumine alors : \u00ab\u00a0Je vais m&rsquo;incruster et voir o\u00f9 elles vont ! Jean m&rsquo;a parl\u00e9 de son nouveau client pendant le repas. Ce vol a l&rsquo;air d&rsquo;\u00eatre connect\u00e9 \u00e0 ce cas !\u00a0\u00bb. Ce qui est une curieuse aberration sc\u00e9naristique puisque, dans la sc\u00e8ne du repas, Jean voulait \u00e0 peine dire \u00e0 Ray o\u00f9 elle allait passer la soir\u00e9e, voulant g\u00e9rer les choses seules. On imagine mal comment elle aurait refus\u00e9 de lui parler de la serre pour mieux lui parler de toute l&rsquo;affaire entre deux cases.<\/p>\n<p style=\"text-align: justify;\"><img data-recalc-dims=\"1\" loading=\"lazy\" decoding=\"async\" data-attachment-id=\"45515\" data-permalink=\"http:\/\/www.comicbox.com\/index.php\/articles\/oldies-but-goodies-atom-1-juin-1962\/attachment\/atom06\/\" data-orig-file=\"https:\/\/i0.wp.com\/www.comicbox.com\/wp-content\/uploads\/2014\/03\/Atom06.jpg?fit=475%2C428\" data-orig-size=\"475,428\" data-comments-opened=\"1\" data-image-meta=\"{&quot;aperture&quot;:&quot;0&quot;,&quot;credit&quot;:&quot;&quot;,&quot;camera&quot;:&quot;&quot;,&quot;caption&quot;:&quot;&quot;,&quot;created_timestamp&quot;:&quot;0&quot;,&quot;copyright&quot;:&quot;&quot;,&quot;focal_length&quot;:&quot;0&quot;,&quot;iso&quot;:&quot;0&quot;,&quot;shutter_speed&quot;:&quot;0&quot;,&quot;title&quot;:&quot;&quot;}\" data-image-title=\"Jason Woodrue\" data-image-description=\"\" data-image-caption=\"\" data-large-file=\"https:\/\/i0.wp.com\/www.comicbox.com\/wp-content\/uploads\/2014\/03\/Atom06.jpg?fit=475%2C428\" class=\"alignleft size-full wp-image-45515\" style=\"margin-left: 4px; margin-right: 4px;\" src=\"https:\/\/i0.wp.com\/www.comicbox.com\/wp-content\/uploads\/2014\/03\/Atom06.jpg?resize=475%2C428\" alt=\"Jason Woodrue\" width=\"475\" height=\"428\" srcset=\"https:\/\/i0.wp.com\/www.comicbox.com\/wp-content\/uploads\/2014\/03\/Atom06.jpg?w=475 475w, https:\/\/i0.wp.com\/www.comicbox.com\/wp-content\/uploads\/2014\/03\/Atom06.jpg?resize=150%2C135 150w\" sizes=\"auto, (max-width: 475px) 100vw, 475px\" \/>Bient\u00f4t les deux femmes vertes arrivent dans un laboratoire o\u00f9 un homme en blouse blanche les f\u00e9licite : \u00ab\u00a0Je suis content que vous ayez ob\u00e9it aux ordres de Maya quand je lui command\u00e9 de vous convoquer ici !\u00a0\u00bb. Sentant que c&rsquo;est le cerveau de toute l&rsquo;affaire, Atom retrouve la \u00ab\u00a0taille de croisi\u00e8re\u00a0\u00bb qu&rsquo;il adopte quand il joue les super-h\u00e9ros, esp\u00e9rant capturer le criminel. Il devient aussi, du coup, visible. Mais le mini-justicier n&rsquo;a pas le temps de fondre sur l&rsquo;homme \u00e0 la blouse. Il est \u00ab\u00a0intercept\u00e9\u00a0\u00bb par les graines que lancent des fleurs, comme s&rsquo;il s&rsquo;agissait d&rsquo;un tir de barrage. L&rsquo;homme en blanc jubile : \u00ab\u00a0Je suis le ma\u00eetre de toutes les choses qui poussent, Atom ! Mes petites beaut\u00e9s me prot\u00e8gent !\u00a0\u00bb. Atom est repouss\u00e9 par les projectiles, sans se rendre compte qu&rsquo;on le guide vers une autre plante plac\u00e9e derri\u00e8re lui : une plante carnivore qui se referme sur lui. A cette taille, c&rsquo;est un vrai danger mortel pour le h\u00e9ros. D&rsquo;ailleurs son adversaire, t\u00e9moin de la sc\u00e8ne, promet : \u00ab\u00a0Encore quelques instants, Atom, et tu seras fini !\u00a0\u00bb.<\/p>\n<p style=\"text-align: justify;\"><img data-recalc-dims=\"1\" loading=\"lazy\" decoding=\"async\" data-attachment-id=\"45516\" data-permalink=\"http:\/\/www.comicbox.com\/index.php\/articles\/oldies-but-goodies-atom-1-juin-1962\/attachment\/atom07\/\" data-orig-file=\"https:\/\/i0.wp.com\/www.comicbox.com\/wp-content\/uploads\/2014\/03\/Atom07.jpg?fit=350%2C471\" data-orig-size=\"350,471\" data-comments-opened=\"1\" data-image-meta=\"{&quot;aperture&quot;:&quot;0&quot;,&quot;credit&quot;:&quot;&quot;,&quot;camera&quot;:&quot;&quot;,&quot;caption&quot;:&quot;&quot;,&quot;created_timestamp&quot;:&quot;0&quot;,&quot;copyright&quot;:&quot;&quot;,&quot;focal_length&quot;:&quot;0&quot;,&quot;iso&quot;:&quot;0&quot;,&quot;shutter_speed&quot;:&quot;0&quot;,&quot;title&quot;:&quot;&quot;}\" data-image-title=\"Atom \u00e9chappe au pi\u00e8ge.\" data-image-description=\"\" data-image-caption=\"\" data-large-file=\"https:\/\/i0.wp.com\/www.comicbox.com\/wp-content\/uploads\/2014\/03\/Atom07.jpg?fit=350%2C471\" class=\"size-full wp-image-45516 alignright\" style=\"margin-left: 4px; margin-right: 4px;\" src=\"https:\/\/i0.wp.com\/www.comicbox.com\/wp-content\/uploads\/2014\/03\/Atom07.jpg?resize=350%2C471\" alt=\"Atom \u00e9chappe au pi\u00e8ge.\" width=\"350\" height=\"471\" srcset=\"https:\/\/i0.wp.com\/www.comicbox.com\/wp-content\/uploads\/2014\/03\/Atom07.jpg?w=350 350w, https:\/\/i0.wp.com\/www.comicbox.com\/wp-content\/uploads\/2014\/03\/Atom07.jpg?resize=111%2C150 111w\" sizes=\"auto, (max-width: 350px) 100vw, 350px\" \/>Comme la s\u00e9rie ne s&rsquo;est pas arr\u00eat\u00e9e ensuite, vous aurez compris qu&rsquo;Atom n&rsquo;est pas vraiment mort dans le passage suivant. Si la plante s&rsquo;est bien referm\u00e9e sur Ray, Jason Woodrue (qui est identifi\u00e9 d&rsquo;un seul coup par le narrateur, comme si on l&rsquo;avait d\u00e9j\u00e0 nomm\u00e9 dans le r\u00e9cit) d\u00e9cide qu&rsquo;il n&rsquo;a pas le temps d&rsquo;assister au spectacle. Il est tellement convaincu qu&rsquo;Atom court \u00e0 sa perte qu&rsquo;il ne reste pas pour le surveiller. A l&rsquo;int\u00e9rieur de la fleur, le h\u00e9ros est effectivement dans une mauvaise situation. Le liquide contenu par la plante est si gluant qu&rsquo;Atom n&rsquo;arrive pas \u00e0 toucher les commandes de sa ceinture, qui lui permettraient de changer de taille. Mais il a bient\u00f4t une id\u00e9e. Il est arriv\u00e9 \u00e0 arracher au passage une des \u00e9pines de la fleur. Et c&rsquo;est avec cet outil qu&rsquo;il arrive \u00e0 activer sa ceinture. En quelques microsecondes il change donc de taille et grandi au point de faire exploser la plante carnivore qui le contenait. Lib\u00e9r\u00e9, il est donc en th\u00e9orie seul dans la pi\u00e8ce, puisque Woodrue s&rsquo;en est all\u00e9. Mais il entend une voix de femme qui lui demande son aide !<\/p>\n<p style=\"text-align: justify;\">Levant la t\u00eate, Atom voit bien une petite cage en bois (genre cage \u00e0 oiseaux). C&rsquo;est de l\u00e0 que vient la voix&#8230; Mais il n&rsquo;y a personne. En tout cas personne de visible. Son interlocutrice se rend compte de son trouble \u00ab\u00a0Oh ! J&rsquo;oubliais que je dois le vouloir pour qu&rsquo;on me voit ! Et maintenant petit homme !\u00a0\u00bb. Maintenant ? Atom voit une autre femme verte (blonde, reconnaissable aussi \u00e0 des fleurs dans ses cheveux). La prisonni\u00e8re est une autre dryade mais pas n&rsquo;importe laquelle. Elle se pr\u00e9sente comme Maya, la reine des esprits des fleurs. Atom tente de la lib\u00e9rer mais la cage est trop haute pour sa petite taille (Ray Palmer n&rsquo;est pas tr\u00e8s malin par moment, il lui suffirait de reprendre taille humaine et ce serait r\u00e9gl\u00e9). Finalement Atom d\u00e9cide de se servir d&rsquo;un crayon de papier comme d&rsquo;un javelot. Il le lance tr\u00e8s fort et&#8230; attrape le stylo au passage, de mani\u00e8re \u00e0 s&rsquo;en servir comme d&rsquo;un missile sur lequel il est assis. Ainsi il arrive dans la cage et commence \u00e0 en d\u00e9truire les barreaux.<\/p>\n<p style=\"text-align: justify;\"><img data-recalc-dims=\"1\" loading=\"lazy\" decoding=\"async\" data-attachment-id=\"45517\" data-permalink=\"http:\/\/www.comicbox.com\/index.php\/articles\/oldies-but-goodies-atom-1-juin-1962\/attachment\/atom08\/\" data-orig-file=\"https:\/\/i0.wp.com\/www.comicbox.com\/wp-content\/uploads\/2014\/03\/Atom08.jpg?fit=375%2C375\" data-orig-size=\"375,375\" data-comments-opened=\"1\" data-image-meta=\"{&quot;aperture&quot;:&quot;0&quot;,&quot;credit&quot;:&quot;&quot;,&quot;camera&quot;:&quot;&quot;,&quot;caption&quot;:&quot;&quot;,&quot;created_timestamp&quot;:&quot;0&quot;,&quot;copyright&quot;:&quot;&quot;,&quot;focal_length&quot;:&quot;0&quot;,&quot;iso&quot;:&quot;0&quot;,&quot;shutter_speed&quot;:&quot;0&quot;,&quot;title&quot;:&quot;&quot;}\" data-image-title=\"Maya, reine des fleurs\" data-image-description=\"\" data-image-caption=\"\" data-large-file=\"https:\/\/i0.wp.com\/www.comicbox.com\/wp-content\/uploads\/2014\/03\/Atom08.jpg?fit=375%2C375\" class=\" wp-image-45517 alignleft\" style=\"margin-left: 4px; margin-right: 4px;\" src=\"https:\/\/i0.wp.com\/www.comicbox.com\/wp-content\/uploads\/2014\/03\/Atom08.jpg?resize=375%2C375\" alt=\"Maya, reine des fleurs\" width=\"375\" height=\"375\" srcset=\"https:\/\/i0.wp.com\/www.comicbox.com\/wp-content\/uploads\/2014\/03\/Atom08.jpg?w=375 375w, https:\/\/i0.wp.com\/www.comicbox.com\/wp-content\/uploads\/2014\/03\/Atom08.jpg?resize=70%2C70 70w, https:\/\/i0.wp.com\/www.comicbox.com\/wp-content\/uploads\/2014\/03\/Atom08.jpg?resize=150%2C150 150w, https:\/\/i0.wp.com\/www.comicbox.com\/wp-content\/uploads\/2014\/03\/Atom08.jpg?resize=36%2C36 36w\" sizes=\"auto, (max-width: 375px) 100vw, 375px\" \/>Pendant ce temps Maya commence \u00e0 raconter son histoire : Jason Woodrue n&rsquo;est pas r\u00e9ellement un terrien. Il vient d&rsquo;une dimension parall\u00e8le qui est habit\u00e9e par les nymphes de bois, des dryades, les n\u00e9r\u00e9ides, les esprits des airs et ceux des plantes. Mais \u00e0 cause de ses mauvaises actions il a \u00e9t\u00e9 banni de sa dimension d&rsquo;origine, ses juges pensants qu&rsquo;une fois livr\u00e9 \u00e0 lui-m\u00eame il p\u00e9rirait.<\/p>\n<p style=\"text-align: justify;\">Mais Woodrue gardait toute sa connaissance des esprits \u00e9l\u00e9mentaires. Arriv\u00e9 sur Terre, il utilisa son savoir pour capturer Maya et la forcer \u00e0 lui ob\u00e9ir. Maya et ses sujets influen\u00e7ant la vie v\u00e9g\u00e9tale, capture la reine revient \u00e0 diriger le monde des plantes. Qui plus est Jason Woodrue a exp\u00e9riment\u00e9 sur les plantes qu&rsquo;il trouvait pour en cr\u00e9er de nouvelles, plus dangereuses, qu&rsquo;il nomme ses \u00ab\u00a0planto\u00efdes\u00a0\u00bb. Il a ainsi cr\u00e9\u00e9 quelque chose qui pousse aussi vite qu&rsquo;un pied de banane mais crache de l&rsquo;acide. C&rsquo;est ce qui a permis de piller la banque d&rsquo;Ivy Town. Atom, qui ne brille d\u00e9cid\u00e9ment pas par son intelligence dans ce num\u00e9ro, s&rsquo;exclame : \u00ab\u00a0Alors la police a arr\u00eat\u00e9 Henry Chalmers mais c&rsquo;est Woodrue le coupable ?\u00a0\u00bb.<\/p>\n<p style=\"text-align: justify;\"><img data-recalc-dims=\"1\" loading=\"lazy\" decoding=\"async\" data-attachment-id=\"45518\" data-permalink=\"http:\/\/www.comicbox.com\/index.php\/articles\/oldies-but-goodies-atom-1-juin-1962\/attachment\/atom09\/\" data-orig-file=\"https:\/\/i0.wp.com\/www.comicbox.com\/wp-content\/uploads\/2014\/03\/Atom09.jpg?fit=500%2C347\" data-orig-size=\"500,347\" data-comments-opened=\"1\" data-image-meta=\"{&quot;aperture&quot;:&quot;0&quot;,&quot;credit&quot;:&quot;&quot;,&quot;camera&quot;:&quot;&quot;,&quot;caption&quot;:&quot;&quot;,&quot;created_timestamp&quot;:&quot;0&quot;,&quot;copyright&quot;:&quot;&quot;,&quot;focal_length&quot;:&quot;0&quot;,&quot;iso&quot;:&quot;0&quot;,&quot;shutter_speed&quot;:&quot;0&quot;,&quot;title&quot;:&quot;&quot;}\" data-image-title=\"Lib\u00e9rer Maya avec&amp;#8230; un crayon.\" data-image-description=\"\" data-image-caption=\"\" data-large-file=\"https:\/\/i0.wp.com\/www.comicbox.com\/wp-content\/uploads\/2014\/03\/Atom09.jpg?fit=500%2C347\" class=\"size-full wp-image-45518 alignright\" style=\"margin-left: 4px; margin-right: 4px;\" src=\"https:\/\/i0.wp.com\/www.comicbox.com\/wp-content\/uploads\/2014\/03\/Atom09.jpg?resize=500%2C347\" alt=\"Lib\u00e9rer Maya avec... un crayon.\" width=\"500\" height=\"347\" srcset=\"https:\/\/i0.wp.com\/www.comicbox.com\/wp-content\/uploads\/2014\/03\/Atom09.jpg?w=500 500w, https:\/\/i0.wp.com\/www.comicbox.com\/wp-content\/uploads\/2014\/03\/Atom09.jpg?resize=150%2C104 150w\" sizes=\"auto, (max-width: 500px) 100vw, 500px\" \/>Maya lui confirme, expliquant que les femmes-esprits sont invisibles sauf si elles sont oblig\u00e9es de toucher quelque chose de tangible (ce qui explique pourquoi Chalmers a pu les voir emporter l&rsquo;argent tandis qu&rsquo;Atom les voyait prendre des fleurs&#8230;). Atom demande \u00e0 sa nouvelle alli\u00e9e si elle sait o\u00f9 est pass\u00e9 Jason. Mais elle l&rsquo;ignore. Elle est seulement au courant que Woodrue veut ni plus ni moins qu&rsquo;utiliser ses plants pour conqu\u00e9rir le monde. A ce moment-l\u00e0, de mani\u00e8re abrupte, Atom l&rsquo;interrompt : \u00ab\u00a0Avant que nous nous occupions de \u00e7a, je ferais mieux de voir si Jean Loring va bien !\u00a0\u00bb. Euh oui Atom, mais n&rsquo;aurais-tu pas du le faire quelques instants plus t\u00f4t ? Maya n&rsquo;y voit pas de probl\u00e8me, d&rsquo;autant qu&rsquo;elle peut elle aussi voler. Elle peut donc emporter le h\u00e9ros vers sa fianc\u00e9e.<\/p>\n<p style=\"text-align: justify;\"><img data-recalc-dims=\"1\" loading=\"lazy\" decoding=\"async\" data-attachment-id=\"45519\" data-permalink=\"http:\/\/www.comicbox.com\/index.php\/articles\/oldies-but-goodies-atom-1-juin-1962\/attachment\/atom10\/\" data-orig-file=\"https:\/\/i0.wp.com\/www.comicbox.com\/wp-content\/uploads\/2014\/03\/Atom10.jpg?fit=475%2C359\" data-orig-size=\"475,359\" data-comments-opened=\"1\" data-image-meta=\"{&quot;aperture&quot;:&quot;0&quot;,&quot;credit&quot;:&quot;&quot;,&quot;camera&quot;:&quot;&quot;,&quot;caption&quot;:&quot;&quot;,&quot;created_timestamp&quot;:&quot;0&quot;,&quot;copyright&quot;:&quot;&quot;,&quot;focal_length&quot;:&quot;0&quot;,&quot;iso&quot;:&quot;0&quot;,&quot;shutter_speed&quot;:&quot;0&quot;,&quot;title&quot;:&quot;&quot;}\" data-image-title=\"Jean est un peu jalouse de Maya\" data-image-description=\"\" data-image-caption=\"\" data-large-file=\"https:\/\/i0.wp.com\/www.comicbox.com\/wp-content\/uploads\/2014\/03\/Atom10.jpg?fit=475%2C359\" class=\"alignleft wp-image-45519\" style=\"margin-left: 4px; margin-right: 4px;\" src=\"https:\/\/i0.wp.com\/www.comicbox.com\/wp-content\/uploads\/2014\/03\/Atom10.jpg?resize=475%2C359\" alt=\"Jean est un peu jalouse de Maya\" width=\"475\" height=\"359\" srcset=\"https:\/\/i0.wp.com\/www.comicbox.com\/wp-content\/uploads\/2014\/03\/Atom10.jpg?w=475 475w, https:\/\/i0.wp.com\/www.comicbox.com\/wp-content\/uploads\/2014\/03\/Atom10.jpg?resize=150%2C113 150w\" sizes=\"auto, (max-width: 475px) 100vw, 475px\" \/>A la serre, Jean est r\u00e9veill\u00e9e, mais elle manque de tomber dans les pommes en voyant arriver son ami et alli\u00e9 Atom (elle ignore que c&rsquo;est Ray) pendu \u00e0 une mini-femme verte volante. Rapidement Atom explique que Chalmers est innocent, que Woodrue est le vrai coupable. Mais en son for int\u00e9rieur le h\u00e9ros rumine \u00ab\u00a0Je n&rsquo;ai pas parl\u00e9 \u00e0 Jean des plans de Woodrue pour conqu\u00e9rir la Terre !\u00a0\u00bb. Pourquoi ? Comment ? On ne saura pas. Ce qui parait le plus probable c&rsquo;est que dans l&rsquo;esprit de Gardner Fox Jean Loring ne m\u00e9rite pas d&rsquo;\u00eatre tenue au courant parce que c&rsquo;est de l&rsquo;action et qu&rsquo;elle n&rsquo;y comprendrait rien. On ne peut pas non plus parler de sexisme pour le coup puisqu&rsquo;\u00e0 l&rsquo;inverse Maya est jug\u00e9e digne d&rsquo;aider Atom (mais bon, elle n&rsquo;est pas humaine). Quand Jean remonte dans sa voiture, elle demande n\u00e9anmoins, avec une pointe de jalousie : \u00ab\u00a0Et ta petite amie va t&rsquo;aider aussi ?\u00a0\u00bb. Atom rit int\u00e9rieurement en se demandant ce qu&rsquo;elle dirait si, en plus, elle savait qu&rsquo;il est Ray Palmer, son fianc\u00e9. Inversement Maya n&rsquo;est que trop heureuse d&rsquo;aider Atom. Alors que les deux micro-personnages retournent au labo de Woodrue, la reine des esprits floraux lui fait du rentre-dedans, lui explique qu&rsquo;elle n&rsquo;a pas de probl\u00e8me \u00e0 attendre tant qu&rsquo;elle est en sa compagnie et ainsi de suite.<\/p>\n<p style=\"text-align: justify;\"><img data-recalc-dims=\"1\" loading=\"lazy\" decoding=\"async\" data-attachment-id=\"45520\" data-permalink=\"http:\/\/www.comicbox.com\/index.php\/articles\/oldies-but-goodies-atom-1-juin-1962\/attachment\/atom11\/\" data-orig-file=\"https:\/\/i0.wp.com\/www.comicbox.com\/wp-content\/uploads\/2014\/03\/Atom11.jpg?fit=350%2C477\" data-orig-size=\"350,477\" data-comments-opened=\"1\" data-image-meta=\"{&quot;aperture&quot;:&quot;0&quot;,&quot;credit&quot;:&quot;&quot;,&quot;camera&quot;:&quot;&quot;,&quot;caption&quot;:&quot;&quot;,&quot;created_timestamp&quot;:&quot;0&quot;,&quot;copyright&quot;:&quot;&quot;,&quot;focal_length&quot;:&quot;0&quot;,&quot;iso&quot;:&quot;0&quot;,&quot;shutter_speed&quot;:&quot;0&quot;,&quot;title&quot;:&quot;&quot;}\" data-image-title=\"Woodrue attaque !\" data-image-description=\"\" data-image-caption=\"\" data-large-file=\"https:\/\/i0.wp.com\/www.comicbox.com\/wp-content\/uploads\/2014\/03\/Atom11.jpg?fit=350%2C477\" class=\"alignright size-full wp-image-45520\" style=\"margin-left: 4px; margin-right: 4px;\" src=\"https:\/\/i0.wp.com\/www.comicbox.com\/wp-content\/uploads\/2014\/03\/Atom11.jpg?resize=350%2C477\" alt=\"Woodrue attaque !\" width=\"350\" height=\"477\" srcset=\"https:\/\/i0.wp.com\/www.comicbox.com\/wp-content\/uploads\/2014\/03\/Atom11.jpg?w=350 350w, https:\/\/i0.wp.com\/www.comicbox.com\/wp-content\/uploads\/2014\/03\/Atom11.jpg?resize=110%2C150 110w\" sizes=\"auto, (max-width: 350px) 100vw, 350px\" \/>A 9 heures du matin, une cit\u00e9 du bord de l&rsquo;atlantique est attaqu\u00e9e par des plantes g\u00e9antes. D&rsquo;\u00e9normes variations des fleurs cracheuses d&rsquo;acide surgissent et s&rsquo;attaquent \u00e0 tout. Les immeubles, les moyens de transport&#8230; En quelques instants elles ont d\u00e9truit un avion. Elles menacent aussi les r\u00e9serves d&rsquo;eau ne puisant dedans. Du coup les humains ont des difficult\u00e9s pour alimenter les g\u00e9n\u00e9rateurs \u00e9lectriques. C&rsquo;est le moment que choisi Jason Woodrue pour se manifester. Grace \u00e0 un gadget, sa voix est propag\u00e9e \u00e0 travers toute l&rsquo;Am\u00e9rique. Il laisse \u00e0 la population cinq minutes pour se rendre, sinon il d\u00e9truira la capitale&#8230; \u00c9coutant \u00e7a, Atom comprend que Washington est en danger et qu&rsquo;il faut absolument l&rsquo;arr\u00eater. Mais Maya objecte que Woodrue a ordonn\u00e9 aux esprits des fleurs de planter des Planto\u00efdes \u00e0 travers tout le pays. Et l\u00e0, il y a une \u00ab\u00a0minute blonde\u00a0\u00bb et, pour le coup, c&rsquo;est Atom qui lui souligne l&rsquo;\u00e9vidence. C&rsquo;est elle la reine des esprits des plantes ! Maintenant qu&rsquo;elle est libre elle peut contrer les ordres de Woodrue. Maya est sid\u00e9r\u00e9e \u00ab\u00a0Ooh j&rsquo;\u00e9tais si inqui\u00e8te que j&rsquo;ai oubli\u00e9 de rependre le contr\u00f4le !\u00a0\u00bb. Utilisant alors une m\u00e9thode de transport assez caract\u00e9ristique, Atom se rue sur un t\u00e9l\u00e9phone, compose un num\u00e9ro et s&rsquo;introduit dans le micro de mani\u00e8re \u00e0 chevaucher les impulsions \u00e9lectriques jusqu&rsquo;\u00e0 son objectif. Il peut ainsi ressortir \u00e0 Washington, par le micro d&rsquo;une op\u00e9ratrice. Mais dans les rues les Planto\u00efdes ont d\u00e9j\u00e0 endormi l&rsquo;arm\u00e9e, qui g\u00eet au sol. Atom aper\u00e7oit alors une grosse plante qui a \u00e9t\u00e9 \u00ab\u00a0reconvertie en d\u00e9fense anti-a\u00e9rienne ! Ses graines sont si dures qu&rsquo;elles sont comme des boulets de canon ! C&rsquo;est l&rsquo;\u0153uvre de Woodrue !\u00a0\u00bb. Cela nous permet de retomber sur les \u00e9v\u00e8nements d\u00e9peints dans la sc\u00e8ne d&rsquo;ouverture. D\u00e9sirant sauver l&rsquo;avion, Atom bondit sur une graine. Ensuite il utilise son poids pour ralentir la graine-projectile. Elle manque du coup l&rsquo;avion mais, mieux, Atom arrive \u00e0 g\u00e9n\u00e9rer un effet boomerang : la graine est renvoy\u00e9e vers sa destination et d\u00e9chire la plante.<\/p>\n<p style=\"text-align: justify;\"><img data-recalc-dims=\"1\" loading=\"lazy\" decoding=\"async\" data-attachment-id=\"45521\" data-permalink=\"http:\/\/www.comicbox.com\/index.php\/articles\/oldies-but-goodies-atom-1-juin-1962\/attachment\/atom13\/\" data-orig-file=\"https:\/\/i0.wp.com\/www.comicbox.com\/wp-content\/uploads\/2014\/03\/Atom13.jpg?fit=500%2C331\" data-orig-size=\"500,331\" data-comments-opened=\"1\" data-image-meta=\"{&quot;aperture&quot;:&quot;0&quot;,&quot;credit&quot;:&quot;&quot;,&quot;camera&quot;:&quot;&quot;,&quot;caption&quot;:&quot;&quot;,&quot;created_timestamp&quot;:&quot;0&quot;,&quot;copyright&quot;:&quot;&quot;,&quot;focal_length&quot;:&quot;0&quot;,&quot;iso&quot;:&quot;0&quot;,&quot;shutter_speed&quot;:&quot;0&quot;,&quot;title&quot;:&quot;&quot;}\" data-image-title=\"Atom sauv\u00e9 par les Dryades\" data-image-description=\"\" data-image-caption=\"\" data-large-file=\"https:\/\/i0.wp.com\/www.comicbox.com\/wp-content\/uploads\/2014\/03\/Atom13.jpg?fit=500%2C331\" class=\"alignleft wp-image-45521\" style=\"margin-left: 4px; margin-right: 4px;\" src=\"https:\/\/i0.wp.com\/www.comicbox.com\/wp-content\/uploads\/2014\/03\/Atom13.jpg?resize=500%2C331\" alt=\"Atom sauv\u00e9 par les Dryades\" width=\"500\" height=\"331\" srcset=\"https:\/\/i0.wp.com\/www.comicbox.com\/wp-content\/uploads\/2014\/03\/Atom13.jpg?w=500 500w, https:\/\/i0.wp.com\/www.comicbox.com\/wp-content\/uploads\/2014\/03\/Atom13.jpg?resize=150%2C99 150w\" sizes=\"auto, (max-width: 500px) 100vw, 500px\" \/>Sans perdre de temps Atom se pr\u00e9cipite au secours de blind\u00e9s de l&rsquo;arm\u00e9e am\u00e9ricaine, attaqu\u00e9s par des plantes g\u00e9antes. Mais cette fois le h\u00e9ros comprend ce qui est arriv\u00e9 aux soldats, le m\u00eame gaz qui avait endormi Jean est pr\u00e9sent au niveau du sol. L&rsquo;ayant respir\u00e9 par inadvertance, Atom titube, \u00e0 deux doigts de tomber. Heureusement pour lui, c&rsquo;est le moment o\u00f9 la cavalerie arrive. Ou plus exactement les dryades, sous la direction de Maya, arrivent et s&rsquo;attaquent aux Planto\u00efdes. Mieux : voyant Atom tomb\u00e9 au sol, les minuscules femmes volantes le tirent vers le ciel de mani\u00e8re \u00e0 ce qu&rsquo;il puisse respirer de l&rsquo;air et retrouver ses esprits. Mais Atom est pessimiste : \u00ab\u00a0Woodrue est bien parti pour nous conqu\u00e9rir. Et quand les autres pays verront ce qui est arriv\u00e9, ils se rendront eux aussi !\u00a0\u00bb.<\/p>\n<p style=\"text-align: justify;\"><img data-recalc-dims=\"1\" loading=\"lazy\" decoding=\"async\" data-attachment-id=\"45522\" data-permalink=\"http:\/\/www.comicbox.com\/index.php\/articles\/oldies-but-goodies-atom-1-juin-1962\/attachment\/atom14\/\" data-orig-file=\"https:\/\/i0.wp.com\/www.comicbox.com\/wp-content\/uploads\/2014\/03\/Atom14.jpg?fit=400%2C307\" data-orig-size=\"400,307\" data-comments-opened=\"1\" data-image-meta=\"{&quot;aperture&quot;:&quot;0&quot;,&quot;credit&quot;:&quot;&quot;,&quot;camera&quot;:&quot;&quot;,&quot;caption&quot;:&quot;&quot;,&quot;created_timestamp&quot;:&quot;0&quot;,&quot;copyright&quot;:&quot;&quot;,&quot;focal_length&quot;:&quot;0&quot;,&quot;iso&quot;:&quot;0&quot;,&quot;shutter_speed&quot;:&quot;0&quot;,&quot;title&quot;:&quot;&quot;}\" data-image-title=\"Un nouveau pi\u00e8ge\" data-image-description=\"\" data-image-caption=\"\" data-large-file=\"https:\/\/i0.wp.com\/www.comicbox.com\/wp-content\/uploads\/2014\/03\/Atom14.jpg?fit=400%2C307\" class=\"alignright size-full wp-image-45522\" style=\"margin-left: 4px; margin-right: 4px;\" src=\"https:\/\/i0.wp.com\/www.comicbox.com\/wp-content\/uploads\/2014\/03\/Atom14.jpg?resize=400%2C307\" alt=\"Un nouveau pi\u00e8ge\" width=\"400\" height=\"307\" srcset=\"https:\/\/i0.wp.com\/www.comicbox.com\/wp-content\/uploads\/2014\/03\/Atom14.jpg?w=400 400w, https:\/\/i0.wp.com\/www.comicbox.com\/wp-content\/uploads\/2014\/03\/Atom14.jpg?resize=150%2C115 150w\" sizes=\"auto, (max-width: 400px) 100vw, 400px\" \/>Non loin de l\u00e0, Jason Woodrue n&rsquo;est pas si optimiste que \u00e7a. Depuis l&rsquo;ext\u00e9rieur de Washington il observe l&rsquo;avanc\u00e9e de ses troupes et remarque que sa plante de \u00ab\u00a0d\u00e9fense anti-a\u00e9rienne\u00a0\u00bb a \u00e9t\u00e9 neutralis\u00e9e. Alors qu&rsquo;il a le regard viss\u00e9 sur une paire de jumelles, il n&rsquo;aper\u00e7oit pas Atom et les Dryades qui approchent dans le ciel. Mais il est vite averti par&#8230; l&rsquo;arbre aupr\u00e8s duquel il se tient. C&rsquo;est lui aussi un Planto\u00efde, un arbre dont les fruits font du bruit comme des clochettes en cas de danger. Mais le savant n&rsquo;est jamais \u00e0 court de pi\u00e8ge v\u00e9g\u00e9tal. Il lance une graine dans une flaque d&rsquo;eau et une plante surgit alors, avec des branches se comportant comme des tentacules, saisissant Atom et l&rsquo;entra\u00eenant sous l&rsquo;eau. Maya et les Dryades tentent bien de venir au secours du h\u00e9ros mais Woodrue se retourne vers elles et l\u00e8vre le bras : \u00ab\u00a0Ferme les yeux et dors ! Ne t&rsquo;\u00e9veille pas avant que 10 ans soit pass\u00e9s !\u00a0\u00bb. Maya, visiblement sous l&#8217;emprise du terroriste, tombe comme une pierre. Woodrue jubile : \u00ab\u00a0Avec Maya endormie, ses esprits-fleurs doivent m&rsquo;ob\u00e9ir et arr\u00eater de combattre mes Planto\u00efdes ! Et maintenant effa\u00e7ons Washington de la surface de la Terre !\u00a0\u00bb<\/p>\n<p style=\"text-align: justify;\"><img data-recalc-dims=\"1\" loading=\"lazy\" decoding=\"async\" data-attachment-id=\"45523\" data-permalink=\"http:\/\/www.comicbox.com\/index.php\/articles\/oldies-but-goodies-atom-1-juin-1962\/attachment\/atom15\/\" data-orig-file=\"https:\/\/i0.wp.com\/www.comicbox.com\/wp-content\/uploads\/2014\/03\/Atom15.jpg?fit=350%2C471\" data-orig-size=\"350,471\" data-comments-opened=\"1\" data-image-meta=\"{&quot;aperture&quot;:&quot;0&quot;,&quot;credit&quot;:&quot;&quot;,&quot;camera&quot;:&quot;&quot;,&quot;caption&quot;:&quot;&quot;,&quot;created_timestamp&quot;:&quot;0&quot;,&quot;copyright&quot;:&quot;&quot;,&quot;focal_length&quot;:&quot;0&quot;,&quot;iso&quot;:&quot;0&quot;,&quot;shutter_speed&quot;:&quot;0&quot;,&quot;title&quot;:&quot;&quot;}\" data-image-title=\"Atom a sauv\u00e9 le monde\" data-image-description=\"\" data-image-caption=\"\" data-large-file=\"https:\/\/i0.wp.com\/www.comicbox.com\/wp-content\/uploads\/2014\/03\/Atom15.jpg?fit=350%2C471\" class=\"alignleft size-full wp-image-45523\" style=\"margin-left: 4px; margin-right: 4px;\" src=\"https:\/\/i0.wp.com\/www.comicbox.com\/wp-content\/uploads\/2014\/03\/Atom15.jpg?resize=350%2C471\" alt=\"Atom a sauv\u00e9 le monde\" width=\"350\" height=\"471\" srcset=\"https:\/\/i0.wp.com\/www.comicbox.com\/wp-content\/uploads\/2014\/03\/Atom15.jpg?w=350 350w, https:\/\/i0.wp.com\/www.comicbox.com\/wp-content\/uploads\/2014\/03\/Atom15.jpg?resize=111%2C150 111w\" sizes=\"auto, (max-width: 350px) 100vw, 350px\" \/>Woodrue prend sa \u00ab\u00a0plus terrible graine\u00a0\u00bb, la place dans un lance-pierre et tire en direction de la ville. Mais contre toute attente la trajectoire de la graine s&rsquo;inverse. Elle revient vers lui. Woodrue se pr\u00e9cipite sur le boitier qui dirige ses plantes et qu&rsquo;il porte sur la poitrine. Mais cette graine, semblable \u00e0 du pissenlit flottant dans les airs, a le pouvoir de d\u00e9sint\u00e9grer tout ce qu&rsquo;elle touche. Mais le boitier n&rsquo;est plus l\u00e0 ! Atom vient de s&rsquo;en emparer et de le cacher !<\/p>\n<p style=\"text-align: justify;\">Woodrue est sid\u00e9r\u00e9. Il \u00e9tait convaincu qu&rsquo;Atom \u00e9tait mort noy\u00e9. Cependant, sous la surface de la flaque, Atom est arriv\u00e9 \u00e0 utiliser les commandes de sa ceinture et \u00e0 grandir assez pour \u00e9chapper \u00e0 la plante. Laiss\u00e9 sans surveillance, il a utilis\u00e9 une tige comme une catapulte, se propulsant dans les airs sur la trajectoire de la \u00ab\u00a0terrible graine\u00a0\u00bb. C&rsquo;est d&rsquo;un coup de point qu&rsquo;il l&rsquo;a renvoy\u00e9 vers Woodrue. Bon normalement la graine d\u00e9truit tout ce qu&rsquo;elle touche et la cogner devrait poser probl\u00e8me mais l\u00e0 aussi le sc\u00e9nario ne per\u00e7oit pas la contradiction. Ensuite, tandis que Woodrue se concentrait sur la trajectoire de son arme, Atom a coup\u00e9 la lani\u00e8re qui retenait le boitier de commandes de Woodrue puis mis hors d&rsquo;atteinte. Mais le \u00ab\u00a0ma\u00eetre des plantes\u00a0\u00bb est d\u00e9sormais sans moyen de d\u00e9fense contre cette fameuse graine de pissenlit destructeur, qui avance pourtant vers lui. Woodrue est terrifi\u00e9 mais Atom promet de le sauver&#8230; \u00e0 condition qu&rsquo;il tire Maya de son sommeil. Toujours sous le charme du h\u00e9ros, la nymphe s&rsquo;\u00e9crie \u00ab\u00a0Oh! Atom&#8230; Tu as sauv\u00e9 le monde !\u00a0\u00bb.<\/p>\n<p style=\"text-align: justify;\"><img data-recalc-dims=\"1\" loading=\"lazy\" decoding=\"async\" data-attachment-id=\"45524\" data-permalink=\"http:\/\/www.comicbox.com\/index.php\/articles\/oldies-but-goodies-atom-1-juin-1962\/attachment\/atom16\/\" data-orig-file=\"https:\/\/i0.wp.com\/www.comicbox.com\/wp-content\/uploads\/2014\/03\/Atom16.jpg?fit=400%2C356\" data-orig-size=\"400,356\" data-comments-opened=\"1\" data-image-meta=\"{&quot;aperture&quot;:&quot;0&quot;,&quot;credit&quot;:&quot;&quot;,&quot;camera&quot;:&quot;&quot;,&quot;caption&quot;:&quot;&quot;,&quot;created_timestamp&quot;:&quot;0&quot;,&quot;copyright&quot;:&quot;&quot;,&quot;focal_length&quot;:&quot;0&quot;,&quot;iso&quot;:&quot;0&quot;,&quot;shutter_speed&quot;:&quot;0&quot;,&quot;title&quot;:&quot;&quot;}\" data-image-title=\"Jean Loring est victorieuse&amp;#8230; mais n&amp;rsquo;y est pas pour grand chose&amp;#8230;\" data-image-description=\"\" data-image-caption=\"\" data-large-file=\"https:\/\/i0.wp.com\/www.comicbox.com\/wp-content\/uploads\/2014\/03\/Atom16.jpg?fit=400%2C356\" class=\"alignright wp-image-45524\" style=\"margin-left: 4px; margin-right: 4px;\" src=\"https:\/\/i0.wp.com\/www.comicbox.com\/wp-content\/uploads\/2014\/03\/Atom16.jpg?resize=400%2C356\" alt=\"Jean Loring est victorieuse... mais n'y est pas pour grand chose...\" width=\"400\" height=\"356\" srcset=\"https:\/\/i0.wp.com\/www.comicbox.com\/wp-content\/uploads\/2014\/03\/Atom16.jpg?w=400 400w, https:\/\/i0.wp.com\/www.comicbox.com\/wp-content\/uploads\/2014\/03\/Atom16.jpg?resize=150%2C133 150w\" sizes=\"auto, (max-width: 400px) 100vw, 400px\" \/>Plus tard, Henry Chalmers est lib\u00e9r\u00e9 tandis que Jason Woodrue est condamn\u00e9 pour le vol de la banque d&rsquo;Ivy Town, en attendant un autre proc\u00e8s pour avoir tent\u00e9 de conqu\u00e9rir la Terre. Jean Loring remercie Atom mais lui explique qu&rsquo;elle doit se d\u00e9p\u00eacher. Il faut absolument qu&rsquo;elle raconte tout \u00e0 son fianc\u00e9. Il panique un peu \u00ab\u00a0Uh-oh ! Je ferais mieux de retourner \u00e0 mon laboratoire et \u00e0 mon autre identit\u00e9 de Ray Palmer !\u00a0\u00bb. Mais&#8230; pourquoi ? Jean veut seulement lui t\u00e9l\u00e9phoner. Au pire s&rsquo;il n&rsquo;est pas l\u00e0, il n&rsquo;est pas FORCE d&rsquo;\u00eatre devant le t\u00e9l\u00e9phone (\u00e0 plus forte raison \u00e0 une \u00e9poque o\u00f9 le cellulaire n&rsquo;existait pas). Mais il profite du fait que Jean compose le num\u00e9ro du laboratoire pour voyager \u00e0 nouveau via les impulsions \u00e9lectriques. Quand quelqu&rsquo;un d\u00e9croche, il lui suffit d&rsquo;aller reprendre taille humaine dans une autre pi\u00e8ce&#8230; et de prendre le t\u00e9l\u00e9phone pour r\u00e9pondre \u00e0 sa belle. Celle-ci propose de l&rsquo;inviter \u00e0 manger pour tout lui raconter sur le r\u00e8glement de son affaire. Int\u00e9rieurement Ray pense : \u00ab\u00a0Je sais d\u00e9j\u00e0 tout. Mais je vais devoir l&rsquo;entendre encore ! Oh. Bien. C&rsquo;est le prix \u00e0 payer pour avoir deux identit\u00e9s !\u00a0\u00bb.<\/p>\n<p style=\"text-align: justify;\">Cet \u00e9pisode tr\u00e8s \u00ab\u00a0fleuri\u00a0\u00bb d&rsquo;Atom a trois apports particuliers. Le plus visible est la premi\u00e8re apparition de Jason Woodrue, qui deviendra Floronic Man (\u00ab\u00a0l&rsquo;Homme Floronique\u00a0\u00bb), reviendra plusieurs fois attaquer Atom mais aussi la Justice League puis, \u00e0 partir des ann\u00e9es 80, Swamp Thing (en particulier pendant le run d&rsquo;Alan Moore et de Steve Bissette). Dans la continuit\u00e9 moderne, avec des origines tr\u00e8s diff\u00e9rentes, Woodrue est \u00e9galement un ennemi de Swamp Thing mais utilisant cette fois-ci le pseudonyme de Seeder en lieu et place de Floronic Man. Le deuxi\u00e8me apport est \u00e9galement li\u00e9 au Swamp Thing d&rsquo;Alan Moore et Steve Bissette. Atom #1, en 1962, est \u00e0 ma connaissance le premier comic-book du Silver Age \u00e0 injecter dans la continuit\u00e9 de DC Comics l&rsquo;existence d&rsquo;une caste d&rsquo;esprits v\u00e9g\u00e9taux. A un certain niveau il y a dans Maya et ses \u00ab\u00a0s\u0153urs\u00a0\u00bb la&#8230; hmm&#8230; racine de ce qui sera plus tard le Parlement des Arbres dans les \u00e9crits de Moore. On pourra m&rsquo;objecter que Maya est visuellement tr\u00e8s diff\u00e9rente du Parlement des Arbres mais, dans certains \u00e9pisodes des ann\u00e9es 90, on voit dans certaines sc\u00e8nes de Swamp Thing un genre voisin de \u00ab\u00a0petites nymphes\u00a0\u00bb qui colle tout \u00e0 fait au portrait fait dans Atom #1. Non pas que les auteurs modernes de Swamp Thing se soient inspir\u00e9s d&rsquo;Atom #1 et de Gardner Fox (en tout cas sur ce point). Plus probablement \u00e0 quelques d\u00e9cennies d&rsquo;\u00e9cart les sc\u00e9naristes ont simplement puis\u00e9 dans le mythe de la nymphe des bois et obtenu, du coup, un r\u00e9sultat \u00e9videmment tr\u00e8s voisin. Il n&rsquo;en reste pas moins qu&rsquo;Atom #1 lance les bases du \u00ab\u00a0monde v\u00e9g\u00e9tal\u00a0\u00bb chez DC Comics&#8230;<\/p>\n[<em>Xavier Fournier<\/em>]\n","protected":false},"excerpt":{"rendered":"<p>[FRENCH] Apparu en 1961 dans Showcase #34, le h\u00e9ros minuscule Atom (Ray Palmer) d\u00e9buta dans son propre titre quelques mois&hellip;<\/p>\n","protected":false},"author":4,"featured_media":45509,"comment_status":"open","ping_status":"open","sticky":false,"template":"","format":"standard","meta":{"jetpack_post_was_ever_published":false,"_jetpack_newsletter_access":"","_jetpack_dont_email_post_to_subs":false,"_jetpack_newsletter_tier_id":0,"_jetpack_memberships_contains_paywalled_content":false,"_jetpack_memberships_contains_paid_content":false,"footnotes":"","jetpack_publicize_message":"","jetpack_publicize_feature_enabled":true,"jetpack_social_post_already_shared":true,"jetpack_social_options":{"image_generator_settings":{"template":"highway","default_image_id":0,"font":"","enabled":false},"version":2}},"categories":[3,1727,151],"tags":[2287,21,113,4743,2368,1240,5148,1887],"class_list":["post-45507","post","type-post","status-publish","format-standard","has-post-thumbnail","hentry","category-articles","category-diapo","category-oldies-but-goodies","tag-atom","tag-comics","tag-dc-comics","tag-floronic-man","tag-gardner-fox","tag-gil-kane","tag-oldies-but-goodies","tag-silver-age"],"yoast_head":"<!-- This site is optimized with the Yoast SEO plugin v24.9 - https:\/\/yoast.com\/wordpress\/plugins\/seo\/ -->\n<title>Atom #1 (1962)<\/title>\n<meta name=\"description\" content=\"Apparu en 1961 dans Showcase #34, le h\u00c3\u00a9ros minuscule Atom (Ray Palmer) d\u00c3\u00a9buta dans son propre titre quelques mois plus tard, toujours sous la houlette de ses cr\u00c3\u00a9ateurs, le sc\u00c3\u00a9nariste Gardner Fox et le dessinateur Gil Kane. Recevoir sa propre s\u00c3\u00a9rie \u00c3\u00a9tait une confirmation qu&#039;Atom \u00c3\u00a9tait appel\u00c3\u00a9 \u00c3\u00a0 des choses majeures dans le contexte de DC Comics mais ce n&#039;est pas la seule chose que cet \u00c3\u00a9pisode a apport\u00c3\u00a9 \u00c3\u00a0 l&#039;univers de cet \u00c3\u00a9diteur.\" \/>\n<meta name=\"robots\" content=\"index, follow, max-snippet:-1, max-image-preview:large, max-video-preview:-1\" \/>\n<link rel=\"canonical\" href=\"http:\/\/www.comicbox.com\/index.php\/articles\/oldies-but-goodies-atom-1-juin-1962\/\" \/>\n<meta property=\"og:locale\" content=\"fr_FR\" \/>\n<meta property=\"og:type\" content=\"article\" \/>\n<meta property=\"og:title\" content=\"Atom #1 (1962)\" \/>\n<meta property=\"og:description\" content=\"Apparu en 1961 dans Showcase #34, le h\u00c3\u00a9ros minuscule Atom (Ray Palmer) d\u00c3\u00a9buta dans son propre titre quelques mois plus tard, toujours sous la houlette de ses cr\u00c3\u00a9ateurs, le sc\u00c3\u00a9nariste Gardner Fox et le dessinateur Gil Kane. Recevoir sa propre s\u00c3\u00a9rie \u00c3\u00a9tait une confirmation qu&#039;Atom \u00c3\u00a9tait appel\u00c3\u00a9 \u00c3\u00a0 des choses majeures dans le contexte de DC Comics mais ce n&#039;est pas la seule chose que cet \u00c3\u00a9pisode a apport\u00c3\u00a9 \u00c3\u00a0 l&#039;univers de cet \u00c3\u00a9diteur.\" \/>\n<meta property=\"og:url\" content=\"http:\/\/www.comicbox.com\/index.php\/articles\/oldies-but-goodies-atom-1-juin-1962\/\" \/>\n<meta property=\"article:author\" content=\"https:\/\/www.facebook.com\/xfournier3\" \/>\n<meta property=\"article:published_time\" content=\"2014-03-15T18:52:59+00:00\" \/>\n<meta property=\"article:modified_time\" content=\"2016-08-12T18:46:19+00:00\" \/>\n<meta property=\"og:image\" content=\"https:\/\/i0.wp.com\/www.comicbox.com\/wp-content\/uploads\/2014\/03\/Atom1.jpg?fit=728%2C304\" \/>\n\t<meta property=\"og:image:width\" content=\"728\" \/>\n\t<meta property=\"og:image:height\" content=\"304\" \/>\n\t<meta property=\"og:image:type\" content=\"image\/jpeg\" \/>\n<meta name=\"author\" content=\"Xavier Fournier\" \/>\n<meta name=\"twitter:card\" content=\"summary_large_image\" \/>\n<meta name=\"twitter:creator\" content=\"@http:\/\/twitter.com\/XFournier\" \/>\n<meta name=\"twitter:label1\" content=\"\u00c9crit par\" \/>\n\t<meta name=\"twitter:data1\" content=\"Xavier Fournier\" \/>\n\t<meta name=\"twitter:label2\" content=\"Dur\u00e9e de lecture estim\u00e9e\" \/>\n\t<meta name=\"twitter:data2\" content=\"25 minutes\" \/>\n<script type=\"application\/ld+json\" class=\"yoast-schema-graph\">{\"@context\":\"https:\/\/schema.org\",\"@graph\":[{\"@type\":\"WebPage\",\"@id\":\"http:\/\/www.comicbox.com\/index.php\/articles\/oldies-but-goodies-atom-1-juin-1962\/\",\"url\":\"http:\/\/www.comicbox.com\/index.php\/articles\/oldies-but-goodies-atom-1-juin-1962\/\",\"name\":\"Atom #1 (1962)\",\"isPartOf\":{\"@id\":\"https:\/\/www.comicbox.com\/#website\"},\"primaryImageOfPage\":{\"@id\":\"http:\/\/www.comicbox.com\/index.php\/articles\/oldies-but-goodies-atom-1-juin-1962\/#primaryimage\"},\"image\":{\"@id\":\"http:\/\/www.comicbox.com\/index.php\/articles\/oldies-but-goodies-atom-1-juin-1962\/#primaryimage\"},\"thumbnailUrl\":\"https:\/\/i0.wp.com\/www.comicbox.com\/wp-content\/uploads\/2014\/03\/Atom1.jpg?fit=728%2C304\",\"datePublished\":\"2014-03-15T18:52:59+00:00\",\"dateModified\":\"2016-08-12T18:46:19+00:00\",\"author\":{\"@id\":\"https:\/\/www.comicbox.com\/#\/schema\/person\/a23da2abbe16b92903f78951801d787e\"},\"description\":\"Apparu en 1961 dans Showcase #34, le h\u00c3\u00a9ros minuscule Atom (Ray Palmer) d\u00c3\u00a9buta dans son propre titre quelques mois plus tard, toujours sous la houlette de ses cr\u00c3\u00a9ateurs, le sc\u00c3\u00a9nariste Gardner Fox et le dessinateur Gil Kane. Recevoir sa propre s\u00c3\u00a9rie \u00c3\u00a9tait une confirmation qu'Atom \u00c3\u00a9tait appel\u00c3\u00a9 \u00c3\u00a0 des choses majeures dans le contexte de DC Comics mais ce n'est pas la seule chose que cet \u00c3\u00a9pisode a apport\u00c3\u00a9 \u00c3\u00a0 l'univers de cet \u00c3\u00a9diteur.\",\"breadcrumb\":{\"@id\":\"http:\/\/www.comicbox.com\/index.php\/articles\/oldies-but-goodies-atom-1-juin-1962\/#breadcrumb\"},\"inLanguage\":\"fr-FR\",\"potentialAction\":[{\"@type\":\"ReadAction\",\"target\":[\"http:\/\/www.comicbox.com\/index.php\/articles\/oldies-but-goodies-atom-1-juin-1962\/\"]}]},{\"@type\":\"ImageObject\",\"inLanguage\":\"fr-FR\",\"@id\":\"http:\/\/www.comicbox.com\/index.php\/articles\/oldies-but-goodies-atom-1-juin-1962\/#primaryimage\",\"url\":\"https:\/\/i0.wp.com\/www.comicbox.com\/wp-content\/uploads\/2014\/03\/Atom1.jpg?fit=728%2C304\",\"contentUrl\":\"https:\/\/i0.wp.com\/www.comicbox.com\/wp-content\/uploads\/2014\/03\/Atom1.jpg?fit=728%2C304\",\"width\":728,\"height\":304},{\"@type\":\"BreadcrumbList\",\"@id\":\"http:\/\/www.comicbox.com\/index.php\/articles\/oldies-but-goodies-atom-1-juin-1962\/#breadcrumb\",\"itemListElement\":[{\"@type\":\"ListItem\",\"position\":1,\"name\":\"Accueil\",\"item\":\"https:\/\/www.comicbox.com\/\"},{\"@type\":\"ListItem\",\"position\":2,\"name\":\"Oldies But Goodies: Atom #1 (Juin 1962)\"}]},{\"@type\":\"WebSite\",\"@id\":\"https:\/\/www.comicbox.com\/#website\",\"url\":\"https:\/\/www.comicbox.com\/\",\"name\":\"\",\"description\":\"le magazine des cultures comics\",\"potentialAction\":[{\"@type\":\"SearchAction\",\"target\":{\"@type\":\"EntryPoint\",\"urlTemplate\":\"https:\/\/www.comicbox.com\/?s={search_term_string}\"},\"query-input\":{\"@type\":\"PropertyValueSpecification\",\"valueRequired\":true,\"valueName\":\"search_term_string\"}}],\"inLanguage\":\"fr-FR\"},{\"@type\":\"Person\",\"@id\":\"https:\/\/www.comicbox.com\/#\/schema\/person\/a23da2abbe16b92903f78951801d787e\",\"name\":\"Xavier Fournier\",\"image\":{\"@type\":\"ImageObject\",\"inLanguage\":\"fr-FR\",\"@id\":\"https:\/\/www.comicbox.com\/#\/schema\/person\/image\/\",\"url\":\"https:\/\/secure.gravatar.com\/avatar\/751f9d4e8b880838995887af46327753834e23c52952c4f3982a44b8b5e41cba?s=96&d=mm&r=g\",\"contentUrl\":\"https:\/\/secure.gravatar.com\/avatar\/751f9d4e8b880838995887af46327753834e23c52952c4f3982a44b8b5e41cba?s=96&d=mm&r=g\",\"caption\":\"Xavier Fournier\"},\"description\":\"Xavier Fournier est l'un des r\u00e9dacteurs du site comicbox.com, il est aussi l'auteur de diff\u00e9rents livres comme Super-H\u00e9ros - Une Histoire Fran\u00e7aise, Super-H\u00e9ros Fran\u00e7ais - Une Anthologie et Super-H\u00e9ros, l'Envers du Costume et enfin Comics En Guerre.\",\"sameAs\":[\"http:\/\/www.xavierfournier.com\",\"https:\/\/www.facebook.com\/xfournier3\",\"https:\/\/fr.linkedin.com\/in\/xavier-fournier-8365a970\",\"https:\/\/x.com\/http:\/\/twitter.com\/XFournier\"],\"url\":\"http:\/\/www.comicbox.com\/index.php\/author\/xfournier\/\"}]}<\/script>\n<!-- \/ Yoast SEO plugin. -->","yoast_head_json":{"title":"Atom #1 (1962)","description":"Apparu en 1961 dans Showcase #34, le h\u00c3\u00a9ros minuscule Atom (Ray Palmer) d\u00c3\u00a9buta dans son propre titre quelques mois plus tard, toujours sous la houlette de ses cr\u00c3\u00a9ateurs, le sc\u00c3\u00a9nariste Gardner Fox et le dessinateur Gil Kane. Recevoir sa propre s\u00c3\u00a9rie \u00c3\u00a9tait une confirmation qu'Atom \u00c3\u00a9tait appel\u00c3\u00a9 \u00c3\u00a0 des choses majeures dans le contexte de DC Comics mais ce n'est pas la seule chose que cet \u00c3\u00a9pisode a apport\u00c3\u00a9 \u00c3\u00a0 l'univers de cet \u00c3\u00a9diteur.","robots":{"index":"index","follow":"follow","max-snippet":"max-snippet:-1","max-image-preview":"max-image-preview:large","max-video-preview":"max-video-preview:-1"},"canonical":"http:\/\/www.comicbox.com\/index.php\/articles\/oldies-but-goodies-atom-1-juin-1962\/","og_locale":"fr_FR","og_type":"article","og_title":"Atom #1 (1962)","og_description":"Apparu en 1961 dans Showcase #34, le h\u00c3\u00a9ros minuscule Atom (Ray Palmer) d\u00c3\u00a9buta dans son propre titre quelques mois plus tard, toujours sous la houlette de ses cr\u00c3\u00a9ateurs, le sc\u00c3\u00a9nariste Gardner Fox et le dessinateur Gil Kane. Recevoir sa propre s\u00c3\u00a9rie \u00c3\u00a9tait une confirmation qu'Atom \u00c3\u00a9tait appel\u00c3\u00a9 \u00c3\u00a0 des choses majeures dans le contexte de DC Comics mais ce n'est pas la seule chose que cet \u00c3\u00a9pisode a apport\u00c3\u00a9 \u00c3\u00a0 l'univers de cet \u00c3\u00a9diteur.","og_url":"http:\/\/www.comicbox.com\/index.php\/articles\/oldies-but-goodies-atom-1-juin-1962\/","article_author":"https:\/\/www.facebook.com\/xfournier3","article_published_time":"2014-03-15T18:52:59+00:00","article_modified_time":"2016-08-12T18:46:19+00:00","og_image":[{"width":728,"height":304,"url":"https:\/\/i0.wp.com\/www.comicbox.com\/wp-content\/uploads\/2014\/03\/Atom1.jpg?fit=728%2C304","type":"image\/jpeg"}],"author":"Xavier Fournier","twitter_card":"summary_large_image","twitter_creator":"@http:\/\/twitter.com\/XFournier","twitter_misc":{"\u00c9crit par":"Xavier Fournier","Dur\u00e9e de lecture estim\u00e9e":"25 minutes"},"schema":{"@context":"https:\/\/schema.org","@graph":[{"@type":"WebPage","@id":"http:\/\/www.comicbox.com\/index.php\/articles\/oldies-but-goodies-atom-1-juin-1962\/","url":"http:\/\/www.comicbox.com\/index.php\/articles\/oldies-but-goodies-atom-1-juin-1962\/","name":"Atom #1 (1962)","isPartOf":{"@id":"https:\/\/www.comicbox.com\/#website"},"primaryImageOfPage":{"@id":"http:\/\/www.comicbox.com\/index.php\/articles\/oldies-but-goodies-atom-1-juin-1962\/#primaryimage"},"image":{"@id":"http:\/\/www.comicbox.com\/index.php\/articles\/oldies-but-goodies-atom-1-juin-1962\/#primaryimage"},"thumbnailUrl":"https:\/\/i0.wp.com\/www.comicbox.com\/wp-content\/uploads\/2014\/03\/Atom1.jpg?fit=728%2C304","datePublished":"2014-03-15T18:52:59+00:00","dateModified":"2016-08-12T18:46:19+00:00","author":{"@id":"https:\/\/www.comicbox.com\/#\/schema\/person\/a23da2abbe16b92903f78951801d787e"},"description":"Apparu en 1961 dans Showcase #34, le h\u00c3\u00a9ros minuscule Atom (Ray Palmer) d\u00c3\u00a9buta dans son propre titre quelques mois plus tard, toujours sous la houlette de ses cr\u00c3\u00a9ateurs, le sc\u00c3\u00a9nariste Gardner Fox et le dessinateur Gil Kane. Recevoir sa propre s\u00c3\u00a9rie \u00c3\u00a9tait une confirmation qu'Atom \u00c3\u00a9tait appel\u00c3\u00a9 \u00c3\u00a0 des choses majeures dans le contexte de DC Comics mais ce n'est pas la seule chose que cet \u00c3\u00a9pisode a apport\u00c3\u00a9 \u00c3\u00a0 l'univers de cet \u00c3\u00a9diteur.","breadcrumb":{"@id":"http:\/\/www.comicbox.com\/index.php\/articles\/oldies-but-goodies-atom-1-juin-1962\/#breadcrumb"},"inLanguage":"fr-FR","potentialAction":[{"@type":"ReadAction","target":["http:\/\/www.comicbox.com\/index.php\/articles\/oldies-but-goodies-atom-1-juin-1962\/"]}]},{"@type":"ImageObject","inLanguage":"fr-FR","@id":"http:\/\/www.comicbox.com\/index.php\/articles\/oldies-but-goodies-atom-1-juin-1962\/#primaryimage","url":"https:\/\/i0.wp.com\/www.comicbox.com\/wp-content\/uploads\/2014\/03\/Atom1.jpg?fit=728%2C304","contentUrl":"https:\/\/i0.wp.com\/www.comicbox.com\/wp-content\/uploads\/2014\/03\/Atom1.jpg?fit=728%2C304","width":728,"height":304},{"@type":"BreadcrumbList","@id":"http:\/\/www.comicbox.com\/index.php\/articles\/oldies-but-goodies-atom-1-juin-1962\/#breadcrumb","itemListElement":[{"@type":"ListItem","position":1,"name":"Accueil","item":"https:\/\/www.comicbox.com\/"},{"@type":"ListItem","position":2,"name":"Oldies But Goodies: Atom #1 (Juin 1962)"}]},{"@type":"WebSite","@id":"https:\/\/www.comicbox.com\/#website","url":"https:\/\/www.comicbox.com\/","name":"","description":"le magazine des cultures comics","potentialAction":[{"@type":"SearchAction","target":{"@type":"EntryPoint","urlTemplate":"https:\/\/www.comicbox.com\/?s={search_term_string}"},"query-input":{"@type":"PropertyValueSpecification","valueRequired":true,"valueName":"search_term_string"}}],"inLanguage":"fr-FR"},{"@type":"Person","@id":"https:\/\/www.comicbox.com\/#\/schema\/person\/a23da2abbe16b92903f78951801d787e","name":"Xavier Fournier","image":{"@type":"ImageObject","inLanguage":"fr-FR","@id":"https:\/\/www.comicbox.com\/#\/schema\/person\/image\/","url":"https:\/\/secure.gravatar.com\/avatar\/751f9d4e8b880838995887af46327753834e23c52952c4f3982a44b8b5e41cba?s=96&d=mm&r=g","contentUrl":"https:\/\/secure.gravatar.com\/avatar\/751f9d4e8b880838995887af46327753834e23c52952c4f3982a44b8b5e41cba?s=96&d=mm&r=g","caption":"Xavier Fournier"},"description":"Xavier Fournier est l'un des r\u00e9dacteurs du site comicbox.com, il est aussi l'auteur de diff\u00e9rents livres comme Super-H\u00e9ros - Une Histoire Fran\u00e7aise, Super-H\u00e9ros Fran\u00e7ais - Une Anthologie et Super-H\u00e9ros, l'Envers du Costume et enfin Comics En Guerre.","sameAs":["http:\/\/www.xavierfournier.com","https:\/\/www.facebook.com\/xfournier3","https:\/\/fr.linkedin.com\/in\/xavier-fournier-8365a970","https:\/\/x.com\/http:\/\/twitter.com\/XFournier"],"url":"http:\/\/www.comicbox.com\/index.php\/author\/xfournier\/"}]}},"jetpack_publicize_connections":[],"jetpack_featured_media_url":"https:\/\/i0.wp.com\/www.comicbox.com\/wp-content\/uploads\/2014\/03\/Atom1.jpg?fit=728%2C304","jetpack_sharing_enabled":true,"jetpack_shortlink":"https:\/\/wp.me\/pvyAi-bPZ","_links":{"self":[{"href":"http:\/\/www.comicbox.com\/index.php\/wp-json\/wp\/v2\/posts\/45507","targetHints":{"allow":["GET"]}}],"collection":[{"href":"http:\/\/www.comicbox.com\/index.php\/wp-json\/wp\/v2\/posts"}],"about":[{"href":"http:\/\/www.comicbox.com\/index.php\/wp-json\/wp\/v2\/types\/post"}],"author":[{"embeddable":true,"href":"http:\/\/www.comicbox.com\/index.php\/wp-json\/wp\/v2\/users\/4"}],"replies":[{"embeddable":true,"href":"http:\/\/www.comicbox.com\/index.php\/wp-json\/wp\/v2\/comments?post=45507"}],"version-history":[{"count":0,"href":"http:\/\/www.comicbox.com\/index.php\/wp-json\/wp\/v2\/posts\/45507\/revisions"}],"wp:featuredmedia":[{"embeddable":true,"href":"http:\/\/www.comicbox.com\/index.php\/wp-json\/wp\/v2\/media\/45509"}],"wp:attachment":[{"href":"http:\/\/www.comicbox.com\/index.php\/wp-json\/wp\/v2\/media?parent=45507"}],"wp:term":[{"taxonomy":"category","embeddable":true,"href":"http:\/\/www.comicbox.com\/index.php\/wp-json\/wp\/v2\/categories?post=45507"},{"taxonomy":"post_tag","embeddable":true,"href":"http:\/\/www.comicbox.com\/index.php\/wp-json\/wp\/v2\/tags?post=45507"}],"curies":[{"name":"wp","href":"https:\/\/api.w.org\/{rel}","templated":true}]}}