
{"id":44507,"date":"2013-12-30T12:09:10","date_gmt":"2013-12-30T11:09:10","guid":{"rendered":"http:\/\/www.comicbox.com\/?p=44507"},"modified":"2013-12-30T12:09:10","modified_gmt":"2013-12-30T11:09:10","slug":"avant-premiere-vo-review-origin-ii-1","status":"publish","type":"post","link":"http:\/\/www.comicbox.com\/index.php\/news\/avant-premiere-vo-review-origin-ii-1\/","title":{"rendered":"Avant-Premi\u00e8re VO: Review Origin II #1"},"content":{"rendered":"<p style=\"text-align: justify;\"><img data-recalc-dims=\"1\" loading=\"lazy\" decoding=\"async\" data-attachment-id=\"44508\" data-permalink=\"http:\/\/www.comicbox.com\/index.php\/news\/avant-premiere-vo-review-origin-ii-1\/attachment\/origina-3\/\" data-orig-file=\"https:\/\/i0.wp.com\/www.comicbox.com\/wp-content\/uploads\/2013\/12\/OriginA.jpg?fit=70%2C70\" data-orig-size=\"70,70\" data-comments-opened=\"1\" data-image-meta=\"{&quot;aperture&quot;:&quot;0&quot;,&quot;credit&quot;:&quot;&quot;,&quot;camera&quot;:&quot;&quot;,&quot;caption&quot;:&quot;&quot;,&quot;created_timestamp&quot;:&quot;0&quot;,&quot;copyright&quot;:&quot;&quot;,&quot;focal_length&quot;:&quot;0&quot;,&quot;iso&quot;:&quot;0&quot;,&quot;shutter_speed&quot;:&quot;0&quot;,&quot;title&quot;:&quot;&quot;}\" data-image-title=\"Avant-Premi\u00e8re VO: Review Origin II #1\" data-image-description=\"\" data-image-caption=\"\" data-large-file=\"https:\/\/i0.wp.com\/www.comicbox.com\/wp-content\/uploads\/2013\/12\/OriginA.jpg?fit=70%2C70\" class=\"alignleft size-full wp-image-44508\" style=\"margin-left: 4px; margin-right: 4px;\" alt=\"Avant-Premi\u00e8re VO: Review Origin II #1\" src=\"https:\/\/i0.wp.com\/www.comicbox.com\/wp-content\/uploads\/2013\/12\/OriginA.jpg?resize=70%2C70\" width=\"70\" height=\"70\" srcset=\"https:\/\/i0.wp.com\/www.comicbox.com\/wp-content\/uploads\/2013\/12\/OriginA.jpg?w=70 70w, https:\/\/i0.wp.com\/www.comicbox.com\/wp-content\/uploads\/2013\/12\/OriginA.jpg?resize=36%2C36 36w\" sizes=\"auto, (max-width: 70px) 100vw, 70px\" \/>[FRENCH] Il restait visiblement des choses \u00e0 raconter sur la jeunesse de Wolverine (ou au moins quelques $ \u00e0 prendre aux lecteurs) et cette fois c&rsquo;est Kieron Gillen qui s&rsquo;y colle pour explorer la p\u00e9riode o\u00f9 Logan \u00e9tait en mode \u00ab\u00a0homme des bois\u00a0\u00bb. Le soucis c&rsquo;est qu&rsquo;on a d\u00e9j\u00e0 vu et lu \u00e7a il y a des ann\u00e9es&#8230;<!--more--><\/p>\n<p><img data-recalc-dims=\"1\" loading=\"lazy\" decoding=\"async\" data-attachment-id=\"44509\" data-permalink=\"http:\/\/www.comicbox.com\/index.php\/news\/avant-premiere-vo-review-origin-ii-1\/attachment\/originb-3\/\" data-orig-file=\"https:\/\/i0.wp.com\/www.comicbox.com\/wp-content\/uploads\/2013\/12\/OriginB.jpg?fit=350%2C531\" data-orig-size=\"350,531\" data-comments-opened=\"1\" data-image-meta=\"{&quot;aperture&quot;:&quot;0&quot;,&quot;credit&quot;:&quot;&quot;,&quot;camera&quot;:&quot;&quot;,&quot;caption&quot;:&quot;&quot;,&quot;created_timestamp&quot;:&quot;0&quot;,&quot;copyright&quot;:&quot;&quot;,&quot;focal_length&quot;:&quot;0&quot;,&quot;iso&quot;:&quot;0&quot;,&quot;shutter_speed&quot;:&quot;0&quot;,&quot;title&quot;:&quot;&quot;}\" data-image-title=\"Origin II #1\" data-image-description=\"\" data-image-caption=\"\" data-large-file=\"https:\/\/i0.wp.com\/www.comicbox.com\/wp-content\/uploads\/2013\/12\/OriginB.jpg?fit=350%2C531\" class=\"alignright size-full wp-image-44509\" style=\"margin-left: 4px; margin-right: 4px;\" alt=\"Origin II #1\" src=\"https:\/\/i0.wp.com\/www.comicbox.com\/wp-content\/uploads\/2013\/12\/OriginB.jpg?resize=350%2C531\" width=\"350\" height=\"531\" srcset=\"https:\/\/i0.wp.com\/www.comicbox.com\/wp-content\/uploads\/2013\/12\/OriginB.jpg?w=350 350w, https:\/\/i0.wp.com\/www.comicbox.com\/wp-content\/uploads\/2013\/12\/OriginB.jpg?resize=98%2C150 98w\" sizes=\"auto, (max-width: 350px) 100vw, 350px\" \/>Origin II #1 [Marvel Comics]\nSc\u00e9nario de Kieron Gillen<br \/>\nDessin de Adam Kubert<br \/>\n<em><strong>Parution aux USA le mardi 24 d\u00e9cembre 2013<\/strong><\/em><\/p>\n<p style=\"text-align: justify;\">Faire une suite d&rsquo;un projet sp\u00e9cial est un exercice d\u00e9licat. Il y a le danger de deux solutions extr\u00e8mes. Soit vous choisissez de faire quelque chose de diff\u00e9rent &#8211; et les fans vont regretter de ne pas reconna\u00eetre certains \u00e9l\u00e9ments communs &#8211; soit vous restez pr\u00e9cis\u00e9ment dans les clous du projet initial, avec le risque qu&rsquo;on trouve \u00e7a trop convenu. On pourrait donc croire que si cet Origin II #1 fait peu original c&rsquo;est simplement qu&rsquo;il est dans la continuit\u00e9 de la premi\u00e8re minis\u00e9rie mais la situation est d&rsquo;un autre ordre. En choisissant de nous montrer un Wolverine vivant dans les bois avec un pack de loups, Gillen est certes fid\u00e8le \u00e0 la nature (terme \u00e0 prendre \u00e0 plus d&rsquo;un degr\u00e9) de Logan mais il nous donne aussi des sc\u00e8nes vues et revues depuis les ann\u00e9es 80, depuis que Jo Duffy et John Buscema nous avaient montr\u00e9 un Logan fa\u00e7on \u00ab\u00a0le livre de la jungle nordique\u00a0\u00bb. Bref, depuis les mini-histoires fa\u00e7on X-Men Classics ou Marvel Comics Presents dans lesquelles Wolverine, tout nu, chasse la biche ou le gros ours se comptent par dizaines et en voici donc une de plus. Soit tout le premier \u00e9pisode de cette nouvelle saga grill\u00e9 par un propos \u00ab\u00a0Wolverine chez les animaux\u00a0\u00bb tr\u00e8s convenu et poussif.<\/p>\n<p style=\"text-align: justify;\">D&rsquo;un autre c\u00f4t\u00e9 Adam Kubert fait des choses tr\u00e8s bien sur le plan visuel, \u00e0 partir de ce r\u00e9cit minimaliste. Et on comprend bien que l&rsquo;intention de Gillen, in fine, c&rsquo;est d&rsquo;expliquer aussi pourquoi la place de Wolverine n&rsquo;est plus dans les bois, le for\u00e7ant sans doute \u00e0 retourner vers les hommes. Mais la mani\u00e8re de s&rsquo;y prendre ici est un peu laborieuse. Du coup on a donc un espoir qu&rsquo;\u00e0 partir du deuxi\u00e8me \u00e9pisode \u00e7a se r\u00e9veille un peu mais, pour le coup, sur ce num\u00e9ro de d\u00e9marrage, le moteur est gripp\u00e9&#8230; J&rsquo;ai plut\u00f4t tendance \u00e0 faire confiance \u00e0 Gillen sur le long terme (quand on voit ce qu&rsquo;il a fait sur l&rsquo;origine de Tony Stark, par exemple) mais sur cette lecture l\u00e0, on n&rsquo;en sort pas avec une envie furieuse de lire la suite&#8230;<\/p>\n[<em>Xavier Fournier<\/em>]\n","protected":false},"excerpt":{"rendered":"<p>[FRENCH] Il restait visiblement des choses \u00e0 raconter sur la jeunesse de Wolverine (ou au moins quelques $ \u00e0 prendre&hellip;<\/p>\n","protected":false},"author":1,"featured_media":44510,"comment_status":"open","ping_status":"open","sticky":false,"template":"","format":"standard","meta":{"jetpack_post_was_ever_published":false,"_jetpack_newsletter_access":"","_jetpack_dont_email_post_to_subs":false,"_jetpack_newsletter_tier_id":0,"_jetpack_memberships_contains_paywalled_content":false,"_jetpack_memberships_contains_paid_content":false,"footnotes":"","jetpack_publicize_message":"","jetpack_publicize_feature_enabled":true,"jetpack_social_post_already_shared":true,"jetpack_social_options":{"image_generator_settings":{"template":"highway","default_image_id":0,"font":"","enabled":false},"version":2}},"categories":[3,1727,1],"tags":[21,5142,27,76,4673,107],"class_list":["post-44507","post","type-post","status-publish","format-standard","has-post-thumbnail","hentry","category-articles","category-diapo","category-news","tag-comics","tag-marvel","tag-marvel-comics","tag-mutants","tag-origin","tag-wolverine"],"yoast_head":"<!-- This site is optimized with the Yoast SEO plugin v24.9 - https:\/\/yoast.com\/wordpress\/plugins\/seo\/ -->\n<title>Origin II #1<\/title>\n<meta name=\"description\" content=\"Il restait visiblement des choses \u00c3\u00a0 raconter sur la jeunesse de Wolverine (ou au moins quelques $ \u00c3\u00a0 prendre aux lecteurs) et cette fois c&#039;est Kieron Gillen qui s&#039;y colle pour explorer la p\u00c3\u00a9riode o\u00c3\u00b9 Logan \u00c3\u00a9tait en mode &quot;homme des bois&quot;. Le soucis c&#039;est qu&#039;on a d\u00c3\u00a9j\u00c3\u00a0 vu et lu \u00c3\u00a7a il y a des ann\u00c3\u00a9es...\" \/>\n<meta name=\"robots\" content=\"index, follow, max-snippet:-1, max-image-preview:large, max-video-preview:-1\" \/>\n<link rel=\"canonical\" href=\"http:\/\/www.comicbox.com\/index.php\/news\/avant-premiere-vo-review-origin-ii-1\/\" \/>\n<meta property=\"og:locale\" content=\"fr_FR\" \/>\n<meta property=\"og:type\" content=\"article\" \/>\n<meta property=\"og:title\" content=\"Origin II #1\" \/>\n<meta property=\"og:description\" content=\"Il restait visiblement des choses \u00c3\u00a0 raconter sur la jeunesse de Wolverine (ou au moins quelques $ \u00c3\u00a0 prendre aux lecteurs) et cette fois c&#039;est Kieron Gillen qui s&#039;y colle pour explorer la p\u00c3\u00a9riode o\u00c3\u00b9 Logan \u00c3\u00a9tait en mode &quot;homme des bois&quot;. Le soucis c&#039;est qu&#039;on a d\u00c3\u00a9j\u00c3\u00a0 vu et lu \u00c3\u00a7a il y a des ann\u00c3\u00a9es...\" \/>\n<meta property=\"og:url\" content=\"http:\/\/www.comicbox.com\/index.php\/news\/avant-premiere-vo-review-origin-ii-1\/\" \/>\n<meta property=\"article:published_time\" content=\"2013-12-30T11:09:10+00:00\" \/>\n<meta property=\"og:image\" content=\"https:\/\/i0.wp.com\/www.comicbox.com\/wp-content\/uploads\/2013\/12\/Origin.jpg?fit=728%2C304\" \/>\n\t<meta property=\"og:image:width\" content=\"728\" \/>\n\t<meta property=\"og:image:height\" content=\"304\" \/>\n\t<meta property=\"og:image:type\" content=\"image\/jpeg\" \/>\n<meta name=\"author\" content=\"Comic Box\" \/>\n<meta name=\"twitter:card\" content=\"summary_large_image\" \/>\n<meta name=\"twitter:label1\" content=\"\u00c9crit par\" \/>\n\t<meta name=\"twitter:data1\" content=\"Comic Box\" \/>\n\t<meta name=\"twitter:label2\" content=\"Dur\u00e9e de lecture estim\u00e9e\" \/>\n\t<meta name=\"twitter:data2\" content=\"2 minutes\" \/>\n<script type=\"application\/ld+json\" class=\"yoast-schema-graph\">{\"@context\":\"https:\/\/schema.org\",\"@graph\":[{\"@type\":\"WebPage\",\"@id\":\"http:\/\/www.comicbox.com\/index.php\/news\/avant-premiere-vo-review-origin-ii-1\/\",\"url\":\"http:\/\/www.comicbox.com\/index.php\/news\/avant-premiere-vo-review-origin-ii-1\/\",\"name\":\"Origin II #1\",\"isPartOf\":{\"@id\":\"https:\/\/www.comicbox.com\/#website\"},\"primaryImageOfPage\":{\"@id\":\"http:\/\/www.comicbox.com\/index.php\/news\/avant-premiere-vo-review-origin-ii-1\/#primaryimage\"},\"image\":{\"@id\":\"http:\/\/www.comicbox.com\/index.php\/news\/avant-premiere-vo-review-origin-ii-1\/#primaryimage\"},\"thumbnailUrl\":\"https:\/\/i0.wp.com\/www.comicbox.com\/wp-content\/uploads\/2013\/12\/Origin.jpg?fit=728%2C304\",\"datePublished\":\"2013-12-30T11:09:10+00:00\",\"author\":{\"@id\":\"https:\/\/www.comicbox.com\/#\/schema\/person\/05fbb62019791094900e823ca54991c7\"},\"description\":\"Il restait visiblement des choses \u00c3\u00a0 raconter sur la jeunesse de Wolverine (ou au moins quelques $ \u00c3\u00a0 prendre aux lecteurs) et cette fois c'est Kieron Gillen qui s'y colle pour explorer la p\u00c3\u00a9riode o\u00c3\u00b9 Logan \u00c3\u00a9tait en mode \\\"homme des bois\\\". Le soucis c'est qu'on a d\u00c3\u00a9j\u00c3\u00a0 vu et lu \u00c3\u00a7a il y a des ann\u00c3\u00a9es...\",\"breadcrumb\":{\"@id\":\"http:\/\/www.comicbox.com\/index.php\/news\/avant-premiere-vo-review-origin-ii-1\/#breadcrumb\"},\"inLanguage\":\"fr-FR\",\"potentialAction\":[{\"@type\":\"ReadAction\",\"target\":[\"http:\/\/www.comicbox.com\/index.php\/news\/avant-premiere-vo-review-origin-ii-1\/\"]}]},{\"@type\":\"ImageObject\",\"inLanguage\":\"fr-FR\",\"@id\":\"http:\/\/www.comicbox.com\/index.php\/news\/avant-premiere-vo-review-origin-ii-1\/#primaryimage\",\"url\":\"https:\/\/i0.wp.com\/www.comicbox.com\/wp-content\/uploads\/2013\/12\/Origin.jpg?fit=728%2C304\",\"contentUrl\":\"https:\/\/i0.wp.com\/www.comicbox.com\/wp-content\/uploads\/2013\/12\/Origin.jpg?fit=728%2C304\",\"width\":728,\"height\":304},{\"@type\":\"BreadcrumbList\",\"@id\":\"http:\/\/www.comicbox.com\/index.php\/news\/avant-premiere-vo-review-origin-ii-1\/#breadcrumb\",\"itemListElement\":[{\"@type\":\"ListItem\",\"position\":1,\"name\":\"Accueil\",\"item\":\"https:\/\/www.comicbox.com\/\"},{\"@type\":\"ListItem\",\"position\":2,\"name\":\"Avant-Premi\u00e8re VO: Review Origin II #1\"}]},{\"@type\":\"WebSite\",\"@id\":\"https:\/\/www.comicbox.com\/#website\",\"url\":\"https:\/\/www.comicbox.com\/\",\"name\":\"\",\"description\":\"le magazine des cultures comics\",\"potentialAction\":[{\"@type\":\"SearchAction\",\"target\":{\"@type\":\"EntryPoint\",\"urlTemplate\":\"https:\/\/www.comicbox.com\/?s={search_term_string}\"},\"query-input\":{\"@type\":\"PropertyValueSpecification\",\"valueRequired\":true,\"valueName\":\"search_term_string\"}}],\"inLanguage\":\"fr-FR\"},{\"@type\":\"Person\",\"@id\":\"https:\/\/www.comicbox.com\/#\/schema\/person\/05fbb62019791094900e823ca54991c7\",\"name\":\"Comic Box\",\"image\":{\"@type\":\"ImageObject\",\"inLanguage\":\"fr-FR\",\"@id\":\"https:\/\/www.comicbox.com\/#\/schema\/person\/image\/\",\"url\":\"https:\/\/secure.gravatar.com\/avatar\/0bfed4b32db324d748cf351a6c66d342cd868f37037bf83e9f4dd645f675e34f?s=96&d=mm&r=g\",\"contentUrl\":\"https:\/\/secure.gravatar.com\/avatar\/0bfed4b32db324d748cf351a6c66d342cd868f37037bf83e9f4dd645f675e34f?s=96&d=mm&r=g\",\"caption\":\"Comic Box\"},\"description\":\"Le magazine des cultures comics\",\"sameAs\":[\"http:\/\/www.comicbox.com\"],\"url\":\"http:\/\/www.comicbox.com\/index.php\/author\/admin\/\"}]}<\/script>\n<!-- \/ Yoast SEO plugin. -->","yoast_head_json":{"title":"Origin II #1","description":"Il restait visiblement des choses \u00c3\u00a0 raconter sur la jeunesse de Wolverine (ou au moins quelques $ \u00c3\u00a0 prendre aux lecteurs) et cette fois c'est Kieron Gillen qui s'y colle pour explorer la p\u00c3\u00a9riode o\u00c3\u00b9 Logan \u00c3\u00a9tait en mode \"homme des bois\". Le soucis c'est qu'on a d\u00c3\u00a9j\u00c3\u00a0 vu et lu \u00c3\u00a7a il y a des ann\u00c3\u00a9es...","robots":{"index":"index","follow":"follow","max-snippet":"max-snippet:-1","max-image-preview":"max-image-preview:large","max-video-preview":"max-video-preview:-1"},"canonical":"http:\/\/www.comicbox.com\/index.php\/news\/avant-premiere-vo-review-origin-ii-1\/","og_locale":"fr_FR","og_type":"article","og_title":"Origin II #1","og_description":"Il restait visiblement des choses \u00c3\u00a0 raconter sur la jeunesse de Wolverine (ou au moins quelques $ \u00c3\u00a0 prendre aux lecteurs) et cette fois c'est Kieron Gillen qui s'y colle pour explorer la p\u00c3\u00a9riode o\u00c3\u00b9 Logan \u00c3\u00a9tait en mode \"homme des bois\". Le soucis c'est qu'on a d\u00c3\u00a9j\u00c3\u00a0 vu et lu \u00c3\u00a7a il y a des ann\u00c3\u00a9es...","og_url":"http:\/\/www.comicbox.com\/index.php\/news\/avant-premiere-vo-review-origin-ii-1\/","article_published_time":"2013-12-30T11:09:10+00:00","og_image":[{"width":728,"height":304,"url":"https:\/\/i0.wp.com\/www.comicbox.com\/wp-content\/uploads\/2013\/12\/Origin.jpg?fit=728%2C304","type":"image\/jpeg"}],"author":"Comic Box","twitter_card":"summary_large_image","twitter_misc":{"\u00c9crit par":"Comic Box","Dur\u00e9e de lecture estim\u00e9e":"2 minutes"},"schema":{"@context":"https:\/\/schema.org","@graph":[{"@type":"WebPage","@id":"http:\/\/www.comicbox.com\/index.php\/news\/avant-premiere-vo-review-origin-ii-1\/","url":"http:\/\/www.comicbox.com\/index.php\/news\/avant-premiere-vo-review-origin-ii-1\/","name":"Origin II #1","isPartOf":{"@id":"https:\/\/www.comicbox.com\/#website"},"primaryImageOfPage":{"@id":"http:\/\/www.comicbox.com\/index.php\/news\/avant-premiere-vo-review-origin-ii-1\/#primaryimage"},"image":{"@id":"http:\/\/www.comicbox.com\/index.php\/news\/avant-premiere-vo-review-origin-ii-1\/#primaryimage"},"thumbnailUrl":"https:\/\/i0.wp.com\/www.comicbox.com\/wp-content\/uploads\/2013\/12\/Origin.jpg?fit=728%2C304","datePublished":"2013-12-30T11:09:10+00:00","author":{"@id":"https:\/\/www.comicbox.com\/#\/schema\/person\/05fbb62019791094900e823ca54991c7"},"description":"Il restait visiblement des choses \u00c3\u00a0 raconter sur la jeunesse de Wolverine (ou au moins quelques $ \u00c3\u00a0 prendre aux lecteurs) et cette fois c'est Kieron Gillen qui s'y colle pour explorer la p\u00c3\u00a9riode o\u00c3\u00b9 Logan \u00c3\u00a9tait en mode \"homme des bois\". Le soucis c'est qu'on a d\u00c3\u00a9j\u00c3\u00a0 vu et lu \u00c3\u00a7a il y a des ann\u00c3\u00a9es...","breadcrumb":{"@id":"http:\/\/www.comicbox.com\/index.php\/news\/avant-premiere-vo-review-origin-ii-1\/#breadcrumb"},"inLanguage":"fr-FR","potentialAction":[{"@type":"ReadAction","target":["http:\/\/www.comicbox.com\/index.php\/news\/avant-premiere-vo-review-origin-ii-1\/"]}]},{"@type":"ImageObject","inLanguage":"fr-FR","@id":"http:\/\/www.comicbox.com\/index.php\/news\/avant-premiere-vo-review-origin-ii-1\/#primaryimage","url":"https:\/\/i0.wp.com\/www.comicbox.com\/wp-content\/uploads\/2013\/12\/Origin.jpg?fit=728%2C304","contentUrl":"https:\/\/i0.wp.com\/www.comicbox.com\/wp-content\/uploads\/2013\/12\/Origin.jpg?fit=728%2C304","width":728,"height":304},{"@type":"BreadcrumbList","@id":"http:\/\/www.comicbox.com\/index.php\/news\/avant-premiere-vo-review-origin-ii-1\/#breadcrumb","itemListElement":[{"@type":"ListItem","position":1,"name":"Accueil","item":"https:\/\/www.comicbox.com\/"},{"@type":"ListItem","position":2,"name":"Avant-Premi\u00e8re VO: Review Origin II #1"}]},{"@type":"WebSite","@id":"https:\/\/www.comicbox.com\/#website","url":"https:\/\/www.comicbox.com\/","name":"","description":"le magazine des cultures comics","potentialAction":[{"@type":"SearchAction","target":{"@type":"EntryPoint","urlTemplate":"https:\/\/www.comicbox.com\/?s={search_term_string}"},"query-input":{"@type":"PropertyValueSpecification","valueRequired":true,"valueName":"search_term_string"}}],"inLanguage":"fr-FR"},{"@type":"Person","@id":"https:\/\/www.comicbox.com\/#\/schema\/person\/05fbb62019791094900e823ca54991c7","name":"Comic Box","image":{"@type":"ImageObject","inLanguage":"fr-FR","@id":"https:\/\/www.comicbox.com\/#\/schema\/person\/image\/","url":"https:\/\/secure.gravatar.com\/avatar\/0bfed4b32db324d748cf351a6c66d342cd868f37037bf83e9f4dd645f675e34f?s=96&d=mm&r=g","contentUrl":"https:\/\/secure.gravatar.com\/avatar\/0bfed4b32db324d748cf351a6c66d342cd868f37037bf83e9f4dd645f675e34f?s=96&d=mm&r=g","caption":"Comic Box"},"description":"Le magazine des cultures comics","sameAs":["http:\/\/www.comicbox.com"],"url":"http:\/\/www.comicbox.com\/index.php\/author\/admin\/"}]}},"jetpack_publicize_connections":[],"jetpack_featured_media_url":"https:\/\/i0.wp.com\/www.comicbox.com\/wp-content\/uploads\/2013\/12\/Origin.jpg?fit=728%2C304","jetpack_sharing_enabled":true,"jetpack_shortlink":"https:\/\/wp.me\/pvyAi-bzR","_links":{"self":[{"href":"http:\/\/www.comicbox.com\/index.php\/wp-json\/wp\/v2\/posts\/44507","targetHints":{"allow":["GET"]}}],"collection":[{"href":"http:\/\/www.comicbox.com\/index.php\/wp-json\/wp\/v2\/posts"}],"about":[{"href":"http:\/\/www.comicbox.com\/index.php\/wp-json\/wp\/v2\/types\/post"}],"author":[{"embeddable":true,"href":"http:\/\/www.comicbox.com\/index.php\/wp-json\/wp\/v2\/users\/1"}],"replies":[{"embeddable":true,"href":"http:\/\/www.comicbox.com\/index.php\/wp-json\/wp\/v2\/comments?post=44507"}],"version-history":[{"count":0,"href":"http:\/\/www.comicbox.com\/index.php\/wp-json\/wp\/v2\/posts\/44507\/revisions"}],"wp:featuredmedia":[{"embeddable":true,"href":"http:\/\/www.comicbox.com\/index.php\/wp-json\/wp\/v2\/media\/44510"}],"wp:attachment":[{"href":"http:\/\/www.comicbox.com\/index.php\/wp-json\/wp\/v2\/media?parent=44507"}],"wp:term":[{"taxonomy":"category","embeddable":true,"href":"http:\/\/www.comicbox.com\/index.php\/wp-json\/wp\/v2\/categories?post=44507"},{"taxonomy":"post_tag","embeddable":true,"href":"http:\/\/www.comicbox.com\/index.php\/wp-json\/wp\/v2\/tags?post=44507"}],"curies":[{"name":"wp","href":"https:\/\/api.w.org\/{rel}","templated":true}]}}