
{"id":39458,"date":"2013-01-11T14:17:08","date_gmt":"2013-01-11T13:17:08","guid":{"rendered":"http:\/\/www.comicbox.com\/?p=39458"},"modified":"2013-01-11T14:17:08","modified_gmt":"2013-01-11T13:17:08","slug":"avant-premiere-vo-review-wolverine-and-the-x-men-23","status":"publish","type":"post","link":"http:\/\/www.comicbox.com\/index.php\/news\/avant-premiere-vo-review-wolverine-and-the-x-men-23\/","title":{"rendered":"Avant-Premi\u00e8re VO: Review Wolverine And The X-Men #23"},"content":{"rendered":"<p style=\"text-align: justify;\"><img data-recalc-dims=\"1\" loading=\"lazy\" decoding=\"async\" data-attachment-id=\"39459\" data-permalink=\"http:\/\/www.comicbox.com\/index.php\/news\/avant-premiere-vo-review-wolverine-and-the-x-men-23\/attachment\/wolviea-6\/\" data-orig-file=\"https:\/\/i0.wp.com\/www.comicbox.com\/wp-content\/uploads\/2013\/01\/WolvieA.jpg?fit=70%2C70\" data-orig-size=\"70,70\" data-comments-opened=\"1\" data-image-meta=\"{&quot;aperture&quot;:&quot;0&quot;,&quot;credit&quot;:&quot;&quot;,&quot;camera&quot;:&quot;&quot;,&quot;caption&quot;:&quot;&quot;,&quot;created_timestamp&quot;:&quot;0&quot;,&quot;copyright&quot;:&quot;&quot;,&quot;focal_length&quot;:&quot;0&quot;,&quot;iso&quot;:&quot;0&quot;,&quot;shutter_speed&quot;:&quot;0&quot;,&quot;title&quot;:&quot;&quot;}\" data-image-title=\"Avant-Premi\u00e8re VO: Review Wolverine And The X-Men #23\" data-image-description=\"\" data-image-caption=\"\" data-large-file=\"https:\/\/i0.wp.com\/www.comicbox.com\/wp-content\/uploads\/2013\/01\/WolvieA.jpg?fit=70%2C70\" class=\"alignleft size-full wp-image-39459\" style=\"margin-left: 4px; margin-right: 4px;\" alt=\"Avant-Premi\u00e8re VO: Review Wolverine And The X-Men #23\" src=\"https:\/\/i0.wp.com\/www.comicbox.com\/wp-content\/uploads\/2013\/01\/WolvieA.jpg?resize=70%2C70\" width=\"70\" height=\"70\" srcset=\"https:\/\/i0.wp.com\/www.comicbox.com\/wp-content\/uploads\/2013\/01\/WolvieA.jpg?w=70 70w, https:\/\/i0.wp.com\/www.comicbox.com\/wp-content\/uploads\/2013\/01\/WolvieA.jpg?resize=36%2C36 36w\" sizes=\"auto, (max-width: 70px) 100vw, 70px\" \/>[FRENCH] Les X-Men de Wolverine finissent d&rsquo;en d\u00e9coudre avec le Cirque de Frankenstein. Une aventure \u00e0 l&rsquo;allure assez factuelle mais Jason Aaron s&rsquo;y entend pour jouer avec le fil du rasoir. Est-ce que le dernier h\u00e9ritier des Frankenstein ira<!--more--> au bout des choses ? Est-ce qu&rsquo;Idie basculera ? Et qui est l&rsquo;adversaire des mutants qui fait son grand retour en fin d&rsquo;\u00e9pisode ?<\/p>\n<p style=\"text-align: justify;\"><img data-recalc-dims=\"1\" loading=\"lazy\" decoding=\"async\" data-attachment-id=\"39460\" data-permalink=\"http:\/\/www.comicbox.com\/index.php\/news\/avant-premiere-vo-review-wolverine-and-the-x-men-23\/attachment\/wolvieb-5\/\" data-orig-file=\"https:\/\/i0.wp.com\/www.comicbox.com\/wp-content\/uploads\/2013\/01\/WolvieB.jpg?fit=350%2C538\" data-orig-size=\"350,538\" data-comments-opened=\"1\" data-image-meta=\"{&quot;aperture&quot;:&quot;0&quot;,&quot;credit&quot;:&quot;&quot;,&quot;camera&quot;:&quot;&quot;,&quot;caption&quot;:&quot;&quot;,&quot;created_timestamp&quot;:&quot;0&quot;,&quot;copyright&quot;:&quot;&quot;,&quot;focal_length&quot;:&quot;0&quot;,&quot;iso&quot;:&quot;0&quot;,&quot;shutter_speed&quot;:&quot;0&quot;,&quot;title&quot;:&quot;&quot;}\" data-image-title=\"Wolverine And The X-Men #23\" data-image-description=\"\" data-image-caption=\"\" data-large-file=\"https:\/\/i0.wp.com\/www.comicbox.com\/wp-content\/uploads\/2013\/01\/WolvieB.jpg?fit=350%2C538\" class=\"alignright size-full wp-image-39460\" style=\"margin-left: 4px; margin-right: 4px;\" alt=\"Wolverine And The X-Men #23\" src=\"https:\/\/i0.wp.com\/www.comicbox.com\/wp-content\/uploads\/2013\/01\/WolvieB.jpg?resize=350%2C538\" width=\"350\" height=\"538\" srcset=\"https:\/\/i0.wp.com\/www.comicbox.com\/wp-content\/uploads\/2013\/01\/WolvieB.jpg?w=350 350w, https:\/\/i0.wp.com\/www.comicbox.com\/wp-content\/uploads\/2013\/01\/WolvieB.jpg?resize=97%2C150 97w\" sizes=\"auto, (max-width: 350px) 100vw, 350px\" \/>Wolverine And The X-Men #23 [Marvel Comics]\nSc\u00e9nario de Jason Aaron<br \/>\nDessin de Nick Bradshaw<br \/>\n<em><strong>Parution aux USA le mercredi 9 janvier 2013<\/strong><\/em><\/p>\n<p style=\"text-align: justify;\">Attach\u00e9 au Monstre de Frankenstein classique de Marvel (qui avait une certaine noblesse), j&rsquo;ai un peu de mal avec ce monstre maigre et plut\u00f4t sanguinaire, sans vraiment de consid\u00e9ration pour la vie humaine (ceci dit la version d&rsquo;Aaron est sans doute plus pr\u00e8s du roman d&rsquo;origine). Il n&rsquo;en reste pas moins que cette saga est une sorte de clin d&rsquo;oeil \u00e0 l&rsquo;\u00e9pisode ancien o\u00f9 Mesmero avait transform\u00e9 les mutants en num\u00e9ro de cirque&#8230; Ou encore au fois o\u00f9 le Ringmaster en fait de m\u00eame avec She-Hulk, Thor ou quelques autres. L&rsquo;important c&rsquo;est que cette s\u00e9rie continue de vibrer, de produire des personnages par petites touches. Si Quentin Squire est sans doute l&rsquo;\u00e9l\u00e8ve le plus en \u00e9vidence depuis le lancement du titre, Idie gagne en personnalit\u00e9 et en int\u00e9r\u00eat&#8230; Bien plus qu&rsquo;elle pouvait le faire dans Generation Hope. Tout au plus j&rsquo;ai l&rsquo;impression que l&rsquo;histoire du cirque aurait pu \u00eatre n\u00e9goci\u00e9e en moins d&rsquo;\u00e9pisodes (Si le monstre et la sorci\u00e8re sont des dangers \u00e9vidents, j&rsquo;ai quand m\u00eame du mal \u00e0 croire que l&rsquo;arm\u00e9e des clowns pose un r\u00e9el probl\u00e8me aux X-Men).<\/p>\n<p style=\"text-align: justify;\">Il y a de la profusion, des id\u00e9es, des moments d&rsquo;humour et des moments plus noirs. Parmi ces derni\u00e8res on notera le retour d&rsquo;une vieille menace associ\u00e9e aux X-Men. Et pour tout dire un ennemi qui par le pass\u00e9 s&rsquo;est r\u00e9v\u00e8l\u00e9 pas du tout populaire, les fans conspuant ses derni\u00e8res interventions. Mais, ici, cette pr\u00e9sence semble logique. On peut s&rsquo;attendre \u00e0 ce que les choses rebondissent sur d&rsquo;autres \u00e9l\u00e9ments (par exemple le mini-Hellfire Club ?). Bref, si ce bad guy a plut\u00f4t \u00e9t\u00e9 lamentablement utilis\u00e9 depuis sa cr\u00e9ation, je fais cr\u00e9dit \u00e0 Jason Aaron et \u00e0 Nick Bradshaw de pouvoir en faire quelque chose d&rsquo;int\u00e9ressant. Jusqu&rsquo;ici Wolverine And The X-Men n&rsquo;a pas d\u00e9\u00e7u et redorer le blason de cet adversaire serait une belle ligne de plus au CV de la s\u00e9rie !<\/p>\n<p style=\"text-align: justify;\">[<em>Xavier Fournier<\/em>]\n","protected":false},"excerpt":{"rendered":"<p>[FRENCH] Les X-Men de Wolverine finissent d&rsquo;en d\u00e9coudre avec le Cirque de Frankenstein. Une aventure \u00e0 l&rsquo;allure assez factuelle mais&hellip;<\/p>\n","protected":false},"author":1,"featured_media":39461,"comment_status":"open","ping_status":"open","sticky":false,"template":"","format":"standard","meta":{"jetpack_post_was_ever_published":false,"_jetpack_newsletter_access":"","_jetpack_dont_email_post_to_subs":false,"_jetpack_newsletter_tier_id":0,"_jetpack_memberships_contains_paywalled_content":false,"_jetpack_memberships_contains_paid_content":false,"footnotes":"","jetpack_publicize_message":"","jetpack_publicize_feature_enabled":true,"jetpack_social_post_already_shared":false,"jetpack_social_options":{"image_generator_settings":{"template":"highway","default_image_id":0,"font":"","enabled":false},"version":2}},"categories":[3,1727,1],"tags":[21,1063,27,76,4005,107,4334,5146],"class_list":["post-39458","post","type-post","status-publish","format-standard","has-post-thumbnail","hentry","category-articles","category-diapo","category-news","tag-comics","tag-jason-aaron","tag-marvel-comics","tag-mutants","tag-nick-bradshaw","tag-wolverine","tag-wolverine-and-the-x-men","tag-x-men"],"yoast_head":"<!-- This site is optimized with the Yoast SEO plugin v24.9 - https:\/\/yoast.com\/wordpress\/plugins\/seo\/ -->\n<title>Wolverine And The X-Men #23<\/title>\n<meta name=\"description\" content=\"Les X-Men de Wolverine finissent d&#039;en d\u00c3\u00a9coudre avec le Cirque de Frankenstein. Une aventure \u00c3\u00a0 l&#039;allure assez factuelle mais Jason Aaron s&#039;y entend pour jouer avec le fil du rasoir. Est-ce que le dernier h\u00c3\u00a9ritier des Frankenstein ira au bout des choses ? Est-ce qu&#039;Idie basculera ? Et qui est l&#039;adversaire des mutants qui fait son grand retour en fin d&#039;\u00c3\u00a9pisode ?\" \/>\n<meta name=\"robots\" content=\"index, follow, max-snippet:-1, max-image-preview:large, max-video-preview:-1\" \/>\n<link rel=\"canonical\" href=\"https:\/\/www.comicbox.com\/index.php\/news\/avant-premiere-vo-review-wolverine-and-the-x-men-23\/\" \/>\n<meta property=\"og:locale\" content=\"fr_FR\" \/>\n<meta property=\"og:type\" content=\"article\" \/>\n<meta property=\"og:title\" content=\"Wolverine And The X-Men #23\" \/>\n<meta property=\"og:description\" content=\"Les X-Men de Wolverine finissent d&#039;en d\u00c3\u00a9coudre avec le Cirque de Frankenstein. Une aventure \u00c3\u00a0 l&#039;allure assez factuelle mais Jason Aaron s&#039;y entend pour jouer avec le fil du rasoir. Est-ce que le dernier h\u00c3\u00a9ritier des Frankenstein ira au bout des choses ? Est-ce qu&#039;Idie basculera ? Et qui est l&#039;adversaire des mutants qui fait son grand retour en fin d&#039;\u00c3\u00a9pisode ?\" \/>\n<meta property=\"og:url\" content=\"https:\/\/www.comicbox.com\/index.php\/news\/avant-premiere-vo-review-wolverine-and-the-x-men-23\/\" \/>\n<meta property=\"article:published_time\" content=\"2013-01-11T13:17:08+00:00\" \/>\n<meta property=\"og:image\" content=\"https:\/\/i0.wp.com\/www.comicbox.com\/wp-content\/uploads\/2013\/01\/Wolvie.jpg?fit=728%2C304&ssl=1\" \/>\n\t<meta property=\"og:image:width\" content=\"728\" \/>\n\t<meta property=\"og:image:height\" content=\"304\" \/>\n\t<meta property=\"og:image:type\" content=\"image\/jpeg\" \/>\n<meta name=\"author\" content=\"Comic Box\" \/>\n<meta name=\"twitter:card\" content=\"summary_large_image\" \/>\n<meta name=\"twitter:label1\" content=\"\u00c9crit par\" \/>\n\t<meta name=\"twitter:data1\" content=\"Comic Box\" \/>\n\t<meta name=\"twitter:label2\" content=\"Dur\u00e9e de lecture estim\u00e9e\" \/>\n\t<meta name=\"twitter:data2\" content=\"2 minutes\" \/>\n<script type=\"application\/ld+json\" class=\"yoast-schema-graph\">{\"@context\":\"https:\/\/schema.org\",\"@graph\":[{\"@type\":\"WebPage\",\"@id\":\"https:\/\/www.comicbox.com\/index.php\/news\/avant-premiere-vo-review-wolverine-and-the-x-men-23\/\",\"url\":\"https:\/\/www.comicbox.com\/index.php\/news\/avant-premiere-vo-review-wolverine-and-the-x-men-23\/\",\"name\":\"Wolverine And The X-Men #23\",\"isPartOf\":{\"@id\":\"https:\/\/www.comicbox.com\/#website\"},\"primaryImageOfPage\":{\"@id\":\"https:\/\/www.comicbox.com\/index.php\/news\/avant-premiere-vo-review-wolverine-and-the-x-men-23\/#primaryimage\"},\"image\":{\"@id\":\"https:\/\/www.comicbox.com\/index.php\/news\/avant-premiere-vo-review-wolverine-and-the-x-men-23\/#primaryimage\"},\"thumbnailUrl\":\"https:\/\/i0.wp.com\/www.comicbox.com\/wp-content\/uploads\/2013\/01\/Wolvie.jpg?fit=728%2C304\",\"datePublished\":\"2013-01-11T13:17:08+00:00\",\"author\":{\"@id\":\"https:\/\/www.comicbox.com\/#\/schema\/person\/05fbb62019791094900e823ca54991c7\"},\"description\":\"Les X-Men de Wolverine finissent d'en d\u00c3\u00a9coudre avec le Cirque de Frankenstein. Une aventure \u00c3\u00a0 l'allure assez factuelle mais Jason Aaron s'y entend pour jouer avec le fil du rasoir. Est-ce que le dernier h\u00c3\u00a9ritier des Frankenstein ira au bout des choses ? Est-ce qu'Idie basculera ? Et qui est l'adversaire des mutants qui fait son grand retour en fin d'\u00c3\u00a9pisode ?\",\"breadcrumb\":{\"@id\":\"https:\/\/www.comicbox.com\/index.php\/news\/avant-premiere-vo-review-wolverine-and-the-x-men-23\/#breadcrumb\"},\"inLanguage\":\"fr-FR\",\"potentialAction\":[{\"@type\":\"ReadAction\",\"target\":[\"https:\/\/www.comicbox.com\/index.php\/news\/avant-premiere-vo-review-wolverine-and-the-x-men-23\/\"]}]},{\"@type\":\"ImageObject\",\"inLanguage\":\"fr-FR\",\"@id\":\"https:\/\/www.comicbox.com\/index.php\/news\/avant-premiere-vo-review-wolverine-and-the-x-men-23\/#primaryimage\",\"url\":\"https:\/\/i0.wp.com\/www.comicbox.com\/wp-content\/uploads\/2013\/01\/Wolvie.jpg?fit=728%2C304\",\"contentUrl\":\"https:\/\/i0.wp.com\/www.comicbox.com\/wp-content\/uploads\/2013\/01\/Wolvie.jpg?fit=728%2C304\",\"width\":728,\"height\":304},{\"@type\":\"BreadcrumbList\",\"@id\":\"https:\/\/www.comicbox.com\/index.php\/news\/avant-premiere-vo-review-wolverine-and-the-x-men-23\/#breadcrumb\",\"itemListElement\":[{\"@type\":\"ListItem\",\"position\":1,\"name\":\"Accueil\",\"item\":\"https:\/\/www.comicbox.com\/\"},{\"@type\":\"ListItem\",\"position\":2,\"name\":\"Avant-Premi\u00e8re VO: Review Wolverine And The X-Men #23\"}]},{\"@type\":\"WebSite\",\"@id\":\"https:\/\/www.comicbox.com\/#website\",\"url\":\"https:\/\/www.comicbox.com\/\",\"name\":\"\",\"description\":\"le magazine des cultures comics\",\"potentialAction\":[{\"@type\":\"SearchAction\",\"target\":{\"@type\":\"EntryPoint\",\"urlTemplate\":\"https:\/\/www.comicbox.com\/?s={search_term_string}\"},\"query-input\":{\"@type\":\"PropertyValueSpecification\",\"valueRequired\":true,\"valueName\":\"search_term_string\"}}],\"inLanguage\":\"fr-FR\"},{\"@type\":\"Person\",\"@id\":\"https:\/\/www.comicbox.com\/#\/schema\/person\/05fbb62019791094900e823ca54991c7\",\"name\":\"Comic Box\",\"image\":{\"@type\":\"ImageObject\",\"inLanguage\":\"fr-FR\",\"@id\":\"https:\/\/www.comicbox.com\/#\/schema\/person\/image\/\",\"url\":\"https:\/\/secure.gravatar.com\/avatar\/0bfed4b32db324d748cf351a6c66d342cd868f37037bf83e9f4dd645f675e34f?s=96&d=mm&r=g\",\"contentUrl\":\"https:\/\/secure.gravatar.com\/avatar\/0bfed4b32db324d748cf351a6c66d342cd868f37037bf83e9f4dd645f675e34f?s=96&d=mm&r=g\",\"caption\":\"Comic Box\"},\"description\":\"Le magazine des cultures comics\",\"sameAs\":[\"http:\/\/www.comicbox.com\"],\"url\":\"http:\/\/www.comicbox.com\/index.php\/author\/admin\/\"}]}<\/script>\n<!-- \/ Yoast SEO plugin. -->","yoast_head_json":{"title":"Wolverine And The X-Men #23","description":"Les X-Men de Wolverine finissent d'en d\u00c3\u00a9coudre avec le Cirque de Frankenstein. Une aventure \u00c3\u00a0 l'allure assez factuelle mais Jason Aaron s'y entend pour jouer avec le fil du rasoir. Est-ce que le dernier h\u00c3\u00a9ritier des Frankenstein ira au bout des choses ? Est-ce qu'Idie basculera ? Et qui est l'adversaire des mutants qui fait son grand retour en fin d'\u00c3\u00a9pisode ?","robots":{"index":"index","follow":"follow","max-snippet":"max-snippet:-1","max-image-preview":"max-image-preview:large","max-video-preview":"max-video-preview:-1"},"canonical":"https:\/\/www.comicbox.com\/index.php\/news\/avant-premiere-vo-review-wolverine-and-the-x-men-23\/","og_locale":"fr_FR","og_type":"article","og_title":"Wolverine And The X-Men #23","og_description":"Les X-Men de Wolverine finissent d'en d\u00c3\u00a9coudre avec le Cirque de Frankenstein. Une aventure \u00c3\u00a0 l'allure assez factuelle mais Jason Aaron s'y entend pour jouer avec le fil du rasoir. Est-ce que le dernier h\u00c3\u00a9ritier des Frankenstein ira au bout des choses ? Est-ce qu'Idie basculera ? Et qui est l'adversaire des mutants qui fait son grand retour en fin d'\u00c3\u00a9pisode ?","og_url":"https:\/\/www.comicbox.com\/index.php\/news\/avant-premiere-vo-review-wolverine-and-the-x-men-23\/","article_published_time":"2013-01-11T13:17:08+00:00","og_image":[{"width":728,"height":304,"url":"https:\/\/i0.wp.com\/www.comicbox.com\/wp-content\/uploads\/2013\/01\/Wolvie.jpg?fit=728%2C304&ssl=1","type":"image\/jpeg"}],"author":"Comic Box","twitter_card":"summary_large_image","twitter_misc":{"\u00c9crit par":"Comic Box","Dur\u00e9e de lecture estim\u00e9e":"2 minutes"},"schema":{"@context":"https:\/\/schema.org","@graph":[{"@type":"WebPage","@id":"https:\/\/www.comicbox.com\/index.php\/news\/avant-premiere-vo-review-wolverine-and-the-x-men-23\/","url":"https:\/\/www.comicbox.com\/index.php\/news\/avant-premiere-vo-review-wolverine-and-the-x-men-23\/","name":"Wolverine And The X-Men #23","isPartOf":{"@id":"https:\/\/www.comicbox.com\/#website"},"primaryImageOfPage":{"@id":"https:\/\/www.comicbox.com\/index.php\/news\/avant-premiere-vo-review-wolverine-and-the-x-men-23\/#primaryimage"},"image":{"@id":"https:\/\/www.comicbox.com\/index.php\/news\/avant-premiere-vo-review-wolverine-and-the-x-men-23\/#primaryimage"},"thumbnailUrl":"https:\/\/i0.wp.com\/www.comicbox.com\/wp-content\/uploads\/2013\/01\/Wolvie.jpg?fit=728%2C304","datePublished":"2013-01-11T13:17:08+00:00","author":{"@id":"https:\/\/www.comicbox.com\/#\/schema\/person\/05fbb62019791094900e823ca54991c7"},"description":"Les X-Men de Wolverine finissent d'en d\u00c3\u00a9coudre avec le Cirque de Frankenstein. Une aventure \u00c3\u00a0 l'allure assez factuelle mais Jason Aaron s'y entend pour jouer avec le fil du rasoir. Est-ce que le dernier h\u00c3\u00a9ritier des Frankenstein ira au bout des choses ? Est-ce qu'Idie basculera ? Et qui est l'adversaire des mutants qui fait son grand retour en fin d'\u00c3\u00a9pisode ?","breadcrumb":{"@id":"https:\/\/www.comicbox.com\/index.php\/news\/avant-premiere-vo-review-wolverine-and-the-x-men-23\/#breadcrumb"},"inLanguage":"fr-FR","potentialAction":[{"@type":"ReadAction","target":["https:\/\/www.comicbox.com\/index.php\/news\/avant-premiere-vo-review-wolverine-and-the-x-men-23\/"]}]},{"@type":"ImageObject","inLanguage":"fr-FR","@id":"https:\/\/www.comicbox.com\/index.php\/news\/avant-premiere-vo-review-wolverine-and-the-x-men-23\/#primaryimage","url":"https:\/\/i0.wp.com\/www.comicbox.com\/wp-content\/uploads\/2013\/01\/Wolvie.jpg?fit=728%2C304","contentUrl":"https:\/\/i0.wp.com\/www.comicbox.com\/wp-content\/uploads\/2013\/01\/Wolvie.jpg?fit=728%2C304","width":728,"height":304},{"@type":"BreadcrumbList","@id":"https:\/\/www.comicbox.com\/index.php\/news\/avant-premiere-vo-review-wolverine-and-the-x-men-23\/#breadcrumb","itemListElement":[{"@type":"ListItem","position":1,"name":"Accueil","item":"https:\/\/www.comicbox.com\/"},{"@type":"ListItem","position":2,"name":"Avant-Premi\u00e8re VO: Review Wolverine And The X-Men #23"}]},{"@type":"WebSite","@id":"https:\/\/www.comicbox.com\/#website","url":"https:\/\/www.comicbox.com\/","name":"","description":"le magazine des cultures comics","potentialAction":[{"@type":"SearchAction","target":{"@type":"EntryPoint","urlTemplate":"https:\/\/www.comicbox.com\/?s={search_term_string}"},"query-input":{"@type":"PropertyValueSpecification","valueRequired":true,"valueName":"search_term_string"}}],"inLanguage":"fr-FR"},{"@type":"Person","@id":"https:\/\/www.comicbox.com\/#\/schema\/person\/05fbb62019791094900e823ca54991c7","name":"Comic Box","image":{"@type":"ImageObject","inLanguage":"fr-FR","@id":"https:\/\/www.comicbox.com\/#\/schema\/person\/image\/","url":"https:\/\/secure.gravatar.com\/avatar\/0bfed4b32db324d748cf351a6c66d342cd868f37037bf83e9f4dd645f675e34f?s=96&d=mm&r=g","contentUrl":"https:\/\/secure.gravatar.com\/avatar\/0bfed4b32db324d748cf351a6c66d342cd868f37037bf83e9f4dd645f675e34f?s=96&d=mm&r=g","caption":"Comic Box"},"description":"Le magazine des cultures comics","sameAs":["http:\/\/www.comicbox.com"],"url":"http:\/\/www.comicbox.com\/index.php\/author\/admin\/"}]}},"jetpack_publicize_connections":[],"jetpack_featured_media_url":"https:\/\/i0.wp.com\/www.comicbox.com\/wp-content\/uploads\/2013\/01\/Wolvie.jpg?fit=728%2C304","jetpack_sharing_enabled":true,"jetpack_shortlink":"https:\/\/wp.me\/pvyAi-agq","_links":{"self":[{"href":"http:\/\/www.comicbox.com\/index.php\/wp-json\/wp\/v2\/posts\/39458","targetHints":{"allow":["GET"]}}],"collection":[{"href":"http:\/\/www.comicbox.com\/index.php\/wp-json\/wp\/v2\/posts"}],"about":[{"href":"http:\/\/www.comicbox.com\/index.php\/wp-json\/wp\/v2\/types\/post"}],"author":[{"embeddable":true,"href":"http:\/\/www.comicbox.com\/index.php\/wp-json\/wp\/v2\/users\/1"}],"replies":[{"embeddable":true,"href":"http:\/\/www.comicbox.com\/index.php\/wp-json\/wp\/v2\/comments?post=39458"}],"version-history":[{"count":0,"href":"http:\/\/www.comicbox.com\/index.php\/wp-json\/wp\/v2\/posts\/39458\/revisions"}],"wp:featuredmedia":[{"embeddable":true,"href":"http:\/\/www.comicbox.com\/index.php\/wp-json\/wp\/v2\/media\/39461"}],"wp:attachment":[{"href":"http:\/\/www.comicbox.com\/index.php\/wp-json\/wp\/v2\/media?parent=39458"}],"wp:term":[{"taxonomy":"category","embeddable":true,"href":"http:\/\/www.comicbox.com\/index.php\/wp-json\/wp\/v2\/categories?post=39458"},{"taxonomy":"post_tag","embeddable":true,"href":"http:\/\/www.comicbox.com\/index.php\/wp-json\/wp\/v2\/tags?post=39458"}],"curies":[{"name":"wp","href":"https:\/\/api.w.org\/{rel}","templated":true}]}}