
{"id":35079,"date":"2012-04-09T15:41:30","date_gmt":"2012-04-09T13:41:30","guid":{"rendered":"http:\/\/www.comicbox.com\/?p=35079"},"modified":"2012-04-09T15:41:30","modified_gmt":"2012-04-09T13:41:30","slug":"avant-premiere-vo-review-fear-itself-the-fearless-12","status":"publish","type":"post","link":"http:\/\/www.comicbox.com\/index.php\/news\/avant-premiere-vo-review-fear-itself-the-fearless-12\/","title":{"rendered":"Avant-Premi\u00e8re VO: Review Fear Itself: The Fearless #12"},"content":{"rendered":"<p style=\"text-align: justify;\"><img data-recalc-dims=\"1\" loading=\"lazy\" decoding=\"async\" data-attachment-id=\"35080\" data-permalink=\"http:\/\/www.comicbox.com\/index.php\/news\/avant-premiere-vo-review-fear-itself-the-fearless-12\/attachment\/fearlessa-6\/\" data-orig-file=\"https:\/\/i0.wp.com\/www.comicbox.com\/wp-content\/uploads\/2012\/04\/FearlessA.jpg?fit=70%2C70\" data-orig-size=\"70,70\" data-comments-opened=\"1\" data-image-meta=\"{&quot;aperture&quot;:&quot;0&quot;,&quot;credit&quot;:&quot;&quot;,&quot;camera&quot;:&quot;&quot;,&quot;caption&quot;:&quot;&quot;,&quot;created_timestamp&quot;:&quot;0&quot;,&quot;copyright&quot;:&quot;&quot;,&quot;focal_length&quot;:&quot;0&quot;,&quot;iso&quot;:&quot;0&quot;,&quot;shutter_speed&quot;:&quot;0&quot;,&quot;title&quot;:&quot;&quot;}\" data-image-title=\"Avant-Premi\u00e8re VO: Fear Itself: The Fearless #12\" data-image-description=\"\" data-image-caption=\"\" data-large-file=\"https:\/\/i0.wp.com\/www.comicbox.com\/wp-content\/uploads\/2012\/04\/FearlessA.jpg?fit=70%2C70\" class=\"alignleft size-full wp-image-35080\" style=\"margin-left: 4px; margin-right: 4px;\" title=\"Avant-Premi\u00e8re VO: Fear Itself: The Fearless #12\" src=\"https:\/\/i0.wp.com\/www.comicbox.com\/wp-content\/uploads\/2012\/04\/FearlessA.jpg?resize=70%2C70\" alt=\"\" width=\"70\" height=\"70\" srcset=\"https:\/\/i0.wp.com\/www.comicbox.com\/wp-content\/uploads\/2012\/04\/FearlessA.jpg?w=70 70w, https:\/\/i0.wp.com\/www.comicbox.com\/wp-content\/uploads\/2012\/04\/FearlessA.jpg?resize=36%2C36 36w\" sizes=\"auto, (max-width: 70px) 100vw, 70px\" \/>[FRENCH] C&rsquo;est la lutte finale&#8230; La Valkyrie, pourtant pass\u00e9e du c\u00f4t\u00e9 des morts, est la seule qui peut arr\u00eater Sin, transform\u00e9e en une cr\u00e9ature \u00e0 mi-chemin entre les Sleepers du Red Skull et le Destroyer d&rsquo;Odin. Et comme les \u00e9v\u00e9nements se d\u00e9roulent avant<!--more--> Avengers vs. X-Men, vous vous imaginez bien que le monde ne pouvait pas dispara\u00eetre ainsi&#8230;<\/p>\n<p><img data-recalc-dims=\"1\" loading=\"lazy\" decoding=\"async\" data-attachment-id=\"35081\" data-permalink=\"http:\/\/www.comicbox.com\/index.php\/news\/avant-premiere-vo-review-fear-itself-the-fearless-12\/attachment\/fearlessb-5\/\" data-orig-file=\"https:\/\/i0.wp.com\/www.comicbox.com\/wp-content\/uploads\/2012\/04\/FearlessB.jpg?fit=350%2C531\" data-orig-size=\"350,531\" data-comments-opened=\"1\" data-image-meta=\"{&quot;aperture&quot;:&quot;0&quot;,&quot;credit&quot;:&quot;&quot;,&quot;camera&quot;:&quot;&quot;,&quot;caption&quot;:&quot;&quot;,&quot;created_timestamp&quot;:&quot;0&quot;,&quot;copyright&quot;:&quot;&quot;,&quot;focal_length&quot;:&quot;0&quot;,&quot;iso&quot;:&quot;0&quot;,&quot;shutter_speed&quot;:&quot;0&quot;,&quot;title&quot;:&quot;&quot;}\" data-image-title=\"Fear Itself: The Fearless #12\" data-image-description=\"\" data-image-caption=\"\" data-large-file=\"https:\/\/i0.wp.com\/www.comicbox.com\/wp-content\/uploads\/2012\/04\/FearlessB.jpg?fit=350%2C531\" class=\"alignright size-full wp-image-35081\" style=\"margin-left: 4px; margin-right: 4px;\" title=\"Fear Itself: The Fearless #12\" src=\"https:\/\/i0.wp.com\/www.comicbox.com\/wp-content\/uploads\/2012\/04\/FearlessB.jpg?resize=350%2C531\" alt=\"\" width=\"350\" height=\"531\" srcset=\"https:\/\/i0.wp.com\/www.comicbox.com\/wp-content\/uploads\/2012\/04\/FearlessB.jpg?w=350 350w, https:\/\/i0.wp.com\/www.comicbox.com\/wp-content\/uploads\/2012\/04\/FearlessB.jpg?resize=98%2C150 98w\" sizes=\"auto, (max-width: 350px) 100vw, 350px\" \/>Fear Itself: The Fearless #12[Marvel Comics]\nSc\u00e9nario de Matt Fraction, Cullen Bunn, Chris Yost<br \/>\nDessin de Mark Bagley, Paul Pelletier<br \/>\n<em><strong>Sortie au USA: Mercredi 4 avril 2012<\/strong><\/em><\/p>\n<p style=\"text-align: justify;\">H\u00e9 ben c&rsquo;est pas trop tot ! D\u00e9sol\u00e9 mais l\u00e0 pour le coup la premi\u00e8re impression quand on lit une bonne partie de cet ultime \u00e9pisode c&rsquo;est&#8230; Ouf ! Enfin la fin ! Prolongement d&rsquo;un crossover d\u00e9j\u00e0 poussif, The Fearless aura tir\u00e9 sur la corde autant que possible, avec une Valkyrie cherchant les marteaux maudits un peu comme un Super-Mario cherchant \u00e0 bouffer les champignons et une Sin en mode \u00ab\u00a0je suis m\u00e9chante, m\u00e9chante, tellement que je veux tout d\u00e9truire !\u00a0\u00bb. Douze \u00e9pisodes pour \u00e7a ? Quelqu&rsquo;un n&rsquo;aurait pas l&rsquo;impression d&rsquo;une occasion manqu\u00e9e ou d&rsquo;un projet bien trop long pour ce qu&rsquo;il repr\u00e9sentait ? Parce que, oui, on aura pu profiter de quelques belles couvertures d&rsquo;Art Adams repr\u00e9sentant \u00ab\u00a0Val\u00a0\u00bb mais sc\u00e9naristiquement la plupart des \u00e9pisodes ont \u00e9t\u00e9 d&rsquo;un vide d\u00e9sesp\u00e9rant&#8230;<\/p>\n<p style=\"text-align: justify;\">Pour autant je vais me faire quelques lignes l&rsquo;avocat de la d\u00e9fense : Si Cullen Bunn avait voulu r\u00e9aliser une mini-s\u00e9rie sur l&rsquo;origine de Valkyrie, il y a fort \u00e0 parier que le projet aurait \u00e9t\u00e9 refus\u00e9 par Marvel (d\u00e9j\u00e0 l&rsquo;\u00e9diteur a du mal \u00e0 vendre des personnages connus comme Spider-Woman ou Spider-Girl, alors&#8230;). Je comprends que le sc\u00e9nariste ait un peu avanc\u00e9 comme un cheval de Troie et ait d\u00e9tourn\u00e9 le propos pour s&rsquo;int\u00e9resser aux fondamentaux de la blonde guerri\u00e8re. D&rsquo;ailleurs je n&rsquo;ai pas trop de probl\u00e8me avec les sc\u00e8nes de flashbacks (si ce n&rsquo;est qu&rsquo;elles ne sont pas tout \u00e0 fait raccord avec ce qu&rsquo;on savait de son pass\u00e9 mais bon, il est courant que les souvenirs de personnages comme Captain America ne soient pas \u00ab\u00a0raccord\u00a0\u00bb alors on peut comprendre qu&rsquo;il en soit de m\u00eame ici). Non, sur le plan \u00ab\u00a0flashback\u00a0\u00bb pas de souci. Par contre l&rsquo;intrigue li\u00e9e au pr\u00e9sent aura \u00e9t\u00e9 d&rsquo;un ennui mortel (je ne sais pas pourquoi Sin s&rsquo;est donn\u00e9e la peine de construire un Sleeper alors qu&rsquo;elle pouvait publier en masse des \u00e9pisodes de cette s\u00e9rie comme arme nihiliste). On aurait appr\u00e9ci\u00e9 que les 12 \u00e9pisodes se transforment en une sorte de ballade r\u00e9elle dans l&rsquo;univers Marvel. L\u00e0, r\u00e9trospectivement, quand on a dit qu&rsquo;elle a combattu des Vampires, Storm et les Secret Avengers, on a un peu l&rsquo;impression d&rsquo;avoir tout dit. Ce qu&rsquo;il y a de rageant, c&rsquo;est que j&rsquo;ai l&rsquo;impression que Bunn avait quelques bonnes id\u00e9es mais n&rsquo;a pas eu l&rsquo;occasion de les justifier. Par exemple le changement de camp de Daimon Hellstrom&#8230; pourquoi pas dans l&rsquo;absolu mais il aurait \u00e9t\u00e9 plus percutant que le personnage s&rsquo;investisse r\u00e9ellement plut\u00f4t qu&rsquo;en rester \u00e0 un simple \u00ab\u00a0oh au fait je suis m\u00e9chant maintenant !\u00a0\u00bb. Encore plus explicite dans cet ultime \u00e9pisode, la perspective d&rsquo;une \u00e9quipe enti\u00e8rement f\u00e9minine que pourrait lancer la Valkyrie&#8230; un jour si tout va bien. Certes \u00e7a ne serait jamais qu&rsquo;une relance des \u00ab\u00a0Lady Liberators\u00a0\u00bb (que \u00e7a porte ou pas ce nom) mais dans le contexte plut\u00f4t machiste de la gamme de Marvel, ce serait bienvenu. Mais&#8230; Bunn ne peut pas trop s&rsquo;engager sur l&rsquo;avenir. Marvel non plus vues les ventes minimes. Et donc le concept le plus int\u00e9ressant, le plus novateur de la maxis\u00e9rie, qui aurait pu tout changer s&rsquo;il avait \u00e9t\u00e9 lanc\u00e9 au d\u00e9but de l&rsquo;histoire, est esquiss\u00e9 en deux cases et puis renvoy\u00e9 dans le flou sur l&rsquo;air de \u00ab\u00a0On verra si on vous en reparle un jour&#8230;\u00a0\u00bb. Si vous \u00eates un fanatique de la Valkyrie vous l&rsquo;aurez vu dans un r\u00f4le principal pendant 12 \u00e9pisodes (dommage quand m\u00eame que le contenu n&rsquo;ait pas \u00e9t\u00e9 plus muscl\u00e9&#8230;) et si, par hasard, vous aviez d\u00e9cid\u00e9 d&rsquo;attendre pour lire le tout en TPB&#8230; Il y a sans doute d&rsquo;autres recueils qui m\u00e9ritent mieux votre argent. Parce que le tout ne laisse pas vraiment l&rsquo;impression d&rsquo;un effet durable. Tout \u00e7a pour \u00e7a ?<\/p>\n[<em>Xavier Fournier<\/em>]\n","protected":false},"excerpt":{"rendered":"<p>[FRENCH] C&rsquo;est la lutte finale&#8230; La Valkyrie, pourtant pass\u00e9e du c\u00f4t\u00e9 des morts, est la seule qui peut arr\u00eater Sin,&hellip;<\/p>\n","protected":false},"author":1,"featured_media":35082,"comment_status":"open","ping_status":"open","sticky":false,"template":"","format":"standard","meta":{"jetpack_post_was_ever_published":false,"_jetpack_newsletter_access":"","_jetpack_dont_email_post_to_subs":false,"_jetpack_newsletter_tier_id":0,"_jetpack_memberships_contains_paywalled_content":false,"_jetpack_memberships_contains_paid_content":false,"footnotes":"","jetpack_publicize_message":"","jetpack_publicize_feature_enabled":true,"jetpack_social_post_already_shared":false,"jetpack_social_options":{"image_generator_settings":{"template":"highway","default_image_id":0,"font":"","enabled":false},"version":2}},"categories":[3,1727,1],"tags":[21,3245,3790,3818,5142,27],"class_list":["post-35079","post","type-post","status-publish","format-standard","has-post-thumbnail","hentry","category-articles","category-diapo","category-news","tag-comics","tag-fear-itself","tag-fear-itself-the-fearless","tag-fearless","tag-marvel","tag-marvel-comics"],"yoast_head":"<!-- This site is optimized with the Yoast SEO plugin v24.9 - https:\/\/yoast.com\/wordpress\/plugins\/seo\/ -->\n<title>Fear Itself: The Fearless #12<\/title>\n<meta name=\"description\" content=\"C&#039;est la lutte finale... La Valkyrie, pourtant pass\u00c3\u00a9e du c\u00c3\u00b4t\u00c3\u00a9 des morts, est la seule qui peut arr\u00c3\u00aater Sin, transform\u00c3\u00a9e en une cr\u00c3\u00a9ature \u00c3\u00a0 mi-chemin entre les Sleepers du Red Skull et le Destroyer d&#039;Odin. Et comme les \u00c3\u00a9v\u00c3\u00a9nements se d\u00c3\u00a9roulent avant Avengers vs. X-Men, vous vous imaginez bien que le monde ne pouvait pas dispara\u00c3\u00aetre ainsi...\" \/>\n<meta name=\"robots\" content=\"index, follow, max-snippet:-1, max-image-preview:large, max-video-preview:-1\" \/>\n<link rel=\"canonical\" href=\"http:\/\/www.comicbox.com\/index.php\/news\/avant-premiere-vo-review-fear-itself-the-fearless-12\/\" \/>\n<meta property=\"og:locale\" content=\"fr_FR\" \/>\n<meta property=\"og:type\" content=\"article\" \/>\n<meta property=\"og:title\" content=\"Fear Itself: The Fearless #12\" \/>\n<meta property=\"og:description\" content=\"C&#039;est la lutte finale... La Valkyrie, pourtant pass\u00c3\u00a9e du c\u00c3\u00b4t\u00c3\u00a9 des morts, est la seule qui peut arr\u00c3\u00aater Sin, transform\u00c3\u00a9e en une cr\u00c3\u00a9ature \u00c3\u00a0 mi-chemin entre les Sleepers du Red Skull et le Destroyer d&#039;Odin. Et comme les \u00c3\u00a9v\u00c3\u00a9nements se d\u00c3\u00a9roulent avant Avengers vs. X-Men, vous vous imaginez bien que le monde ne pouvait pas dispara\u00c3\u00aetre ainsi...\" \/>\n<meta property=\"og:url\" content=\"http:\/\/www.comicbox.com\/index.php\/news\/avant-premiere-vo-review-fear-itself-the-fearless-12\/\" \/>\n<meta property=\"article:published_time\" content=\"2012-04-09T13:41:30+00:00\" \/>\n<meta property=\"og:image\" content=\"https:\/\/i0.wp.com\/www.comicbox.com\/wp-content\/uploads\/2012\/04\/Fearless.jpg?fit=728%2C304\" \/>\n\t<meta property=\"og:image:width\" content=\"728\" \/>\n\t<meta property=\"og:image:height\" content=\"304\" \/>\n\t<meta property=\"og:image:type\" content=\"image\/jpeg\" \/>\n<meta name=\"author\" content=\"Comic Box\" \/>\n<meta name=\"twitter:card\" content=\"summary_large_image\" \/>\n<meta name=\"twitter:label1\" content=\"\u00c9crit par\" \/>\n\t<meta name=\"twitter:data1\" content=\"Comic Box\" \/>\n\t<meta name=\"twitter:label2\" content=\"Dur\u00e9e de lecture estim\u00e9e\" \/>\n\t<meta name=\"twitter:data2\" content=\"4 minutes\" \/>\n<script type=\"application\/ld+json\" class=\"yoast-schema-graph\">{\"@context\":\"https:\/\/schema.org\",\"@graph\":[{\"@type\":\"WebPage\",\"@id\":\"http:\/\/www.comicbox.com\/index.php\/news\/avant-premiere-vo-review-fear-itself-the-fearless-12\/\",\"url\":\"http:\/\/www.comicbox.com\/index.php\/news\/avant-premiere-vo-review-fear-itself-the-fearless-12\/\",\"name\":\"Fear Itself: The Fearless #12\",\"isPartOf\":{\"@id\":\"https:\/\/www.comicbox.com\/#website\"},\"primaryImageOfPage\":{\"@id\":\"http:\/\/www.comicbox.com\/index.php\/news\/avant-premiere-vo-review-fear-itself-the-fearless-12\/#primaryimage\"},\"image\":{\"@id\":\"http:\/\/www.comicbox.com\/index.php\/news\/avant-premiere-vo-review-fear-itself-the-fearless-12\/#primaryimage\"},\"thumbnailUrl\":\"https:\/\/i0.wp.com\/www.comicbox.com\/wp-content\/uploads\/2012\/04\/Fearless.jpg?fit=728%2C304\",\"datePublished\":\"2012-04-09T13:41:30+00:00\",\"author\":{\"@id\":\"https:\/\/www.comicbox.com\/#\/schema\/person\/05fbb62019791094900e823ca54991c7\"},\"description\":\"C'est la lutte finale... La Valkyrie, pourtant pass\u00c3\u00a9e du c\u00c3\u00b4t\u00c3\u00a9 des morts, est la seule qui peut arr\u00c3\u00aater Sin, transform\u00c3\u00a9e en une cr\u00c3\u00a9ature \u00c3\u00a0 mi-chemin entre les Sleepers du Red Skull et le Destroyer d'Odin. Et comme les \u00c3\u00a9v\u00c3\u00a9nements se d\u00c3\u00a9roulent avant Avengers vs. X-Men, vous vous imaginez bien que le monde ne pouvait pas dispara\u00c3\u00aetre ainsi...\",\"breadcrumb\":{\"@id\":\"http:\/\/www.comicbox.com\/index.php\/news\/avant-premiere-vo-review-fear-itself-the-fearless-12\/#breadcrumb\"},\"inLanguage\":\"fr-FR\",\"potentialAction\":[{\"@type\":\"ReadAction\",\"target\":[\"http:\/\/www.comicbox.com\/index.php\/news\/avant-premiere-vo-review-fear-itself-the-fearless-12\/\"]}]},{\"@type\":\"ImageObject\",\"inLanguage\":\"fr-FR\",\"@id\":\"http:\/\/www.comicbox.com\/index.php\/news\/avant-premiere-vo-review-fear-itself-the-fearless-12\/#primaryimage\",\"url\":\"https:\/\/i0.wp.com\/www.comicbox.com\/wp-content\/uploads\/2012\/04\/Fearless.jpg?fit=728%2C304\",\"contentUrl\":\"https:\/\/i0.wp.com\/www.comicbox.com\/wp-content\/uploads\/2012\/04\/Fearless.jpg?fit=728%2C304\",\"width\":\"728\",\"height\":\"304\"},{\"@type\":\"BreadcrumbList\",\"@id\":\"http:\/\/www.comicbox.com\/index.php\/news\/avant-premiere-vo-review-fear-itself-the-fearless-12\/#breadcrumb\",\"itemListElement\":[{\"@type\":\"ListItem\",\"position\":1,\"name\":\"Accueil\",\"item\":\"https:\/\/www.comicbox.com\/\"},{\"@type\":\"ListItem\",\"position\":2,\"name\":\"Avant-Premi\u00e8re VO: Review Fear Itself: The Fearless #12\"}]},{\"@type\":\"WebSite\",\"@id\":\"https:\/\/www.comicbox.com\/#website\",\"url\":\"https:\/\/www.comicbox.com\/\",\"name\":\"\",\"description\":\"le magazine des cultures comics\",\"potentialAction\":[{\"@type\":\"SearchAction\",\"target\":{\"@type\":\"EntryPoint\",\"urlTemplate\":\"https:\/\/www.comicbox.com\/?s={search_term_string}\"},\"query-input\":{\"@type\":\"PropertyValueSpecification\",\"valueRequired\":true,\"valueName\":\"search_term_string\"}}],\"inLanguage\":\"fr-FR\"},{\"@type\":\"Person\",\"@id\":\"https:\/\/www.comicbox.com\/#\/schema\/person\/05fbb62019791094900e823ca54991c7\",\"name\":\"Comic Box\",\"image\":{\"@type\":\"ImageObject\",\"inLanguage\":\"fr-FR\",\"@id\":\"https:\/\/www.comicbox.com\/#\/schema\/person\/image\/\",\"url\":\"https:\/\/secure.gravatar.com\/avatar\/0bfed4b32db324d748cf351a6c66d342cd868f37037bf83e9f4dd645f675e34f?s=96&d=mm&r=g\",\"contentUrl\":\"https:\/\/secure.gravatar.com\/avatar\/0bfed4b32db324d748cf351a6c66d342cd868f37037bf83e9f4dd645f675e34f?s=96&d=mm&r=g\",\"caption\":\"Comic Box\"},\"description\":\"Le magazine des cultures comics\",\"sameAs\":[\"http:\/\/www.comicbox.com\"],\"url\":\"http:\/\/www.comicbox.com\/index.php\/author\/admin\/\"}]}<\/script>\n<!-- \/ Yoast SEO plugin. -->","yoast_head_json":{"title":"Fear Itself: The Fearless #12","description":"C'est la lutte finale... La Valkyrie, pourtant pass\u00c3\u00a9e du c\u00c3\u00b4t\u00c3\u00a9 des morts, est la seule qui peut arr\u00c3\u00aater Sin, transform\u00c3\u00a9e en une cr\u00c3\u00a9ature \u00c3\u00a0 mi-chemin entre les Sleepers du Red Skull et le Destroyer d'Odin. Et comme les \u00c3\u00a9v\u00c3\u00a9nements se d\u00c3\u00a9roulent avant Avengers vs. X-Men, vous vous imaginez bien que le monde ne pouvait pas dispara\u00c3\u00aetre ainsi...","robots":{"index":"index","follow":"follow","max-snippet":"max-snippet:-1","max-image-preview":"max-image-preview:large","max-video-preview":"max-video-preview:-1"},"canonical":"http:\/\/www.comicbox.com\/index.php\/news\/avant-premiere-vo-review-fear-itself-the-fearless-12\/","og_locale":"fr_FR","og_type":"article","og_title":"Fear Itself: The Fearless #12","og_description":"C'est la lutte finale... La Valkyrie, pourtant pass\u00c3\u00a9e du c\u00c3\u00b4t\u00c3\u00a9 des morts, est la seule qui peut arr\u00c3\u00aater Sin, transform\u00c3\u00a9e en une cr\u00c3\u00a9ature \u00c3\u00a0 mi-chemin entre les Sleepers du Red Skull et le Destroyer d'Odin. Et comme les \u00c3\u00a9v\u00c3\u00a9nements se d\u00c3\u00a9roulent avant Avengers vs. X-Men, vous vous imaginez bien que le monde ne pouvait pas dispara\u00c3\u00aetre ainsi...","og_url":"http:\/\/www.comicbox.com\/index.php\/news\/avant-premiere-vo-review-fear-itself-the-fearless-12\/","article_published_time":"2012-04-09T13:41:30+00:00","og_image":[{"width":728,"height":304,"url":"https:\/\/i0.wp.com\/www.comicbox.com\/wp-content\/uploads\/2012\/04\/Fearless.jpg?fit=728%2C304","type":"image\/jpeg"}],"author":"Comic Box","twitter_card":"summary_large_image","twitter_misc":{"\u00c9crit par":"Comic Box","Dur\u00e9e de lecture estim\u00e9e":"4 minutes"},"schema":{"@context":"https:\/\/schema.org","@graph":[{"@type":"WebPage","@id":"http:\/\/www.comicbox.com\/index.php\/news\/avant-premiere-vo-review-fear-itself-the-fearless-12\/","url":"http:\/\/www.comicbox.com\/index.php\/news\/avant-premiere-vo-review-fear-itself-the-fearless-12\/","name":"Fear Itself: The Fearless #12","isPartOf":{"@id":"https:\/\/www.comicbox.com\/#website"},"primaryImageOfPage":{"@id":"http:\/\/www.comicbox.com\/index.php\/news\/avant-premiere-vo-review-fear-itself-the-fearless-12\/#primaryimage"},"image":{"@id":"http:\/\/www.comicbox.com\/index.php\/news\/avant-premiere-vo-review-fear-itself-the-fearless-12\/#primaryimage"},"thumbnailUrl":"https:\/\/i0.wp.com\/www.comicbox.com\/wp-content\/uploads\/2012\/04\/Fearless.jpg?fit=728%2C304","datePublished":"2012-04-09T13:41:30+00:00","author":{"@id":"https:\/\/www.comicbox.com\/#\/schema\/person\/05fbb62019791094900e823ca54991c7"},"description":"C'est la lutte finale... La Valkyrie, pourtant pass\u00c3\u00a9e du c\u00c3\u00b4t\u00c3\u00a9 des morts, est la seule qui peut arr\u00c3\u00aater Sin, transform\u00c3\u00a9e en une cr\u00c3\u00a9ature \u00c3\u00a0 mi-chemin entre les Sleepers du Red Skull et le Destroyer d'Odin. Et comme les \u00c3\u00a9v\u00c3\u00a9nements se d\u00c3\u00a9roulent avant Avengers vs. X-Men, vous vous imaginez bien que le monde ne pouvait pas dispara\u00c3\u00aetre ainsi...","breadcrumb":{"@id":"http:\/\/www.comicbox.com\/index.php\/news\/avant-premiere-vo-review-fear-itself-the-fearless-12\/#breadcrumb"},"inLanguage":"fr-FR","potentialAction":[{"@type":"ReadAction","target":["http:\/\/www.comicbox.com\/index.php\/news\/avant-premiere-vo-review-fear-itself-the-fearless-12\/"]}]},{"@type":"ImageObject","inLanguage":"fr-FR","@id":"http:\/\/www.comicbox.com\/index.php\/news\/avant-premiere-vo-review-fear-itself-the-fearless-12\/#primaryimage","url":"https:\/\/i0.wp.com\/www.comicbox.com\/wp-content\/uploads\/2012\/04\/Fearless.jpg?fit=728%2C304","contentUrl":"https:\/\/i0.wp.com\/www.comicbox.com\/wp-content\/uploads\/2012\/04\/Fearless.jpg?fit=728%2C304","width":"728","height":"304"},{"@type":"BreadcrumbList","@id":"http:\/\/www.comicbox.com\/index.php\/news\/avant-premiere-vo-review-fear-itself-the-fearless-12\/#breadcrumb","itemListElement":[{"@type":"ListItem","position":1,"name":"Accueil","item":"https:\/\/www.comicbox.com\/"},{"@type":"ListItem","position":2,"name":"Avant-Premi\u00e8re VO: Review Fear Itself: The Fearless #12"}]},{"@type":"WebSite","@id":"https:\/\/www.comicbox.com\/#website","url":"https:\/\/www.comicbox.com\/","name":"","description":"le magazine des cultures comics","potentialAction":[{"@type":"SearchAction","target":{"@type":"EntryPoint","urlTemplate":"https:\/\/www.comicbox.com\/?s={search_term_string}"},"query-input":{"@type":"PropertyValueSpecification","valueRequired":true,"valueName":"search_term_string"}}],"inLanguage":"fr-FR"},{"@type":"Person","@id":"https:\/\/www.comicbox.com\/#\/schema\/person\/05fbb62019791094900e823ca54991c7","name":"Comic Box","image":{"@type":"ImageObject","inLanguage":"fr-FR","@id":"https:\/\/www.comicbox.com\/#\/schema\/person\/image\/","url":"https:\/\/secure.gravatar.com\/avatar\/0bfed4b32db324d748cf351a6c66d342cd868f37037bf83e9f4dd645f675e34f?s=96&d=mm&r=g","contentUrl":"https:\/\/secure.gravatar.com\/avatar\/0bfed4b32db324d748cf351a6c66d342cd868f37037bf83e9f4dd645f675e34f?s=96&d=mm&r=g","caption":"Comic Box"},"description":"Le magazine des cultures comics","sameAs":["http:\/\/www.comicbox.com"],"url":"http:\/\/www.comicbox.com\/index.php\/author\/admin\/"}]}},"jetpack_publicize_connections":[],"jetpack_featured_media_url":"https:\/\/i0.wp.com\/www.comicbox.com\/wp-content\/uploads\/2012\/04\/Fearless.jpg?fit=728%2C304","jetpack_sharing_enabled":true,"jetpack_shortlink":"https:\/\/wp.me\/pvyAi-97N","_links":{"self":[{"href":"http:\/\/www.comicbox.com\/index.php\/wp-json\/wp\/v2\/posts\/35079","targetHints":{"allow":["GET"]}}],"collection":[{"href":"http:\/\/www.comicbox.com\/index.php\/wp-json\/wp\/v2\/posts"}],"about":[{"href":"http:\/\/www.comicbox.com\/index.php\/wp-json\/wp\/v2\/types\/post"}],"author":[{"embeddable":true,"href":"http:\/\/www.comicbox.com\/index.php\/wp-json\/wp\/v2\/users\/1"}],"replies":[{"embeddable":true,"href":"http:\/\/www.comicbox.com\/index.php\/wp-json\/wp\/v2\/comments?post=35079"}],"version-history":[{"count":0,"href":"http:\/\/www.comicbox.com\/index.php\/wp-json\/wp\/v2\/posts\/35079\/revisions"}],"wp:featuredmedia":[{"embeddable":true,"href":"http:\/\/www.comicbox.com\/index.php\/wp-json\/wp\/v2\/media\/35082"}],"wp:attachment":[{"href":"http:\/\/www.comicbox.com\/index.php\/wp-json\/wp\/v2\/media?parent=35079"}],"wp:term":[{"taxonomy":"category","embeddable":true,"href":"http:\/\/www.comicbox.com\/index.php\/wp-json\/wp\/v2\/categories?post=35079"},{"taxonomy":"post_tag","embeddable":true,"href":"http:\/\/www.comicbox.com\/index.php\/wp-json\/wp\/v2\/tags?post=35079"}],"curies":[{"name":"wp","href":"https:\/\/api.w.org\/{rel}","templated":true}]}}